{"id":967,"date":"2020-11-22T12:00:05","date_gmt":"2020-11-22T15:00:05","guid":{"rendered":"http:\/\/nativainfo.com\/?p=967"},"modified":"2020-11-22T12:00:05","modified_gmt":"2020-11-22T15:00:05","slug":"miley-cyrus-y-dua-lipa-cantan-al-ritmo-de-prisoner","status":"publish","type":"post","link":"https:\/\/nativainfo.com\/?p=967","title":{"rendered":"Miley Cyrus y Dua Lipa cantan al ritmo de \u201cPrisoner\u201d"},"content":{"rendered":"\n<p>&#8220;Prisoner&#8221; es el segundo single del s\u00e9ptimo \u00e1lbum de estudio de Miley, Plastic Hearts, que se lanzar\u00e1 el 27 de noviembre.<\/p>\n\n\n\n<figure class=\"wp-block-image size-large\"><img fetchpriority=\"high\" decoding=\"async\" width=\"849\" height=\"600\" src=\"http:\/\/nativainfo.com\/wp-content\/uploads\/2020\/11\/Miley-x-Dua-1-849x600-1.jpg\" alt=\"\" class=\"wp-image-968\" srcset=\"https:\/\/nativainfo.com\/wp-content\/uploads\/2020\/11\/Miley-x-Dua-1-849x600-1.jpg 849w, https:\/\/nativainfo.com\/wp-content\/uploads\/2020\/11\/Miley-x-Dua-1-849x600-1-300x212.jpg 300w, https:\/\/nativainfo.com\/wp-content\/uploads\/2020\/11\/Miley-x-Dua-1-849x600-1-768x543.jpg 768w, https:\/\/nativainfo.com\/wp-content\/uploads\/2020\/11\/Miley-x-Dua-1-849x600-1-495x350.jpg 495w, https:\/\/nativainfo.com\/wp-content\/uploads\/2020\/11\/Miley-x-Dua-1-849x600-1-150x106.jpg 150w\" sizes=\"(max-width: 849px) 100vw, 849px\" \/><\/figure>\n\n\n\n<p>El lanzamiento est\u00e1 acompa\u00f1ado por un videoclip que se encuentra disponible en el canal de Youtube de Miley donde ya logr\u00f3 acumular m\u00e1s de 4 millones de reproducciones en algunas horas.<\/p>\n\n\n\n<figure class=\"wp-block-embed-youtube wp-block-embed is-type-video is-provider-youtube wp-embed-aspect-16-9 wp-has-aspect-ratio\"><div class=\"wp-block-embed__wrapper\">\n<iframe title=\"Miley Cyrus - Prisoner (Official Video) ft. Dua Lipa\" width=\"750\" height=\"422\" src=\"https:\/\/www.youtube.com\/embed\/0ir1qkPXPVM?feature=oembed\" frameborder=\"0\" allow=\"accelerometer; autoplay; clipboard-write; encrypted-media; gyroscope; picture-in-picture\" allowfullscreen><\/iframe>\n<\/div><\/figure>\n\n\n\n<p>Fuente: Billboard AR<\/p>\n","protected":false},"excerpt":{"rendered":"<p>&#8220;Prisoner&#8221; es el segundo single del s\u00e9ptimo \u00e1lbum de estudio de Miley, Plastic Hearts, que se lanzar\u00e1 el 27 de&#8230; <a class=\"continue-reading-link\" href=\"https:\/\/nativainfo.com\/?p=967\">Continue reading<\/a><\/p>\n","protected":false},"author":1,"featured_media":0,"comment_status":"open","ping_status":"open","sticky":false,"template":"","format":"standard","meta":{"rop_custom_images_group":[],"rop_custom_messages_group":[],"rop_publish_now":"initial","rop_publish_now_accounts":[],"rop_publish_now_history":[],"rop_publish_now_status":"pending","footnotes":"","jetpack_publicize_message":"","jetpack_publicize_feature_enabled":true,"jetpack_social_post_already_shared":false,"jetpack_social_options":{"image_generator_settings":{"template":"highway","default_image_id":0,"font":"","enabled":false},"version":2}},"categories":[11,7],"tags":[],"class_list":["post-967","post","type-post","status-publish","format-standard","hentry","category-mundo","category-musica"],"yoast_head":"<!-- This site is optimized with the Yoast SEO plugin v25.6 - https:\/\/yoast.com\/wordpress\/plugins\/seo\/ -->\n<title>Miley Cyrus y Dua Lipa cantan al ritmo de \u201cPrisoner\u201d - Nativa Info<\/title>\n<meta name=\"robots\" content=\"index, follow, max-snippet:-1, max-image-preview:large, max-video-preview:-1\" \/>\n<link rel=\"canonical\" href=\"https:\/\/nativainfo.com\/?p=967\" \/>\n<meta property=\"og:locale\" content=\"es_ES\" \/>\n<meta property=\"og:type\" content=\"article\" \/>\n<meta property=\"og:title\" content=\"Miley Cyrus y Dua Lipa cantan al ritmo de \u201cPrisoner\u201d - Nativa Info\" \/>\n<meta property=\"og:description\" content=\"&#8220;Prisoner&#8221; es el segundo single del s\u00e9ptimo \u00e1lbum de estudio de Miley, Plastic Hearts, que se lanzar\u00e1 el 27 de... Continue reading\" \/>\n<meta property=\"og:url\" content=\"https:\/\/nativainfo.com\/?p=967\" \/>\n<meta property=\"og:site_name\" content=\"Nativa Info\" \/>\n<meta property=\"article:publisher\" content=\"https:\/\/www.facebook.com\/profile.php?id=61578881597564\" \/>\n<meta property=\"article:published_time\" content=\"2020-11-22T15:00:05+00:00\" \/>\n<meta property=\"og:image\" content=\"http:\/\/nativainfo.com\/wp-content\/uploads\/2020\/11\/Miley-x-Dua-1-849x600-1.jpg\" \/>\n<meta name=\"author\" content=\"Nativa Info\" \/>\n<meta name=\"twitter:card\" content=\"summary_large_image\" \/>\n<meta name=\"twitter:label1\" content=\"Escrito por\" \/>\n\t<meta name=\"twitter:data1\" content=\"Nativa Info\" \/>\n<script type=\"application\/ld+json\" class=\"yoast-schema-graph\">{\"@context\":\"https:\/\/schema.org\",\"@graph\":[{\"@type\":\"Article\",\"@id\":\"https:\/\/nativainfo.com\/?p=967#article\",\"isPartOf\":{\"@id\":\"https:\/\/nativainfo.com\/?p=967\"},\"author\":{\"name\":\"Nativa Info\",\"@id\":\"https:\/\/nativainfo.com\/#\/schema\/person\/24893b64a9cd564ddb5d102d36eb4b5c\"},\"headline\":\"Miley Cyrus y Dua Lipa cantan al ritmo de \u201cPrisoner\u201d\",\"datePublished\":\"2020-11-22T15:00:05+00:00\",\"mainEntityOfPage\":{\"@id\":\"https:\/\/nativainfo.com\/?p=967\"},\"wordCount\":71,\"commentCount\":0,\"publisher\":{\"@id\":\"https:\/\/nativainfo.com\/#organization\"},\"image\":{\"@id\":\"https:\/\/nativainfo.com\/?p=967#primaryimage\"},\"thumbnailUrl\":\"http:\/\/nativainfo.com\/wp-content\/uploads\/2020\/11\/Miley-x-Dua-1-849x600-1.jpg\",\"articleSection\":[\"Mundo\",\"M\u00fasica\"],\"inLanguage\":\"es-AR\",\"potentialAction\":[{\"@type\":\"CommentAction\",\"name\":\"Comment\",\"target\":[\"https:\/\/nativainfo.com\/?p=967#respond\"]}]},{\"@type\":\"WebPage\",\"@id\":\"https:\/\/nativainfo.com\/?p=967\",\"url\":\"https:\/\/nativainfo.com\/?p=967\",\"name\":\"Miley Cyrus y Dua Lipa cantan al ritmo de \u201cPrisoner\u201d - Nativa Info\",\"isPartOf\":{\"@id\":\"https:\/\/nativainfo.com\/#website\"},\"primaryImageOfPage\":{\"@id\":\"https:\/\/nativainfo.com\/?p=967#primaryimage\"},\"image\":{\"@id\":\"https:\/\/nativainfo.com\/?p=967#primaryimage\"},\"thumbnailUrl\":\"http:\/\/nativainfo.com\/wp-content\/uploads\/2020\/11\/Miley-x-Dua-1-849x600-1.jpg\",\"datePublished\":\"2020-11-22T15:00:05+00:00\",\"breadcrumb\":{\"@id\":\"https:\/\/nativainfo.com\/?p=967#breadcrumb\"},\"inLanguage\":\"es-AR\",\"potentialAction\":[{\"@type\":\"ReadAction\",\"target\":[\"https:\/\/nativainfo.com\/?p=967\"]}]},{\"@type\":\"ImageObject\",\"inLanguage\":\"es-AR\",\"@id\":\"https:\/\/nativainfo.com\/?p=967#primaryimage\",\"url\":\"https:\/\/nativainfo.com\/wp-content\/uploads\/2020\/11\/Miley-x-Dua-1-849x600-1.jpg\",\"contentUrl\":\"https:\/\/nativainfo.com\/wp-content\/uploads\/2020\/11\/Miley-x-Dua-1-849x600-1.jpg\",\"width\":849,\"height\":600},{\"@type\":\"BreadcrumbList\",\"@id\":\"https:\/\/nativainfo.com\/?p=967#breadcrumb\",\"itemListElement\":[{\"@type\":\"ListItem\",\"position\":1,\"name\":\"Inicio\",\"item\":\"https:\/\/nativainfo.com\/\"},{\"@type\":\"ListItem\",\"position\":2,\"name\":\"Miley Cyrus y Dua Lipa cantan al ritmo de \u201cPrisoner\u201d\"}]},{\"@type\":\"WebSite\",\"@id\":\"https:\/\/nativainfo.com\/#website\",\"url\":\"https:\/\/nativainfo.com\/\",\"name\":\"Nativa Info\",\"description\":\"Diario Digital\",\"publisher\":{\"@id\":\"https:\/\/nativainfo.com\/#organization\"},\"potentialAction\":[{\"@type\":\"SearchAction\",\"target\":{\"@type\":\"EntryPoint\",\"urlTemplate\":\"https:\/\/nativainfo.com\/?s={search_term_string}\"},\"query-input\":{\"@type\":\"PropertyValueSpecification\",\"valueRequired\":true,\"valueName\":\"search_term_string\"}}],\"inLanguage\":\"es-AR\"},{\"@type\":\"Organization\",\"@id\":\"https:\/\/nativainfo.com\/#organization\",\"name\":\"Nativa Info\",\"url\":\"https:\/\/nativainfo.com\/\",\"logo\":{\"@type\":\"ImageObject\",\"inLanguage\":\"es-AR\",\"@id\":\"https:\/\/nativainfo.com\/#\/schema\/logo\/image\/\",\"url\":\"https:\/\/nativainfo.com\/wp-content\/uploads\/2025\/08\/LOGO-NATIVA-FACE.jpg\",\"contentUrl\":\"https:\/\/nativainfo.com\/wp-content\/uploads\/2025\/08\/LOGO-NATIVA-FACE.jpg\",\"width\":400,\"height\":400,\"caption\":\"Nativa Info\"},\"image\":{\"@id\":\"https:\/\/nativainfo.com\/#\/schema\/logo\/image\/\"},\"sameAs\":[\"https:\/\/www.facebook.com\/profile.php?id=61578881597564\"]},{\"@type\":\"Person\",\"@id\":\"https:\/\/nativainfo.com\/#\/schema\/person\/24893b64a9cd564ddb5d102d36eb4b5c\",\"name\":\"Nativa Info\",\"image\":{\"@type\":\"ImageObject\",\"inLanguage\":\"es-AR\",\"@id\":\"https:\/\/nativainfo.com\/#\/schema\/person\/image\/\",\"url\":\"https:\/\/secure.gravatar.com\/avatar\/016fa1cf068d85136d938e1507b9b619cb766e2565cbb1faa1e571762460c785?s=96&d=mm&r=g\",\"contentUrl\":\"https:\/\/secure.gravatar.com\/avatar\/016fa1cf068d85136d938e1507b9b619cb766e2565cbb1faa1e571762460c785?s=96&d=mm&r=g\",\"caption\":\"Nativa Info\"},\"sameAs\":[\"http:\/\/nativainfo.com\"],\"url\":\"https:\/\/nativainfo.com\/?author=1\"}]}<\/script>\n<!-- \/ Yoast SEO plugin. -->","yoast_head_json":{"title":"Miley Cyrus y Dua Lipa cantan al ritmo de \u201cPrisoner\u201d - Nativa Info","robots":{"index":"index","follow":"follow","max-snippet":"max-snippet:-1","max-image-preview":"max-image-preview:large","max-video-preview":"max-video-preview:-1"},"canonical":"https:\/\/nativainfo.com\/?p=967","og_locale":"es_ES","og_type":"article","og_title":"Miley Cyrus y Dua Lipa cantan al ritmo de \u201cPrisoner\u201d - Nativa Info","og_description":"&#8220;Prisoner&#8221; es el segundo single del s\u00e9ptimo \u00e1lbum de estudio de Miley, Plastic Hearts, que se lanzar\u00e1 el 27 de... Continue reading","og_url":"https:\/\/nativainfo.com\/?p=967","og_site_name":"Nativa Info","article_publisher":"https:\/\/www.facebook.com\/profile.php?id=61578881597564","article_published_time":"2020-11-22T15:00:05+00:00","og_image":[{"url":"http:\/\/nativainfo.com\/wp-content\/uploads\/2020\/11\/Miley-x-Dua-1-849x600-1.jpg","type":"","width":"","height":""}],"author":"Nativa Info","twitter_card":"summary_large_image","twitter_misc":{"Escrito por":"Nativa Info"},"schema":{"@context":"https:\/\/schema.org","@graph":[{"@type":"Article","@id":"https:\/\/nativainfo.com\/?p=967#article","isPartOf":{"@id":"https:\/\/nativainfo.com\/?p=967"},"author":{"name":"Nativa Info","@id":"https:\/\/nativainfo.com\/#\/schema\/person\/24893b64a9cd564ddb5d102d36eb4b5c"},"headline":"Miley Cyrus y Dua Lipa cantan al ritmo de \u201cPrisoner\u201d","datePublished":"2020-11-22T15:00:05+00:00","mainEntityOfPage":{"@id":"https:\/\/nativainfo.com\/?p=967"},"wordCount":71,"commentCount":0,"publisher":{"@id":"https:\/\/nativainfo.com\/#organization"},"image":{"@id":"https:\/\/nativainfo.com\/?p=967#primaryimage"},"thumbnailUrl":"http:\/\/nativainfo.com\/wp-content\/uploads\/2020\/11\/Miley-x-Dua-1-849x600-1.jpg","articleSection":["Mundo","M\u00fasica"],"inLanguage":"es-AR","potentialAction":[{"@type":"CommentAction","name":"Comment","target":["https:\/\/nativainfo.com\/?p=967#respond"]}]},{"@type":"WebPage","@id":"https:\/\/nativainfo.com\/?p=967","url":"https:\/\/nativainfo.com\/?p=967","name":"Miley Cyrus y Dua Lipa cantan al ritmo de \u201cPrisoner\u201d - Nativa Info","isPartOf":{"@id":"https:\/\/nativainfo.com\/#website"},"primaryImageOfPage":{"@id":"https:\/\/nativainfo.com\/?p=967#primaryimage"},"image":{"@id":"https:\/\/nativainfo.com\/?p=967#primaryimage"},"thumbnailUrl":"http:\/\/nativainfo.com\/wp-content\/uploads\/2020\/11\/Miley-x-Dua-1-849x600-1.jpg","datePublished":"2020-11-22T15:00:05+00:00","breadcrumb":{"@id":"https:\/\/nativainfo.com\/?p=967#breadcrumb"},"inLanguage":"es-AR","potentialAction":[{"@type":"ReadAction","target":["https:\/\/nativainfo.com\/?p=967"]}]},{"@type":"ImageObject","inLanguage":"es-AR","@id":"https:\/\/nativainfo.com\/?p=967#primaryimage","url":"https:\/\/nativainfo.com\/wp-content\/uploads\/2020\/11\/Miley-x-Dua-1-849x600-1.jpg","contentUrl":"https:\/\/nativainfo.com\/wp-content\/uploads\/2020\/11\/Miley-x-Dua-1-849x600-1.jpg","width":849,"height":600},{"@type":"BreadcrumbList","@id":"https:\/\/nativainfo.com\/?p=967#breadcrumb","itemListElement":[{"@type":"ListItem","position":1,"name":"Inicio","item":"https:\/\/nativainfo.com\/"},{"@type":"ListItem","position":2,"name":"Miley Cyrus y Dua Lipa cantan al ritmo de \u201cPrisoner\u201d"}]},{"@type":"WebSite","@id":"https:\/\/nativainfo.com\/#website","url":"https:\/\/nativainfo.com\/","name":"Nativa Info","description":"Diario Digital","publisher":{"@id":"https:\/\/nativainfo.com\/#organization"},"potentialAction":[{"@type":"SearchAction","target":{"@type":"EntryPoint","urlTemplate":"https:\/\/nativainfo.com\/?s={search_term_string}"},"query-input":{"@type":"PropertyValueSpecification","valueRequired":true,"valueName":"search_term_string"}}],"inLanguage":"es-AR"},{"@type":"Organization","@id":"https:\/\/nativainfo.com\/#organization","name":"Nativa Info","url":"https:\/\/nativainfo.com\/","logo":{"@type":"ImageObject","inLanguage":"es-AR","@id":"https:\/\/nativainfo.com\/#\/schema\/logo\/image\/","url":"https:\/\/nativainfo.com\/wp-content\/uploads\/2025\/08\/LOGO-NATIVA-FACE.jpg","contentUrl":"https:\/\/nativainfo.com\/wp-content\/uploads\/2025\/08\/LOGO-NATIVA-FACE.jpg","width":400,"height":400,"caption":"Nativa Info"},"image":{"@id":"https:\/\/nativainfo.com\/#\/schema\/logo\/image\/"},"sameAs":["https:\/\/www.facebook.com\/profile.php?id=61578881597564"]},{"@type":"Person","@id":"https:\/\/nativainfo.com\/#\/schema\/person\/24893b64a9cd564ddb5d102d36eb4b5c","name":"Nativa Info","image":{"@type":"ImageObject","inLanguage":"es-AR","@id":"https:\/\/nativainfo.com\/#\/schema\/person\/image\/","url":"https:\/\/secure.gravatar.com\/avatar\/016fa1cf068d85136d938e1507b9b619cb766e2565cbb1faa1e571762460c785?s=96&d=mm&r=g","contentUrl":"https:\/\/secure.gravatar.com\/avatar\/016fa1cf068d85136d938e1507b9b619cb766e2565cbb1faa1e571762460c785?s=96&d=mm&r=g","caption":"Nativa Info"},"sameAs":["http:\/\/nativainfo.com"],"url":"https:\/\/nativainfo.com\/?author=1"}]}},"jetpack_publicize_connections":[],"_links":{"self":[{"href":"https:\/\/nativainfo.com\/index.php?rest_route=\/wp\/v2\/posts\/967","targetHints":{"allow":["GET"]}}],"collection":[{"href":"https:\/\/nativainfo.com\/index.php?rest_route=\/wp\/v2\/posts"}],"about":[{"href":"https:\/\/nativainfo.com\/index.php?rest_route=\/wp\/v2\/types\/post"}],"author":[{"embeddable":true,"href":"https:\/\/nativainfo.com\/index.php?rest_route=\/wp\/v2\/users\/1"}],"replies":[{"embeddable":true,"href":"https:\/\/nativainfo.com\/index.php?rest_route=%2Fwp%2Fv2%2Fcomments&post=967"}],"version-history":[{"count":1,"href":"https:\/\/nativainfo.com\/index.php?rest_route=\/wp\/v2\/posts\/967\/revisions"}],"predecessor-version":[{"id":969,"href":"https:\/\/nativainfo.com\/index.php?rest_route=\/wp\/v2\/posts\/967\/revisions\/969"}],"wp:attachment":[{"href":"https:\/\/nativainfo.com\/index.php?rest_route=%2Fwp%2Fv2%2Fmedia&parent=967"}],"wp:term":[{"taxonomy":"category","embeddable":true,"href":"https:\/\/nativainfo.com\/index.php?rest_route=%2Fwp%2Fv2%2Fcategories&post=967"},{"taxonomy":"post_tag","embeddable":true,"href":"https:\/\/nativainfo.com\/index.php?rest_route=%2Fwp%2Fv2%2Ftags&post=967"}],"curies":[{"name":"wp","href":"https:\/\/api.w.org\/{rel}","templated":true}]}}