{"id":953,"date":"2020-11-19T11:16:50","date_gmt":"2020-11-19T14:16:50","guid":{"rendered":"http:\/\/nativainfo.com\/?p=953"},"modified":"2020-11-19T11:16:50","modified_gmt":"2020-11-19T14:16:50","slug":"santiago-del-estero-reabre-su-temporada-turistica-verano-2021","status":"publish","type":"post","link":"https:\/\/nativainfo.com\/?p=953","title":{"rendered":"Santiago del Estero reabre su temporada tur\u00edstica verano 2021"},"content":{"rendered":"\n<p>El 4 de diciembre estar\u00e1 oficialmente habilitada la reapertura tur\u00edstica.<\/p>\n\n\n\n<figure class=\"wp-block-image size-large\"><img fetchpriority=\"high\" decoding=\"async\" width=\"715\" height=\"402\" src=\"http:\/\/nativainfo.com\/wp-content\/uploads\/2020\/11\/715x402_320528_20190518135536.jpg\" alt=\"\" class=\"wp-image-954\" srcset=\"https:\/\/nativainfo.com\/wp-content\/uploads\/2020\/11\/715x402_320528_20190518135536.jpg 715w, https:\/\/nativainfo.com\/wp-content\/uploads\/2020\/11\/715x402_320528_20190518135536-300x169.jpg 300w, https:\/\/nativainfo.com\/wp-content\/uploads\/2020\/11\/715x402_320528_20190518135536-623x350.jpg 623w, https:\/\/nativainfo.com\/wp-content\/uploads\/2020\/11\/715x402_320528_20190518135536-150x84.jpg 150w\" sizes=\"(max-width: 715px) 100vw, 715px\" \/><\/figure>\n\n\n\n<p>Recientemente se inform\u00f3 desde la Subsecretaria de Turismo de Santiago del Estero que el 4 de diciembre quedar\u00e1 oficialmente vigente su reapertura tur\u00edstica para la temporada de verano 2021.<\/p>\n\n\n\n<p>Al respecto el subsecretario de Turismo, Nelson Bravo resalt\u00f3\u00a0<strong>\u201cel esfuerzo que el sector privado del turismo viene realizando para llegar a esta instancia y que con el apoyo del Gobierno del Dr. Gerardo Zamora, se pudo definir los par\u00e1metros del protocolo que permitir\u00e1 al sector volver a trabajar despu\u00e9s de tanto tiempo\u201d.<\/strong><\/p>\n\n\n\n<p>Fuente: Diario Panorama<\/p>\n","protected":false},"excerpt":{"rendered":"<p>El 4 de diciembre estar\u00e1 oficialmente habilitada la reapertura tur\u00edstica. Recientemente se inform\u00f3 desde la Subsecretaria de Turismo de Santiago&#8230; <a class=\"continue-reading-link\" href=\"https:\/\/nativainfo.com\/?p=953\">Continue reading<\/a><\/p>\n","protected":false},"author":1,"featured_media":0,"comment_status":"open","ping_status":"open","sticky":false,"template":"","format":"standard","meta":{"rop_custom_images_group":[],"rop_custom_messages_group":[],"rop_publish_now":"initial","rop_publish_now_accounts":[],"rop_publish_now_history":[],"rop_publish_now_status":"pending","footnotes":"","jetpack_publicize_message":"","jetpack_publicize_feature_enabled":true,"jetpack_social_post_already_shared":false,"jetpack_social_options":{"image_generator_settings":{"template":"highway","default_image_id":0,"font":"","enabled":false},"version":2}},"categories":[12,19],"tags":[],"class_list":["post-953","post","type-post","status-publish","format-standard","hentry","category-provincia","category-turismo"],"yoast_head":"<!-- This site is optimized with the Yoast SEO plugin v25.6 - https:\/\/yoast.com\/wordpress\/plugins\/seo\/ -->\n<title>Santiago del Estero reabre su temporada tur\u00edstica verano 2021 - Nativa Info<\/title>\n<meta name=\"robots\" content=\"index, follow, max-snippet:-1, max-image-preview:large, max-video-preview:-1\" \/>\n<link rel=\"canonical\" href=\"https:\/\/nativainfo.com\/?p=953\" \/>\n<meta property=\"og:locale\" content=\"es_ES\" \/>\n<meta property=\"og:type\" content=\"article\" \/>\n<meta property=\"og:title\" content=\"Santiago del Estero reabre su temporada tur\u00edstica verano 2021 - Nativa Info\" \/>\n<meta property=\"og:description\" content=\"El 4 de diciembre estar\u00e1 oficialmente habilitada la reapertura tur\u00edstica. Recientemente se inform\u00f3 desde la Subsecretaria de Turismo de Santiago... Continue reading\" \/>\n<meta property=\"og:url\" content=\"https:\/\/nativainfo.com\/?p=953\" \/>\n<meta property=\"og:site_name\" content=\"Nativa Info\" \/>\n<meta property=\"article:publisher\" content=\"https:\/\/www.facebook.com\/profile.php?id=61578881597564\" \/>\n<meta property=\"article:published_time\" content=\"2020-11-19T14:16:50+00:00\" \/>\n<meta property=\"og:image\" content=\"http:\/\/nativainfo.com\/wp-content\/uploads\/2020\/11\/715x402_320528_20190518135536.jpg\" \/>\n<meta name=\"author\" content=\"Nativa Info\" \/>\n<meta name=\"twitter:card\" content=\"summary_large_image\" \/>\n<meta name=\"twitter:label1\" content=\"Escrito por\" \/>\n\t<meta name=\"twitter:data1\" content=\"Nativa Info\" \/>\n<script type=\"application\/ld+json\" class=\"yoast-schema-graph\">{\"@context\":\"https:\/\/schema.org\",\"@graph\":[{\"@type\":\"Article\",\"@id\":\"https:\/\/nativainfo.com\/?p=953#article\",\"isPartOf\":{\"@id\":\"https:\/\/nativainfo.com\/?p=953\"},\"author\":{\"name\":\"Nativa Info\",\"@id\":\"https:\/\/nativainfo.com\/#\/schema\/person\/24893b64a9cd564ddb5d102d36eb4b5c\"},\"headline\":\"Santiago del Estero reabre su temporada tur\u00edstica verano 2021\",\"datePublished\":\"2020-11-19T14:16:50+00:00\",\"mainEntityOfPage\":{\"@id\":\"https:\/\/nativainfo.com\/?p=953\"},\"wordCount\":105,\"commentCount\":0,\"publisher\":{\"@id\":\"https:\/\/nativainfo.com\/#organization\"},\"image\":{\"@id\":\"https:\/\/nativainfo.com\/?p=953#primaryimage\"},\"thumbnailUrl\":\"http:\/\/nativainfo.com\/wp-content\/uploads\/2020\/11\/715x402_320528_20190518135536.jpg\",\"articleSection\":[\"Provincia\",\"Turismo\"],\"inLanguage\":\"es-AR\",\"potentialAction\":[{\"@type\":\"CommentAction\",\"name\":\"Comment\",\"target\":[\"https:\/\/nativainfo.com\/?p=953#respond\"]}]},{\"@type\":\"WebPage\",\"@id\":\"https:\/\/nativainfo.com\/?p=953\",\"url\":\"https:\/\/nativainfo.com\/?p=953\",\"name\":\"Santiago del Estero reabre su temporada tur\u00edstica verano 2021 - Nativa Info\",\"isPartOf\":{\"@id\":\"https:\/\/nativainfo.com\/#website\"},\"primaryImageOfPage\":{\"@id\":\"https:\/\/nativainfo.com\/?p=953#primaryimage\"},\"image\":{\"@id\":\"https:\/\/nativainfo.com\/?p=953#primaryimage\"},\"thumbnailUrl\":\"http:\/\/nativainfo.com\/wp-content\/uploads\/2020\/11\/715x402_320528_20190518135536.jpg\",\"datePublished\":\"2020-11-19T14:16:50+00:00\",\"breadcrumb\":{\"@id\":\"https:\/\/nativainfo.com\/?p=953#breadcrumb\"},\"inLanguage\":\"es-AR\",\"potentialAction\":[{\"@type\":\"ReadAction\",\"target\":[\"https:\/\/nativainfo.com\/?p=953\"]}]},{\"@type\":\"ImageObject\",\"inLanguage\":\"es-AR\",\"@id\":\"https:\/\/nativainfo.com\/?p=953#primaryimage\",\"url\":\"https:\/\/nativainfo.com\/wp-content\/uploads\/2020\/11\/715x402_320528_20190518135536.jpg\",\"contentUrl\":\"https:\/\/nativainfo.com\/wp-content\/uploads\/2020\/11\/715x402_320528_20190518135536.jpg\",\"width\":715,\"height\":402},{\"@type\":\"BreadcrumbList\",\"@id\":\"https:\/\/nativainfo.com\/?p=953#breadcrumb\",\"itemListElement\":[{\"@type\":\"ListItem\",\"position\":1,\"name\":\"Inicio\",\"item\":\"https:\/\/nativainfo.com\/\"},{\"@type\":\"ListItem\",\"position\":2,\"name\":\"Santiago del Estero reabre su temporada tur\u00edstica verano 2021\"}]},{\"@type\":\"WebSite\",\"@id\":\"https:\/\/nativainfo.com\/#website\",\"url\":\"https:\/\/nativainfo.com\/\",\"name\":\"Nativa Info\",\"description\":\"Diario Digital\",\"publisher\":{\"@id\":\"https:\/\/nativainfo.com\/#organization\"},\"potentialAction\":[{\"@type\":\"SearchAction\",\"target\":{\"@type\":\"EntryPoint\",\"urlTemplate\":\"https:\/\/nativainfo.com\/?s={search_term_string}\"},\"query-input\":{\"@type\":\"PropertyValueSpecification\",\"valueRequired\":true,\"valueName\":\"search_term_string\"}}],\"inLanguage\":\"es-AR\"},{\"@type\":\"Organization\",\"@id\":\"https:\/\/nativainfo.com\/#organization\",\"name\":\"Nativa Info\",\"url\":\"https:\/\/nativainfo.com\/\",\"logo\":{\"@type\":\"ImageObject\",\"inLanguage\":\"es-AR\",\"@id\":\"https:\/\/nativainfo.com\/#\/schema\/logo\/image\/\",\"url\":\"https:\/\/nativainfo.com\/wp-content\/uploads\/2025\/08\/LOGO-NATIVA-FACE.jpg\",\"contentUrl\":\"https:\/\/nativainfo.com\/wp-content\/uploads\/2025\/08\/LOGO-NATIVA-FACE.jpg\",\"width\":400,\"height\":400,\"caption\":\"Nativa Info\"},\"image\":{\"@id\":\"https:\/\/nativainfo.com\/#\/schema\/logo\/image\/\"},\"sameAs\":[\"https:\/\/www.facebook.com\/profile.php?id=61578881597564\"]},{\"@type\":\"Person\",\"@id\":\"https:\/\/nativainfo.com\/#\/schema\/person\/24893b64a9cd564ddb5d102d36eb4b5c\",\"name\":\"Nativa Info\",\"image\":{\"@type\":\"ImageObject\",\"inLanguage\":\"es-AR\",\"@id\":\"https:\/\/nativainfo.com\/#\/schema\/person\/image\/\",\"url\":\"https:\/\/secure.gravatar.com\/avatar\/016fa1cf068d85136d938e1507b9b619cb766e2565cbb1faa1e571762460c785?s=96&d=mm&r=g\",\"contentUrl\":\"https:\/\/secure.gravatar.com\/avatar\/016fa1cf068d85136d938e1507b9b619cb766e2565cbb1faa1e571762460c785?s=96&d=mm&r=g\",\"caption\":\"Nativa Info\"},\"sameAs\":[\"http:\/\/nativainfo.com\"],\"url\":\"https:\/\/nativainfo.com\/?author=1\"}]}<\/script>\n<!-- \/ Yoast SEO plugin. -->","yoast_head_json":{"title":"Santiago del Estero reabre su temporada tur\u00edstica verano 2021 - Nativa Info","robots":{"index":"index","follow":"follow","max-snippet":"max-snippet:-1","max-image-preview":"max-image-preview:large","max-video-preview":"max-video-preview:-1"},"canonical":"https:\/\/nativainfo.com\/?p=953","og_locale":"es_ES","og_type":"article","og_title":"Santiago del Estero reabre su temporada tur\u00edstica verano 2021 - Nativa Info","og_description":"El 4 de diciembre estar\u00e1 oficialmente habilitada la reapertura tur\u00edstica. Recientemente se inform\u00f3 desde la Subsecretaria de Turismo de Santiago... Continue reading","og_url":"https:\/\/nativainfo.com\/?p=953","og_site_name":"Nativa Info","article_publisher":"https:\/\/www.facebook.com\/profile.php?id=61578881597564","article_published_time":"2020-11-19T14:16:50+00:00","og_image":[{"url":"http:\/\/nativainfo.com\/wp-content\/uploads\/2020\/11\/715x402_320528_20190518135536.jpg","type":"","width":"","height":""}],"author":"Nativa Info","twitter_card":"summary_large_image","twitter_misc":{"Escrito por":"Nativa Info"},"schema":{"@context":"https:\/\/schema.org","@graph":[{"@type":"Article","@id":"https:\/\/nativainfo.com\/?p=953#article","isPartOf":{"@id":"https:\/\/nativainfo.com\/?p=953"},"author":{"name":"Nativa Info","@id":"https:\/\/nativainfo.com\/#\/schema\/person\/24893b64a9cd564ddb5d102d36eb4b5c"},"headline":"Santiago del Estero reabre su temporada tur\u00edstica verano 2021","datePublished":"2020-11-19T14:16:50+00:00","mainEntityOfPage":{"@id":"https:\/\/nativainfo.com\/?p=953"},"wordCount":105,"commentCount":0,"publisher":{"@id":"https:\/\/nativainfo.com\/#organization"},"image":{"@id":"https:\/\/nativainfo.com\/?p=953#primaryimage"},"thumbnailUrl":"http:\/\/nativainfo.com\/wp-content\/uploads\/2020\/11\/715x402_320528_20190518135536.jpg","articleSection":["Provincia","Turismo"],"inLanguage":"es-AR","potentialAction":[{"@type":"CommentAction","name":"Comment","target":["https:\/\/nativainfo.com\/?p=953#respond"]}]},{"@type":"WebPage","@id":"https:\/\/nativainfo.com\/?p=953","url":"https:\/\/nativainfo.com\/?p=953","name":"Santiago del Estero reabre su temporada tur\u00edstica verano 2021 - Nativa Info","isPartOf":{"@id":"https:\/\/nativainfo.com\/#website"},"primaryImageOfPage":{"@id":"https:\/\/nativainfo.com\/?p=953#primaryimage"},"image":{"@id":"https:\/\/nativainfo.com\/?p=953#primaryimage"},"thumbnailUrl":"http:\/\/nativainfo.com\/wp-content\/uploads\/2020\/11\/715x402_320528_20190518135536.jpg","datePublished":"2020-11-19T14:16:50+00:00","breadcrumb":{"@id":"https:\/\/nativainfo.com\/?p=953#breadcrumb"},"inLanguage":"es-AR","potentialAction":[{"@type":"ReadAction","target":["https:\/\/nativainfo.com\/?p=953"]}]},{"@type":"ImageObject","inLanguage":"es-AR","@id":"https:\/\/nativainfo.com\/?p=953#primaryimage","url":"https:\/\/nativainfo.com\/wp-content\/uploads\/2020\/11\/715x402_320528_20190518135536.jpg","contentUrl":"https:\/\/nativainfo.com\/wp-content\/uploads\/2020\/11\/715x402_320528_20190518135536.jpg","width":715,"height":402},{"@type":"BreadcrumbList","@id":"https:\/\/nativainfo.com\/?p=953#breadcrumb","itemListElement":[{"@type":"ListItem","position":1,"name":"Inicio","item":"https:\/\/nativainfo.com\/"},{"@type":"ListItem","position":2,"name":"Santiago del Estero reabre su temporada tur\u00edstica verano 2021"}]},{"@type":"WebSite","@id":"https:\/\/nativainfo.com\/#website","url":"https:\/\/nativainfo.com\/","name":"Nativa Info","description":"Diario Digital","publisher":{"@id":"https:\/\/nativainfo.com\/#organization"},"potentialAction":[{"@type":"SearchAction","target":{"@type":"EntryPoint","urlTemplate":"https:\/\/nativainfo.com\/?s={search_term_string}"},"query-input":{"@type":"PropertyValueSpecification","valueRequired":true,"valueName":"search_term_string"}}],"inLanguage":"es-AR"},{"@type":"Organization","@id":"https:\/\/nativainfo.com\/#organization","name":"Nativa Info","url":"https:\/\/nativainfo.com\/","logo":{"@type":"ImageObject","inLanguage":"es-AR","@id":"https:\/\/nativainfo.com\/#\/schema\/logo\/image\/","url":"https:\/\/nativainfo.com\/wp-content\/uploads\/2025\/08\/LOGO-NATIVA-FACE.jpg","contentUrl":"https:\/\/nativainfo.com\/wp-content\/uploads\/2025\/08\/LOGO-NATIVA-FACE.jpg","width":400,"height":400,"caption":"Nativa Info"},"image":{"@id":"https:\/\/nativainfo.com\/#\/schema\/logo\/image\/"},"sameAs":["https:\/\/www.facebook.com\/profile.php?id=61578881597564"]},{"@type":"Person","@id":"https:\/\/nativainfo.com\/#\/schema\/person\/24893b64a9cd564ddb5d102d36eb4b5c","name":"Nativa Info","image":{"@type":"ImageObject","inLanguage":"es-AR","@id":"https:\/\/nativainfo.com\/#\/schema\/person\/image\/","url":"https:\/\/secure.gravatar.com\/avatar\/016fa1cf068d85136d938e1507b9b619cb766e2565cbb1faa1e571762460c785?s=96&d=mm&r=g","contentUrl":"https:\/\/secure.gravatar.com\/avatar\/016fa1cf068d85136d938e1507b9b619cb766e2565cbb1faa1e571762460c785?s=96&d=mm&r=g","caption":"Nativa Info"},"sameAs":["http:\/\/nativainfo.com"],"url":"https:\/\/nativainfo.com\/?author=1"}]}},"jetpack_publicize_connections":[],"_links":{"self":[{"href":"https:\/\/nativainfo.com\/index.php?rest_route=\/wp\/v2\/posts\/953","targetHints":{"allow":["GET"]}}],"collection":[{"href":"https:\/\/nativainfo.com\/index.php?rest_route=\/wp\/v2\/posts"}],"about":[{"href":"https:\/\/nativainfo.com\/index.php?rest_route=\/wp\/v2\/types\/post"}],"author":[{"embeddable":true,"href":"https:\/\/nativainfo.com\/index.php?rest_route=\/wp\/v2\/users\/1"}],"replies":[{"embeddable":true,"href":"https:\/\/nativainfo.com\/index.php?rest_route=%2Fwp%2Fv2%2Fcomments&post=953"}],"version-history":[{"count":1,"href":"https:\/\/nativainfo.com\/index.php?rest_route=\/wp\/v2\/posts\/953\/revisions"}],"predecessor-version":[{"id":955,"href":"https:\/\/nativainfo.com\/index.php?rest_route=\/wp\/v2\/posts\/953\/revisions\/955"}],"wp:attachment":[{"href":"https:\/\/nativainfo.com\/index.php?rest_route=%2Fwp%2Fv2%2Fmedia&parent=953"}],"wp:term":[{"taxonomy":"category","embeddable":true,"href":"https:\/\/nativainfo.com\/index.php?rest_route=%2Fwp%2Fv2%2Fcategories&post=953"},{"taxonomy":"post_tag","embeddable":true,"href":"https:\/\/nativainfo.com\/index.php?rest_route=%2Fwp%2Fv2%2Ftags&post=953"}],"curies":[{"name":"wp","href":"https:\/\/api.w.org\/{rel}","templated":true}]}}