{"id":856,"date":"2020-10-27T02:00:35","date_gmt":"2020-10-27T05:00:35","guid":{"rendered":"http:\/\/nativainfo.com\/?p=856"},"modified":"2020-10-27T02:00:35","modified_gmt":"2020-10-27T05:00:35","slug":"el-gobierno-habilita-los-bares-restaurantes-y-heladerias-en-santiago-del-estero-y-banda","status":"publish","type":"post","link":"https:\/\/nativainfo.com\/?p=856","title":{"rendered":"El Gobierno habilita los bares, restaurantes y helader\u00edas en Santiago del Estero y Banda"},"content":{"rendered":"\n<p>Adem\u00e1s, el Comit\u00e9 de Emergencia resolvi\u00f3 ampliar el horario de circulaci\u00f3n de lunes a viernes. El comunicado completo.<\/p>\n\n\n\n<figure class=\"wp-block-image size-large\"><img fetchpriority=\"high\" decoding=\"async\" width=\"715\" height=\"402\" src=\"http:\/\/nativainfo.com\/wp-content\/uploads\/2020\/10\/715x402_bares-santiago-pandemia-364595-214912.jpg\" alt=\"\" class=\"wp-image-857\" srcset=\"https:\/\/nativainfo.com\/wp-content\/uploads\/2020\/10\/715x402_bares-santiago-pandemia-364595-214912.jpg 715w, https:\/\/nativainfo.com\/wp-content\/uploads\/2020\/10\/715x402_bares-santiago-pandemia-364595-214912-300x169.jpg 300w, https:\/\/nativainfo.com\/wp-content\/uploads\/2020\/10\/715x402_bares-santiago-pandemia-364595-214912-623x350.jpg 623w, https:\/\/nativainfo.com\/wp-content\/uploads\/2020\/10\/715x402_bares-santiago-pandemia-364595-214912-150x84.jpg 150w\" sizes=\"(max-width: 715px) 100vw, 715px\" \/><\/figure>\n\n\n\n<p>El <strong>Comit\u00e9 de Emergencia<\/strong>\u00a0emiti\u00f3 un\u00a0<strong>comunicado<\/strong>\u00a0para dar a conocer las\u00a0<strong>nuevas medidas en los departamentos Capital y Banda<\/strong>.<\/p>\n\n\n\n<p>El Gobierno resolvi\u00f3&nbsp;<strong>habilitar desde el pr\u00f3ximo mi\u00e9rcoles, 28 de octubre, la actividad de bares, restaurantes y helader\u00edas con atenci\u00f3n al p\u00fablico<\/strong>, solo en espacios abiertos y seg\u00fan protocolo autorizado por el Ministerio de Salud de la Provincia.<\/p>\n\n\n\n<p>Por otro lado, se decidi\u00f3\u00a0<strong>ampliar una hora el horario permitido de circulaci\u00f3n\u00a0de lunes a viernes<\/strong>, a partir de este lunes\u00a0<strong>26 de octubre<\/strong>, quedando de\u00a0<strong>7 a 22<\/strong>; los s\u00e1bados domingos y feriados se mantendr\u00e1 de\u00a0<strong>7 a 18<\/strong>.<\/p>\n\n\n\n<p>Fuente: DiarioPanorama<\/p>\n","protected":false},"excerpt":{"rendered":"<p>Adem\u00e1s, el Comit\u00e9 de Emergencia resolvi\u00f3 ampliar el horario de circulaci\u00f3n de lunes a viernes. El comunicado completo. El Comit\u00e9&#8230; <a class=\"continue-reading-link\" href=\"https:\/\/nativainfo.com\/?p=856\">Continue reading<\/a><\/p>\n","protected":false},"author":1,"featured_media":0,"comment_status":"open","ping_status":"open","sticky":false,"template":"","format":"standard","meta":{"rop_custom_images_group":[],"rop_custom_messages_group":[],"rop_publish_now":"initial","rop_publish_now_accounts":[],"rop_publish_now_history":[],"rop_publish_now_status":"pending","footnotes":"","jetpack_publicize_message":"","jetpack_publicize_feature_enabled":true,"jetpack_social_post_already_shared":false,"jetpack_social_options":{"image_generator_settings":{"template":"highway","default_image_id":0,"font":"","enabled":false},"version":2}},"categories":[48,14],"tags":[],"class_list":["post-856","post","type-post","status-publish","format-standard","hentry","category-capital","category-coronavirus"],"yoast_head":"<!-- This site is optimized with the Yoast SEO plugin v25.6 - https:\/\/yoast.com\/wordpress\/plugins\/seo\/ -->\n<title>El Gobierno habilita los bares, restaurantes y helader\u00edas en Santiago del Estero y Banda - Nativa Info<\/title>\n<meta name=\"robots\" content=\"index, follow, max-snippet:-1, max-image-preview:large, max-video-preview:-1\" \/>\n<link rel=\"canonical\" href=\"https:\/\/nativainfo.com\/?p=856\" \/>\n<meta property=\"og:locale\" content=\"es_ES\" \/>\n<meta property=\"og:type\" content=\"article\" \/>\n<meta property=\"og:title\" content=\"El Gobierno habilita los bares, restaurantes y helader\u00edas en Santiago del Estero y Banda - Nativa Info\" \/>\n<meta property=\"og:description\" content=\"Adem\u00e1s, el Comit\u00e9 de Emergencia resolvi\u00f3 ampliar el horario de circulaci\u00f3n de lunes a viernes. El comunicado completo. El Comit\u00e9... Continue reading\" \/>\n<meta property=\"og:url\" content=\"https:\/\/nativainfo.com\/?p=856\" \/>\n<meta property=\"og:site_name\" content=\"Nativa Info\" \/>\n<meta property=\"article:publisher\" content=\"https:\/\/www.facebook.com\/profile.php?id=61578881597564\" \/>\n<meta property=\"article:published_time\" content=\"2020-10-27T05:00:35+00:00\" \/>\n<meta property=\"og:image\" content=\"http:\/\/nativainfo.com\/wp-content\/uploads\/2020\/10\/715x402_bares-santiago-pandemia-364595-214912.jpg\" \/>\n<meta name=\"author\" content=\"Nativa Info\" \/>\n<meta name=\"twitter:card\" content=\"summary_large_image\" \/>\n<meta name=\"twitter:label1\" content=\"Escrito por\" \/>\n\t<meta name=\"twitter:data1\" content=\"Nativa Info\" \/>\n\t<meta name=\"twitter:label2\" content=\"Tiempo de lectura\" \/>\n\t<meta name=\"twitter:data2\" content=\"1 minuto\" \/>\n<script type=\"application\/ld+json\" class=\"yoast-schema-graph\">{\"@context\":\"https:\/\/schema.org\",\"@graph\":[{\"@type\":\"Article\",\"@id\":\"https:\/\/nativainfo.com\/?p=856#article\",\"isPartOf\":{\"@id\":\"https:\/\/nativainfo.com\/?p=856\"},\"author\":{\"name\":\"Nativa Info\",\"@id\":\"https:\/\/nativainfo.com\/#\/schema\/person\/24893b64a9cd564ddb5d102d36eb4b5c\"},\"headline\":\"El Gobierno habilita los bares, restaurantes y helader\u00edas en Santiago del Estero y Banda\",\"datePublished\":\"2020-10-27T05:00:35+00:00\",\"mainEntityOfPage\":{\"@id\":\"https:\/\/nativainfo.com\/?p=856\"},\"wordCount\":139,\"commentCount\":0,\"publisher\":{\"@id\":\"https:\/\/nativainfo.com\/#organization\"},\"image\":{\"@id\":\"https:\/\/nativainfo.com\/?p=856#primaryimage\"},\"thumbnailUrl\":\"http:\/\/nativainfo.com\/wp-content\/uploads\/2020\/10\/715x402_bares-santiago-pandemia-364595-214912.jpg\",\"articleSection\":[\"Capital\",\"Coronavirus\"],\"inLanguage\":\"es-AR\",\"potentialAction\":[{\"@type\":\"CommentAction\",\"name\":\"Comment\",\"target\":[\"https:\/\/nativainfo.com\/?p=856#respond\"]}]},{\"@type\":\"WebPage\",\"@id\":\"https:\/\/nativainfo.com\/?p=856\",\"url\":\"https:\/\/nativainfo.com\/?p=856\",\"name\":\"El Gobierno habilita los bares, restaurantes y helader\u00edas en Santiago del Estero y Banda - Nativa Info\",\"isPartOf\":{\"@id\":\"https:\/\/nativainfo.com\/#website\"},\"primaryImageOfPage\":{\"@id\":\"https:\/\/nativainfo.com\/?p=856#primaryimage\"},\"image\":{\"@id\":\"https:\/\/nativainfo.com\/?p=856#primaryimage\"},\"thumbnailUrl\":\"http:\/\/nativainfo.com\/wp-content\/uploads\/2020\/10\/715x402_bares-santiago-pandemia-364595-214912.jpg\",\"datePublished\":\"2020-10-27T05:00:35+00:00\",\"breadcrumb\":{\"@id\":\"https:\/\/nativainfo.com\/?p=856#breadcrumb\"},\"inLanguage\":\"es-AR\",\"potentialAction\":[{\"@type\":\"ReadAction\",\"target\":[\"https:\/\/nativainfo.com\/?p=856\"]}]},{\"@type\":\"ImageObject\",\"inLanguage\":\"es-AR\",\"@id\":\"https:\/\/nativainfo.com\/?p=856#primaryimage\",\"url\":\"https:\/\/nativainfo.com\/wp-content\/uploads\/2020\/10\/715x402_bares-santiago-pandemia-364595-214912.jpg\",\"contentUrl\":\"https:\/\/nativainfo.com\/wp-content\/uploads\/2020\/10\/715x402_bares-santiago-pandemia-364595-214912.jpg\",\"width\":715,\"height\":402},{\"@type\":\"BreadcrumbList\",\"@id\":\"https:\/\/nativainfo.com\/?p=856#breadcrumb\",\"itemListElement\":[{\"@type\":\"ListItem\",\"position\":1,\"name\":\"Inicio\",\"item\":\"https:\/\/nativainfo.com\/\"},{\"@type\":\"ListItem\",\"position\":2,\"name\":\"El Gobierno habilita los bares, restaurantes y helader\u00edas en Santiago del Estero y Banda\"}]},{\"@type\":\"WebSite\",\"@id\":\"https:\/\/nativainfo.com\/#website\",\"url\":\"https:\/\/nativainfo.com\/\",\"name\":\"Nativa Info\",\"description\":\"Diario Digital\",\"publisher\":{\"@id\":\"https:\/\/nativainfo.com\/#organization\"},\"potentialAction\":[{\"@type\":\"SearchAction\",\"target\":{\"@type\":\"EntryPoint\",\"urlTemplate\":\"https:\/\/nativainfo.com\/?s={search_term_string}\"},\"query-input\":{\"@type\":\"PropertyValueSpecification\",\"valueRequired\":true,\"valueName\":\"search_term_string\"}}],\"inLanguage\":\"es-AR\"},{\"@type\":\"Organization\",\"@id\":\"https:\/\/nativainfo.com\/#organization\",\"name\":\"Nativa Info\",\"url\":\"https:\/\/nativainfo.com\/\",\"logo\":{\"@type\":\"ImageObject\",\"inLanguage\":\"es-AR\",\"@id\":\"https:\/\/nativainfo.com\/#\/schema\/logo\/image\/\",\"url\":\"https:\/\/nativainfo.com\/wp-content\/uploads\/2025\/08\/LOGO-NATIVA-FACE.jpg\",\"contentUrl\":\"https:\/\/nativainfo.com\/wp-content\/uploads\/2025\/08\/LOGO-NATIVA-FACE.jpg\",\"width\":400,\"height\":400,\"caption\":\"Nativa Info\"},\"image\":{\"@id\":\"https:\/\/nativainfo.com\/#\/schema\/logo\/image\/\"},\"sameAs\":[\"https:\/\/www.facebook.com\/profile.php?id=61578881597564\"]},{\"@type\":\"Person\",\"@id\":\"https:\/\/nativainfo.com\/#\/schema\/person\/24893b64a9cd564ddb5d102d36eb4b5c\",\"name\":\"Nativa Info\",\"image\":{\"@type\":\"ImageObject\",\"inLanguage\":\"es-AR\",\"@id\":\"https:\/\/nativainfo.com\/#\/schema\/person\/image\/\",\"url\":\"https:\/\/secure.gravatar.com\/avatar\/016fa1cf068d85136d938e1507b9b619cb766e2565cbb1faa1e571762460c785?s=96&d=mm&r=g\",\"contentUrl\":\"https:\/\/secure.gravatar.com\/avatar\/016fa1cf068d85136d938e1507b9b619cb766e2565cbb1faa1e571762460c785?s=96&d=mm&r=g\",\"caption\":\"Nativa Info\"},\"sameAs\":[\"http:\/\/nativainfo.com\"],\"url\":\"https:\/\/nativainfo.com\/?author=1\"}]}<\/script>\n<!-- \/ Yoast SEO plugin. -->","yoast_head_json":{"title":"El Gobierno habilita los bares, restaurantes y helader\u00edas en Santiago del Estero y Banda - Nativa Info","robots":{"index":"index","follow":"follow","max-snippet":"max-snippet:-1","max-image-preview":"max-image-preview:large","max-video-preview":"max-video-preview:-1"},"canonical":"https:\/\/nativainfo.com\/?p=856","og_locale":"es_ES","og_type":"article","og_title":"El Gobierno habilita los bares, restaurantes y helader\u00edas en Santiago del Estero y Banda - Nativa Info","og_description":"Adem\u00e1s, el Comit\u00e9 de Emergencia resolvi\u00f3 ampliar el horario de circulaci\u00f3n de lunes a viernes. El comunicado completo. El Comit\u00e9... Continue reading","og_url":"https:\/\/nativainfo.com\/?p=856","og_site_name":"Nativa Info","article_publisher":"https:\/\/www.facebook.com\/profile.php?id=61578881597564","article_published_time":"2020-10-27T05:00:35+00:00","og_image":[{"url":"http:\/\/nativainfo.com\/wp-content\/uploads\/2020\/10\/715x402_bares-santiago-pandemia-364595-214912.jpg","type":"","width":"","height":""}],"author":"Nativa Info","twitter_card":"summary_large_image","twitter_misc":{"Escrito por":"Nativa Info","Tiempo de lectura":"1 minuto"},"schema":{"@context":"https:\/\/schema.org","@graph":[{"@type":"Article","@id":"https:\/\/nativainfo.com\/?p=856#article","isPartOf":{"@id":"https:\/\/nativainfo.com\/?p=856"},"author":{"name":"Nativa Info","@id":"https:\/\/nativainfo.com\/#\/schema\/person\/24893b64a9cd564ddb5d102d36eb4b5c"},"headline":"El Gobierno habilita los bares, restaurantes y helader\u00edas en Santiago del Estero y Banda","datePublished":"2020-10-27T05:00:35+00:00","mainEntityOfPage":{"@id":"https:\/\/nativainfo.com\/?p=856"},"wordCount":139,"commentCount":0,"publisher":{"@id":"https:\/\/nativainfo.com\/#organization"},"image":{"@id":"https:\/\/nativainfo.com\/?p=856#primaryimage"},"thumbnailUrl":"http:\/\/nativainfo.com\/wp-content\/uploads\/2020\/10\/715x402_bares-santiago-pandemia-364595-214912.jpg","articleSection":["Capital","Coronavirus"],"inLanguage":"es-AR","potentialAction":[{"@type":"CommentAction","name":"Comment","target":["https:\/\/nativainfo.com\/?p=856#respond"]}]},{"@type":"WebPage","@id":"https:\/\/nativainfo.com\/?p=856","url":"https:\/\/nativainfo.com\/?p=856","name":"El Gobierno habilita los bares, restaurantes y helader\u00edas en Santiago del Estero y Banda - Nativa Info","isPartOf":{"@id":"https:\/\/nativainfo.com\/#website"},"primaryImageOfPage":{"@id":"https:\/\/nativainfo.com\/?p=856#primaryimage"},"image":{"@id":"https:\/\/nativainfo.com\/?p=856#primaryimage"},"thumbnailUrl":"http:\/\/nativainfo.com\/wp-content\/uploads\/2020\/10\/715x402_bares-santiago-pandemia-364595-214912.jpg","datePublished":"2020-10-27T05:00:35+00:00","breadcrumb":{"@id":"https:\/\/nativainfo.com\/?p=856#breadcrumb"},"inLanguage":"es-AR","potentialAction":[{"@type":"ReadAction","target":["https:\/\/nativainfo.com\/?p=856"]}]},{"@type":"ImageObject","inLanguage":"es-AR","@id":"https:\/\/nativainfo.com\/?p=856#primaryimage","url":"https:\/\/nativainfo.com\/wp-content\/uploads\/2020\/10\/715x402_bares-santiago-pandemia-364595-214912.jpg","contentUrl":"https:\/\/nativainfo.com\/wp-content\/uploads\/2020\/10\/715x402_bares-santiago-pandemia-364595-214912.jpg","width":715,"height":402},{"@type":"BreadcrumbList","@id":"https:\/\/nativainfo.com\/?p=856#breadcrumb","itemListElement":[{"@type":"ListItem","position":1,"name":"Inicio","item":"https:\/\/nativainfo.com\/"},{"@type":"ListItem","position":2,"name":"El Gobierno habilita los bares, restaurantes y helader\u00edas en Santiago del Estero y Banda"}]},{"@type":"WebSite","@id":"https:\/\/nativainfo.com\/#website","url":"https:\/\/nativainfo.com\/","name":"Nativa Info","description":"Diario Digital","publisher":{"@id":"https:\/\/nativainfo.com\/#organization"},"potentialAction":[{"@type":"SearchAction","target":{"@type":"EntryPoint","urlTemplate":"https:\/\/nativainfo.com\/?s={search_term_string}"},"query-input":{"@type":"PropertyValueSpecification","valueRequired":true,"valueName":"search_term_string"}}],"inLanguage":"es-AR"},{"@type":"Organization","@id":"https:\/\/nativainfo.com\/#organization","name":"Nativa Info","url":"https:\/\/nativainfo.com\/","logo":{"@type":"ImageObject","inLanguage":"es-AR","@id":"https:\/\/nativainfo.com\/#\/schema\/logo\/image\/","url":"https:\/\/nativainfo.com\/wp-content\/uploads\/2025\/08\/LOGO-NATIVA-FACE.jpg","contentUrl":"https:\/\/nativainfo.com\/wp-content\/uploads\/2025\/08\/LOGO-NATIVA-FACE.jpg","width":400,"height":400,"caption":"Nativa Info"},"image":{"@id":"https:\/\/nativainfo.com\/#\/schema\/logo\/image\/"},"sameAs":["https:\/\/www.facebook.com\/profile.php?id=61578881597564"]},{"@type":"Person","@id":"https:\/\/nativainfo.com\/#\/schema\/person\/24893b64a9cd564ddb5d102d36eb4b5c","name":"Nativa Info","image":{"@type":"ImageObject","inLanguage":"es-AR","@id":"https:\/\/nativainfo.com\/#\/schema\/person\/image\/","url":"https:\/\/secure.gravatar.com\/avatar\/016fa1cf068d85136d938e1507b9b619cb766e2565cbb1faa1e571762460c785?s=96&d=mm&r=g","contentUrl":"https:\/\/secure.gravatar.com\/avatar\/016fa1cf068d85136d938e1507b9b619cb766e2565cbb1faa1e571762460c785?s=96&d=mm&r=g","caption":"Nativa Info"},"sameAs":["http:\/\/nativainfo.com"],"url":"https:\/\/nativainfo.com\/?author=1"}]}},"jetpack_publicize_connections":[],"_links":{"self":[{"href":"https:\/\/nativainfo.com\/index.php?rest_route=\/wp\/v2\/posts\/856","targetHints":{"allow":["GET"]}}],"collection":[{"href":"https:\/\/nativainfo.com\/index.php?rest_route=\/wp\/v2\/posts"}],"about":[{"href":"https:\/\/nativainfo.com\/index.php?rest_route=\/wp\/v2\/types\/post"}],"author":[{"embeddable":true,"href":"https:\/\/nativainfo.com\/index.php?rest_route=\/wp\/v2\/users\/1"}],"replies":[{"embeddable":true,"href":"https:\/\/nativainfo.com\/index.php?rest_route=%2Fwp%2Fv2%2Fcomments&post=856"}],"version-history":[{"count":1,"href":"https:\/\/nativainfo.com\/index.php?rest_route=\/wp\/v2\/posts\/856\/revisions"}],"predecessor-version":[{"id":858,"href":"https:\/\/nativainfo.com\/index.php?rest_route=\/wp\/v2\/posts\/856\/revisions\/858"}],"wp:attachment":[{"href":"https:\/\/nativainfo.com\/index.php?rest_route=%2Fwp%2Fv2%2Fmedia&parent=856"}],"wp:term":[{"taxonomy":"category","embeddable":true,"href":"https:\/\/nativainfo.com\/index.php?rest_route=%2Fwp%2Fv2%2Fcategories&post=856"},{"taxonomy":"post_tag","embeddable":true,"href":"https:\/\/nativainfo.com\/index.php?rest_route=%2Fwp%2Fv2%2Ftags&post=856"}],"curies":[{"name":"wp","href":"https:\/\/api.w.org\/{rel}","templated":true}]}}