{"id":827,"date":"2020-10-19T16:40:34","date_gmt":"2020-10-19T19:40:34","guid":{"rendered":"http:\/\/nativainfo.com\/?p=827"},"modified":"2020-10-19T16:40:34","modified_gmt":"2020-10-19T19:40:34","slug":"el-proximo-jueves-vuelven-los-vuelos-regulares-cual-es-el-primer-destino-confirmado","status":"publish","type":"post","link":"https:\/\/nativainfo.com\/?p=827","title":{"rendered":"El pr\u00f3ximo jueves vuelven los vuelos regulares: cu\u00e1l es el primer destino confirmado"},"content":{"rendered":"\n<p>Aerol\u00edneas dio a conocer su cronograma para el regreso del sector con seis destinos de cabotaje distintos para el primer d\u00eda<\/p>\n\n\n\n<figure class=\"wp-block-image size-large\"><img fetchpriority=\"high\" decoding=\"async\" width=\"768\" height=\"432\" src=\"http:\/\/nativainfo.com\/wp-content\/uploads\/2020\/10\/E3UHY5IXURASPJMHNIDOIFLPYU.jpg\" alt=\"\" class=\"wp-image-828\" srcset=\"https:\/\/nativainfo.com\/wp-content\/uploads\/2020\/10\/E3UHY5IXURASPJMHNIDOIFLPYU.jpg 768w, https:\/\/nativainfo.com\/wp-content\/uploads\/2020\/10\/E3UHY5IXURASPJMHNIDOIFLPYU-300x169.jpg 300w, https:\/\/nativainfo.com\/wp-content\/uploads\/2020\/10\/E3UHY5IXURASPJMHNIDOIFLPYU-622x350.jpg 622w, https:\/\/nativainfo.com\/wp-content\/uploads\/2020\/10\/E3UHY5IXURASPJMHNIDOIFLPYU-150x84.jpg 150w\" sizes=\"(max-width: 768px) 100vw, 768px\" \/><\/figure>\n\n\n\n<p>Luego de la resoluci\u00f3n del Ministerio de Transporte donde se autoriz\u00f3 la reanudaci\u00f3n de los vuelos regulares dom\u00e9sticos, la empresa Aerol\u00edneas Argentinas confirm\u00f3 cu\u00e1l ser\u00e1 su cronograma de vuelos durante octubre. Arrancar\u00e1n a partir del pr\u00f3ximo jueves, con salidas desde Ezeiza, ya que el Aeroparque de la ciudad de Buenos Aires est\u00e1 cerrado por obras de mejoras y ampliaci\u00f3n.<\/p>\n\n\n\n<p>El viernes habr\u00e1 vuelos hacia y desde C\u00f3rdoba, La Rioja, Salta, Resistencia, Posadas, Bariloche, Comodoro Rivadavia y Neuqu\u00e9n. El resto de los destinos se ir\u00e1n incorporando de manera escalonada, seg\u00fan anticip\u00f3 la compa\u00f1\u00eda. Las frecuencias diarias tambi\u00e9n se ir\u00e1n incrementando paulatinamente y en funci\u00f3n de la demanda.<\/p>\n","protected":false},"excerpt":{"rendered":"<p>Aerol\u00edneas dio a conocer su cronograma para el regreso del sector con seis destinos de cabotaje distintos para el primer&#8230; <a class=\"continue-reading-link\" href=\"https:\/\/nativainfo.com\/?p=827\">Continue reading<\/a><\/p>\n","protected":false},"author":1,"featured_media":0,"comment_status":"open","ping_status":"open","sticky":false,"template":"","format":"standard","meta":{"rop_custom_images_group":[],"rop_custom_messages_group":[],"rop_publish_now":"initial","rop_publish_now_accounts":[],"rop_publish_now_history":[],"rop_publish_now_status":"pending","footnotes":"","jetpack_publicize_message":"","jetpack_publicize_feature_enabled":true,"jetpack_social_post_already_shared":false,"jetpack_social_options":{"image_generator_settings":{"template":"highway","default_image_id":0,"font":"","enabled":false},"version":2}},"categories":[8,9],"tags":[],"class_list":["post-827","post","type-post","status-publish","format-standard","hentry","category-noticias","category-pais"],"yoast_head":"<!-- This site is optimized with the Yoast SEO plugin v25.6 - https:\/\/yoast.com\/wordpress\/plugins\/seo\/ -->\n<title>El pr\u00f3ximo jueves vuelven los vuelos regulares: cu\u00e1l es el primer destino confirmado - Nativa Info<\/title>\n<meta name=\"robots\" content=\"index, follow, max-snippet:-1, max-image-preview:large, max-video-preview:-1\" \/>\n<link rel=\"canonical\" href=\"https:\/\/nativainfo.com\/?p=827\" \/>\n<meta property=\"og:locale\" content=\"es_ES\" \/>\n<meta property=\"og:type\" content=\"article\" \/>\n<meta property=\"og:title\" content=\"El pr\u00f3ximo jueves vuelven los vuelos regulares: cu\u00e1l es el primer destino confirmado - Nativa Info\" \/>\n<meta property=\"og:description\" content=\"Aerol\u00edneas dio a conocer su cronograma para el regreso del sector con seis destinos de cabotaje distintos para el primer... Continue reading\" \/>\n<meta property=\"og:url\" content=\"https:\/\/nativainfo.com\/?p=827\" \/>\n<meta property=\"og:site_name\" content=\"Nativa Info\" \/>\n<meta property=\"article:publisher\" content=\"https:\/\/www.facebook.com\/profile.php?id=61578881597564\" \/>\n<meta property=\"article:published_time\" content=\"2020-10-19T19:40:34+00:00\" \/>\n<meta property=\"og:image\" content=\"http:\/\/nativainfo.com\/wp-content\/uploads\/2020\/10\/E3UHY5IXURASPJMHNIDOIFLPYU.jpg\" \/>\n<meta name=\"author\" content=\"Nativa Info\" \/>\n<meta name=\"twitter:card\" content=\"summary_large_image\" \/>\n<meta name=\"twitter:label1\" content=\"Escrito por\" \/>\n\t<meta name=\"twitter:data1\" content=\"Nativa Info\" \/>\n\t<meta name=\"twitter:label2\" content=\"Tiempo de lectura\" \/>\n\t<meta name=\"twitter:data2\" content=\"1 minuto\" \/>\n<script type=\"application\/ld+json\" class=\"yoast-schema-graph\">{\"@context\":\"https:\/\/schema.org\",\"@graph\":[{\"@type\":\"Article\",\"@id\":\"https:\/\/nativainfo.com\/?p=827#article\",\"isPartOf\":{\"@id\":\"https:\/\/nativainfo.com\/?p=827\"},\"author\":{\"name\":\"Nativa Info\",\"@id\":\"https:\/\/nativainfo.com\/#\/schema\/person\/24893b64a9cd564ddb5d102d36eb4b5c\"},\"headline\":\"El pr\u00f3ximo jueves vuelven los vuelos regulares: cu\u00e1l es el primer destino confirmado\",\"datePublished\":\"2020-10-19T19:40:34+00:00\",\"mainEntityOfPage\":{\"@id\":\"https:\/\/nativainfo.com\/?p=827\"},\"wordCount\":160,\"commentCount\":0,\"publisher\":{\"@id\":\"https:\/\/nativainfo.com\/#organization\"},\"image\":{\"@id\":\"https:\/\/nativainfo.com\/?p=827#primaryimage\"},\"thumbnailUrl\":\"http:\/\/nativainfo.com\/wp-content\/uploads\/2020\/10\/E3UHY5IXURASPJMHNIDOIFLPYU.jpg\",\"articleSection\":[\"Noticias\",\"Pa\u00eds\"],\"inLanguage\":\"es-AR\",\"potentialAction\":[{\"@type\":\"CommentAction\",\"name\":\"Comment\",\"target\":[\"https:\/\/nativainfo.com\/?p=827#respond\"]}]},{\"@type\":\"WebPage\",\"@id\":\"https:\/\/nativainfo.com\/?p=827\",\"url\":\"https:\/\/nativainfo.com\/?p=827\",\"name\":\"El pr\u00f3ximo jueves vuelven los vuelos regulares: cu\u00e1l es el primer destino confirmado - Nativa Info\",\"isPartOf\":{\"@id\":\"https:\/\/nativainfo.com\/#website\"},\"primaryImageOfPage\":{\"@id\":\"https:\/\/nativainfo.com\/?p=827#primaryimage\"},\"image\":{\"@id\":\"https:\/\/nativainfo.com\/?p=827#primaryimage\"},\"thumbnailUrl\":\"http:\/\/nativainfo.com\/wp-content\/uploads\/2020\/10\/E3UHY5IXURASPJMHNIDOIFLPYU.jpg\",\"datePublished\":\"2020-10-19T19:40:34+00:00\",\"breadcrumb\":{\"@id\":\"https:\/\/nativainfo.com\/?p=827#breadcrumb\"},\"inLanguage\":\"es-AR\",\"potentialAction\":[{\"@type\":\"ReadAction\",\"target\":[\"https:\/\/nativainfo.com\/?p=827\"]}]},{\"@type\":\"ImageObject\",\"inLanguage\":\"es-AR\",\"@id\":\"https:\/\/nativainfo.com\/?p=827#primaryimage\",\"url\":\"https:\/\/nativainfo.com\/wp-content\/uploads\/2020\/10\/E3UHY5IXURASPJMHNIDOIFLPYU.jpg\",\"contentUrl\":\"https:\/\/nativainfo.com\/wp-content\/uploads\/2020\/10\/E3UHY5IXURASPJMHNIDOIFLPYU.jpg\",\"width\":768,\"height\":432},{\"@type\":\"BreadcrumbList\",\"@id\":\"https:\/\/nativainfo.com\/?p=827#breadcrumb\",\"itemListElement\":[{\"@type\":\"ListItem\",\"position\":1,\"name\":\"Inicio\",\"item\":\"https:\/\/nativainfo.com\/\"},{\"@type\":\"ListItem\",\"position\":2,\"name\":\"El pr\u00f3ximo jueves vuelven los vuelos regulares: cu\u00e1l es el primer destino confirmado\"}]},{\"@type\":\"WebSite\",\"@id\":\"https:\/\/nativainfo.com\/#website\",\"url\":\"https:\/\/nativainfo.com\/\",\"name\":\"Nativa Info\",\"description\":\"Diario Digital\",\"publisher\":{\"@id\":\"https:\/\/nativainfo.com\/#organization\"},\"potentialAction\":[{\"@type\":\"SearchAction\",\"target\":{\"@type\":\"EntryPoint\",\"urlTemplate\":\"https:\/\/nativainfo.com\/?s={search_term_string}\"},\"query-input\":{\"@type\":\"PropertyValueSpecification\",\"valueRequired\":true,\"valueName\":\"search_term_string\"}}],\"inLanguage\":\"es-AR\"},{\"@type\":\"Organization\",\"@id\":\"https:\/\/nativainfo.com\/#organization\",\"name\":\"Nativa Info\",\"url\":\"https:\/\/nativainfo.com\/\",\"logo\":{\"@type\":\"ImageObject\",\"inLanguage\":\"es-AR\",\"@id\":\"https:\/\/nativainfo.com\/#\/schema\/logo\/image\/\",\"url\":\"https:\/\/nativainfo.com\/wp-content\/uploads\/2025\/08\/LOGO-NATIVA-FACE.jpg\",\"contentUrl\":\"https:\/\/nativainfo.com\/wp-content\/uploads\/2025\/08\/LOGO-NATIVA-FACE.jpg\",\"width\":400,\"height\":400,\"caption\":\"Nativa Info\"},\"image\":{\"@id\":\"https:\/\/nativainfo.com\/#\/schema\/logo\/image\/\"},\"sameAs\":[\"https:\/\/www.facebook.com\/profile.php?id=61578881597564\"]},{\"@type\":\"Person\",\"@id\":\"https:\/\/nativainfo.com\/#\/schema\/person\/24893b64a9cd564ddb5d102d36eb4b5c\",\"name\":\"Nativa Info\",\"image\":{\"@type\":\"ImageObject\",\"inLanguage\":\"es-AR\",\"@id\":\"https:\/\/nativainfo.com\/#\/schema\/person\/image\/\",\"url\":\"https:\/\/secure.gravatar.com\/avatar\/016fa1cf068d85136d938e1507b9b619cb766e2565cbb1faa1e571762460c785?s=96&d=mm&r=g\",\"contentUrl\":\"https:\/\/secure.gravatar.com\/avatar\/016fa1cf068d85136d938e1507b9b619cb766e2565cbb1faa1e571762460c785?s=96&d=mm&r=g\",\"caption\":\"Nativa Info\"},\"sameAs\":[\"http:\/\/nativainfo.com\"],\"url\":\"https:\/\/nativainfo.com\/?author=1\"}]}<\/script>\n<!-- \/ Yoast SEO plugin. -->","yoast_head_json":{"title":"El pr\u00f3ximo jueves vuelven los vuelos regulares: cu\u00e1l es el primer destino confirmado - Nativa Info","robots":{"index":"index","follow":"follow","max-snippet":"max-snippet:-1","max-image-preview":"max-image-preview:large","max-video-preview":"max-video-preview:-1"},"canonical":"https:\/\/nativainfo.com\/?p=827","og_locale":"es_ES","og_type":"article","og_title":"El pr\u00f3ximo jueves vuelven los vuelos regulares: cu\u00e1l es el primer destino confirmado - Nativa Info","og_description":"Aerol\u00edneas dio a conocer su cronograma para el regreso del sector con seis destinos de cabotaje distintos para el primer... Continue reading","og_url":"https:\/\/nativainfo.com\/?p=827","og_site_name":"Nativa Info","article_publisher":"https:\/\/www.facebook.com\/profile.php?id=61578881597564","article_published_time":"2020-10-19T19:40:34+00:00","og_image":[{"url":"http:\/\/nativainfo.com\/wp-content\/uploads\/2020\/10\/E3UHY5IXURASPJMHNIDOIFLPYU.jpg","type":"","width":"","height":""}],"author":"Nativa Info","twitter_card":"summary_large_image","twitter_misc":{"Escrito por":"Nativa Info","Tiempo de lectura":"1 minuto"},"schema":{"@context":"https:\/\/schema.org","@graph":[{"@type":"Article","@id":"https:\/\/nativainfo.com\/?p=827#article","isPartOf":{"@id":"https:\/\/nativainfo.com\/?p=827"},"author":{"name":"Nativa Info","@id":"https:\/\/nativainfo.com\/#\/schema\/person\/24893b64a9cd564ddb5d102d36eb4b5c"},"headline":"El pr\u00f3ximo jueves vuelven los vuelos regulares: cu\u00e1l es el primer destino confirmado","datePublished":"2020-10-19T19:40:34+00:00","mainEntityOfPage":{"@id":"https:\/\/nativainfo.com\/?p=827"},"wordCount":160,"commentCount":0,"publisher":{"@id":"https:\/\/nativainfo.com\/#organization"},"image":{"@id":"https:\/\/nativainfo.com\/?p=827#primaryimage"},"thumbnailUrl":"http:\/\/nativainfo.com\/wp-content\/uploads\/2020\/10\/E3UHY5IXURASPJMHNIDOIFLPYU.jpg","articleSection":["Noticias","Pa\u00eds"],"inLanguage":"es-AR","potentialAction":[{"@type":"CommentAction","name":"Comment","target":["https:\/\/nativainfo.com\/?p=827#respond"]}]},{"@type":"WebPage","@id":"https:\/\/nativainfo.com\/?p=827","url":"https:\/\/nativainfo.com\/?p=827","name":"El pr\u00f3ximo jueves vuelven los vuelos regulares: cu\u00e1l es el primer destino confirmado - Nativa Info","isPartOf":{"@id":"https:\/\/nativainfo.com\/#website"},"primaryImageOfPage":{"@id":"https:\/\/nativainfo.com\/?p=827#primaryimage"},"image":{"@id":"https:\/\/nativainfo.com\/?p=827#primaryimage"},"thumbnailUrl":"http:\/\/nativainfo.com\/wp-content\/uploads\/2020\/10\/E3UHY5IXURASPJMHNIDOIFLPYU.jpg","datePublished":"2020-10-19T19:40:34+00:00","breadcrumb":{"@id":"https:\/\/nativainfo.com\/?p=827#breadcrumb"},"inLanguage":"es-AR","potentialAction":[{"@type":"ReadAction","target":["https:\/\/nativainfo.com\/?p=827"]}]},{"@type":"ImageObject","inLanguage":"es-AR","@id":"https:\/\/nativainfo.com\/?p=827#primaryimage","url":"https:\/\/nativainfo.com\/wp-content\/uploads\/2020\/10\/E3UHY5IXURASPJMHNIDOIFLPYU.jpg","contentUrl":"https:\/\/nativainfo.com\/wp-content\/uploads\/2020\/10\/E3UHY5IXURASPJMHNIDOIFLPYU.jpg","width":768,"height":432},{"@type":"BreadcrumbList","@id":"https:\/\/nativainfo.com\/?p=827#breadcrumb","itemListElement":[{"@type":"ListItem","position":1,"name":"Inicio","item":"https:\/\/nativainfo.com\/"},{"@type":"ListItem","position":2,"name":"El pr\u00f3ximo jueves vuelven los vuelos regulares: cu\u00e1l es el primer destino confirmado"}]},{"@type":"WebSite","@id":"https:\/\/nativainfo.com\/#website","url":"https:\/\/nativainfo.com\/","name":"Nativa Info","description":"Diario Digital","publisher":{"@id":"https:\/\/nativainfo.com\/#organization"},"potentialAction":[{"@type":"SearchAction","target":{"@type":"EntryPoint","urlTemplate":"https:\/\/nativainfo.com\/?s={search_term_string}"},"query-input":{"@type":"PropertyValueSpecification","valueRequired":true,"valueName":"search_term_string"}}],"inLanguage":"es-AR"},{"@type":"Organization","@id":"https:\/\/nativainfo.com\/#organization","name":"Nativa Info","url":"https:\/\/nativainfo.com\/","logo":{"@type":"ImageObject","inLanguage":"es-AR","@id":"https:\/\/nativainfo.com\/#\/schema\/logo\/image\/","url":"https:\/\/nativainfo.com\/wp-content\/uploads\/2025\/08\/LOGO-NATIVA-FACE.jpg","contentUrl":"https:\/\/nativainfo.com\/wp-content\/uploads\/2025\/08\/LOGO-NATIVA-FACE.jpg","width":400,"height":400,"caption":"Nativa Info"},"image":{"@id":"https:\/\/nativainfo.com\/#\/schema\/logo\/image\/"},"sameAs":["https:\/\/www.facebook.com\/profile.php?id=61578881597564"]},{"@type":"Person","@id":"https:\/\/nativainfo.com\/#\/schema\/person\/24893b64a9cd564ddb5d102d36eb4b5c","name":"Nativa Info","image":{"@type":"ImageObject","inLanguage":"es-AR","@id":"https:\/\/nativainfo.com\/#\/schema\/person\/image\/","url":"https:\/\/secure.gravatar.com\/avatar\/016fa1cf068d85136d938e1507b9b619cb766e2565cbb1faa1e571762460c785?s=96&d=mm&r=g","contentUrl":"https:\/\/secure.gravatar.com\/avatar\/016fa1cf068d85136d938e1507b9b619cb766e2565cbb1faa1e571762460c785?s=96&d=mm&r=g","caption":"Nativa Info"},"sameAs":["http:\/\/nativainfo.com"],"url":"https:\/\/nativainfo.com\/?author=1"}]}},"jetpack_publicize_connections":[],"_links":{"self":[{"href":"https:\/\/nativainfo.com\/index.php?rest_route=\/wp\/v2\/posts\/827","targetHints":{"allow":["GET"]}}],"collection":[{"href":"https:\/\/nativainfo.com\/index.php?rest_route=\/wp\/v2\/posts"}],"about":[{"href":"https:\/\/nativainfo.com\/index.php?rest_route=\/wp\/v2\/types\/post"}],"author":[{"embeddable":true,"href":"https:\/\/nativainfo.com\/index.php?rest_route=\/wp\/v2\/users\/1"}],"replies":[{"embeddable":true,"href":"https:\/\/nativainfo.com\/index.php?rest_route=%2Fwp%2Fv2%2Fcomments&post=827"}],"version-history":[{"count":1,"href":"https:\/\/nativainfo.com\/index.php?rest_route=\/wp\/v2\/posts\/827\/revisions"}],"predecessor-version":[{"id":829,"href":"https:\/\/nativainfo.com\/index.php?rest_route=\/wp\/v2\/posts\/827\/revisions\/829"}],"wp:attachment":[{"href":"https:\/\/nativainfo.com\/index.php?rest_route=%2Fwp%2Fv2%2Fmedia&parent=827"}],"wp:term":[{"taxonomy":"category","embeddable":true,"href":"https:\/\/nativainfo.com\/index.php?rest_route=%2Fwp%2Fv2%2Fcategories&post=827"},{"taxonomy":"post_tag","embeddable":true,"href":"https:\/\/nativainfo.com\/index.php?rest_route=%2Fwp%2Fv2%2Ftags&post=827"}],"curies":[{"name":"wp","href":"https:\/\/api.w.org\/{rel}","templated":true}]}}