{"id":815,"date":"2020-10-13T23:08:34","date_gmt":"2020-10-14T02:08:34","guid":{"rendered":"http:\/\/nativainfo.com\/?p=815"},"modified":"2020-10-13T23:08:34","modified_gmt":"2020-10-14T02:08:34","slug":"emiten-un-alerta-por-tormentas-fuertes-para-santiago-del-estero","status":"publish","type":"post","link":"https:\/\/nativainfo.com\/?p=815","title":{"rendered":"Emiten un alerta por &#8220;tormentas fuertes&#8221; para Santiago del Estero"},"content":{"rendered":"\n<p>Adem\u00e1s se prev\u00e9 una intensa actividad el\u00e9ctrica, r\u00e1fagas y ocasional ca\u00edda de granizo, inform\u00f3 el Servicio Meteorol\u00f3gico Nacional.<\/p>\n\n\n\n<figure class=\"wp-block-image size-large\"><img fetchpriority=\"high\" decoding=\"async\" width=\"715\" height=\"402\" src=\"http:\/\/nativainfo.com\/wp-content\/uploads\/2020\/10\/715x402_318067_20190420213444.jpg\" alt=\"\" class=\"wp-image-816\" srcset=\"https:\/\/nativainfo.com\/wp-content\/uploads\/2020\/10\/715x402_318067_20190420213444.jpg 715w, https:\/\/nativainfo.com\/wp-content\/uploads\/2020\/10\/715x402_318067_20190420213444-300x169.jpg 300w, https:\/\/nativainfo.com\/wp-content\/uploads\/2020\/10\/715x402_318067_20190420213444-623x350.jpg 623w, https:\/\/nativainfo.com\/wp-content\/uploads\/2020\/10\/715x402_318067_20190420213444-150x84.jpg 150w\" sizes=\"(max-width: 715px) 100vw, 715px\" \/><\/figure>\n\n\n\n<p>El\u00a0<strong>Servicio Meteorol\u00f3gico Nacional (SMN)<\/strong>\u00a0emiti\u00f3 este martes a la tarde un\u00a0<strong>alerta por &#8220;tormentas fuertes&#8221; para todo el territorio de Santiago del Estero<\/strong>, adem\u00e1s de\u00a0<strong>Chaco<\/strong>\u00a0y el centro y este de\u00a0<strong>Formosa<\/strong>.<\/p>\n\n\n\n<p>&#8220;Se espera que, a partir de la madrugada del mi\u00e9rcoles 14, el \u00e1rea de cobertura comience a ser afectada por&nbsp;<strong>lluvias y tormentas<\/strong>, algunas localmente fuertes&#8221;, pronostica el organismo.<\/p>\n\n\n\n<p>Asimismo, prev\u00e9 que las precipitaciones est\u00e9n acompa\u00f1adas de\u00a0<strong>abundante ca\u00edda de agua<\/strong>\u00a0en cortos per\u00edodos,\u00a0<strong>fuerte actividad el\u00e9ctrica, r\u00e1fagas y ocasional ca\u00edda de granizo<\/strong>.<\/p>\n\n\n\n<p>Fuente: Diario Panorama<\/p>\n","protected":false},"excerpt":{"rendered":"<p>Adem\u00e1s se prev\u00e9 una intensa actividad el\u00e9ctrica, r\u00e1fagas y ocasional ca\u00edda de granizo, inform\u00f3 el Servicio Meteorol\u00f3gico Nacional. El\u00a0Servicio Meteorol\u00f3gico&#8230; <a class=\"continue-reading-link\" href=\"https:\/\/nativainfo.com\/?p=815\">Continue reading<\/a><\/p>\n","protected":false},"author":1,"featured_media":0,"comment_status":"open","ping_status":"open","sticky":false,"template":"","format":"standard","meta":{"rop_custom_images_group":[],"rop_custom_messages_group":[],"rop_publish_now":"initial","rop_publish_now_accounts":[],"rop_publish_now_history":[],"rop_publish_now_status":"pending","footnotes":"","jetpack_publicize_message":"","jetpack_publicize_feature_enabled":true,"jetpack_social_post_already_shared":false,"jetpack_social_options":{"image_generator_settings":{"template":"highway","default_image_id":0,"font":"","enabled":false},"version":2}},"categories":[8,12],"tags":[],"class_list":["post-815","post","type-post","status-publish","format-standard","hentry","category-noticias","category-provincia"],"yoast_head":"<!-- This site is optimized with the Yoast SEO plugin v25.6 - https:\/\/yoast.com\/wordpress\/plugins\/seo\/ -->\n<title>Emiten un alerta por &quot;tormentas fuertes&quot; para Santiago del Estero - Nativa Info<\/title>\n<meta name=\"robots\" content=\"index, follow, max-snippet:-1, max-image-preview:large, max-video-preview:-1\" \/>\n<link rel=\"canonical\" href=\"https:\/\/nativainfo.com\/?p=815\" \/>\n<meta property=\"og:locale\" content=\"es_ES\" \/>\n<meta property=\"og:type\" content=\"article\" \/>\n<meta property=\"og:title\" content=\"Emiten un alerta por &quot;tormentas fuertes&quot; para Santiago del Estero - Nativa Info\" \/>\n<meta property=\"og:description\" content=\"Adem\u00e1s se prev\u00e9 una intensa actividad el\u00e9ctrica, r\u00e1fagas y ocasional ca\u00edda de granizo, inform\u00f3 el Servicio Meteorol\u00f3gico Nacional. El\u00a0Servicio Meteorol\u00f3gico... Continue reading\" \/>\n<meta property=\"og:url\" content=\"https:\/\/nativainfo.com\/?p=815\" \/>\n<meta property=\"og:site_name\" content=\"Nativa Info\" \/>\n<meta property=\"article:publisher\" content=\"https:\/\/www.facebook.com\/profile.php?id=61578881597564\" \/>\n<meta property=\"article:published_time\" content=\"2020-10-14T02:08:34+00:00\" \/>\n<meta property=\"og:image\" content=\"http:\/\/nativainfo.com\/wp-content\/uploads\/2020\/10\/715x402_318067_20190420213444.jpg\" \/>\n<meta name=\"author\" content=\"Nativa Info\" \/>\n<meta name=\"twitter:card\" content=\"summary_large_image\" \/>\n<meta name=\"twitter:label1\" content=\"Escrito por\" \/>\n\t<meta name=\"twitter:data1\" content=\"Nativa Info\" \/>\n\t<meta name=\"twitter:label2\" content=\"Tiempo de lectura\" \/>\n\t<meta name=\"twitter:data2\" content=\"1 minuto\" \/>\n<script type=\"application\/ld+json\" class=\"yoast-schema-graph\">{\"@context\":\"https:\/\/schema.org\",\"@graph\":[{\"@type\":\"Article\",\"@id\":\"https:\/\/nativainfo.com\/?p=815#article\",\"isPartOf\":{\"@id\":\"https:\/\/nativainfo.com\/?p=815\"},\"author\":{\"name\":\"Nativa Info\",\"@id\":\"https:\/\/nativainfo.com\/#\/schema\/person\/24893b64a9cd564ddb5d102d36eb4b5c\"},\"headline\":\"Emiten un alerta por &#8220;tormentas fuertes&#8221; para Santiago del Estero\",\"datePublished\":\"2020-10-14T02:08:34+00:00\",\"mainEntityOfPage\":{\"@id\":\"https:\/\/nativainfo.com\/?p=815\"},\"wordCount\":133,\"commentCount\":0,\"publisher\":{\"@id\":\"https:\/\/nativainfo.com\/#organization\"},\"image\":{\"@id\":\"https:\/\/nativainfo.com\/?p=815#primaryimage\"},\"thumbnailUrl\":\"http:\/\/nativainfo.com\/wp-content\/uploads\/2020\/10\/715x402_318067_20190420213444.jpg\",\"articleSection\":[\"Noticias\",\"Provincia\"],\"inLanguage\":\"es-AR\",\"potentialAction\":[{\"@type\":\"CommentAction\",\"name\":\"Comment\",\"target\":[\"https:\/\/nativainfo.com\/?p=815#respond\"]}]},{\"@type\":\"WebPage\",\"@id\":\"https:\/\/nativainfo.com\/?p=815\",\"url\":\"https:\/\/nativainfo.com\/?p=815\",\"name\":\"Emiten un alerta por \\\"tormentas fuertes\\\" para Santiago del Estero - Nativa Info\",\"isPartOf\":{\"@id\":\"https:\/\/nativainfo.com\/#website\"},\"primaryImageOfPage\":{\"@id\":\"https:\/\/nativainfo.com\/?p=815#primaryimage\"},\"image\":{\"@id\":\"https:\/\/nativainfo.com\/?p=815#primaryimage\"},\"thumbnailUrl\":\"http:\/\/nativainfo.com\/wp-content\/uploads\/2020\/10\/715x402_318067_20190420213444.jpg\",\"datePublished\":\"2020-10-14T02:08:34+00:00\",\"breadcrumb\":{\"@id\":\"https:\/\/nativainfo.com\/?p=815#breadcrumb\"},\"inLanguage\":\"es-AR\",\"potentialAction\":[{\"@type\":\"ReadAction\",\"target\":[\"https:\/\/nativainfo.com\/?p=815\"]}]},{\"@type\":\"ImageObject\",\"inLanguage\":\"es-AR\",\"@id\":\"https:\/\/nativainfo.com\/?p=815#primaryimage\",\"url\":\"https:\/\/nativainfo.com\/wp-content\/uploads\/2020\/10\/715x402_318067_20190420213444.jpg\",\"contentUrl\":\"https:\/\/nativainfo.com\/wp-content\/uploads\/2020\/10\/715x402_318067_20190420213444.jpg\",\"width\":715,\"height\":402},{\"@type\":\"BreadcrumbList\",\"@id\":\"https:\/\/nativainfo.com\/?p=815#breadcrumb\",\"itemListElement\":[{\"@type\":\"ListItem\",\"position\":1,\"name\":\"Inicio\",\"item\":\"https:\/\/nativainfo.com\/\"},{\"@type\":\"ListItem\",\"position\":2,\"name\":\"Emiten un alerta por &#8220;tormentas fuertes&#8221; para Santiago del Estero\"}]},{\"@type\":\"WebSite\",\"@id\":\"https:\/\/nativainfo.com\/#website\",\"url\":\"https:\/\/nativainfo.com\/\",\"name\":\"Nativa Info\",\"description\":\"Diario Digital\",\"publisher\":{\"@id\":\"https:\/\/nativainfo.com\/#organization\"},\"potentialAction\":[{\"@type\":\"SearchAction\",\"target\":{\"@type\":\"EntryPoint\",\"urlTemplate\":\"https:\/\/nativainfo.com\/?s={search_term_string}\"},\"query-input\":{\"@type\":\"PropertyValueSpecification\",\"valueRequired\":true,\"valueName\":\"search_term_string\"}}],\"inLanguage\":\"es-AR\"},{\"@type\":\"Organization\",\"@id\":\"https:\/\/nativainfo.com\/#organization\",\"name\":\"Nativa Info\",\"url\":\"https:\/\/nativainfo.com\/\",\"logo\":{\"@type\":\"ImageObject\",\"inLanguage\":\"es-AR\",\"@id\":\"https:\/\/nativainfo.com\/#\/schema\/logo\/image\/\",\"url\":\"https:\/\/nativainfo.com\/wp-content\/uploads\/2025\/08\/LOGO-NATIVA-FACE.jpg\",\"contentUrl\":\"https:\/\/nativainfo.com\/wp-content\/uploads\/2025\/08\/LOGO-NATIVA-FACE.jpg\",\"width\":400,\"height\":400,\"caption\":\"Nativa Info\"},\"image\":{\"@id\":\"https:\/\/nativainfo.com\/#\/schema\/logo\/image\/\"},\"sameAs\":[\"https:\/\/www.facebook.com\/profile.php?id=61578881597564\"]},{\"@type\":\"Person\",\"@id\":\"https:\/\/nativainfo.com\/#\/schema\/person\/24893b64a9cd564ddb5d102d36eb4b5c\",\"name\":\"Nativa Info\",\"image\":{\"@type\":\"ImageObject\",\"inLanguage\":\"es-AR\",\"@id\":\"https:\/\/nativainfo.com\/#\/schema\/person\/image\/\",\"url\":\"https:\/\/secure.gravatar.com\/avatar\/016fa1cf068d85136d938e1507b9b619cb766e2565cbb1faa1e571762460c785?s=96&d=mm&r=g\",\"contentUrl\":\"https:\/\/secure.gravatar.com\/avatar\/016fa1cf068d85136d938e1507b9b619cb766e2565cbb1faa1e571762460c785?s=96&d=mm&r=g\",\"caption\":\"Nativa Info\"},\"sameAs\":[\"http:\/\/nativainfo.com\"],\"url\":\"https:\/\/nativainfo.com\/?author=1\"}]}<\/script>\n<!-- \/ Yoast SEO plugin. -->","yoast_head_json":{"title":"Emiten un alerta por \"tormentas fuertes\" para Santiago del Estero - Nativa Info","robots":{"index":"index","follow":"follow","max-snippet":"max-snippet:-1","max-image-preview":"max-image-preview:large","max-video-preview":"max-video-preview:-1"},"canonical":"https:\/\/nativainfo.com\/?p=815","og_locale":"es_ES","og_type":"article","og_title":"Emiten un alerta por \"tormentas fuertes\" para Santiago del Estero - Nativa Info","og_description":"Adem\u00e1s se prev\u00e9 una intensa actividad el\u00e9ctrica, r\u00e1fagas y ocasional ca\u00edda de granizo, inform\u00f3 el Servicio Meteorol\u00f3gico Nacional. El\u00a0Servicio Meteorol\u00f3gico... Continue reading","og_url":"https:\/\/nativainfo.com\/?p=815","og_site_name":"Nativa Info","article_publisher":"https:\/\/www.facebook.com\/profile.php?id=61578881597564","article_published_time":"2020-10-14T02:08:34+00:00","og_image":[{"url":"http:\/\/nativainfo.com\/wp-content\/uploads\/2020\/10\/715x402_318067_20190420213444.jpg","type":"","width":"","height":""}],"author":"Nativa Info","twitter_card":"summary_large_image","twitter_misc":{"Escrito por":"Nativa Info","Tiempo de lectura":"1 minuto"},"schema":{"@context":"https:\/\/schema.org","@graph":[{"@type":"Article","@id":"https:\/\/nativainfo.com\/?p=815#article","isPartOf":{"@id":"https:\/\/nativainfo.com\/?p=815"},"author":{"name":"Nativa Info","@id":"https:\/\/nativainfo.com\/#\/schema\/person\/24893b64a9cd564ddb5d102d36eb4b5c"},"headline":"Emiten un alerta por &#8220;tormentas fuertes&#8221; para Santiago del Estero","datePublished":"2020-10-14T02:08:34+00:00","mainEntityOfPage":{"@id":"https:\/\/nativainfo.com\/?p=815"},"wordCount":133,"commentCount":0,"publisher":{"@id":"https:\/\/nativainfo.com\/#organization"},"image":{"@id":"https:\/\/nativainfo.com\/?p=815#primaryimage"},"thumbnailUrl":"http:\/\/nativainfo.com\/wp-content\/uploads\/2020\/10\/715x402_318067_20190420213444.jpg","articleSection":["Noticias","Provincia"],"inLanguage":"es-AR","potentialAction":[{"@type":"CommentAction","name":"Comment","target":["https:\/\/nativainfo.com\/?p=815#respond"]}]},{"@type":"WebPage","@id":"https:\/\/nativainfo.com\/?p=815","url":"https:\/\/nativainfo.com\/?p=815","name":"Emiten un alerta por \"tormentas fuertes\" para Santiago del Estero - Nativa Info","isPartOf":{"@id":"https:\/\/nativainfo.com\/#website"},"primaryImageOfPage":{"@id":"https:\/\/nativainfo.com\/?p=815#primaryimage"},"image":{"@id":"https:\/\/nativainfo.com\/?p=815#primaryimage"},"thumbnailUrl":"http:\/\/nativainfo.com\/wp-content\/uploads\/2020\/10\/715x402_318067_20190420213444.jpg","datePublished":"2020-10-14T02:08:34+00:00","breadcrumb":{"@id":"https:\/\/nativainfo.com\/?p=815#breadcrumb"},"inLanguage":"es-AR","potentialAction":[{"@type":"ReadAction","target":["https:\/\/nativainfo.com\/?p=815"]}]},{"@type":"ImageObject","inLanguage":"es-AR","@id":"https:\/\/nativainfo.com\/?p=815#primaryimage","url":"https:\/\/nativainfo.com\/wp-content\/uploads\/2020\/10\/715x402_318067_20190420213444.jpg","contentUrl":"https:\/\/nativainfo.com\/wp-content\/uploads\/2020\/10\/715x402_318067_20190420213444.jpg","width":715,"height":402},{"@type":"BreadcrumbList","@id":"https:\/\/nativainfo.com\/?p=815#breadcrumb","itemListElement":[{"@type":"ListItem","position":1,"name":"Inicio","item":"https:\/\/nativainfo.com\/"},{"@type":"ListItem","position":2,"name":"Emiten un alerta por &#8220;tormentas fuertes&#8221; para Santiago del Estero"}]},{"@type":"WebSite","@id":"https:\/\/nativainfo.com\/#website","url":"https:\/\/nativainfo.com\/","name":"Nativa Info","description":"Diario Digital","publisher":{"@id":"https:\/\/nativainfo.com\/#organization"},"potentialAction":[{"@type":"SearchAction","target":{"@type":"EntryPoint","urlTemplate":"https:\/\/nativainfo.com\/?s={search_term_string}"},"query-input":{"@type":"PropertyValueSpecification","valueRequired":true,"valueName":"search_term_string"}}],"inLanguage":"es-AR"},{"@type":"Organization","@id":"https:\/\/nativainfo.com\/#organization","name":"Nativa Info","url":"https:\/\/nativainfo.com\/","logo":{"@type":"ImageObject","inLanguage":"es-AR","@id":"https:\/\/nativainfo.com\/#\/schema\/logo\/image\/","url":"https:\/\/nativainfo.com\/wp-content\/uploads\/2025\/08\/LOGO-NATIVA-FACE.jpg","contentUrl":"https:\/\/nativainfo.com\/wp-content\/uploads\/2025\/08\/LOGO-NATIVA-FACE.jpg","width":400,"height":400,"caption":"Nativa Info"},"image":{"@id":"https:\/\/nativainfo.com\/#\/schema\/logo\/image\/"},"sameAs":["https:\/\/www.facebook.com\/profile.php?id=61578881597564"]},{"@type":"Person","@id":"https:\/\/nativainfo.com\/#\/schema\/person\/24893b64a9cd564ddb5d102d36eb4b5c","name":"Nativa Info","image":{"@type":"ImageObject","inLanguage":"es-AR","@id":"https:\/\/nativainfo.com\/#\/schema\/person\/image\/","url":"https:\/\/secure.gravatar.com\/avatar\/016fa1cf068d85136d938e1507b9b619cb766e2565cbb1faa1e571762460c785?s=96&d=mm&r=g","contentUrl":"https:\/\/secure.gravatar.com\/avatar\/016fa1cf068d85136d938e1507b9b619cb766e2565cbb1faa1e571762460c785?s=96&d=mm&r=g","caption":"Nativa Info"},"sameAs":["http:\/\/nativainfo.com"],"url":"https:\/\/nativainfo.com\/?author=1"}]}},"jetpack_publicize_connections":[],"_links":{"self":[{"href":"https:\/\/nativainfo.com\/index.php?rest_route=\/wp\/v2\/posts\/815","targetHints":{"allow":["GET"]}}],"collection":[{"href":"https:\/\/nativainfo.com\/index.php?rest_route=\/wp\/v2\/posts"}],"about":[{"href":"https:\/\/nativainfo.com\/index.php?rest_route=\/wp\/v2\/types\/post"}],"author":[{"embeddable":true,"href":"https:\/\/nativainfo.com\/index.php?rest_route=\/wp\/v2\/users\/1"}],"replies":[{"embeddable":true,"href":"https:\/\/nativainfo.com\/index.php?rest_route=%2Fwp%2Fv2%2Fcomments&post=815"}],"version-history":[{"count":1,"href":"https:\/\/nativainfo.com\/index.php?rest_route=\/wp\/v2\/posts\/815\/revisions"}],"predecessor-version":[{"id":817,"href":"https:\/\/nativainfo.com\/index.php?rest_route=\/wp\/v2\/posts\/815\/revisions\/817"}],"wp:attachment":[{"href":"https:\/\/nativainfo.com\/index.php?rest_route=%2Fwp%2Fv2%2Fmedia&parent=815"}],"wp:term":[{"taxonomy":"category","embeddable":true,"href":"https:\/\/nativainfo.com\/index.php?rest_route=%2Fwp%2Fv2%2Fcategories&post=815"},{"taxonomy":"post_tag","embeddable":true,"href":"https:\/\/nativainfo.com\/index.php?rest_route=%2Fwp%2Fv2%2Ftags&post=815"}],"curies":[{"name":"wp","href":"https:\/\/api.w.org\/{rel}","templated":true}]}}