{"id":806,"date":"2020-10-13T06:00:00","date_gmt":"2020-10-13T09:00:00","guid":{"rendered":"http:\/\/nativainfo.com\/?p=806"},"modified":"2020-10-12T23:51:57","modified_gmt":"2020-10-13T02:51:57","slug":"vuelven-los-vuelos-de-cabotaje-aunque-con-restricciones","status":"publish","type":"post","link":"https:\/\/nativainfo.com\/?p=806","title":{"rendered":"Vuelven los vuelos de cabotaje, aunque con restricciones"},"content":{"rendered":"\n<p>Comienzan la semana que viene en unas 15 provincias, aunque en una primera etapa no ser\u00e1n para turismo, sino trabajadores \u201cesenciales\u201d o tratamientos m\u00e9dicos.<\/p>\n\n\n\n<figure class=\"wp-block-image size-large\"><img fetchpriority=\"high\" decoding=\"async\" width=\"1024\" height=\"506\" src=\"http:\/\/nativainfo.com\/wp-content\/uploads\/2020\/10\/DATA_ART_3262374_1552438175-1024x506.jpg\" alt=\"\" class=\"wp-image-807\" srcset=\"https:\/\/nativainfo.com\/wp-content\/uploads\/2020\/10\/DATA_ART_3262374_1552438175-1024x506.jpg 1024w, https:\/\/nativainfo.com\/wp-content\/uploads\/2020\/10\/DATA_ART_3262374_1552438175-300x148.jpg 300w, https:\/\/nativainfo.com\/wp-content\/uploads\/2020\/10\/DATA_ART_3262374_1552438175-768x380.jpg 768w, https:\/\/nativainfo.com\/wp-content\/uploads\/2020\/10\/DATA_ART_3262374_1552438175-708x350.jpg 708w, https:\/\/nativainfo.com\/wp-content\/uploads\/2020\/10\/DATA_ART_3262374_1552438175-150x74.jpg 150w, https:\/\/nativainfo.com\/wp-content\/uploads\/2020\/10\/DATA_ART_3262374_1552438175.jpg 1072w\" sizes=\"(max-width: 1024px) 100vw, 1024px\" \/><\/figure>\n\n\n\n<p>El Gobierno\u00a0<strong>levant\u00f3 la suspensi\u00f3n para los vuelos regulares de cabotaje,<\/strong>\u00a0con lo cual que la semana que viene podr\u00edan despegar los primeros aviones con pasajeros para unir destinos\u00a0<strong>entre unas 15 provincias<\/strong>\u00a0en todo el pa\u00eds. Las cuatro aerol\u00edneas que hacen cabotaje en la Argentina ya hab\u00edan reprogramado este fin de semana sus primeros vuelos<strong>\u00a0para el lunes 19.<\/strong><\/p>\n\n\n\n<p>-Fuente: Clar\u00edn-<\/p>\n","protected":false},"excerpt":{"rendered":"<p>Comienzan la semana que viene en unas 15 provincias, aunque en una primera etapa no ser\u00e1n para turismo, sino trabajadores&#8230; <a class=\"continue-reading-link\" href=\"https:\/\/nativainfo.com\/?p=806\">Continue reading<\/a><\/p>\n","protected":false},"author":1,"featured_media":0,"comment_status":"open","ping_status":"open","sticky":false,"template":"","format":"standard","meta":{"rop_custom_images_group":[],"rop_custom_messages_group":[],"rop_publish_now":"initial","rop_publish_now_accounts":[],"rop_publish_now_history":[],"rop_publish_now_status":"pending","footnotes":"","jetpack_publicize_message":"","jetpack_publicize_feature_enabled":true,"jetpack_social_post_already_shared":false,"jetpack_social_options":{"image_generator_settings":{"template":"highway","default_image_id":0,"font":"","enabled":false},"version":2}},"categories":[8,9],"tags":[],"class_list":["post-806","post","type-post","status-publish","format-standard","hentry","category-noticias","category-pais"],"yoast_head":"<!-- This site is optimized with the Yoast SEO plugin v25.6 - https:\/\/yoast.com\/wordpress\/plugins\/seo\/ -->\n<title>Vuelven los vuelos de cabotaje, aunque con restricciones - Nativa Info<\/title>\n<meta name=\"robots\" content=\"index, follow, max-snippet:-1, max-image-preview:large, max-video-preview:-1\" \/>\n<link rel=\"canonical\" href=\"https:\/\/nativainfo.com\/?p=806\" \/>\n<meta property=\"og:locale\" content=\"es_ES\" \/>\n<meta property=\"og:type\" content=\"article\" \/>\n<meta property=\"og:title\" content=\"Vuelven los vuelos de cabotaje, aunque con restricciones - Nativa Info\" \/>\n<meta property=\"og:description\" content=\"Comienzan la semana que viene en unas 15 provincias, aunque en una primera etapa no ser\u00e1n para turismo, sino trabajadores... Continue reading\" \/>\n<meta property=\"og:url\" content=\"https:\/\/nativainfo.com\/?p=806\" \/>\n<meta property=\"og:site_name\" content=\"Nativa Info\" \/>\n<meta property=\"article:publisher\" content=\"https:\/\/www.facebook.com\/profile.php?id=61578881597564\" \/>\n<meta property=\"article:published_time\" content=\"2020-10-13T09:00:00+00:00\" \/>\n<meta property=\"og:image\" content=\"http:\/\/nativainfo.com\/wp-content\/uploads\/2020\/10\/DATA_ART_3262374_1552438175-1024x506.jpg\" \/>\n<meta name=\"author\" content=\"Nativa Info\" \/>\n<meta name=\"twitter:card\" content=\"summary_large_image\" \/>\n<meta name=\"twitter:label1\" content=\"Escrito por\" \/>\n\t<meta name=\"twitter:data1\" content=\"Nativa Info\" \/>\n<script type=\"application\/ld+json\" class=\"yoast-schema-graph\">{\"@context\":\"https:\/\/schema.org\",\"@graph\":[{\"@type\":\"Article\",\"@id\":\"https:\/\/nativainfo.com\/?p=806#article\",\"isPartOf\":{\"@id\":\"https:\/\/nativainfo.com\/?p=806\"},\"author\":{\"name\":\"Nativa Info\",\"@id\":\"https:\/\/nativainfo.com\/#\/schema\/person\/24893b64a9cd564ddb5d102d36eb4b5c\"},\"headline\":\"Vuelven los vuelos de cabotaje, aunque con restricciones\",\"datePublished\":\"2020-10-13T09:00:00+00:00\",\"mainEntityOfPage\":{\"@id\":\"https:\/\/nativainfo.com\/?p=806\"},\"wordCount\":99,\"commentCount\":0,\"publisher\":{\"@id\":\"https:\/\/nativainfo.com\/#organization\"},\"image\":{\"@id\":\"https:\/\/nativainfo.com\/?p=806#primaryimage\"},\"thumbnailUrl\":\"http:\/\/nativainfo.com\/wp-content\/uploads\/2020\/10\/DATA_ART_3262374_1552438175-1024x506.jpg\",\"articleSection\":[\"Noticias\",\"Pa\u00eds\"],\"inLanguage\":\"es-AR\",\"potentialAction\":[{\"@type\":\"CommentAction\",\"name\":\"Comment\",\"target\":[\"https:\/\/nativainfo.com\/?p=806#respond\"]}]},{\"@type\":\"WebPage\",\"@id\":\"https:\/\/nativainfo.com\/?p=806\",\"url\":\"https:\/\/nativainfo.com\/?p=806\",\"name\":\"Vuelven los vuelos de cabotaje, aunque con restricciones - Nativa Info\",\"isPartOf\":{\"@id\":\"https:\/\/nativainfo.com\/#website\"},\"primaryImageOfPage\":{\"@id\":\"https:\/\/nativainfo.com\/?p=806#primaryimage\"},\"image\":{\"@id\":\"https:\/\/nativainfo.com\/?p=806#primaryimage\"},\"thumbnailUrl\":\"http:\/\/nativainfo.com\/wp-content\/uploads\/2020\/10\/DATA_ART_3262374_1552438175-1024x506.jpg\",\"datePublished\":\"2020-10-13T09:00:00+00:00\",\"breadcrumb\":{\"@id\":\"https:\/\/nativainfo.com\/?p=806#breadcrumb\"},\"inLanguage\":\"es-AR\",\"potentialAction\":[{\"@type\":\"ReadAction\",\"target\":[\"https:\/\/nativainfo.com\/?p=806\"]}]},{\"@type\":\"ImageObject\",\"inLanguage\":\"es-AR\",\"@id\":\"https:\/\/nativainfo.com\/?p=806#primaryimage\",\"url\":\"https:\/\/nativainfo.com\/wp-content\/uploads\/2020\/10\/DATA_ART_3262374_1552438175.jpg\",\"contentUrl\":\"https:\/\/nativainfo.com\/wp-content\/uploads\/2020\/10\/DATA_ART_3262374_1552438175.jpg\",\"width\":1072,\"height\":530},{\"@type\":\"BreadcrumbList\",\"@id\":\"https:\/\/nativainfo.com\/?p=806#breadcrumb\",\"itemListElement\":[{\"@type\":\"ListItem\",\"position\":1,\"name\":\"Inicio\",\"item\":\"https:\/\/nativainfo.com\/\"},{\"@type\":\"ListItem\",\"position\":2,\"name\":\"Vuelven los vuelos de cabotaje, aunque con restricciones\"}]},{\"@type\":\"WebSite\",\"@id\":\"https:\/\/nativainfo.com\/#website\",\"url\":\"https:\/\/nativainfo.com\/\",\"name\":\"Nativa Info\",\"description\":\"Diario Digital\",\"publisher\":{\"@id\":\"https:\/\/nativainfo.com\/#organization\"},\"potentialAction\":[{\"@type\":\"SearchAction\",\"target\":{\"@type\":\"EntryPoint\",\"urlTemplate\":\"https:\/\/nativainfo.com\/?s={search_term_string}\"},\"query-input\":{\"@type\":\"PropertyValueSpecification\",\"valueRequired\":true,\"valueName\":\"search_term_string\"}}],\"inLanguage\":\"es-AR\"},{\"@type\":\"Organization\",\"@id\":\"https:\/\/nativainfo.com\/#organization\",\"name\":\"Nativa Info\",\"url\":\"https:\/\/nativainfo.com\/\",\"logo\":{\"@type\":\"ImageObject\",\"inLanguage\":\"es-AR\",\"@id\":\"https:\/\/nativainfo.com\/#\/schema\/logo\/image\/\",\"url\":\"https:\/\/nativainfo.com\/wp-content\/uploads\/2025\/08\/LOGO-NATIVA-FACE.jpg\",\"contentUrl\":\"https:\/\/nativainfo.com\/wp-content\/uploads\/2025\/08\/LOGO-NATIVA-FACE.jpg\",\"width\":400,\"height\":400,\"caption\":\"Nativa Info\"},\"image\":{\"@id\":\"https:\/\/nativainfo.com\/#\/schema\/logo\/image\/\"},\"sameAs\":[\"https:\/\/www.facebook.com\/profile.php?id=61578881597564\"]},{\"@type\":\"Person\",\"@id\":\"https:\/\/nativainfo.com\/#\/schema\/person\/24893b64a9cd564ddb5d102d36eb4b5c\",\"name\":\"Nativa Info\",\"image\":{\"@type\":\"ImageObject\",\"inLanguage\":\"es-AR\",\"@id\":\"https:\/\/nativainfo.com\/#\/schema\/person\/image\/\",\"url\":\"https:\/\/secure.gravatar.com\/avatar\/016fa1cf068d85136d938e1507b9b619cb766e2565cbb1faa1e571762460c785?s=96&d=mm&r=g\",\"contentUrl\":\"https:\/\/secure.gravatar.com\/avatar\/016fa1cf068d85136d938e1507b9b619cb766e2565cbb1faa1e571762460c785?s=96&d=mm&r=g\",\"caption\":\"Nativa Info\"},\"sameAs\":[\"http:\/\/nativainfo.com\"],\"url\":\"https:\/\/nativainfo.com\/?author=1\"}]}<\/script>\n<!-- \/ Yoast SEO plugin. -->","yoast_head_json":{"title":"Vuelven los vuelos de cabotaje, aunque con restricciones - Nativa Info","robots":{"index":"index","follow":"follow","max-snippet":"max-snippet:-1","max-image-preview":"max-image-preview:large","max-video-preview":"max-video-preview:-1"},"canonical":"https:\/\/nativainfo.com\/?p=806","og_locale":"es_ES","og_type":"article","og_title":"Vuelven los vuelos de cabotaje, aunque con restricciones - Nativa Info","og_description":"Comienzan la semana que viene en unas 15 provincias, aunque en una primera etapa no ser\u00e1n para turismo, sino trabajadores... Continue reading","og_url":"https:\/\/nativainfo.com\/?p=806","og_site_name":"Nativa Info","article_publisher":"https:\/\/www.facebook.com\/profile.php?id=61578881597564","article_published_time":"2020-10-13T09:00:00+00:00","og_image":[{"url":"http:\/\/nativainfo.com\/wp-content\/uploads\/2020\/10\/DATA_ART_3262374_1552438175-1024x506.jpg","type":"","width":"","height":""}],"author":"Nativa Info","twitter_card":"summary_large_image","twitter_misc":{"Escrito por":"Nativa Info"},"schema":{"@context":"https:\/\/schema.org","@graph":[{"@type":"Article","@id":"https:\/\/nativainfo.com\/?p=806#article","isPartOf":{"@id":"https:\/\/nativainfo.com\/?p=806"},"author":{"name":"Nativa Info","@id":"https:\/\/nativainfo.com\/#\/schema\/person\/24893b64a9cd564ddb5d102d36eb4b5c"},"headline":"Vuelven los vuelos de cabotaje, aunque con restricciones","datePublished":"2020-10-13T09:00:00+00:00","mainEntityOfPage":{"@id":"https:\/\/nativainfo.com\/?p=806"},"wordCount":99,"commentCount":0,"publisher":{"@id":"https:\/\/nativainfo.com\/#organization"},"image":{"@id":"https:\/\/nativainfo.com\/?p=806#primaryimage"},"thumbnailUrl":"http:\/\/nativainfo.com\/wp-content\/uploads\/2020\/10\/DATA_ART_3262374_1552438175-1024x506.jpg","articleSection":["Noticias","Pa\u00eds"],"inLanguage":"es-AR","potentialAction":[{"@type":"CommentAction","name":"Comment","target":["https:\/\/nativainfo.com\/?p=806#respond"]}]},{"@type":"WebPage","@id":"https:\/\/nativainfo.com\/?p=806","url":"https:\/\/nativainfo.com\/?p=806","name":"Vuelven los vuelos de cabotaje, aunque con restricciones - Nativa Info","isPartOf":{"@id":"https:\/\/nativainfo.com\/#website"},"primaryImageOfPage":{"@id":"https:\/\/nativainfo.com\/?p=806#primaryimage"},"image":{"@id":"https:\/\/nativainfo.com\/?p=806#primaryimage"},"thumbnailUrl":"http:\/\/nativainfo.com\/wp-content\/uploads\/2020\/10\/DATA_ART_3262374_1552438175-1024x506.jpg","datePublished":"2020-10-13T09:00:00+00:00","breadcrumb":{"@id":"https:\/\/nativainfo.com\/?p=806#breadcrumb"},"inLanguage":"es-AR","potentialAction":[{"@type":"ReadAction","target":["https:\/\/nativainfo.com\/?p=806"]}]},{"@type":"ImageObject","inLanguage":"es-AR","@id":"https:\/\/nativainfo.com\/?p=806#primaryimage","url":"https:\/\/nativainfo.com\/wp-content\/uploads\/2020\/10\/DATA_ART_3262374_1552438175.jpg","contentUrl":"https:\/\/nativainfo.com\/wp-content\/uploads\/2020\/10\/DATA_ART_3262374_1552438175.jpg","width":1072,"height":530},{"@type":"BreadcrumbList","@id":"https:\/\/nativainfo.com\/?p=806#breadcrumb","itemListElement":[{"@type":"ListItem","position":1,"name":"Inicio","item":"https:\/\/nativainfo.com\/"},{"@type":"ListItem","position":2,"name":"Vuelven los vuelos de cabotaje, aunque con restricciones"}]},{"@type":"WebSite","@id":"https:\/\/nativainfo.com\/#website","url":"https:\/\/nativainfo.com\/","name":"Nativa Info","description":"Diario Digital","publisher":{"@id":"https:\/\/nativainfo.com\/#organization"},"potentialAction":[{"@type":"SearchAction","target":{"@type":"EntryPoint","urlTemplate":"https:\/\/nativainfo.com\/?s={search_term_string}"},"query-input":{"@type":"PropertyValueSpecification","valueRequired":true,"valueName":"search_term_string"}}],"inLanguage":"es-AR"},{"@type":"Organization","@id":"https:\/\/nativainfo.com\/#organization","name":"Nativa Info","url":"https:\/\/nativainfo.com\/","logo":{"@type":"ImageObject","inLanguage":"es-AR","@id":"https:\/\/nativainfo.com\/#\/schema\/logo\/image\/","url":"https:\/\/nativainfo.com\/wp-content\/uploads\/2025\/08\/LOGO-NATIVA-FACE.jpg","contentUrl":"https:\/\/nativainfo.com\/wp-content\/uploads\/2025\/08\/LOGO-NATIVA-FACE.jpg","width":400,"height":400,"caption":"Nativa Info"},"image":{"@id":"https:\/\/nativainfo.com\/#\/schema\/logo\/image\/"},"sameAs":["https:\/\/www.facebook.com\/profile.php?id=61578881597564"]},{"@type":"Person","@id":"https:\/\/nativainfo.com\/#\/schema\/person\/24893b64a9cd564ddb5d102d36eb4b5c","name":"Nativa Info","image":{"@type":"ImageObject","inLanguage":"es-AR","@id":"https:\/\/nativainfo.com\/#\/schema\/person\/image\/","url":"https:\/\/secure.gravatar.com\/avatar\/016fa1cf068d85136d938e1507b9b619cb766e2565cbb1faa1e571762460c785?s=96&d=mm&r=g","contentUrl":"https:\/\/secure.gravatar.com\/avatar\/016fa1cf068d85136d938e1507b9b619cb766e2565cbb1faa1e571762460c785?s=96&d=mm&r=g","caption":"Nativa Info"},"sameAs":["http:\/\/nativainfo.com"],"url":"https:\/\/nativainfo.com\/?author=1"}]}},"jetpack_publicize_connections":[],"_links":{"self":[{"href":"https:\/\/nativainfo.com\/index.php?rest_route=\/wp\/v2\/posts\/806","targetHints":{"allow":["GET"]}}],"collection":[{"href":"https:\/\/nativainfo.com\/index.php?rest_route=\/wp\/v2\/posts"}],"about":[{"href":"https:\/\/nativainfo.com\/index.php?rest_route=\/wp\/v2\/types\/post"}],"author":[{"embeddable":true,"href":"https:\/\/nativainfo.com\/index.php?rest_route=\/wp\/v2\/users\/1"}],"replies":[{"embeddable":true,"href":"https:\/\/nativainfo.com\/index.php?rest_route=%2Fwp%2Fv2%2Fcomments&post=806"}],"version-history":[{"count":1,"href":"https:\/\/nativainfo.com\/index.php?rest_route=\/wp\/v2\/posts\/806\/revisions"}],"predecessor-version":[{"id":808,"href":"https:\/\/nativainfo.com\/index.php?rest_route=\/wp\/v2\/posts\/806\/revisions\/808"}],"wp:attachment":[{"href":"https:\/\/nativainfo.com\/index.php?rest_route=%2Fwp%2Fv2%2Fmedia&parent=806"}],"wp:term":[{"taxonomy":"category","embeddable":true,"href":"https:\/\/nativainfo.com\/index.php?rest_route=%2Fwp%2Fv2%2Fcategories&post=806"},{"taxonomy":"post_tag","embeddable":true,"href":"https:\/\/nativainfo.com\/index.php?rest_route=%2Fwp%2Fv2%2Ftags&post=806"}],"curies":[{"name":"wp","href":"https:\/\/api.w.org\/{rel}","templated":true}]}}