{"id":785,"date":"2020-10-09T00:24:25","date_gmt":"2020-10-09T03:24:25","guid":{"rendered":"http:\/\/nativainfo.com\/?p=785"},"modified":"2020-10-09T00:24:25","modified_gmt":"2020-10-09T03:24:25","slug":"diego-schwartzman-rafael-nadal-horario-y-tv-de-la-semifinal-de-roland-garros","status":"publish","type":"post","link":"https:\/\/nativainfo.com\/?p=785","title":{"rendered":"Diego Schwartzman-Rafael Nadal: horario y TV de la semifinal de Roland Garros"},"content":{"rendered":"\n<figure class=\"wp-block-image size-large\"><img fetchpriority=\"high\" decoding=\"async\" width=\"1024\" height=\"682\" src=\"http:\/\/nativainfo.com\/wp-content\/uploads\/2020\/10\/3428387w1033-1024x682.jpg\" alt=\"\" class=\"wp-image-786\" srcset=\"https:\/\/nativainfo.com\/wp-content\/uploads\/2020\/10\/3428387w1033-1024x682.jpg 1024w, https:\/\/nativainfo.com\/wp-content\/uploads\/2020\/10\/3428387w1033-300x200.jpg 300w, https:\/\/nativainfo.com\/wp-content\/uploads\/2020\/10\/3428387w1033-768x512.jpg 768w, https:\/\/nativainfo.com\/wp-content\/uploads\/2020\/10\/3428387w1033-526x350.jpg 526w, https:\/\/nativainfo.com\/wp-content\/uploads\/2020\/10\/3428387w1033-150x100.jpg 150w, https:\/\/nativainfo.com\/wp-content\/uploads\/2020\/10\/3428387w1033.jpg 1033w\" sizes=\"(max-width: 1024px) 100vw, 1024px\" \/><\/figure>\n\n\n\n<p>Va por m\u00e1s, No quiere detener su furia, aun cuando sabe que la empresa que tiene por delante es la m\u00e1s compleja que le puede tocar en\u00a0<strong>Roland Garros<\/strong>.\u00a0<strong>Diego Schwartzman<\/strong>\u00a0se enfrentar\u00e1, desde las\u00a0<strong>9.50 hora de la Argentina<\/strong>, en el estadio<strong>\u00a0Philippe Chatrier<\/strong>, frente a\u00a0<strong>Rafael Nadal<\/strong>, en uno de los dos duelos de semifinales del Abierto de Francia. El encuentro del Peque que intentar\u00e1 hacer historia frente al espa\u00f1ol para quedarse con un lugar para la final del domingo pr\u00f3ximo, ser\u00e1 televisado por\u00a0<strong>ESPN<\/strong>\u00a0y por streaming por\u00a0<strong>ESPN Play<\/strong>.<\/p>\n\n\n\n<p>-Fuente: La Naci\u00f3n-<\/p>\n","protected":false},"excerpt":{"rendered":"<p>Va por m\u00e1s, No quiere detener su furia, aun cuando sabe que la empresa que tiene por delante es la&#8230; <a class=\"continue-reading-link\" href=\"https:\/\/nativainfo.com\/?p=785\">Continue reading<\/a><\/p>\n","protected":false},"author":1,"featured_media":0,"comment_status":"open","ping_status":"open","sticky":false,"template":"","format":"standard","meta":{"rop_custom_images_group":[],"rop_custom_messages_group":[],"rop_publish_now":"initial","rop_publish_now_accounts":[],"rop_publish_now_history":[],"rop_publish_now_status":"pending","footnotes":"","jetpack_publicize_message":"","jetpack_publicize_feature_enabled":true,"jetpack_social_post_already_shared":false,"jetpack_social_options":{"image_generator_settings":{"template":"highway","default_image_id":0,"font":"","enabled":false},"version":2}},"categories":[10,39],"tags":[],"class_list":["post-785","post","type-post","status-publish","format-standard","hentry","category-deportes","category-tenis"],"yoast_head":"<!-- This site is optimized with the Yoast SEO plugin v25.6 - https:\/\/yoast.com\/wordpress\/plugins\/seo\/ -->\n<title>Diego Schwartzman-Rafael Nadal: horario y TV de la semifinal de Roland Garros - Nativa Info<\/title>\n<meta name=\"robots\" content=\"index, follow, max-snippet:-1, max-image-preview:large, max-video-preview:-1\" \/>\n<link rel=\"canonical\" href=\"https:\/\/nativainfo.com\/?p=785\" \/>\n<meta property=\"og:locale\" content=\"es_ES\" \/>\n<meta property=\"og:type\" content=\"article\" \/>\n<meta property=\"og:title\" content=\"Diego Schwartzman-Rafael Nadal: horario y TV de la semifinal de Roland Garros - Nativa Info\" \/>\n<meta property=\"og:description\" content=\"Va por m\u00e1s, No quiere detener su furia, aun cuando sabe que la empresa que tiene por delante es la... Continue reading\" \/>\n<meta property=\"og:url\" content=\"https:\/\/nativainfo.com\/?p=785\" \/>\n<meta property=\"og:site_name\" content=\"Nativa Info\" \/>\n<meta property=\"article:publisher\" content=\"https:\/\/www.facebook.com\/profile.php?id=61578881597564\" \/>\n<meta property=\"article:published_time\" content=\"2020-10-09T03:24:25+00:00\" \/>\n<meta property=\"og:image\" content=\"http:\/\/nativainfo.com\/wp-content\/uploads\/2020\/10\/3428387w1033-1024x682.jpg\" \/>\n<meta name=\"author\" content=\"Nativa Info\" \/>\n<meta name=\"twitter:card\" content=\"summary_large_image\" \/>\n<meta name=\"twitter:label1\" content=\"Escrito por\" \/>\n\t<meta name=\"twitter:data1\" content=\"Nativa Info\" \/>\n\t<meta name=\"twitter:label2\" content=\"Tiempo de lectura\" \/>\n\t<meta name=\"twitter:data2\" content=\"1 minuto\" \/>\n<script type=\"application\/ld+json\" class=\"yoast-schema-graph\">{\"@context\":\"https:\/\/schema.org\",\"@graph\":[{\"@type\":\"Article\",\"@id\":\"https:\/\/nativainfo.com\/?p=785#article\",\"isPartOf\":{\"@id\":\"https:\/\/nativainfo.com\/?p=785\"},\"author\":{\"name\":\"Nativa Info\",\"@id\":\"https:\/\/nativainfo.com\/#\/schema\/person\/24893b64a9cd564ddb5d102d36eb4b5c\"},\"headline\":\"Diego Schwartzman-Rafael Nadal: horario y TV de la semifinal de Roland Garros\",\"datePublished\":\"2020-10-09T03:24:25+00:00\",\"mainEntityOfPage\":{\"@id\":\"https:\/\/nativainfo.com\/?p=785\"},\"wordCount\":112,\"commentCount\":0,\"publisher\":{\"@id\":\"https:\/\/nativainfo.com\/#organization\"},\"image\":{\"@id\":\"https:\/\/nativainfo.com\/?p=785#primaryimage\"},\"thumbnailUrl\":\"http:\/\/nativainfo.com\/wp-content\/uploads\/2020\/10\/3428387w1033-1024x682.jpg\",\"articleSection\":[\"Deportes\",\"Tenis\"],\"inLanguage\":\"es-AR\",\"potentialAction\":[{\"@type\":\"CommentAction\",\"name\":\"Comment\",\"target\":[\"https:\/\/nativainfo.com\/?p=785#respond\"]}]},{\"@type\":\"WebPage\",\"@id\":\"https:\/\/nativainfo.com\/?p=785\",\"url\":\"https:\/\/nativainfo.com\/?p=785\",\"name\":\"Diego Schwartzman-Rafael Nadal: horario y TV de la semifinal de Roland Garros - Nativa Info\",\"isPartOf\":{\"@id\":\"https:\/\/nativainfo.com\/#website\"},\"primaryImageOfPage\":{\"@id\":\"https:\/\/nativainfo.com\/?p=785#primaryimage\"},\"image\":{\"@id\":\"https:\/\/nativainfo.com\/?p=785#primaryimage\"},\"thumbnailUrl\":\"http:\/\/nativainfo.com\/wp-content\/uploads\/2020\/10\/3428387w1033-1024x682.jpg\",\"datePublished\":\"2020-10-09T03:24:25+00:00\",\"breadcrumb\":{\"@id\":\"https:\/\/nativainfo.com\/?p=785#breadcrumb\"},\"inLanguage\":\"es-AR\",\"potentialAction\":[{\"@type\":\"ReadAction\",\"target\":[\"https:\/\/nativainfo.com\/?p=785\"]}]},{\"@type\":\"ImageObject\",\"inLanguage\":\"es-AR\",\"@id\":\"https:\/\/nativainfo.com\/?p=785#primaryimage\",\"url\":\"https:\/\/nativainfo.com\/wp-content\/uploads\/2020\/10\/3428387w1033.jpg\",\"contentUrl\":\"https:\/\/nativainfo.com\/wp-content\/uploads\/2020\/10\/3428387w1033.jpg\",\"width\":1033,\"height\":688},{\"@type\":\"BreadcrumbList\",\"@id\":\"https:\/\/nativainfo.com\/?p=785#breadcrumb\",\"itemListElement\":[{\"@type\":\"ListItem\",\"position\":1,\"name\":\"Inicio\",\"item\":\"https:\/\/nativainfo.com\/\"},{\"@type\":\"ListItem\",\"position\":2,\"name\":\"Diego Schwartzman-Rafael Nadal: horario y TV de la semifinal de Roland Garros\"}]},{\"@type\":\"WebSite\",\"@id\":\"https:\/\/nativainfo.com\/#website\",\"url\":\"https:\/\/nativainfo.com\/\",\"name\":\"Nativa Info\",\"description\":\"Diario Digital\",\"publisher\":{\"@id\":\"https:\/\/nativainfo.com\/#organization\"},\"potentialAction\":[{\"@type\":\"SearchAction\",\"target\":{\"@type\":\"EntryPoint\",\"urlTemplate\":\"https:\/\/nativainfo.com\/?s={search_term_string}\"},\"query-input\":{\"@type\":\"PropertyValueSpecification\",\"valueRequired\":true,\"valueName\":\"search_term_string\"}}],\"inLanguage\":\"es-AR\"},{\"@type\":\"Organization\",\"@id\":\"https:\/\/nativainfo.com\/#organization\",\"name\":\"Nativa Info\",\"url\":\"https:\/\/nativainfo.com\/\",\"logo\":{\"@type\":\"ImageObject\",\"inLanguage\":\"es-AR\",\"@id\":\"https:\/\/nativainfo.com\/#\/schema\/logo\/image\/\",\"url\":\"https:\/\/nativainfo.com\/wp-content\/uploads\/2025\/08\/LOGO-NATIVA-FACE.jpg\",\"contentUrl\":\"https:\/\/nativainfo.com\/wp-content\/uploads\/2025\/08\/LOGO-NATIVA-FACE.jpg\",\"width\":400,\"height\":400,\"caption\":\"Nativa Info\"},\"image\":{\"@id\":\"https:\/\/nativainfo.com\/#\/schema\/logo\/image\/\"},\"sameAs\":[\"https:\/\/www.facebook.com\/profile.php?id=61578881597564\"]},{\"@type\":\"Person\",\"@id\":\"https:\/\/nativainfo.com\/#\/schema\/person\/24893b64a9cd564ddb5d102d36eb4b5c\",\"name\":\"Nativa Info\",\"image\":{\"@type\":\"ImageObject\",\"inLanguage\":\"es-AR\",\"@id\":\"https:\/\/nativainfo.com\/#\/schema\/person\/image\/\",\"url\":\"https:\/\/secure.gravatar.com\/avatar\/016fa1cf068d85136d938e1507b9b619cb766e2565cbb1faa1e571762460c785?s=96&d=mm&r=g\",\"contentUrl\":\"https:\/\/secure.gravatar.com\/avatar\/016fa1cf068d85136d938e1507b9b619cb766e2565cbb1faa1e571762460c785?s=96&d=mm&r=g\",\"caption\":\"Nativa Info\"},\"sameAs\":[\"http:\/\/nativainfo.com\"],\"url\":\"https:\/\/nativainfo.com\/?author=1\"}]}<\/script>\n<!-- \/ Yoast SEO plugin. -->","yoast_head_json":{"title":"Diego Schwartzman-Rafael Nadal: horario y TV de la semifinal de Roland Garros - Nativa Info","robots":{"index":"index","follow":"follow","max-snippet":"max-snippet:-1","max-image-preview":"max-image-preview:large","max-video-preview":"max-video-preview:-1"},"canonical":"https:\/\/nativainfo.com\/?p=785","og_locale":"es_ES","og_type":"article","og_title":"Diego Schwartzman-Rafael Nadal: horario y TV de la semifinal de Roland Garros - Nativa Info","og_description":"Va por m\u00e1s, No quiere detener su furia, aun cuando sabe que la empresa que tiene por delante es la... Continue reading","og_url":"https:\/\/nativainfo.com\/?p=785","og_site_name":"Nativa Info","article_publisher":"https:\/\/www.facebook.com\/profile.php?id=61578881597564","article_published_time":"2020-10-09T03:24:25+00:00","og_image":[{"url":"http:\/\/nativainfo.com\/wp-content\/uploads\/2020\/10\/3428387w1033-1024x682.jpg","type":"","width":"","height":""}],"author":"Nativa Info","twitter_card":"summary_large_image","twitter_misc":{"Escrito por":"Nativa Info","Tiempo de lectura":"1 minuto"},"schema":{"@context":"https:\/\/schema.org","@graph":[{"@type":"Article","@id":"https:\/\/nativainfo.com\/?p=785#article","isPartOf":{"@id":"https:\/\/nativainfo.com\/?p=785"},"author":{"name":"Nativa Info","@id":"https:\/\/nativainfo.com\/#\/schema\/person\/24893b64a9cd564ddb5d102d36eb4b5c"},"headline":"Diego Schwartzman-Rafael Nadal: horario y TV de la semifinal de Roland Garros","datePublished":"2020-10-09T03:24:25+00:00","mainEntityOfPage":{"@id":"https:\/\/nativainfo.com\/?p=785"},"wordCount":112,"commentCount":0,"publisher":{"@id":"https:\/\/nativainfo.com\/#organization"},"image":{"@id":"https:\/\/nativainfo.com\/?p=785#primaryimage"},"thumbnailUrl":"http:\/\/nativainfo.com\/wp-content\/uploads\/2020\/10\/3428387w1033-1024x682.jpg","articleSection":["Deportes","Tenis"],"inLanguage":"es-AR","potentialAction":[{"@type":"CommentAction","name":"Comment","target":["https:\/\/nativainfo.com\/?p=785#respond"]}]},{"@type":"WebPage","@id":"https:\/\/nativainfo.com\/?p=785","url":"https:\/\/nativainfo.com\/?p=785","name":"Diego Schwartzman-Rafael Nadal: horario y TV de la semifinal de Roland Garros - Nativa Info","isPartOf":{"@id":"https:\/\/nativainfo.com\/#website"},"primaryImageOfPage":{"@id":"https:\/\/nativainfo.com\/?p=785#primaryimage"},"image":{"@id":"https:\/\/nativainfo.com\/?p=785#primaryimage"},"thumbnailUrl":"http:\/\/nativainfo.com\/wp-content\/uploads\/2020\/10\/3428387w1033-1024x682.jpg","datePublished":"2020-10-09T03:24:25+00:00","breadcrumb":{"@id":"https:\/\/nativainfo.com\/?p=785#breadcrumb"},"inLanguage":"es-AR","potentialAction":[{"@type":"ReadAction","target":["https:\/\/nativainfo.com\/?p=785"]}]},{"@type":"ImageObject","inLanguage":"es-AR","@id":"https:\/\/nativainfo.com\/?p=785#primaryimage","url":"https:\/\/nativainfo.com\/wp-content\/uploads\/2020\/10\/3428387w1033.jpg","contentUrl":"https:\/\/nativainfo.com\/wp-content\/uploads\/2020\/10\/3428387w1033.jpg","width":1033,"height":688},{"@type":"BreadcrumbList","@id":"https:\/\/nativainfo.com\/?p=785#breadcrumb","itemListElement":[{"@type":"ListItem","position":1,"name":"Inicio","item":"https:\/\/nativainfo.com\/"},{"@type":"ListItem","position":2,"name":"Diego Schwartzman-Rafael Nadal: horario y TV de la semifinal de Roland Garros"}]},{"@type":"WebSite","@id":"https:\/\/nativainfo.com\/#website","url":"https:\/\/nativainfo.com\/","name":"Nativa Info","description":"Diario Digital","publisher":{"@id":"https:\/\/nativainfo.com\/#organization"},"potentialAction":[{"@type":"SearchAction","target":{"@type":"EntryPoint","urlTemplate":"https:\/\/nativainfo.com\/?s={search_term_string}"},"query-input":{"@type":"PropertyValueSpecification","valueRequired":true,"valueName":"search_term_string"}}],"inLanguage":"es-AR"},{"@type":"Organization","@id":"https:\/\/nativainfo.com\/#organization","name":"Nativa Info","url":"https:\/\/nativainfo.com\/","logo":{"@type":"ImageObject","inLanguage":"es-AR","@id":"https:\/\/nativainfo.com\/#\/schema\/logo\/image\/","url":"https:\/\/nativainfo.com\/wp-content\/uploads\/2025\/08\/LOGO-NATIVA-FACE.jpg","contentUrl":"https:\/\/nativainfo.com\/wp-content\/uploads\/2025\/08\/LOGO-NATIVA-FACE.jpg","width":400,"height":400,"caption":"Nativa Info"},"image":{"@id":"https:\/\/nativainfo.com\/#\/schema\/logo\/image\/"},"sameAs":["https:\/\/www.facebook.com\/profile.php?id=61578881597564"]},{"@type":"Person","@id":"https:\/\/nativainfo.com\/#\/schema\/person\/24893b64a9cd564ddb5d102d36eb4b5c","name":"Nativa Info","image":{"@type":"ImageObject","inLanguage":"es-AR","@id":"https:\/\/nativainfo.com\/#\/schema\/person\/image\/","url":"https:\/\/secure.gravatar.com\/avatar\/016fa1cf068d85136d938e1507b9b619cb766e2565cbb1faa1e571762460c785?s=96&d=mm&r=g","contentUrl":"https:\/\/secure.gravatar.com\/avatar\/016fa1cf068d85136d938e1507b9b619cb766e2565cbb1faa1e571762460c785?s=96&d=mm&r=g","caption":"Nativa Info"},"sameAs":["http:\/\/nativainfo.com"],"url":"https:\/\/nativainfo.com\/?author=1"}]}},"jetpack_publicize_connections":[],"_links":{"self":[{"href":"https:\/\/nativainfo.com\/index.php?rest_route=\/wp\/v2\/posts\/785","targetHints":{"allow":["GET"]}}],"collection":[{"href":"https:\/\/nativainfo.com\/index.php?rest_route=\/wp\/v2\/posts"}],"about":[{"href":"https:\/\/nativainfo.com\/index.php?rest_route=\/wp\/v2\/types\/post"}],"author":[{"embeddable":true,"href":"https:\/\/nativainfo.com\/index.php?rest_route=\/wp\/v2\/users\/1"}],"replies":[{"embeddable":true,"href":"https:\/\/nativainfo.com\/index.php?rest_route=%2Fwp%2Fv2%2Fcomments&post=785"}],"version-history":[{"count":1,"href":"https:\/\/nativainfo.com\/index.php?rest_route=\/wp\/v2\/posts\/785\/revisions"}],"predecessor-version":[{"id":787,"href":"https:\/\/nativainfo.com\/index.php?rest_route=\/wp\/v2\/posts\/785\/revisions\/787"}],"wp:attachment":[{"href":"https:\/\/nativainfo.com\/index.php?rest_route=%2Fwp%2Fv2%2Fmedia&parent=785"}],"wp:term":[{"taxonomy":"category","embeddable":true,"href":"https:\/\/nativainfo.com\/index.php?rest_route=%2Fwp%2Fv2%2Fcategories&post=785"},{"taxonomy":"post_tag","embeddable":true,"href":"https:\/\/nativainfo.com\/index.php?rest_route=%2Fwp%2Fv2%2Ftags&post=785"}],"curies":[{"name":"wp","href":"https:\/\/api.w.org\/{rel}","templated":true}]}}