{"id":773,"date":"2020-10-06T00:39:07","date_gmt":"2020-10-06T03:39:07","guid":{"rendered":"http:\/\/nativainfo.com\/?p=773"},"modified":"2020-10-06T00:39:07","modified_gmt":"2020-10-06T03:39:07","slug":"coronavirus-en-la-argentina-el-gobierno-habilitara-la-vuelta-a-clases-de-los-alumnos-de-ultimo-ciclo","status":"publish","type":"post","link":"https:\/\/nativainfo.com\/?p=773","title":{"rendered":"Coronavirus en la Argentina: el Gobierno habilitar\u00e1 la vuelta a clases de los alumnos de \u00faltimo ciclo"},"content":{"rendered":"\n<figure class=\"wp-block-image size-large\"><img fetchpriority=\"high\" decoding=\"async\" width=\"1024\" height=\"682\" src=\"http:\/\/nativainfo.com\/wp-content\/uploads\/2020\/10\/trotta-asas-1024x682.jpg\" alt=\"\" class=\"wp-image-774\" srcset=\"https:\/\/nativainfo.com\/wp-content\/uploads\/2020\/10\/trotta-asas-1024x682.jpg 1024w, https:\/\/nativainfo.com\/wp-content\/uploads\/2020\/10\/trotta-asas-300x200.jpg 300w, https:\/\/nativainfo.com\/wp-content\/uploads\/2020\/10\/trotta-asas-768x512.jpg 768w, https:\/\/nativainfo.com\/wp-content\/uploads\/2020\/10\/trotta-asas-526x350.jpg 526w, https:\/\/nativainfo.com\/wp-content\/uploads\/2020\/10\/trotta-asas-150x100.jpg 150w, https:\/\/nativainfo.com\/wp-content\/uploads\/2020\/10\/trotta-asas.jpg 1033w\" sizes=\"(max-width: 1024px) 100vw, 1024px\" \/><\/figure>\n\n\n\n<p>El ministro de Educaci\u00f3n de la Naci\u00f3n,&nbsp;<strong>Nicol\u00e1s Trotta,<\/strong>&nbsp;anunciar\u00e1 ma\u00f1ana que&nbsp;<strong>los alumnos de \u00faltimo ciclo, de primaria y secundaria, podr\u00e1n volver a clase.<\/strong>&nbsp;As\u00ed, la decisi\u00f3n final estar\u00e1 en manos de los gobernadores. En paralelo,&nbsp;<strong>el gobierno nacional habilitar\u00e1 a la Ciudad de Buenos Aires para avanzar con la revinculaci\u00f3n de los 6500 alumnos<\/strong>&nbsp;que desde que comenz\u00f3&nbsp;<strong>la cuarentena por el coronavirus<\/strong>&nbsp;no tuvieron contacto con sus maestros.<\/p>\n\n\n\n<p>Seg\u00fan confirmaron fuentes oficiales<strong>,\u00a0<\/strong>la presentaci\u00f3n se formalizar\u00e1 despu\u00e9s del encuentro que\u00a0Trotta\u00a0encabezar\u00e1 con los ministros de las 24 jurisdicciones educativas para discutir propuestas para el regreso a las aulas\u00a0<strong>tras la suspensi\u00f3n de las clases presenciales por la pandemia de coronavirus hace seis meses\u00a0<\/strong>. Esa reuni\u00f3n est\u00e1 agendada para las 18.<\/p>\n\n\n\n<p>-Fuente: La Naci\u00f3n-<\/p>\n","protected":false},"excerpt":{"rendered":"<p>El ministro de Educaci\u00f3n de la Naci\u00f3n,&nbsp;Nicol\u00e1s Trotta,&nbsp;anunciar\u00e1 ma\u00f1ana que&nbsp;los alumnos de \u00faltimo ciclo, de primaria y secundaria, podr\u00e1n volver&#8230; <a class=\"continue-reading-link\" href=\"https:\/\/nativainfo.com\/?p=773\">Continue reading<\/a><\/p>\n","protected":false},"author":1,"featured_media":0,"comment_status":"open","ping_status":"open","sticky":false,"template":"","format":"standard","meta":{"rop_custom_images_group":[],"rop_custom_messages_group":[],"rop_publish_now":"initial","rop_publish_now_accounts":[],"rop_publish_now_history":[],"rop_publish_now_status":"pending","footnotes":"","jetpack_publicize_message":"","jetpack_publicize_feature_enabled":true,"jetpack_social_post_already_shared":false,"jetpack_social_options":{"image_generator_settings":{"template":"highway","default_image_id":0,"font":"","enabled":false},"version":2}},"categories":[24,8],"tags":[],"class_list":["post-773","post","type-post","status-publish","format-standard","hentry","category-educacion","category-noticias"],"yoast_head":"<!-- This site is optimized with the Yoast SEO plugin v25.6 - https:\/\/yoast.com\/wordpress\/plugins\/seo\/ -->\n<title>Coronavirus en la Argentina: el Gobierno habilitar\u00e1 la vuelta a clases de los alumnos de \u00faltimo ciclo - Nativa Info<\/title>\n<meta name=\"robots\" content=\"index, follow, max-snippet:-1, max-image-preview:large, max-video-preview:-1\" \/>\n<link rel=\"canonical\" href=\"https:\/\/nativainfo.com\/?p=773\" \/>\n<meta property=\"og:locale\" content=\"es_ES\" \/>\n<meta property=\"og:type\" content=\"article\" \/>\n<meta property=\"og:title\" content=\"Coronavirus en la Argentina: el Gobierno habilitar\u00e1 la vuelta a clases de los alumnos de \u00faltimo ciclo - Nativa Info\" \/>\n<meta property=\"og:description\" content=\"El ministro de Educaci\u00f3n de la Naci\u00f3n,&nbsp;Nicol\u00e1s Trotta,&nbsp;anunciar\u00e1 ma\u00f1ana que&nbsp;los alumnos de \u00faltimo ciclo, de primaria y secundaria, podr\u00e1n volver... Continue reading\" \/>\n<meta property=\"og:url\" content=\"https:\/\/nativainfo.com\/?p=773\" \/>\n<meta property=\"og:site_name\" content=\"Nativa Info\" \/>\n<meta property=\"article:publisher\" content=\"https:\/\/www.facebook.com\/profile.php?id=61578881597564\" \/>\n<meta property=\"article:published_time\" content=\"2020-10-06T03:39:07+00:00\" \/>\n<meta property=\"og:image\" content=\"http:\/\/nativainfo.com\/wp-content\/uploads\/2020\/10\/trotta-asas-1024x682.jpg\" \/>\n<meta name=\"author\" content=\"Nativa Info\" \/>\n<meta name=\"twitter:card\" content=\"summary_large_image\" \/>\n<meta name=\"twitter:label1\" content=\"Escrito por\" \/>\n\t<meta name=\"twitter:data1\" content=\"Nativa Info\" \/>\n\t<meta name=\"twitter:label2\" content=\"Tiempo de lectura\" \/>\n\t<meta name=\"twitter:data2\" content=\"1 minuto\" \/>\n<script type=\"application\/ld+json\" class=\"yoast-schema-graph\">{\"@context\":\"https:\/\/schema.org\",\"@graph\":[{\"@type\":\"Article\",\"@id\":\"https:\/\/nativainfo.com\/?p=773#article\",\"isPartOf\":{\"@id\":\"https:\/\/nativainfo.com\/?p=773\"},\"author\":{\"name\":\"Nativa Info\",\"@id\":\"https:\/\/nativainfo.com\/#\/schema\/person\/24893b64a9cd564ddb5d102d36eb4b5c\"},\"headline\":\"Coronavirus en la Argentina: el Gobierno habilitar\u00e1 la vuelta a clases de los alumnos de \u00faltimo ciclo\",\"datePublished\":\"2020-10-06T03:39:07+00:00\",\"mainEntityOfPage\":{\"@id\":\"https:\/\/nativainfo.com\/?p=773\"},\"wordCount\":162,\"commentCount\":0,\"publisher\":{\"@id\":\"https:\/\/nativainfo.com\/#organization\"},\"image\":{\"@id\":\"https:\/\/nativainfo.com\/?p=773#primaryimage\"},\"thumbnailUrl\":\"http:\/\/nativainfo.com\/wp-content\/uploads\/2020\/10\/trotta-asas-1024x682.jpg\",\"articleSection\":[\"Educaci\u00f3n\",\"Noticias\"],\"inLanguage\":\"es-AR\",\"potentialAction\":[{\"@type\":\"CommentAction\",\"name\":\"Comment\",\"target\":[\"https:\/\/nativainfo.com\/?p=773#respond\"]}]},{\"@type\":\"WebPage\",\"@id\":\"https:\/\/nativainfo.com\/?p=773\",\"url\":\"https:\/\/nativainfo.com\/?p=773\",\"name\":\"Coronavirus en la Argentina: el Gobierno habilitar\u00e1 la vuelta a clases de los alumnos de \u00faltimo ciclo - Nativa Info\",\"isPartOf\":{\"@id\":\"https:\/\/nativainfo.com\/#website\"},\"primaryImageOfPage\":{\"@id\":\"https:\/\/nativainfo.com\/?p=773#primaryimage\"},\"image\":{\"@id\":\"https:\/\/nativainfo.com\/?p=773#primaryimage\"},\"thumbnailUrl\":\"http:\/\/nativainfo.com\/wp-content\/uploads\/2020\/10\/trotta-asas-1024x682.jpg\",\"datePublished\":\"2020-10-06T03:39:07+00:00\",\"breadcrumb\":{\"@id\":\"https:\/\/nativainfo.com\/?p=773#breadcrumb\"},\"inLanguage\":\"es-AR\",\"potentialAction\":[{\"@type\":\"ReadAction\",\"target\":[\"https:\/\/nativainfo.com\/?p=773\"]}]},{\"@type\":\"ImageObject\",\"inLanguage\":\"es-AR\",\"@id\":\"https:\/\/nativainfo.com\/?p=773#primaryimage\",\"url\":\"https:\/\/nativainfo.com\/wp-content\/uploads\/2020\/10\/trotta-asas.jpg\",\"contentUrl\":\"https:\/\/nativainfo.com\/wp-content\/uploads\/2020\/10\/trotta-asas.jpg\",\"width\":1033,\"height\":688},{\"@type\":\"BreadcrumbList\",\"@id\":\"https:\/\/nativainfo.com\/?p=773#breadcrumb\",\"itemListElement\":[{\"@type\":\"ListItem\",\"position\":1,\"name\":\"Inicio\",\"item\":\"https:\/\/nativainfo.com\/\"},{\"@type\":\"ListItem\",\"position\":2,\"name\":\"Coronavirus en la Argentina: el Gobierno habilitar\u00e1 la vuelta a clases de los alumnos de \u00faltimo ciclo\"}]},{\"@type\":\"WebSite\",\"@id\":\"https:\/\/nativainfo.com\/#website\",\"url\":\"https:\/\/nativainfo.com\/\",\"name\":\"Nativa Info\",\"description\":\"Diario Digital\",\"publisher\":{\"@id\":\"https:\/\/nativainfo.com\/#organization\"},\"potentialAction\":[{\"@type\":\"SearchAction\",\"target\":{\"@type\":\"EntryPoint\",\"urlTemplate\":\"https:\/\/nativainfo.com\/?s={search_term_string}\"},\"query-input\":{\"@type\":\"PropertyValueSpecification\",\"valueRequired\":true,\"valueName\":\"search_term_string\"}}],\"inLanguage\":\"es-AR\"},{\"@type\":\"Organization\",\"@id\":\"https:\/\/nativainfo.com\/#organization\",\"name\":\"Nativa Info\",\"url\":\"https:\/\/nativainfo.com\/\",\"logo\":{\"@type\":\"ImageObject\",\"inLanguage\":\"es-AR\",\"@id\":\"https:\/\/nativainfo.com\/#\/schema\/logo\/image\/\",\"url\":\"https:\/\/nativainfo.com\/wp-content\/uploads\/2025\/08\/LOGO-NATIVA-FACE.jpg\",\"contentUrl\":\"https:\/\/nativainfo.com\/wp-content\/uploads\/2025\/08\/LOGO-NATIVA-FACE.jpg\",\"width\":400,\"height\":400,\"caption\":\"Nativa Info\"},\"image\":{\"@id\":\"https:\/\/nativainfo.com\/#\/schema\/logo\/image\/\"},\"sameAs\":[\"https:\/\/www.facebook.com\/profile.php?id=61578881597564\"]},{\"@type\":\"Person\",\"@id\":\"https:\/\/nativainfo.com\/#\/schema\/person\/24893b64a9cd564ddb5d102d36eb4b5c\",\"name\":\"Nativa Info\",\"image\":{\"@type\":\"ImageObject\",\"inLanguage\":\"es-AR\",\"@id\":\"https:\/\/nativainfo.com\/#\/schema\/person\/image\/\",\"url\":\"https:\/\/secure.gravatar.com\/avatar\/016fa1cf068d85136d938e1507b9b619cb766e2565cbb1faa1e571762460c785?s=96&d=mm&r=g\",\"contentUrl\":\"https:\/\/secure.gravatar.com\/avatar\/016fa1cf068d85136d938e1507b9b619cb766e2565cbb1faa1e571762460c785?s=96&d=mm&r=g\",\"caption\":\"Nativa Info\"},\"sameAs\":[\"http:\/\/nativainfo.com\"],\"url\":\"https:\/\/nativainfo.com\/?author=1\"}]}<\/script>\n<!-- \/ Yoast SEO plugin. -->","yoast_head_json":{"title":"Coronavirus en la Argentina: el Gobierno habilitar\u00e1 la vuelta a clases de los alumnos de \u00faltimo ciclo - Nativa Info","robots":{"index":"index","follow":"follow","max-snippet":"max-snippet:-1","max-image-preview":"max-image-preview:large","max-video-preview":"max-video-preview:-1"},"canonical":"https:\/\/nativainfo.com\/?p=773","og_locale":"es_ES","og_type":"article","og_title":"Coronavirus en la Argentina: el Gobierno habilitar\u00e1 la vuelta a clases de los alumnos de \u00faltimo ciclo - Nativa Info","og_description":"El ministro de Educaci\u00f3n de la Naci\u00f3n,&nbsp;Nicol\u00e1s Trotta,&nbsp;anunciar\u00e1 ma\u00f1ana que&nbsp;los alumnos de \u00faltimo ciclo, de primaria y secundaria, podr\u00e1n volver... Continue reading","og_url":"https:\/\/nativainfo.com\/?p=773","og_site_name":"Nativa Info","article_publisher":"https:\/\/www.facebook.com\/profile.php?id=61578881597564","article_published_time":"2020-10-06T03:39:07+00:00","og_image":[{"url":"http:\/\/nativainfo.com\/wp-content\/uploads\/2020\/10\/trotta-asas-1024x682.jpg","type":"","width":"","height":""}],"author":"Nativa Info","twitter_card":"summary_large_image","twitter_misc":{"Escrito por":"Nativa Info","Tiempo de lectura":"1 minuto"},"schema":{"@context":"https:\/\/schema.org","@graph":[{"@type":"Article","@id":"https:\/\/nativainfo.com\/?p=773#article","isPartOf":{"@id":"https:\/\/nativainfo.com\/?p=773"},"author":{"name":"Nativa Info","@id":"https:\/\/nativainfo.com\/#\/schema\/person\/24893b64a9cd564ddb5d102d36eb4b5c"},"headline":"Coronavirus en la Argentina: el Gobierno habilitar\u00e1 la vuelta a clases de los alumnos de \u00faltimo ciclo","datePublished":"2020-10-06T03:39:07+00:00","mainEntityOfPage":{"@id":"https:\/\/nativainfo.com\/?p=773"},"wordCount":162,"commentCount":0,"publisher":{"@id":"https:\/\/nativainfo.com\/#organization"},"image":{"@id":"https:\/\/nativainfo.com\/?p=773#primaryimage"},"thumbnailUrl":"http:\/\/nativainfo.com\/wp-content\/uploads\/2020\/10\/trotta-asas-1024x682.jpg","articleSection":["Educaci\u00f3n","Noticias"],"inLanguage":"es-AR","potentialAction":[{"@type":"CommentAction","name":"Comment","target":["https:\/\/nativainfo.com\/?p=773#respond"]}]},{"@type":"WebPage","@id":"https:\/\/nativainfo.com\/?p=773","url":"https:\/\/nativainfo.com\/?p=773","name":"Coronavirus en la Argentina: el Gobierno habilitar\u00e1 la vuelta a clases de los alumnos de \u00faltimo ciclo - Nativa Info","isPartOf":{"@id":"https:\/\/nativainfo.com\/#website"},"primaryImageOfPage":{"@id":"https:\/\/nativainfo.com\/?p=773#primaryimage"},"image":{"@id":"https:\/\/nativainfo.com\/?p=773#primaryimage"},"thumbnailUrl":"http:\/\/nativainfo.com\/wp-content\/uploads\/2020\/10\/trotta-asas-1024x682.jpg","datePublished":"2020-10-06T03:39:07+00:00","breadcrumb":{"@id":"https:\/\/nativainfo.com\/?p=773#breadcrumb"},"inLanguage":"es-AR","potentialAction":[{"@type":"ReadAction","target":["https:\/\/nativainfo.com\/?p=773"]}]},{"@type":"ImageObject","inLanguage":"es-AR","@id":"https:\/\/nativainfo.com\/?p=773#primaryimage","url":"https:\/\/nativainfo.com\/wp-content\/uploads\/2020\/10\/trotta-asas.jpg","contentUrl":"https:\/\/nativainfo.com\/wp-content\/uploads\/2020\/10\/trotta-asas.jpg","width":1033,"height":688},{"@type":"BreadcrumbList","@id":"https:\/\/nativainfo.com\/?p=773#breadcrumb","itemListElement":[{"@type":"ListItem","position":1,"name":"Inicio","item":"https:\/\/nativainfo.com\/"},{"@type":"ListItem","position":2,"name":"Coronavirus en la Argentina: el Gobierno habilitar\u00e1 la vuelta a clases de los alumnos de \u00faltimo ciclo"}]},{"@type":"WebSite","@id":"https:\/\/nativainfo.com\/#website","url":"https:\/\/nativainfo.com\/","name":"Nativa Info","description":"Diario Digital","publisher":{"@id":"https:\/\/nativainfo.com\/#organization"},"potentialAction":[{"@type":"SearchAction","target":{"@type":"EntryPoint","urlTemplate":"https:\/\/nativainfo.com\/?s={search_term_string}"},"query-input":{"@type":"PropertyValueSpecification","valueRequired":true,"valueName":"search_term_string"}}],"inLanguage":"es-AR"},{"@type":"Organization","@id":"https:\/\/nativainfo.com\/#organization","name":"Nativa Info","url":"https:\/\/nativainfo.com\/","logo":{"@type":"ImageObject","inLanguage":"es-AR","@id":"https:\/\/nativainfo.com\/#\/schema\/logo\/image\/","url":"https:\/\/nativainfo.com\/wp-content\/uploads\/2025\/08\/LOGO-NATIVA-FACE.jpg","contentUrl":"https:\/\/nativainfo.com\/wp-content\/uploads\/2025\/08\/LOGO-NATIVA-FACE.jpg","width":400,"height":400,"caption":"Nativa Info"},"image":{"@id":"https:\/\/nativainfo.com\/#\/schema\/logo\/image\/"},"sameAs":["https:\/\/www.facebook.com\/profile.php?id=61578881597564"]},{"@type":"Person","@id":"https:\/\/nativainfo.com\/#\/schema\/person\/24893b64a9cd564ddb5d102d36eb4b5c","name":"Nativa Info","image":{"@type":"ImageObject","inLanguage":"es-AR","@id":"https:\/\/nativainfo.com\/#\/schema\/person\/image\/","url":"https:\/\/secure.gravatar.com\/avatar\/016fa1cf068d85136d938e1507b9b619cb766e2565cbb1faa1e571762460c785?s=96&d=mm&r=g","contentUrl":"https:\/\/secure.gravatar.com\/avatar\/016fa1cf068d85136d938e1507b9b619cb766e2565cbb1faa1e571762460c785?s=96&d=mm&r=g","caption":"Nativa Info"},"sameAs":["http:\/\/nativainfo.com"],"url":"https:\/\/nativainfo.com\/?author=1"}]}},"jetpack_publicize_connections":[],"_links":{"self":[{"href":"https:\/\/nativainfo.com\/index.php?rest_route=\/wp\/v2\/posts\/773","targetHints":{"allow":["GET"]}}],"collection":[{"href":"https:\/\/nativainfo.com\/index.php?rest_route=\/wp\/v2\/posts"}],"about":[{"href":"https:\/\/nativainfo.com\/index.php?rest_route=\/wp\/v2\/types\/post"}],"author":[{"embeddable":true,"href":"https:\/\/nativainfo.com\/index.php?rest_route=\/wp\/v2\/users\/1"}],"replies":[{"embeddable":true,"href":"https:\/\/nativainfo.com\/index.php?rest_route=%2Fwp%2Fv2%2Fcomments&post=773"}],"version-history":[{"count":1,"href":"https:\/\/nativainfo.com\/index.php?rest_route=\/wp\/v2\/posts\/773\/revisions"}],"predecessor-version":[{"id":775,"href":"https:\/\/nativainfo.com\/index.php?rest_route=\/wp\/v2\/posts\/773\/revisions\/775"}],"wp:attachment":[{"href":"https:\/\/nativainfo.com\/index.php?rest_route=%2Fwp%2Fv2%2Fmedia&parent=773"}],"wp:term":[{"taxonomy":"category","embeddable":true,"href":"https:\/\/nativainfo.com\/index.php?rest_route=%2Fwp%2Fv2%2Fcategories&post=773"},{"taxonomy":"post_tag","embeddable":true,"href":"https:\/\/nativainfo.com\/index.php?rest_route=%2Fwp%2Fv2%2Ftags&post=773"}],"curies":[{"name":"wp","href":"https:\/\/api.w.org\/{rel}","templated":true}]}}