{"id":710,"date":"2020-09-24T00:45:22","date_gmt":"2020-09-24T03:45:22","guid":{"rendered":"http:\/\/nativainfo.com\/?p=710"},"modified":"2020-09-24T00:49:16","modified_gmt":"2020-09-24T03:49:16","slug":"designers-buenos-aires-digital-la-semana-de-la-moda-argentina-se-adapta-a-la-tecnologia","status":"publish","type":"post","link":"https:\/\/nativainfo.com\/?p=710","title":{"rendered":"Designers Buenos Aires digital: la semana de la moda argentina se adapta a la tecnolog\u00eda"},"content":{"rendered":"\n<p>Luego de 16 ediciones de pasarelas con modelos y p\u00fablico presente, su creador, Guillermo Azar, decidi\u00f3 apostar a un cambio y seguir las tendencias mundiales para adaptarse frente a la emergencia sanitaria del COVID-19. C\u00f3mo ser\u00e1 est\u00e1 inusual edici\u00f3n<\/p>\n\n\n\n<p>As\u00ed como las fashion weeks del mundo hicieron sus desfiles de forma virtual, algunos con presencia de p\u00fablico -muy reducido-,<strong>&nbsp;la moda de nuestro pa\u00eds tambi\u00e9n apuesta al mundo digital para presentar sus nuevas colecciones de verano 2021<\/strong>.<\/p>\n\n\n\n<figure class=\"wp-block-image size-large\"><img fetchpriority=\"high\" decoding=\"async\" width=\"683\" height=\"1024\" src=\"http:\/\/nativainfo.com\/wp-content\/uploads\/2020\/09\/designers-ba-683x1024.jpg\" alt=\"\" class=\"wp-image-711\" srcset=\"https:\/\/nativainfo.com\/wp-content\/uploads\/2020\/09\/designers-ba-683x1024.jpg 683w, https:\/\/nativainfo.com\/wp-content\/uploads\/2020\/09\/designers-ba-200x300.jpg 200w, https:\/\/nativainfo.com\/wp-content\/uploads\/2020\/09\/designers-ba-233x350.jpg 233w, https:\/\/nativainfo.com\/wp-content\/uploads\/2020\/09\/designers-ba-100x150.jpg 100w, https:\/\/nativainfo.com\/wp-content\/uploads\/2020\/09\/designers-ba.jpg 768w\" sizes=\"(max-width: 683px) 100vw, 683px\" \/><\/figure>\n\n\n\n<p>Ac\u00e1 llega de la mano de&nbsp;<strong>Designers Buenos Aires,<\/strong>&nbsp;organizada por Guillermo Azar, quien sigue apostando a la moda nacional a\u00f1o tras a\u00f1o. \u201c<strong>Es la primera semana de la moda digital de Argentina y surge a causa de la cuarentena impuesta por la pandemia que estamos viviendo.&nbsp;<\/strong>Tuvimos que acomodarnos r\u00e1pidamente a la situaci\u00f3n y reinventarnos ya que cada vez se complicaba m\u00e1s la situaci\u00f3n y nos dejaba poco margen de acci\u00f3n\u201d, cuenta.<\/p>\n\n\n\n<!--more-->\n\n\n\n<p><strong>La plataforma elegida para la transmisi\u00f3n fue Instagram<\/strong>. \u201cPensamos y nos decidimos por Instagram porque es una de&nbsp;<strong>las redes sociales m\u00e1s orientadas a la moda<\/strong>&nbsp;ya que tiene mayor rango de edad en los usuarios,&nbsp;<strong>el p\u00fablico de Designers en redes va de 18 a 64 a\u00f1os<\/strong>\u201d, detall\u00f3 el organizador.<\/p>\n\n\n\n<p>Adem\u00e1s agreg\u00f3 que el formato digital\u00a0<strong>permite democratizar la moda, ya que todos tienen acceso a lo mismo al mismo momento, en todo el mundo.<\/strong>\u00a0Este\u00a0<strong>te permite llegar a otros pa\u00edses y mostrar los grandes talentos que tenemos en el pa\u00eds\u00a0<\/strong>que junto al dise\u00f1o latinoamericano vienen creciendo. \u201cTambi\u00e9n\u00a0<strong>es una manera de seguir apoyando a la moda argentina\u00a0<\/strong>que fue una de las industrias m\u00e1s golpeadas en los \u00faltimos tiempos y m\u00e1s a\u00fan este a\u00f1o con la pandemia\u201d.<\/p>\n\n\n\n<p>-Fuente: Infobae-<\/p>\n","protected":false},"excerpt":{"rendered":"<p>Luego de 16 ediciones de pasarelas con modelos y p\u00fablico presente, su creador, Guillermo Azar, decidi\u00f3 apostar a un cambio&#8230; <a class=\"continue-reading-link\" href=\"https:\/\/nativainfo.com\/?p=710\">Continue reading<\/a><\/p>\n","protected":false},"author":1,"featured_media":0,"comment_status":"open","ping_status":"open","sticky":false,"template":"","format":"standard","meta":{"rop_custom_images_group":[],"rop_custom_messages_group":[],"rop_publish_now":"initial","rop_publish_now_accounts":[],"rop_publish_now_history":[],"rop_publish_now_status":"pending","footnotes":"","jetpack_publicize_message":"","jetpack_publicize_feature_enabled":true,"jetpack_social_post_already_shared":false,"jetpack_social_options":{"image_generator_settings":{"template":"highway","default_image_id":0,"font":"","enabled":false},"version":2}},"categories":[42,9],"tags":[],"class_list":["post-710","post","type-post","status-publish","format-standard","hentry","category-moda","category-pais"],"yoast_head":"<!-- This site is optimized with the Yoast SEO plugin v25.6 - https:\/\/yoast.com\/wordpress\/plugins\/seo\/ -->\n<title>Designers Buenos Aires digital: la semana de la moda argentina se adapta a la tecnolog\u00eda - Nativa Info<\/title>\n<meta name=\"robots\" content=\"index, follow, max-snippet:-1, max-image-preview:large, max-video-preview:-1\" \/>\n<link rel=\"canonical\" href=\"https:\/\/nativainfo.com\/?p=710\" \/>\n<meta property=\"og:locale\" content=\"es_ES\" \/>\n<meta property=\"og:type\" content=\"article\" \/>\n<meta property=\"og:title\" content=\"Designers Buenos Aires digital: la semana de la moda argentina se adapta a la tecnolog\u00eda - Nativa Info\" \/>\n<meta property=\"og:description\" content=\"Luego de 16 ediciones de pasarelas con modelos y p\u00fablico presente, su creador, Guillermo Azar, decidi\u00f3 apostar a un cambio... Continue reading\" \/>\n<meta property=\"og:url\" content=\"https:\/\/nativainfo.com\/?p=710\" \/>\n<meta property=\"og:site_name\" content=\"Nativa Info\" \/>\n<meta property=\"article:publisher\" content=\"https:\/\/www.facebook.com\/profile.php?id=61578881597564\" \/>\n<meta property=\"article:published_time\" content=\"2020-09-24T03:45:22+00:00\" \/>\n<meta property=\"article:modified_time\" content=\"2020-09-24T03:49:16+00:00\" \/>\n<meta property=\"og:image\" content=\"http:\/\/nativainfo.com\/wp-content\/uploads\/2020\/09\/designers-ba-683x1024.jpg\" \/>\n<meta name=\"author\" content=\"Nativa Info\" \/>\n<meta name=\"twitter:card\" content=\"summary_large_image\" \/>\n<meta name=\"twitter:label1\" content=\"Escrito por\" \/>\n\t<meta name=\"twitter:data1\" content=\"Nativa Info\" \/>\n\t<meta name=\"twitter:label2\" content=\"Tiempo de lectura\" \/>\n\t<meta name=\"twitter:data2\" content=\"2 minutos\" \/>\n<script type=\"application\/ld+json\" class=\"yoast-schema-graph\">{\"@context\":\"https:\/\/schema.org\",\"@graph\":[{\"@type\":\"Article\",\"@id\":\"https:\/\/nativainfo.com\/?p=710#article\",\"isPartOf\":{\"@id\":\"https:\/\/nativainfo.com\/?p=710\"},\"author\":{\"name\":\"Nativa Info\",\"@id\":\"https:\/\/nativainfo.com\/#\/schema\/person\/24893b64a9cd564ddb5d102d36eb4b5c\"},\"headline\":\"Designers Buenos Aires digital: la semana de la moda argentina se adapta a la tecnolog\u00eda\",\"datePublished\":\"2020-09-24T03:45:22+00:00\",\"dateModified\":\"2020-09-24T03:49:16+00:00\",\"mainEntityOfPage\":{\"@id\":\"https:\/\/nativainfo.com\/?p=710\"},\"wordCount\":328,\"commentCount\":0,\"publisher\":{\"@id\":\"https:\/\/nativainfo.com\/#organization\"},\"image\":{\"@id\":\"https:\/\/nativainfo.com\/?p=710#primaryimage\"},\"thumbnailUrl\":\"http:\/\/nativainfo.com\/wp-content\/uploads\/2020\/09\/designers-ba-683x1024.jpg\",\"articleSection\":[\"Moda\",\"Pa\u00eds\"],\"inLanguage\":\"es-AR\",\"potentialAction\":[{\"@type\":\"CommentAction\",\"name\":\"Comment\",\"target\":[\"https:\/\/nativainfo.com\/?p=710#respond\"]}]},{\"@type\":\"WebPage\",\"@id\":\"https:\/\/nativainfo.com\/?p=710\",\"url\":\"https:\/\/nativainfo.com\/?p=710\",\"name\":\"Designers Buenos Aires digital: la semana de la moda argentina se adapta a la tecnolog\u00eda - Nativa Info\",\"isPartOf\":{\"@id\":\"https:\/\/nativainfo.com\/#website\"},\"primaryImageOfPage\":{\"@id\":\"https:\/\/nativainfo.com\/?p=710#primaryimage\"},\"image\":{\"@id\":\"https:\/\/nativainfo.com\/?p=710#primaryimage\"},\"thumbnailUrl\":\"http:\/\/nativainfo.com\/wp-content\/uploads\/2020\/09\/designers-ba-683x1024.jpg\",\"datePublished\":\"2020-09-24T03:45:22+00:00\",\"dateModified\":\"2020-09-24T03:49:16+00:00\",\"breadcrumb\":{\"@id\":\"https:\/\/nativainfo.com\/?p=710#breadcrumb\"},\"inLanguage\":\"es-AR\",\"potentialAction\":[{\"@type\":\"ReadAction\",\"target\":[\"https:\/\/nativainfo.com\/?p=710\"]}]},{\"@type\":\"ImageObject\",\"inLanguage\":\"es-AR\",\"@id\":\"https:\/\/nativainfo.com\/?p=710#primaryimage\",\"url\":\"https:\/\/nativainfo.com\/wp-content\/uploads\/2020\/09\/designers-ba.jpg\",\"contentUrl\":\"https:\/\/nativainfo.com\/wp-content\/uploads\/2020\/09\/designers-ba.jpg\",\"width\":768,\"height\":1152},{\"@type\":\"BreadcrumbList\",\"@id\":\"https:\/\/nativainfo.com\/?p=710#breadcrumb\",\"itemListElement\":[{\"@type\":\"ListItem\",\"position\":1,\"name\":\"Inicio\",\"item\":\"https:\/\/nativainfo.com\/\"},{\"@type\":\"ListItem\",\"position\":2,\"name\":\"Designers Buenos Aires digital: la semana de la moda argentina se adapta a la tecnolog\u00eda\"}]},{\"@type\":\"WebSite\",\"@id\":\"https:\/\/nativainfo.com\/#website\",\"url\":\"https:\/\/nativainfo.com\/\",\"name\":\"Nativa Info\",\"description\":\"Diario Digital\",\"publisher\":{\"@id\":\"https:\/\/nativainfo.com\/#organization\"},\"potentialAction\":[{\"@type\":\"SearchAction\",\"target\":{\"@type\":\"EntryPoint\",\"urlTemplate\":\"https:\/\/nativainfo.com\/?s={search_term_string}\"},\"query-input\":{\"@type\":\"PropertyValueSpecification\",\"valueRequired\":true,\"valueName\":\"search_term_string\"}}],\"inLanguage\":\"es-AR\"},{\"@type\":\"Organization\",\"@id\":\"https:\/\/nativainfo.com\/#organization\",\"name\":\"Nativa Info\",\"url\":\"https:\/\/nativainfo.com\/\",\"logo\":{\"@type\":\"ImageObject\",\"inLanguage\":\"es-AR\",\"@id\":\"https:\/\/nativainfo.com\/#\/schema\/logo\/image\/\",\"url\":\"https:\/\/nativainfo.com\/wp-content\/uploads\/2025\/08\/LOGO-NATIVA-FACE.jpg\",\"contentUrl\":\"https:\/\/nativainfo.com\/wp-content\/uploads\/2025\/08\/LOGO-NATIVA-FACE.jpg\",\"width\":400,\"height\":400,\"caption\":\"Nativa Info\"},\"image\":{\"@id\":\"https:\/\/nativainfo.com\/#\/schema\/logo\/image\/\"},\"sameAs\":[\"https:\/\/www.facebook.com\/profile.php?id=61578881597564\"]},{\"@type\":\"Person\",\"@id\":\"https:\/\/nativainfo.com\/#\/schema\/person\/24893b64a9cd564ddb5d102d36eb4b5c\",\"name\":\"Nativa Info\",\"image\":{\"@type\":\"ImageObject\",\"inLanguage\":\"es-AR\",\"@id\":\"https:\/\/nativainfo.com\/#\/schema\/person\/image\/\",\"url\":\"https:\/\/secure.gravatar.com\/avatar\/016fa1cf068d85136d938e1507b9b619cb766e2565cbb1faa1e571762460c785?s=96&d=mm&r=g\",\"contentUrl\":\"https:\/\/secure.gravatar.com\/avatar\/016fa1cf068d85136d938e1507b9b619cb766e2565cbb1faa1e571762460c785?s=96&d=mm&r=g\",\"caption\":\"Nativa Info\"},\"sameAs\":[\"http:\/\/nativainfo.com\"],\"url\":\"https:\/\/nativainfo.com\/?author=1\"}]}<\/script>\n<!-- \/ Yoast SEO plugin. -->","yoast_head_json":{"title":"Designers Buenos Aires digital: la semana de la moda argentina se adapta a la tecnolog\u00eda - Nativa Info","robots":{"index":"index","follow":"follow","max-snippet":"max-snippet:-1","max-image-preview":"max-image-preview:large","max-video-preview":"max-video-preview:-1"},"canonical":"https:\/\/nativainfo.com\/?p=710","og_locale":"es_ES","og_type":"article","og_title":"Designers Buenos Aires digital: la semana de la moda argentina se adapta a la tecnolog\u00eda - Nativa Info","og_description":"Luego de 16 ediciones de pasarelas con modelos y p\u00fablico presente, su creador, Guillermo Azar, decidi\u00f3 apostar a un cambio... Continue reading","og_url":"https:\/\/nativainfo.com\/?p=710","og_site_name":"Nativa Info","article_publisher":"https:\/\/www.facebook.com\/profile.php?id=61578881597564","article_published_time":"2020-09-24T03:45:22+00:00","article_modified_time":"2020-09-24T03:49:16+00:00","og_image":[{"url":"http:\/\/nativainfo.com\/wp-content\/uploads\/2020\/09\/designers-ba-683x1024.jpg","type":"","width":"","height":""}],"author":"Nativa Info","twitter_card":"summary_large_image","twitter_misc":{"Escrito por":"Nativa Info","Tiempo de lectura":"2 minutos"},"schema":{"@context":"https:\/\/schema.org","@graph":[{"@type":"Article","@id":"https:\/\/nativainfo.com\/?p=710#article","isPartOf":{"@id":"https:\/\/nativainfo.com\/?p=710"},"author":{"name":"Nativa Info","@id":"https:\/\/nativainfo.com\/#\/schema\/person\/24893b64a9cd564ddb5d102d36eb4b5c"},"headline":"Designers Buenos Aires digital: la semana de la moda argentina se adapta a la tecnolog\u00eda","datePublished":"2020-09-24T03:45:22+00:00","dateModified":"2020-09-24T03:49:16+00:00","mainEntityOfPage":{"@id":"https:\/\/nativainfo.com\/?p=710"},"wordCount":328,"commentCount":0,"publisher":{"@id":"https:\/\/nativainfo.com\/#organization"},"image":{"@id":"https:\/\/nativainfo.com\/?p=710#primaryimage"},"thumbnailUrl":"http:\/\/nativainfo.com\/wp-content\/uploads\/2020\/09\/designers-ba-683x1024.jpg","articleSection":["Moda","Pa\u00eds"],"inLanguage":"es-AR","potentialAction":[{"@type":"CommentAction","name":"Comment","target":["https:\/\/nativainfo.com\/?p=710#respond"]}]},{"@type":"WebPage","@id":"https:\/\/nativainfo.com\/?p=710","url":"https:\/\/nativainfo.com\/?p=710","name":"Designers Buenos Aires digital: la semana de la moda argentina se adapta a la tecnolog\u00eda - Nativa Info","isPartOf":{"@id":"https:\/\/nativainfo.com\/#website"},"primaryImageOfPage":{"@id":"https:\/\/nativainfo.com\/?p=710#primaryimage"},"image":{"@id":"https:\/\/nativainfo.com\/?p=710#primaryimage"},"thumbnailUrl":"http:\/\/nativainfo.com\/wp-content\/uploads\/2020\/09\/designers-ba-683x1024.jpg","datePublished":"2020-09-24T03:45:22+00:00","dateModified":"2020-09-24T03:49:16+00:00","breadcrumb":{"@id":"https:\/\/nativainfo.com\/?p=710#breadcrumb"},"inLanguage":"es-AR","potentialAction":[{"@type":"ReadAction","target":["https:\/\/nativainfo.com\/?p=710"]}]},{"@type":"ImageObject","inLanguage":"es-AR","@id":"https:\/\/nativainfo.com\/?p=710#primaryimage","url":"https:\/\/nativainfo.com\/wp-content\/uploads\/2020\/09\/designers-ba.jpg","contentUrl":"https:\/\/nativainfo.com\/wp-content\/uploads\/2020\/09\/designers-ba.jpg","width":768,"height":1152},{"@type":"BreadcrumbList","@id":"https:\/\/nativainfo.com\/?p=710#breadcrumb","itemListElement":[{"@type":"ListItem","position":1,"name":"Inicio","item":"https:\/\/nativainfo.com\/"},{"@type":"ListItem","position":2,"name":"Designers Buenos Aires digital: la semana de la moda argentina se adapta a la tecnolog\u00eda"}]},{"@type":"WebSite","@id":"https:\/\/nativainfo.com\/#website","url":"https:\/\/nativainfo.com\/","name":"Nativa Info","description":"Diario Digital","publisher":{"@id":"https:\/\/nativainfo.com\/#organization"},"potentialAction":[{"@type":"SearchAction","target":{"@type":"EntryPoint","urlTemplate":"https:\/\/nativainfo.com\/?s={search_term_string}"},"query-input":{"@type":"PropertyValueSpecification","valueRequired":true,"valueName":"search_term_string"}}],"inLanguage":"es-AR"},{"@type":"Organization","@id":"https:\/\/nativainfo.com\/#organization","name":"Nativa Info","url":"https:\/\/nativainfo.com\/","logo":{"@type":"ImageObject","inLanguage":"es-AR","@id":"https:\/\/nativainfo.com\/#\/schema\/logo\/image\/","url":"https:\/\/nativainfo.com\/wp-content\/uploads\/2025\/08\/LOGO-NATIVA-FACE.jpg","contentUrl":"https:\/\/nativainfo.com\/wp-content\/uploads\/2025\/08\/LOGO-NATIVA-FACE.jpg","width":400,"height":400,"caption":"Nativa Info"},"image":{"@id":"https:\/\/nativainfo.com\/#\/schema\/logo\/image\/"},"sameAs":["https:\/\/www.facebook.com\/profile.php?id=61578881597564"]},{"@type":"Person","@id":"https:\/\/nativainfo.com\/#\/schema\/person\/24893b64a9cd564ddb5d102d36eb4b5c","name":"Nativa Info","image":{"@type":"ImageObject","inLanguage":"es-AR","@id":"https:\/\/nativainfo.com\/#\/schema\/person\/image\/","url":"https:\/\/secure.gravatar.com\/avatar\/016fa1cf068d85136d938e1507b9b619cb766e2565cbb1faa1e571762460c785?s=96&d=mm&r=g","contentUrl":"https:\/\/secure.gravatar.com\/avatar\/016fa1cf068d85136d938e1507b9b619cb766e2565cbb1faa1e571762460c785?s=96&d=mm&r=g","caption":"Nativa Info"},"sameAs":["http:\/\/nativainfo.com"],"url":"https:\/\/nativainfo.com\/?author=1"}]}},"jetpack_publicize_connections":[],"_links":{"self":[{"href":"https:\/\/nativainfo.com\/index.php?rest_route=\/wp\/v2\/posts\/710","targetHints":{"allow":["GET"]}}],"collection":[{"href":"https:\/\/nativainfo.com\/index.php?rest_route=\/wp\/v2\/posts"}],"about":[{"href":"https:\/\/nativainfo.com\/index.php?rest_route=\/wp\/v2\/types\/post"}],"author":[{"embeddable":true,"href":"https:\/\/nativainfo.com\/index.php?rest_route=\/wp\/v2\/users\/1"}],"replies":[{"embeddable":true,"href":"https:\/\/nativainfo.com\/index.php?rest_route=%2Fwp%2Fv2%2Fcomments&post=710"}],"version-history":[{"count":2,"href":"https:\/\/nativainfo.com\/index.php?rest_route=\/wp\/v2\/posts\/710\/revisions"}],"predecessor-version":[{"id":717,"href":"https:\/\/nativainfo.com\/index.php?rest_route=\/wp\/v2\/posts\/710\/revisions\/717"}],"wp:attachment":[{"href":"https:\/\/nativainfo.com\/index.php?rest_route=%2Fwp%2Fv2%2Fmedia&parent=710"}],"wp:term":[{"taxonomy":"category","embeddable":true,"href":"https:\/\/nativainfo.com\/index.php?rest_route=%2Fwp%2Fv2%2Fcategories&post=710"},{"taxonomy":"post_tag","embeddable":true,"href":"https:\/\/nativainfo.com\/index.php?rest_route=%2Fwp%2Fv2%2Ftags&post=710"}],"curies":[{"name":"wp","href":"https:\/\/api.w.org\/{rel}","templated":true}]}}