{"id":707,"date":"2020-09-24T00:40:04","date_gmt":"2020-09-24T03:40:04","guid":{"rendered":"http:\/\/nativainfo.com\/?p=707"},"modified":"2020-09-24T00:40:04","modified_gmt":"2020-09-24T03:40:04","slug":"el-presidente-de-afa-se-refirio-a-la-vuelta-del-futbol-en-el-pais","status":"publish","type":"post","link":"https:\/\/nativainfo.com\/?p=707","title":{"rendered":"El Presidente de AFA se refiri\u00f3 a la vuelta del f\u00fatbol en el pa\u00eds"},"content":{"rendered":"\n<p>Claudio Tapia habl\u00f3 con la prensa y revel\u00f3 de quien depende la decisi\u00f3n.<\/p>\n\n\n\n<figure class=\"wp-block-image size-large\"><img fetchpriority=\"high\" decoding=\"async\" width=\"937\" height=\"553\" src=\"http:\/\/nativainfo.com\/wp-content\/uploads\/2020\/09\/chiqui-tapia.jpg\" alt=\"\" class=\"wp-image-708\" srcset=\"https:\/\/nativainfo.com\/wp-content\/uploads\/2020\/09\/chiqui-tapia.jpg 937w, https:\/\/nativainfo.com\/wp-content\/uploads\/2020\/09\/chiqui-tapia-300x177.jpg 300w, https:\/\/nativainfo.com\/wp-content\/uploads\/2020\/09\/chiqui-tapia-768x453.jpg 768w, https:\/\/nativainfo.com\/wp-content\/uploads\/2020\/09\/chiqui-tapia-593x350.jpg 593w, https:\/\/nativainfo.com\/wp-content\/uploads\/2020\/09\/chiqui-tapia-150x89.jpg 150w\" sizes=\"(max-width: 937px) 100vw, 937px\" \/><\/figure>\n\n\n\n<p>\u201cSiempre las fechas de regreso fueron tentativas.<strong>&nbsp;Pusimos que en noviembre,<\/strong>&nbsp;si estaban dadas las condiciones sanitarias, se podr\u00e1n jugar los torneos definitorios por los ascensos.<strong>&nbsp;Todos queremos volver.<\/strong>&nbsp;Si Naci\u00f3n autoriza, podemos volver en octubre\u201d, expres\u00f3 el m\u00e1ximo dirigente del f\u00fatbol en TyC Sports.<\/p>\n\n\n\n<p>\u201cSe est\u00e1 avanzando y se est\u00e1 dando otro paso importante con la flexibilizaci\u00f3n de los entrenamientos y la posibilidad de jugar amistosos.\u00a0<strong>Preocupa much\u00edsimo el d\u00eda a d\u00eda de esta pandemia<\/strong>\u201d             \u201cEn ning\u00fan momento hubo presi\u00f3n por parte de la pol\u00edtica para que el f\u00fatbol no vuelva\u201d, sino que se decidi\u00f3\u00a0<strong>\u201cpreservar la salud y la vida\u201d<\/strong>, cont\u00f3 Tapia.<\/p>\n\n\n\n<p>\u201cHay situaciones que marcan que no nos hemos equivocado. Hab\u00eda provincias casi sin casos que se propon\u00edan para la vuelta de los entrenamientos y ahora&nbsp;<strong>est\u00e1n casi colapsadas sanitariamente<\/strong>\u201d, record\u00f3.<\/p>\n\n\n\n<p>Por otro lado, dijo que \u201c<strong>hasta que no haya una vacuna, no habr\u00e1 p\u00fablico\u201d<\/strong>\u00a0en las tribunas. Sobre los conjuntos argentinos en la competencia en la Copa Libertadores, expres\u00f3: &#8220;Estoy\u00a0<strong>contento que los equipos est\u00e9n compitiendo a nivel sudamericano<\/strong>&#8220;.<\/p>\n","protected":false},"excerpt":{"rendered":"<p>Claudio Tapia habl\u00f3 con la prensa y revel\u00f3 de quien depende la decisi\u00f3n. \u201cSiempre las fechas de regreso fueron tentativas.&nbsp;Pusimos&#8230; <a class=\"continue-reading-link\" href=\"https:\/\/nativainfo.com\/?p=707\">Continue reading<\/a><\/p>\n","protected":false},"author":1,"featured_media":0,"comment_status":"open","ping_status":"open","sticky":false,"template":"","format":"standard","meta":{"rop_custom_images_group":[],"rop_custom_messages_group":[],"rop_publish_now":"initial","rop_publish_now_accounts":[],"rop_publish_now_history":[],"rop_publish_now_status":"pending","footnotes":"","jetpack_publicize_message":"","jetpack_publicize_feature_enabled":true,"jetpack_social_post_already_shared":false,"jetpack_social_options":{"image_generator_settings":{"template":"highway","default_image_id":0,"font":"","enabled":false},"version":2}},"categories":[41,9],"tags":[],"class_list":["post-707","post","type-post","status-publish","format-standard","hentry","category-futbol","category-pais"],"yoast_head":"<!-- This site is optimized with the Yoast SEO plugin v25.6 - https:\/\/yoast.com\/wordpress\/plugins\/seo\/ -->\n<title>El Presidente de AFA se refiri\u00f3 a la vuelta del f\u00fatbol en el pa\u00eds - Nativa Info<\/title>\n<meta name=\"robots\" content=\"index, follow, max-snippet:-1, max-image-preview:large, max-video-preview:-1\" \/>\n<link rel=\"canonical\" href=\"https:\/\/nativainfo.com\/?p=707\" \/>\n<meta property=\"og:locale\" content=\"es_ES\" \/>\n<meta property=\"og:type\" content=\"article\" \/>\n<meta property=\"og:title\" content=\"El Presidente de AFA se refiri\u00f3 a la vuelta del f\u00fatbol en el pa\u00eds - Nativa Info\" \/>\n<meta property=\"og:description\" content=\"Claudio Tapia habl\u00f3 con la prensa y revel\u00f3 de quien depende la decisi\u00f3n. \u201cSiempre las fechas de regreso fueron tentativas.&nbsp;Pusimos... Continue reading\" \/>\n<meta property=\"og:url\" content=\"https:\/\/nativainfo.com\/?p=707\" \/>\n<meta property=\"og:site_name\" content=\"Nativa Info\" \/>\n<meta property=\"article:publisher\" content=\"https:\/\/www.facebook.com\/profile.php?id=61578881597564\" \/>\n<meta property=\"article:published_time\" content=\"2020-09-24T03:40:04+00:00\" \/>\n<meta property=\"og:image\" content=\"http:\/\/nativainfo.com\/wp-content\/uploads\/2020\/09\/chiqui-tapia.jpg\" \/>\n<meta name=\"author\" content=\"Nativa Info\" \/>\n<meta name=\"twitter:card\" content=\"summary_large_image\" \/>\n<meta name=\"twitter:label1\" content=\"Escrito por\" \/>\n\t<meta name=\"twitter:data1\" content=\"Nativa Info\" \/>\n\t<meta name=\"twitter:label2\" content=\"Tiempo de lectura\" \/>\n\t<meta name=\"twitter:data2\" content=\"1 minuto\" \/>\n<script type=\"application\/ld+json\" class=\"yoast-schema-graph\">{\"@context\":\"https:\/\/schema.org\",\"@graph\":[{\"@type\":\"Article\",\"@id\":\"https:\/\/nativainfo.com\/?p=707#article\",\"isPartOf\":{\"@id\":\"https:\/\/nativainfo.com\/?p=707\"},\"author\":{\"name\":\"Nativa Info\",\"@id\":\"https:\/\/nativainfo.com\/#\/schema\/person\/24893b64a9cd564ddb5d102d36eb4b5c\"},\"headline\":\"El Presidente de AFA se refiri\u00f3 a la vuelta del f\u00fatbol en el pa\u00eds\",\"datePublished\":\"2020-09-24T03:40:04+00:00\",\"mainEntityOfPage\":{\"@id\":\"https:\/\/nativainfo.com\/?p=707\"},\"wordCount\":225,\"commentCount\":0,\"publisher\":{\"@id\":\"https:\/\/nativainfo.com\/#organization\"},\"image\":{\"@id\":\"https:\/\/nativainfo.com\/?p=707#primaryimage\"},\"thumbnailUrl\":\"http:\/\/nativainfo.com\/wp-content\/uploads\/2020\/09\/chiqui-tapia.jpg\",\"articleSection\":[\"F\u00fatbol\",\"Pa\u00eds\"],\"inLanguage\":\"es-AR\",\"potentialAction\":[{\"@type\":\"CommentAction\",\"name\":\"Comment\",\"target\":[\"https:\/\/nativainfo.com\/?p=707#respond\"]}]},{\"@type\":\"WebPage\",\"@id\":\"https:\/\/nativainfo.com\/?p=707\",\"url\":\"https:\/\/nativainfo.com\/?p=707\",\"name\":\"El Presidente de AFA se refiri\u00f3 a la vuelta del f\u00fatbol en el pa\u00eds - Nativa Info\",\"isPartOf\":{\"@id\":\"https:\/\/nativainfo.com\/#website\"},\"primaryImageOfPage\":{\"@id\":\"https:\/\/nativainfo.com\/?p=707#primaryimage\"},\"image\":{\"@id\":\"https:\/\/nativainfo.com\/?p=707#primaryimage\"},\"thumbnailUrl\":\"http:\/\/nativainfo.com\/wp-content\/uploads\/2020\/09\/chiqui-tapia.jpg\",\"datePublished\":\"2020-09-24T03:40:04+00:00\",\"breadcrumb\":{\"@id\":\"https:\/\/nativainfo.com\/?p=707#breadcrumb\"},\"inLanguage\":\"es-AR\",\"potentialAction\":[{\"@type\":\"ReadAction\",\"target\":[\"https:\/\/nativainfo.com\/?p=707\"]}]},{\"@type\":\"ImageObject\",\"inLanguage\":\"es-AR\",\"@id\":\"https:\/\/nativainfo.com\/?p=707#primaryimage\",\"url\":\"https:\/\/nativainfo.com\/wp-content\/uploads\/2020\/09\/chiqui-tapia.jpg\",\"contentUrl\":\"https:\/\/nativainfo.com\/wp-content\/uploads\/2020\/09\/chiqui-tapia.jpg\",\"width\":937,\"height\":553},{\"@type\":\"BreadcrumbList\",\"@id\":\"https:\/\/nativainfo.com\/?p=707#breadcrumb\",\"itemListElement\":[{\"@type\":\"ListItem\",\"position\":1,\"name\":\"Inicio\",\"item\":\"https:\/\/nativainfo.com\/\"},{\"@type\":\"ListItem\",\"position\":2,\"name\":\"El Presidente de AFA se refiri\u00f3 a la vuelta del f\u00fatbol en el pa\u00eds\"}]},{\"@type\":\"WebSite\",\"@id\":\"https:\/\/nativainfo.com\/#website\",\"url\":\"https:\/\/nativainfo.com\/\",\"name\":\"Nativa Info\",\"description\":\"Diario Digital\",\"publisher\":{\"@id\":\"https:\/\/nativainfo.com\/#organization\"},\"potentialAction\":[{\"@type\":\"SearchAction\",\"target\":{\"@type\":\"EntryPoint\",\"urlTemplate\":\"https:\/\/nativainfo.com\/?s={search_term_string}\"},\"query-input\":{\"@type\":\"PropertyValueSpecification\",\"valueRequired\":true,\"valueName\":\"search_term_string\"}}],\"inLanguage\":\"es-AR\"},{\"@type\":\"Organization\",\"@id\":\"https:\/\/nativainfo.com\/#organization\",\"name\":\"Nativa Info\",\"url\":\"https:\/\/nativainfo.com\/\",\"logo\":{\"@type\":\"ImageObject\",\"inLanguage\":\"es-AR\",\"@id\":\"https:\/\/nativainfo.com\/#\/schema\/logo\/image\/\",\"url\":\"https:\/\/nativainfo.com\/wp-content\/uploads\/2025\/08\/LOGO-NATIVA-FACE.jpg\",\"contentUrl\":\"https:\/\/nativainfo.com\/wp-content\/uploads\/2025\/08\/LOGO-NATIVA-FACE.jpg\",\"width\":400,\"height\":400,\"caption\":\"Nativa Info\"},\"image\":{\"@id\":\"https:\/\/nativainfo.com\/#\/schema\/logo\/image\/\"},\"sameAs\":[\"https:\/\/www.facebook.com\/profile.php?id=61578881597564\"]},{\"@type\":\"Person\",\"@id\":\"https:\/\/nativainfo.com\/#\/schema\/person\/24893b64a9cd564ddb5d102d36eb4b5c\",\"name\":\"Nativa Info\",\"image\":{\"@type\":\"ImageObject\",\"inLanguage\":\"es-AR\",\"@id\":\"https:\/\/nativainfo.com\/#\/schema\/person\/image\/\",\"url\":\"https:\/\/secure.gravatar.com\/avatar\/016fa1cf068d85136d938e1507b9b619cb766e2565cbb1faa1e571762460c785?s=96&d=mm&r=g\",\"contentUrl\":\"https:\/\/secure.gravatar.com\/avatar\/016fa1cf068d85136d938e1507b9b619cb766e2565cbb1faa1e571762460c785?s=96&d=mm&r=g\",\"caption\":\"Nativa Info\"},\"sameAs\":[\"http:\/\/nativainfo.com\"],\"url\":\"https:\/\/nativainfo.com\/?author=1\"}]}<\/script>\n<!-- \/ Yoast SEO plugin. -->","yoast_head_json":{"title":"El Presidente de AFA se refiri\u00f3 a la vuelta del f\u00fatbol en el pa\u00eds - Nativa Info","robots":{"index":"index","follow":"follow","max-snippet":"max-snippet:-1","max-image-preview":"max-image-preview:large","max-video-preview":"max-video-preview:-1"},"canonical":"https:\/\/nativainfo.com\/?p=707","og_locale":"es_ES","og_type":"article","og_title":"El Presidente de AFA se refiri\u00f3 a la vuelta del f\u00fatbol en el pa\u00eds - Nativa Info","og_description":"Claudio Tapia habl\u00f3 con la prensa y revel\u00f3 de quien depende la decisi\u00f3n. \u201cSiempre las fechas de regreso fueron tentativas.&nbsp;Pusimos... Continue reading","og_url":"https:\/\/nativainfo.com\/?p=707","og_site_name":"Nativa Info","article_publisher":"https:\/\/www.facebook.com\/profile.php?id=61578881597564","article_published_time":"2020-09-24T03:40:04+00:00","og_image":[{"url":"http:\/\/nativainfo.com\/wp-content\/uploads\/2020\/09\/chiqui-tapia.jpg","type":"","width":"","height":""}],"author":"Nativa Info","twitter_card":"summary_large_image","twitter_misc":{"Escrito por":"Nativa Info","Tiempo de lectura":"1 minuto"},"schema":{"@context":"https:\/\/schema.org","@graph":[{"@type":"Article","@id":"https:\/\/nativainfo.com\/?p=707#article","isPartOf":{"@id":"https:\/\/nativainfo.com\/?p=707"},"author":{"name":"Nativa Info","@id":"https:\/\/nativainfo.com\/#\/schema\/person\/24893b64a9cd564ddb5d102d36eb4b5c"},"headline":"El Presidente de AFA se refiri\u00f3 a la vuelta del f\u00fatbol en el pa\u00eds","datePublished":"2020-09-24T03:40:04+00:00","mainEntityOfPage":{"@id":"https:\/\/nativainfo.com\/?p=707"},"wordCount":225,"commentCount":0,"publisher":{"@id":"https:\/\/nativainfo.com\/#organization"},"image":{"@id":"https:\/\/nativainfo.com\/?p=707#primaryimage"},"thumbnailUrl":"http:\/\/nativainfo.com\/wp-content\/uploads\/2020\/09\/chiqui-tapia.jpg","articleSection":["F\u00fatbol","Pa\u00eds"],"inLanguage":"es-AR","potentialAction":[{"@type":"CommentAction","name":"Comment","target":["https:\/\/nativainfo.com\/?p=707#respond"]}]},{"@type":"WebPage","@id":"https:\/\/nativainfo.com\/?p=707","url":"https:\/\/nativainfo.com\/?p=707","name":"El Presidente de AFA se refiri\u00f3 a la vuelta del f\u00fatbol en el pa\u00eds - Nativa Info","isPartOf":{"@id":"https:\/\/nativainfo.com\/#website"},"primaryImageOfPage":{"@id":"https:\/\/nativainfo.com\/?p=707#primaryimage"},"image":{"@id":"https:\/\/nativainfo.com\/?p=707#primaryimage"},"thumbnailUrl":"http:\/\/nativainfo.com\/wp-content\/uploads\/2020\/09\/chiqui-tapia.jpg","datePublished":"2020-09-24T03:40:04+00:00","breadcrumb":{"@id":"https:\/\/nativainfo.com\/?p=707#breadcrumb"},"inLanguage":"es-AR","potentialAction":[{"@type":"ReadAction","target":["https:\/\/nativainfo.com\/?p=707"]}]},{"@type":"ImageObject","inLanguage":"es-AR","@id":"https:\/\/nativainfo.com\/?p=707#primaryimage","url":"https:\/\/nativainfo.com\/wp-content\/uploads\/2020\/09\/chiqui-tapia.jpg","contentUrl":"https:\/\/nativainfo.com\/wp-content\/uploads\/2020\/09\/chiqui-tapia.jpg","width":937,"height":553},{"@type":"BreadcrumbList","@id":"https:\/\/nativainfo.com\/?p=707#breadcrumb","itemListElement":[{"@type":"ListItem","position":1,"name":"Inicio","item":"https:\/\/nativainfo.com\/"},{"@type":"ListItem","position":2,"name":"El Presidente de AFA se refiri\u00f3 a la vuelta del f\u00fatbol en el pa\u00eds"}]},{"@type":"WebSite","@id":"https:\/\/nativainfo.com\/#website","url":"https:\/\/nativainfo.com\/","name":"Nativa Info","description":"Diario Digital","publisher":{"@id":"https:\/\/nativainfo.com\/#organization"},"potentialAction":[{"@type":"SearchAction","target":{"@type":"EntryPoint","urlTemplate":"https:\/\/nativainfo.com\/?s={search_term_string}"},"query-input":{"@type":"PropertyValueSpecification","valueRequired":true,"valueName":"search_term_string"}}],"inLanguage":"es-AR"},{"@type":"Organization","@id":"https:\/\/nativainfo.com\/#organization","name":"Nativa Info","url":"https:\/\/nativainfo.com\/","logo":{"@type":"ImageObject","inLanguage":"es-AR","@id":"https:\/\/nativainfo.com\/#\/schema\/logo\/image\/","url":"https:\/\/nativainfo.com\/wp-content\/uploads\/2025\/08\/LOGO-NATIVA-FACE.jpg","contentUrl":"https:\/\/nativainfo.com\/wp-content\/uploads\/2025\/08\/LOGO-NATIVA-FACE.jpg","width":400,"height":400,"caption":"Nativa Info"},"image":{"@id":"https:\/\/nativainfo.com\/#\/schema\/logo\/image\/"},"sameAs":["https:\/\/www.facebook.com\/profile.php?id=61578881597564"]},{"@type":"Person","@id":"https:\/\/nativainfo.com\/#\/schema\/person\/24893b64a9cd564ddb5d102d36eb4b5c","name":"Nativa Info","image":{"@type":"ImageObject","inLanguage":"es-AR","@id":"https:\/\/nativainfo.com\/#\/schema\/person\/image\/","url":"https:\/\/secure.gravatar.com\/avatar\/016fa1cf068d85136d938e1507b9b619cb766e2565cbb1faa1e571762460c785?s=96&d=mm&r=g","contentUrl":"https:\/\/secure.gravatar.com\/avatar\/016fa1cf068d85136d938e1507b9b619cb766e2565cbb1faa1e571762460c785?s=96&d=mm&r=g","caption":"Nativa Info"},"sameAs":["http:\/\/nativainfo.com"],"url":"https:\/\/nativainfo.com\/?author=1"}]}},"jetpack_publicize_connections":[],"_links":{"self":[{"href":"https:\/\/nativainfo.com\/index.php?rest_route=\/wp\/v2\/posts\/707","targetHints":{"allow":["GET"]}}],"collection":[{"href":"https:\/\/nativainfo.com\/index.php?rest_route=\/wp\/v2\/posts"}],"about":[{"href":"https:\/\/nativainfo.com\/index.php?rest_route=\/wp\/v2\/types\/post"}],"author":[{"embeddable":true,"href":"https:\/\/nativainfo.com\/index.php?rest_route=\/wp\/v2\/users\/1"}],"replies":[{"embeddable":true,"href":"https:\/\/nativainfo.com\/index.php?rest_route=%2Fwp%2Fv2%2Fcomments&post=707"}],"version-history":[{"count":1,"href":"https:\/\/nativainfo.com\/index.php?rest_route=\/wp\/v2\/posts\/707\/revisions"}],"predecessor-version":[{"id":709,"href":"https:\/\/nativainfo.com\/index.php?rest_route=\/wp\/v2\/posts\/707\/revisions\/709"}],"wp:attachment":[{"href":"https:\/\/nativainfo.com\/index.php?rest_route=%2Fwp%2Fv2%2Fmedia&parent=707"}],"wp:term":[{"taxonomy":"category","embeddable":true,"href":"https:\/\/nativainfo.com\/index.php?rest_route=%2Fwp%2Fv2%2Fcategories&post=707"},{"taxonomy":"post_tag","embeddable":true,"href":"https:\/\/nativainfo.com\/index.php?rest_route=%2Fwp%2Fv2%2Ftags&post=707"}],"curies":[{"name":"wp","href":"https:\/\/api.w.org\/{rel}","templated":true}]}}