{"id":648,"date":"2020-09-11T02:45:06","date_gmt":"2020-09-11T05:45:06","guid":{"rendered":"https:\/\/nativainfo.com\/?p=648"},"modified":"2020-09-11T02:45:08","modified_gmt":"2020-09-11T05:45:08","slug":"la-defensoria-del-pueblo-de-la-provincia-suscribio-un-convenio-marco-de-cooperacion-con-la-municipalidad-de-fernandez","status":"publish","type":"post","link":"https:\/\/nativainfo.com\/?p=648","title":{"rendered":"La Defensor\u00eda del Pueblo de la Provincia suscribi\u00f3 un convenio marco de cooperaci\u00f3n con la Municipalidad de Fern\u00e1ndez"},"content":{"rendered":"\n<figure class=\"wp-block-image size-large\"><img fetchpriority=\"high\" decoding=\"async\" width=\"750\" height=\"410\" src=\"https:\/\/nativainfo.com\/wp-content\/uploads\/2020\/09\/img_7452.jpg\" alt=\"\" class=\"wp-image-647\" srcset=\"https:\/\/nativainfo.com\/wp-content\/uploads\/2020\/09\/img_7452.jpg 750w, https:\/\/nativainfo.com\/wp-content\/uploads\/2020\/09\/img_7452-300x164.jpg 300w, https:\/\/nativainfo.com\/wp-content\/uploads\/2020\/09\/img_7452-640x350.jpg 640w, https:\/\/nativainfo.com\/wp-content\/uploads\/2020\/09\/img_7452-150x82.jpg 150w\" sizes=\"(max-width: 750px) 100vw, 750px\" \/><\/figure>\n\n\n\n<p><strong><em>Se avanzar\u00e1 en la constituci\u00f3n de una Delegaci\u00f3n local de la Defensor\u00eda del Pueblo en Fern\u00e1ndez. <\/em><\/strong>Ayer, la Defensor\u00eda del Pueblo de la Provincia y, la Municipalidad de la ciudad de Fern\u00e1ndez, representada en el acto por el Dr Lionel Su\u00e1rez, y el Intendente, Dr. V\u00edctor Araujo rubricaron un Convenio Marco de Cooperacion rec\u00edproca. <\/p>\n\n\n\n<p>El convenio contempla \u00abla defensa, promoci\u00f3n y protecci\u00f3n de los derechos humanos, con el fin de mejorar la calidad de vida, propendiendo al desarrollo sustentable, y al hacerlo instar a la consecuci\u00f3n de los derechos de las personas, coadyuvan en el debido desarrollo institucional, as\u00ed como la necesidad de potenciar la integraci\u00f3n de los distintos sectores de nuestra comunidad en b\u00fasqueda de la consolidaci\u00f3n de valores como la solidaridad, la participaci\u00f3n ciudadana y la responsabilidad social como herramienta para propender al tan ansiado bien com\u00fan\u00bb.<\/p>\n","protected":false},"excerpt":{"rendered":"<p>Se avanzar\u00e1 en la constituci\u00f3n de una Delegaci\u00f3n local de la Defensor\u00eda del Pueblo en Fern\u00e1ndez. Ayer, la Defensor\u00eda del&#8230; <a class=\"continue-reading-link\" href=\"https:\/\/nativainfo.com\/?p=648\">Continue reading<\/a><\/p>\n","protected":false},"author":1,"featured_media":0,"comment_status":"open","ping_status":"open","sticky":false,"template":"","format":"standard","meta":{"rop_custom_images_group":[],"rop_custom_messages_group":[],"rop_publish_now":"initial","rop_publish_now_accounts":[],"rop_publish_now_history":[],"rop_publish_now_status":"pending","footnotes":"","jetpack_publicize_message":"","jetpack_publicize_feature_enabled":true,"jetpack_social_post_already_shared":false,"jetpack_social_options":{"image_generator_settings":{"template":"highway","default_image_id":0,"font":"","enabled":false},"version":2}},"categories":[13],"tags":[],"class_list":["post-648","post","type-post","status-publish","format-standard","hentry","category-fernandez"],"yoast_head":"<!-- This site is optimized with the Yoast SEO plugin v25.6 - https:\/\/yoast.com\/wordpress\/plugins\/seo\/ -->\n<title>La Defensor\u00eda del Pueblo de la Provincia suscribi\u00f3 un convenio marco de cooperaci\u00f3n con la Municipalidad de Fern\u00e1ndez - Nativa Info<\/title>\n<meta name=\"robots\" content=\"index, follow, max-snippet:-1, max-image-preview:large, max-video-preview:-1\" \/>\n<link rel=\"canonical\" href=\"https:\/\/nativainfo.com\/?p=648\" \/>\n<meta property=\"og:locale\" content=\"es_ES\" \/>\n<meta property=\"og:type\" content=\"article\" \/>\n<meta property=\"og:title\" content=\"La Defensor\u00eda del Pueblo de la Provincia suscribi\u00f3 un convenio marco de cooperaci\u00f3n con la Municipalidad de Fern\u00e1ndez - Nativa Info\" \/>\n<meta property=\"og:description\" content=\"Se avanzar\u00e1 en la constituci\u00f3n de una Delegaci\u00f3n local de la Defensor\u00eda del Pueblo en Fern\u00e1ndez. Ayer, la Defensor\u00eda del... Continue reading\" \/>\n<meta property=\"og:url\" content=\"https:\/\/nativainfo.com\/?p=648\" \/>\n<meta property=\"og:site_name\" content=\"Nativa Info\" \/>\n<meta property=\"article:publisher\" content=\"https:\/\/www.facebook.com\/profile.php?id=61578881597564\" \/>\n<meta property=\"article:published_time\" content=\"2020-09-11T05:45:06+00:00\" \/>\n<meta property=\"article:modified_time\" content=\"2020-09-11T05:45:08+00:00\" \/>\n<meta property=\"og:image\" content=\"https:\/\/nativainfo.com\/wp-content\/uploads\/2020\/09\/img_7452.jpg\" \/>\n<meta name=\"author\" content=\"Nativa Info\" \/>\n<meta name=\"twitter:card\" content=\"summary_large_image\" \/>\n<meta name=\"twitter:label1\" content=\"Escrito por\" \/>\n\t<meta name=\"twitter:data1\" content=\"Nativa Info\" \/>\n\t<meta name=\"twitter:label2\" content=\"Tiempo de lectura\" \/>\n\t<meta name=\"twitter:data2\" content=\"1 minuto\" \/>\n<script type=\"application\/ld+json\" class=\"yoast-schema-graph\">{\"@context\":\"https:\/\/schema.org\",\"@graph\":[{\"@type\":\"Article\",\"@id\":\"https:\/\/nativainfo.com\/?p=648#article\",\"isPartOf\":{\"@id\":\"https:\/\/nativainfo.com\/?p=648\"},\"author\":{\"name\":\"Nativa Info\",\"@id\":\"https:\/\/nativainfo.com\/#\/schema\/person\/24893b64a9cd564ddb5d102d36eb4b5c\"},\"headline\":\"La Defensor\u00eda del Pueblo de la Provincia suscribi\u00f3 un convenio marco de cooperaci\u00f3n con la Municipalidad de Fern\u00e1ndez\",\"datePublished\":\"2020-09-11T05:45:06+00:00\",\"dateModified\":\"2020-09-11T05:45:08+00:00\",\"mainEntityOfPage\":{\"@id\":\"https:\/\/nativainfo.com\/?p=648\"},\"wordCount\":177,\"commentCount\":0,\"publisher\":{\"@id\":\"https:\/\/nativainfo.com\/#organization\"},\"image\":{\"@id\":\"https:\/\/nativainfo.com\/?p=648#primaryimage\"},\"thumbnailUrl\":\"https:\/\/nativainfo.com\/wp-content\/uploads\/2020\/09\/img_7452.jpg\",\"articleSection\":[\"Fern\u00e1ndez\"],\"inLanguage\":\"es-AR\",\"potentialAction\":[{\"@type\":\"CommentAction\",\"name\":\"Comment\",\"target\":[\"https:\/\/nativainfo.com\/?p=648#respond\"]}]},{\"@type\":\"WebPage\",\"@id\":\"https:\/\/nativainfo.com\/?p=648\",\"url\":\"https:\/\/nativainfo.com\/?p=648\",\"name\":\"La Defensor\u00eda del Pueblo de la Provincia suscribi\u00f3 un convenio marco de cooperaci\u00f3n con la Municipalidad de Fern\u00e1ndez - Nativa Info\",\"isPartOf\":{\"@id\":\"https:\/\/nativainfo.com\/#website\"},\"primaryImageOfPage\":{\"@id\":\"https:\/\/nativainfo.com\/?p=648#primaryimage\"},\"image\":{\"@id\":\"https:\/\/nativainfo.com\/?p=648#primaryimage\"},\"thumbnailUrl\":\"https:\/\/nativainfo.com\/wp-content\/uploads\/2020\/09\/img_7452.jpg\",\"datePublished\":\"2020-09-11T05:45:06+00:00\",\"dateModified\":\"2020-09-11T05:45:08+00:00\",\"breadcrumb\":{\"@id\":\"https:\/\/nativainfo.com\/?p=648#breadcrumb\"},\"inLanguage\":\"es-AR\",\"potentialAction\":[{\"@type\":\"ReadAction\",\"target\":[\"https:\/\/nativainfo.com\/?p=648\"]}]},{\"@type\":\"ImageObject\",\"inLanguage\":\"es-AR\",\"@id\":\"https:\/\/nativainfo.com\/?p=648#primaryimage\",\"url\":\"https:\/\/nativainfo.com\/wp-content\/uploads\/2020\/09\/img_7452.jpg\",\"contentUrl\":\"https:\/\/nativainfo.com\/wp-content\/uploads\/2020\/09\/img_7452.jpg\"},{\"@type\":\"BreadcrumbList\",\"@id\":\"https:\/\/nativainfo.com\/?p=648#breadcrumb\",\"itemListElement\":[{\"@type\":\"ListItem\",\"position\":1,\"name\":\"Inicio\",\"item\":\"https:\/\/nativainfo.com\/\"},{\"@type\":\"ListItem\",\"position\":2,\"name\":\"La Defensor\u00eda del Pueblo de la Provincia suscribi\u00f3 un convenio marco de cooperaci\u00f3n con la Municipalidad de Fern\u00e1ndez\"}]},{\"@type\":\"WebSite\",\"@id\":\"https:\/\/nativainfo.com\/#website\",\"url\":\"https:\/\/nativainfo.com\/\",\"name\":\"Nativa Info\",\"description\":\"Diario Digital\",\"publisher\":{\"@id\":\"https:\/\/nativainfo.com\/#organization\"},\"potentialAction\":[{\"@type\":\"SearchAction\",\"target\":{\"@type\":\"EntryPoint\",\"urlTemplate\":\"https:\/\/nativainfo.com\/?s={search_term_string}\"},\"query-input\":{\"@type\":\"PropertyValueSpecification\",\"valueRequired\":true,\"valueName\":\"search_term_string\"}}],\"inLanguage\":\"es-AR\"},{\"@type\":\"Organization\",\"@id\":\"https:\/\/nativainfo.com\/#organization\",\"name\":\"Nativa Info\",\"url\":\"https:\/\/nativainfo.com\/\",\"logo\":{\"@type\":\"ImageObject\",\"inLanguage\":\"es-AR\",\"@id\":\"https:\/\/nativainfo.com\/#\/schema\/logo\/image\/\",\"url\":\"https:\/\/nativainfo.com\/wp-content\/uploads\/2025\/08\/LOGO-NATIVA-FACE.jpg\",\"contentUrl\":\"https:\/\/nativainfo.com\/wp-content\/uploads\/2025\/08\/LOGO-NATIVA-FACE.jpg\",\"width\":400,\"height\":400,\"caption\":\"Nativa Info\"},\"image\":{\"@id\":\"https:\/\/nativainfo.com\/#\/schema\/logo\/image\/\"},\"sameAs\":[\"https:\/\/www.facebook.com\/profile.php?id=61578881597564\"]},{\"@type\":\"Person\",\"@id\":\"https:\/\/nativainfo.com\/#\/schema\/person\/24893b64a9cd564ddb5d102d36eb4b5c\",\"name\":\"Nativa Info\",\"image\":{\"@type\":\"ImageObject\",\"inLanguage\":\"es-AR\",\"@id\":\"https:\/\/nativainfo.com\/#\/schema\/person\/image\/\",\"url\":\"https:\/\/secure.gravatar.com\/avatar\/016fa1cf068d85136d938e1507b9b619cb766e2565cbb1faa1e571762460c785?s=96&d=mm&r=g\",\"contentUrl\":\"https:\/\/secure.gravatar.com\/avatar\/016fa1cf068d85136d938e1507b9b619cb766e2565cbb1faa1e571762460c785?s=96&d=mm&r=g\",\"caption\":\"Nativa Info\"},\"sameAs\":[\"http:\/\/nativainfo.com\"],\"url\":\"https:\/\/nativainfo.com\/?author=1\"}]}<\/script>\n<!-- \/ Yoast SEO plugin. -->","yoast_head_json":{"title":"La Defensor\u00eda del Pueblo de la Provincia suscribi\u00f3 un convenio marco de cooperaci\u00f3n con la Municipalidad de Fern\u00e1ndez - Nativa Info","robots":{"index":"index","follow":"follow","max-snippet":"max-snippet:-1","max-image-preview":"max-image-preview:large","max-video-preview":"max-video-preview:-1"},"canonical":"https:\/\/nativainfo.com\/?p=648","og_locale":"es_ES","og_type":"article","og_title":"La Defensor\u00eda del Pueblo de la Provincia suscribi\u00f3 un convenio marco de cooperaci\u00f3n con la Municipalidad de Fern\u00e1ndez - Nativa Info","og_description":"Se avanzar\u00e1 en la constituci\u00f3n de una Delegaci\u00f3n local de la Defensor\u00eda del Pueblo en Fern\u00e1ndez. Ayer, la Defensor\u00eda del... Continue reading","og_url":"https:\/\/nativainfo.com\/?p=648","og_site_name":"Nativa Info","article_publisher":"https:\/\/www.facebook.com\/profile.php?id=61578881597564","article_published_time":"2020-09-11T05:45:06+00:00","article_modified_time":"2020-09-11T05:45:08+00:00","og_image":[{"url":"https:\/\/nativainfo.com\/wp-content\/uploads\/2020\/09\/img_7452.jpg","type":"","width":"","height":""}],"author":"Nativa Info","twitter_card":"summary_large_image","twitter_misc":{"Escrito por":"Nativa Info","Tiempo de lectura":"1 minuto"},"schema":{"@context":"https:\/\/schema.org","@graph":[{"@type":"Article","@id":"https:\/\/nativainfo.com\/?p=648#article","isPartOf":{"@id":"https:\/\/nativainfo.com\/?p=648"},"author":{"name":"Nativa Info","@id":"https:\/\/nativainfo.com\/#\/schema\/person\/24893b64a9cd564ddb5d102d36eb4b5c"},"headline":"La Defensor\u00eda del Pueblo de la Provincia suscribi\u00f3 un convenio marco de cooperaci\u00f3n con la Municipalidad de Fern\u00e1ndez","datePublished":"2020-09-11T05:45:06+00:00","dateModified":"2020-09-11T05:45:08+00:00","mainEntityOfPage":{"@id":"https:\/\/nativainfo.com\/?p=648"},"wordCount":177,"commentCount":0,"publisher":{"@id":"https:\/\/nativainfo.com\/#organization"},"image":{"@id":"https:\/\/nativainfo.com\/?p=648#primaryimage"},"thumbnailUrl":"https:\/\/nativainfo.com\/wp-content\/uploads\/2020\/09\/img_7452.jpg","articleSection":["Fern\u00e1ndez"],"inLanguage":"es-AR","potentialAction":[{"@type":"CommentAction","name":"Comment","target":["https:\/\/nativainfo.com\/?p=648#respond"]}]},{"@type":"WebPage","@id":"https:\/\/nativainfo.com\/?p=648","url":"https:\/\/nativainfo.com\/?p=648","name":"La Defensor\u00eda del Pueblo de la Provincia suscribi\u00f3 un convenio marco de cooperaci\u00f3n con la Municipalidad de Fern\u00e1ndez - Nativa Info","isPartOf":{"@id":"https:\/\/nativainfo.com\/#website"},"primaryImageOfPage":{"@id":"https:\/\/nativainfo.com\/?p=648#primaryimage"},"image":{"@id":"https:\/\/nativainfo.com\/?p=648#primaryimage"},"thumbnailUrl":"https:\/\/nativainfo.com\/wp-content\/uploads\/2020\/09\/img_7452.jpg","datePublished":"2020-09-11T05:45:06+00:00","dateModified":"2020-09-11T05:45:08+00:00","breadcrumb":{"@id":"https:\/\/nativainfo.com\/?p=648#breadcrumb"},"inLanguage":"es-AR","potentialAction":[{"@type":"ReadAction","target":["https:\/\/nativainfo.com\/?p=648"]}]},{"@type":"ImageObject","inLanguage":"es-AR","@id":"https:\/\/nativainfo.com\/?p=648#primaryimage","url":"https:\/\/nativainfo.com\/wp-content\/uploads\/2020\/09\/img_7452.jpg","contentUrl":"https:\/\/nativainfo.com\/wp-content\/uploads\/2020\/09\/img_7452.jpg"},{"@type":"BreadcrumbList","@id":"https:\/\/nativainfo.com\/?p=648#breadcrumb","itemListElement":[{"@type":"ListItem","position":1,"name":"Inicio","item":"https:\/\/nativainfo.com\/"},{"@type":"ListItem","position":2,"name":"La Defensor\u00eda del Pueblo de la Provincia suscribi\u00f3 un convenio marco de cooperaci\u00f3n con la Municipalidad de Fern\u00e1ndez"}]},{"@type":"WebSite","@id":"https:\/\/nativainfo.com\/#website","url":"https:\/\/nativainfo.com\/","name":"Nativa Info","description":"Diario Digital","publisher":{"@id":"https:\/\/nativainfo.com\/#organization"},"potentialAction":[{"@type":"SearchAction","target":{"@type":"EntryPoint","urlTemplate":"https:\/\/nativainfo.com\/?s={search_term_string}"},"query-input":{"@type":"PropertyValueSpecification","valueRequired":true,"valueName":"search_term_string"}}],"inLanguage":"es-AR"},{"@type":"Organization","@id":"https:\/\/nativainfo.com\/#organization","name":"Nativa Info","url":"https:\/\/nativainfo.com\/","logo":{"@type":"ImageObject","inLanguage":"es-AR","@id":"https:\/\/nativainfo.com\/#\/schema\/logo\/image\/","url":"https:\/\/nativainfo.com\/wp-content\/uploads\/2025\/08\/LOGO-NATIVA-FACE.jpg","contentUrl":"https:\/\/nativainfo.com\/wp-content\/uploads\/2025\/08\/LOGO-NATIVA-FACE.jpg","width":400,"height":400,"caption":"Nativa Info"},"image":{"@id":"https:\/\/nativainfo.com\/#\/schema\/logo\/image\/"},"sameAs":["https:\/\/www.facebook.com\/profile.php?id=61578881597564"]},{"@type":"Person","@id":"https:\/\/nativainfo.com\/#\/schema\/person\/24893b64a9cd564ddb5d102d36eb4b5c","name":"Nativa Info","image":{"@type":"ImageObject","inLanguage":"es-AR","@id":"https:\/\/nativainfo.com\/#\/schema\/person\/image\/","url":"https:\/\/secure.gravatar.com\/avatar\/016fa1cf068d85136d938e1507b9b619cb766e2565cbb1faa1e571762460c785?s=96&d=mm&r=g","contentUrl":"https:\/\/secure.gravatar.com\/avatar\/016fa1cf068d85136d938e1507b9b619cb766e2565cbb1faa1e571762460c785?s=96&d=mm&r=g","caption":"Nativa Info"},"sameAs":["http:\/\/nativainfo.com"],"url":"https:\/\/nativainfo.com\/?author=1"}]}},"jetpack_publicize_connections":[],"_links":{"self":[{"href":"https:\/\/nativainfo.com\/index.php?rest_route=\/wp\/v2\/posts\/648","targetHints":{"allow":["GET"]}}],"collection":[{"href":"https:\/\/nativainfo.com\/index.php?rest_route=\/wp\/v2\/posts"}],"about":[{"href":"https:\/\/nativainfo.com\/index.php?rest_route=\/wp\/v2\/types\/post"}],"author":[{"embeddable":true,"href":"https:\/\/nativainfo.com\/index.php?rest_route=\/wp\/v2\/users\/1"}],"replies":[{"embeddable":true,"href":"https:\/\/nativainfo.com\/index.php?rest_route=%2Fwp%2Fv2%2Fcomments&post=648"}],"version-history":[{"count":1,"href":"https:\/\/nativainfo.com\/index.php?rest_route=\/wp\/v2\/posts\/648\/revisions"}],"predecessor-version":[{"id":649,"href":"https:\/\/nativainfo.com\/index.php?rest_route=\/wp\/v2\/posts\/648\/revisions\/649"}],"wp:attachment":[{"href":"https:\/\/nativainfo.com\/index.php?rest_route=%2Fwp%2Fv2%2Fmedia&parent=648"}],"wp:term":[{"taxonomy":"category","embeddable":true,"href":"https:\/\/nativainfo.com\/index.php?rest_route=%2Fwp%2Fv2%2Fcategories&post=648"},{"taxonomy":"post_tag","embeddable":true,"href":"https:\/\/nativainfo.com\/index.php?rest_route=%2Fwp%2Fv2%2Ftags&post=648"}],"curies":[{"name":"wp","href":"https:\/\/api.w.org\/{rel}","templated":true}]}}