{"id":641,"date":"2020-09-10T10:07:09","date_gmt":"2020-09-10T13:07:09","guid":{"rendered":"http:\/\/nativainfo.com\/?p=641"},"modified":"2020-09-10T10:07:09","modified_gmt":"2020-09-10T13:07:09","slug":"alberto-fernandez-y-la-quita-de-fondos-a-la-ciudad-no-es-inesperado-es-una-decision-muy-hablada-con-larreta","status":"publish","type":"post","link":"https:\/\/nativainfo.com\/?p=641","title":{"rendered":"Alberto Fern\u00e1ndez y la quita de fondos a la Ciudad: \u201cNo es inesperado, es una decisi\u00f3n muy hablada con Larreta\u201d"},"content":{"rendered":"\n<p>El Presidente afirm\u00f3 que la medida anunciada el mi\u00e9rcoles \u201cestaba casi tomada, pero fue postergada por la pandemia\u201d de coronavirus.<\/p>\n\n\n\n<figure class=\"wp-block-image size-large\"><img fetchpriority=\"high\" decoding=\"async\" width=\"750\" height=\"500\" src=\"http:\/\/nativainfo.com\/wp-content\/uploads\/2020\/09\/aff-laretta.jpg\" alt=\"\" class=\"wp-image-642\" srcset=\"https:\/\/nativainfo.com\/wp-content\/uploads\/2020\/09\/aff-laretta.jpg 750w, https:\/\/nativainfo.com\/wp-content\/uploads\/2020\/09\/aff-laretta-300x200.jpg 300w, https:\/\/nativainfo.com\/wp-content\/uploads\/2020\/09\/aff-laretta-525x350.jpg 525w, https:\/\/nativainfo.com\/wp-content\/uploads\/2020\/09\/aff-laretta-150x100.jpg 150w\" sizes=\"(max-width: 750px) 100vw, 750px\" \/><\/figure>\n\n\n\n<p>El anuncio de Alberto Fern\u00e1ndez de\u00a0quitarle por decreto m\u00e1s de un punto de la coparticipaci\u00f3n a la Ciudad de Buenos Aires\u00a0para asistir a la Provincia en medio del conflicto con la Polic\u00eda bonaerense sorprendi\u00f3 a todo el arco opositor. Pero este jueves, el Presidente afirm\u00f3 que la medida no es inesperada y que estaba &#8220;muy hablada&#8221; con Horacio Rodr\u00edguez Larreta.\u00a0<\/p>\n\n\n\n<p><strong>&#8220;Era una decisi\u00f3n que ten\u00edamos casi tomada y muy hablada con el jefe de Gobierno de la Ciudad de Buenos Aires&nbsp;<\/strong>y que postergamos porque lleg\u00f3 la pandemia y muchas de estas discusiones las postergamos&#8221;, afirm\u00f3 el mandatario.&nbsp;<\/p>\n\n\n\n<p>El mi\u00e9rcoles, y en medio de la creciente tensi\u00f3n por la protesta policial que incluso hab\u00eda llegado a las puertas de la Quinta Presidencial de Olivos, Fern\u00e1ndez anunci\u00f3 la creaci\u00f3n de un Fondo de Fortalecimiento Fiscal de la Provincia de Buenos Aires, financiado con la quita de m\u00e1s de un punto de la coparticipaci\u00f3n que recibe la Ciudad de Buenos Aires.<\/p>\n\n\n\n<p>-Fuente: Clar\u00edn-<\/p>\n","protected":false},"excerpt":{"rendered":"<p>El Presidente afirm\u00f3 que la medida anunciada el mi\u00e9rcoles \u201cestaba casi tomada, pero fue postergada por la pandemia\u201d de coronavirus&#8230;. <a class=\"continue-reading-link\" href=\"https:\/\/nativainfo.com\/?p=641\">Continue reading<\/a><\/p>\n","protected":false},"author":1,"featured_media":0,"comment_status":"open","ping_status":"open","sticky":false,"template":"","format":"standard","meta":{"rop_custom_images_group":[],"rop_custom_messages_group":[],"rop_publish_now":"initial","rop_publish_now_accounts":[],"rop_publish_now_history":[],"rop_publish_now_status":"pending","footnotes":"","jetpack_publicize_message":"","jetpack_publicize_feature_enabled":true,"jetpack_social_post_already_shared":false,"jetpack_social_options":{"image_generator_settings":{"template":"highway","default_image_id":0,"font":"","enabled":false},"version":2}},"categories":[37,38,16],"tags":[],"class_list":["post-641","post","type-post","status-publish","format-standard","hentry","category-buenos-aires","category-caba","category-economia"],"yoast_head":"<!-- This site is optimized with the Yoast SEO plugin v25.6 - https:\/\/yoast.com\/wordpress\/plugins\/seo\/ -->\n<title>Alberto Fern\u00e1ndez y la quita de fondos a la Ciudad: \u201cNo es inesperado, es una decisi\u00f3n muy hablada con Larreta\u201d - Nativa Info<\/title>\n<meta name=\"robots\" content=\"index, follow, max-snippet:-1, max-image-preview:large, max-video-preview:-1\" \/>\n<link rel=\"canonical\" href=\"https:\/\/nativainfo.com\/?p=641\" \/>\n<meta property=\"og:locale\" content=\"es_ES\" \/>\n<meta property=\"og:type\" content=\"article\" \/>\n<meta property=\"og:title\" content=\"Alberto Fern\u00e1ndez y la quita de fondos a la Ciudad: \u201cNo es inesperado, es una decisi\u00f3n muy hablada con Larreta\u201d - Nativa Info\" \/>\n<meta property=\"og:description\" content=\"El Presidente afirm\u00f3 que la medida anunciada el mi\u00e9rcoles \u201cestaba casi tomada, pero fue postergada por la pandemia\u201d de coronavirus.... Continue reading\" \/>\n<meta property=\"og:url\" content=\"https:\/\/nativainfo.com\/?p=641\" \/>\n<meta property=\"og:site_name\" content=\"Nativa Info\" \/>\n<meta property=\"article:publisher\" content=\"https:\/\/www.facebook.com\/profile.php?id=61578881597564\" \/>\n<meta property=\"article:published_time\" content=\"2020-09-10T13:07:09+00:00\" \/>\n<meta property=\"og:image\" content=\"http:\/\/nativainfo.com\/wp-content\/uploads\/2020\/09\/aff-laretta.jpg\" \/>\n<meta name=\"author\" content=\"Nativa Info\" \/>\n<meta name=\"twitter:card\" content=\"summary_large_image\" \/>\n<meta name=\"twitter:label1\" content=\"Escrito por\" \/>\n\t<meta name=\"twitter:data1\" content=\"Nativa Info\" \/>\n\t<meta name=\"twitter:label2\" content=\"Tiempo de lectura\" \/>\n\t<meta name=\"twitter:data2\" content=\"1 minuto\" \/>\n<script type=\"application\/ld+json\" class=\"yoast-schema-graph\">{\"@context\":\"https:\/\/schema.org\",\"@graph\":[{\"@type\":\"Article\",\"@id\":\"https:\/\/nativainfo.com\/?p=641#article\",\"isPartOf\":{\"@id\":\"https:\/\/nativainfo.com\/?p=641\"},\"author\":{\"name\":\"Nativa Info\",\"@id\":\"https:\/\/nativainfo.com\/#\/schema\/person\/24893b64a9cd564ddb5d102d36eb4b5c\"},\"headline\":\"Alberto Fern\u00e1ndez y la quita de fondos a la Ciudad: \u201cNo es inesperado, es una decisi\u00f3n muy hablada con Larreta\u201d\",\"datePublished\":\"2020-09-10T13:07:09+00:00\",\"mainEntityOfPage\":{\"@id\":\"https:\/\/nativainfo.com\/?p=641\"},\"wordCount\":223,\"commentCount\":0,\"publisher\":{\"@id\":\"https:\/\/nativainfo.com\/#organization\"},\"image\":{\"@id\":\"https:\/\/nativainfo.com\/?p=641#primaryimage\"},\"thumbnailUrl\":\"http:\/\/nativainfo.com\/wp-content\/uploads\/2020\/09\/aff-laretta.jpg\",\"articleSection\":[\"Buenos Aires\",\"CABA\",\"Econom\u00eda\"],\"inLanguage\":\"es-AR\",\"potentialAction\":[{\"@type\":\"CommentAction\",\"name\":\"Comment\",\"target\":[\"https:\/\/nativainfo.com\/?p=641#respond\"]}]},{\"@type\":\"WebPage\",\"@id\":\"https:\/\/nativainfo.com\/?p=641\",\"url\":\"https:\/\/nativainfo.com\/?p=641\",\"name\":\"Alberto Fern\u00e1ndez y la quita de fondos a la Ciudad: \u201cNo es inesperado, es una decisi\u00f3n muy hablada con Larreta\u201d - Nativa Info\",\"isPartOf\":{\"@id\":\"https:\/\/nativainfo.com\/#website\"},\"primaryImageOfPage\":{\"@id\":\"https:\/\/nativainfo.com\/?p=641#primaryimage\"},\"image\":{\"@id\":\"https:\/\/nativainfo.com\/?p=641#primaryimage\"},\"thumbnailUrl\":\"http:\/\/nativainfo.com\/wp-content\/uploads\/2020\/09\/aff-laretta.jpg\",\"datePublished\":\"2020-09-10T13:07:09+00:00\",\"breadcrumb\":{\"@id\":\"https:\/\/nativainfo.com\/?p=641#breadcrumb\"},\"inLanguage\":\"es-AR\",\"potentialAction\":[{\"@type\":\"ReadAction\",\"target\":[\"https:\/\/nativainfo.com\/?p=641\"]}]},{\"@type\":\"ImageObject\",\"inLanguage\":\"es-AR\",\"@id\":\"https:\/\/nativainfo.com\/?p=641#primaryimage\",\"url\":\"https:\/\/nativainfo.com\/wp-content\/uploads\/2020\/09\/aff-laretta.jpg\",\"contentUrl\":\"https:\/\/nativainfo.com\/wp-content\/uploads\/2020\/09\/aff-laretta.jpg\",\"width\":750,\"height\":500},{\"@type\":\"BreadcrumbList\",\"@id\":\"https:\/\/nativainfo.com\/?p=641#breadcrumb\",\"itemListElement\":[{\"@type\":\"ListItem\",\"position\":1,\"name\":\"Inicio\",\"item\":\"https:\/\/nativainfo.com\/\"},{\"@type\":\"ListItem\",\"position\":2,\"name\":\"Alberto Fern\u00e1ndez y la quita de fondos a la Ciudad: \u201cNo es inesperado, es una decisi\u00f3n muy hablada con Larreta\u201d\"}]},{\"@type\":\"WebSite\",\"@id\":\"https:\/\/nativainfo.com\/#website\",\"url\":\"https:\/\/nativainfo.com\/\",\"name\":\"Nativa Info\",\"description\":\"Diario Digital\",\"publisher\":{\"@id\":\"https:\/\/nativainfo.com\/#organization\"},\"potentialAction\":[{\"@type\":\"SearchAction\",\"target\":{\"@type\":\"EntryPoint\",\"urlTemplate\":\"https:\/\/nativainfo.com\/?s={search_term_string}\"},\"query-input\":{\"@type\":\"PropertyValueSpecification\",\"valueRequired\":true,\"valueName\":\"search_term_string\"}}],\"inLanguage\":\"es-AR\"},{\"@type\":\"Organization\",\"@id\":\"https:\/\/nativainfo.com\/#organization\",\"name\":\"Nativa Info\",\"url\":\"https:\/\/nativainfo.com\/\",\"logo\":{\"@type\":\"ImageObject\",\"inLanguage\":\"es-AR\",\"@id\":\"https:\/\/nativainfo.com\/#\/schema\/logo\/image\/\",\"url\":\"https:\/\/nativainfo.com\/wp-content\/uploads\/2025\/08\/LOGO-NATIVA-FACE.jpg\",\"contentUrl\":\"https:\/\/nativainfo.com\/wp-content\/uploads\/2025\/08\/LOGO-NATIVA-FACE.jpg\",\"width\":400,\"height\":400,\"caption\":\"Nativa Info\"},\"image\":{\"@id\":\"https:\/\/nativainfo.com\/#\/schema\/logo\/image\/\"},\"sameAs\":[\"https:\/\/www.facebook.com\/profile.php?id=61578881597564\"]},{\"@type\":\"Person\",\"@id\":\"https:\/\/nativainfo.com\/#\/schema\/person\/24893b64a9cd564ddb5d102d36eb4b5c\",\"name\":\"Nativa Info\",\"image\":{\"@type\":\"ImageObject\",\"inLanguage\":\"es-AR\",\"@id\":\"https:\/\/nativainfo.com\/#\/schema\/person\/image\/\",\"url\":\"https:\/\/secure.gravatar.com\/avatar\/016fa1cf068d85136d938e1507b9b619cb766e2565cbb1faa1e571762460c785?s=96&d=mm&r=g\",\"contentUrl\":\"https:\/\/secure.gravatar.com\/avatar\/016fa1cf068d85136d938e1507b9b619cb766e2565cbb1faa1e571762460c785?s=96&d=mm&r=g\",\"caption\":\"Nativa Info\"},\"sameAs\":[\"http:\/\/nativainfo.com\"],\"url\":\"https:\/\/nativainfo.com\/?author=1\"}]}<\/script>\n<!-- \/ Yoast SEO plugin. -->","yoast_head_json":{"title":"Alberto Fern\u00e1ndez y la quita de fondos a la Ciudad: \u201cNo es inesperado, es una decisi\u00f3n muy hablada con Larreta\u201d - Nativa Info","robots":{"index":"index","follow":"follow","max-snippet":"max-snippet:-1","max-image-preview":"max-image-preview:large","max-video-preview":"max-video-preview:-1"},"canonical":"https:\/\/nativainfo.com\/?p=641","og_locale":"es_ES","og_type":"article","og_title":"Alberto Fern\u00e1ndez y la quita de fondos a la Ciudad: \u201cNo es inesperado, es una decisi\u00f3n muy hablada con Larreta\u201d - Nativa Info","og_description":"El Presidente afirm\u00f3 que la medida anunciada el mi\u00e9rcoles \u201cestaba casi tomada, pero fue postergada por la pandemia\u201d de coronavirus.... Continue reading","og_url":"https:\/\/nativainfo.com\/?p=641","og_site_name":"Nativa Info","article_publisher":"https:\/\/www.facebook.com\/profile.php?id=61578881597564","article_published_time":"2020-09-10T13:07:09+00:00","og_image":[{"url":"http:\/\/nativainfo.com\/wp-content\/uploads\/2020\/09\/aff-laretta.jpg","type":"","width":"","height":""}],"author":"Nativa Info","twitter_card":"summary_large_image","twitter_misc":{"Escrito por":"Nativa Info","Tiempo de lectura":"1 minuto"},"schema":{"@context":"https:\/\/schema.org","@graph":[{"@type":"Article","@id":"https:\/\/nativainfo.com\/?p=641#article","isPartOf":{"@id":"https:\/\/nativainfo.com\/?p=641"},"author":{"name":"Nativa Info","@id":"https:\/\/nativainfo.com\/#\/schema\/person\/24893b64a9cd564ddb5d102d36eb4b5c"},"headline":"Alberto Fern\u00e1ndez y la quita de fondos a la Ciudad: \u201cNo es inesperado, es una decisi\u00f3n muy hablada con Larreta\u201d","datePublished":"2020-09-10T13:07:09+00:00","mainEntityOfPage":{"@id":"https:\/\/nativainfo.com\/?p=641"},"wordCount":223,"commentCount":0,"publisher":{"@id":"https:\/\/nativainfo.com\/#organization"},"image":{"@id":"https:\/\/nativainfo.com\/?p=641#primaryimage"},"thumbnailUrl":"http:\/\/nativainfo.com\/wp-content\/uploads\/2020\/09\/aff-laretta.jpg","articleSection":["Buenos Aires","CABA","Econom\u00eda"],"inLanguage":"es-AR","potentialAction":[{"@type":"CommentAction","name":"Comment","target":["https:\/\/nativainfo.com\/?p=641#respond"]}]},{"@type":"WebPage","@id":"https:\/\/nativainfo.com\/?p=641","url":"https:\/\/nativainfo.com\/?p=641","name":"Alberto Fern\u00e1ndez y la quita de fondos a la Ciudad: \u201cNo es inesperado, es una decisi\u00f3n muy hablada con Larreta\u201d - Nativa Info","isPartOf":{"@id":"https:\/\/nativainfo.com\/#website"},"primaryImageOfPage":{"@id":"https:\/\/nativainfo.com\/?p=641#primaryimage"},"image":{"@id":"https:\/\/nativainfo.com\/?p=641#primaryimage"},"thumbnailUrl":"http:\/\/nativainfo.com\/wp-content\/uploads\/2020\/09\/aff-laretta.jpg","datePublished":"2020-09-10T13:07:09+00:00","breadcrumb":{"@id":"https:\/\/nativainfo.com\/?p=641#breadcrumb"},"inLanguage":"es-AR","potentialAction":[{"@type":"ReadAction","target":["https:\/\/nativainfo.com\/?p=641"]}]},{"@type":"ImageObject","inLanguage":"es-AR","@id":"https:\/\/nativainfo.com\/?p=641#primaryimage","url":"https:\/\/nativainfo.com\/wp-content\/uploads\/2020\/09\/aff-laretta.jpg","contentUrl":"https:\/\/nativainfo.com\/wp-content\/uploads\/2020\/09\/aff-laretta.jpg","width":750,"height":500},{"@type":"BreadcrumbList","@id":"https:\/\/nativainfo.com\/?p=641#breadcrumb","itemListElement":[{"@type":"ListItem","position":1,"name":"Inicio","item":"https:\/\/nativainfo.com\/"},{"@type":"ListItem","position":2,"name":"Alberto Fern\u00e1ndez y la quita de fondos a la Ciudad: \u201cNo es inesperado, es una decisi\u00f3n muy hablada con Larreta\u201d"}]},{"@type":"WebSite","@id":"https:\/\/nativainfo.com\/#website","url":"https:\/\/nativainfo.com\/","name":"Nativa Info","description":"Diario Digital","publisher":{"@id":"https:\/\/nativainfo.com\/#organization"},"potentialAction":[{"@type":"SearchAction","target":{"@type":"EntryPoint","urlTemplate":"https:\/\/nativainfo.com\/?s={search_term_string}"},"query-input":{"@type":"PropertyValueSpecification","valueRequired":true,"valueName":"search_term_string"}}],"inLanguage":"es-AR"},{"@type":"Organization","@id":"https:\/\/nativainfo.com\/#organization","name":"Nativa Info","url":"https:\/\/nativainfo.com\/","logo":{"@type":"ImageObject","inLanguage":"es-AR","@id":"https:\/\/nativainfo.com\/#\/schema\/logo\/image\/","url":"https:\/\/nativainfo.com\/wp-content\/uploads\/2025\/08\/LOGO-NATIVA-FACE.jpg","contentUrl":"https:\/\/nativainfo.com\/wp-content\/uploads\/2025\/08\/LOGO-NATIVA-FACE.jpg","width":400,"height":400,"caption":"Nativa Info"},"image":{"@id":"https:\/\/nativainfo.com\/#\/schema\/logo\/image\/"},"sameAs":["https:\/\/www.facebook.com\/profile.php?id=61578881597564"]},{"@type":"Person","@id":"https:\/\/nativainfo.com\/#\/schema\/person\/24893b64a9cd564ddb5d102d36eb4b5c","name":"Nativa Info","image":{"@type":"ImageObject","inLanguage":"es-AR","@id":"https:\/\/nativainfo.com\/#\/schema\/person\/image\/","url":"https:\/\/secure.gravatar.com\/avatar\/016fa1cf068d85136d938e1507b9b619cb766e2565cbb1faa1e571762460c785?s=96&d=mm&r=g","contentUrl":"https:\/\/secure.gravatar.com\/avatar\/016fa1cf068d85136d938e1507b9b619cb766e2565cbb1faa1e571762460c785?s=96&d=mm&r=g","caption":"Nativa Info"},"sameAs":["http:\/\/nativainfo.com"],"url":"https:\/\/nativainfo.com\/?author=1"}]}},"jetpack_publicize_connections":[],"_links":{"self":[{"href":"https:\/\/nativainfo.com\/index.php?rest_route=\/wp\/v2\/posts\/641","targetHints":{"allow":["GET"]}}],"collection":[{"href":"https:\/\/nativainfo.com\/index.php?rest_route=\/wp\/v2\/posts"}],"about":[{"href":"https:\/\/nativainfo.com\/index.php?rest_route=\/wp\/v2\/types\/post"}],"author":[{"embeddable":true,"href":"https:\/\/nativainfo.com\/index.php?rest_route=\/wp\/v2\/users\/1"}],"replies":[{"embeddable":true,"href":"https:\/\/nativainfo.com\/index.php?rest_route=%2Fwp%2Fv2%2Fcomments&post=641"}],"version-history":[{"count":1,"href":"https:\/\/nativainfo.com\/index.php?rest_route=\/wp\/v2\/posts\/641\/revisions"}],"predecessor-version":[{"id":643,"href":"https:\/\/nativainfo.com\/index.php?rest_route=\/wp\/v2\/posts\/641\/revisions\/643"}],"wp:attachment":[{"href":"https:\/\/nativainfo.com\/index.php?rest_route=%2Fwp%2Fv2%2Fmedia&parent=641"}],"wp:term":[{"taxonomy":"category","embeddable":true,"href":"https:\/\/nativainfo.com\/index.php?rest_route=%2Fwp%2Fv2%2Fcategories&post=641"},{"taxonomy":"post_tag","embeddable":true,"href":"https:\/\/nativainfo.com\/index.php?rest_route=%2Fwp%2Fv2%2Ftags&post=641"}],"curies":[{"name":"wp","href":"https:\/\/api.w.org\/{rel}","templated":true}]}}