{"id":638,"date":"2020-09-10T10:02:06","date_gmt":"2020-09-10T13:02:06","guid":{"rendered":"http:\/\/nativainfo.com\/?p=638"},"modified":"2020-09-10T10:02:06","modified_gmt":"2020-09-10T13:02:06","slug":"oficial-marcelo-bielsa-confirmo-que-seguira-como-entrenador-del-leeds-en-la-premier-league","status":"publish","type":"post","link":"https:\/\/nativainfo.com\/?p=638","title":{"rendered":"Oficial: Marcelo Bielsa confirm\u00f3 que seguir\u00e1 como entrenador del Leeds en la Premier League"},"content":{"rendered":"\n<p>\u201cEstar\u00e9 trabajando la pr\u00f3xima temporada en el Leeds United\u201d, asegur\u00f3 el propio DT en conferencia de prensa que el s\u00e1bado debutar\u00e1 ante Liverpool<\/p>\n\n\n\n<figure class=\"wp-block-image size-large\"><img fetchpriority=\"high\" decoding=\"async\" width=\"768\" height=\"432\" src=\"http:\/\/nativainfo.com\/wp-content\/uploads\/2020\/09\/bielsa.jpg\" alt=\"\" class=\"wp-image-639\" srcset=\"https:\/\/nativainfo.com\/wp-content\/uploads\/2020\/09\/bielsa.jpg 768w, https:\/\/nativainfo.com\/wp-content\/uploads\/2020\/09\/bielsa-300x169.jpg 300w, https:\/\/nativainfo.com\/wp-content\/uploads\/2020\/09\/bielsa-622x350.jpg 622w, https:\/\/nativainfo.com\/wp-content\/uploads\/2020\/09\/bielsa-150x84.jpg 150w\" sizes=\"(max-width: 768px) 100vw, 768px\" \/><\/figure>\n\n\n\n<p>Todo hac\u00eda indicar que iba a continuar al mando del equipo, pero nadie se animaba a confirmarlo conociendo el\u00a0minucioso an\u00e1lisis\u00a0que hace\u00a0<strong>Marcelo Bielsa<\/strong>\u00a0antes de aceptar un proyecto. A horas del arranque de la\u00a0<strong>Premier League<\/strong>, fue el propio entrenador argentino quien oficializ\u00f3 que seguir\u00e1 al frente del\u00a0<strong>Leeds United<\/strong>:\u00a0<strong>\u201cTodo est\u00e1 arreglado. Seguir\u00e9 aqu\u00ed la pr\u00f3xima temporada\u201d<\/strong>.<\/p>\n\n\n\n<p>Su primer encuentro ser\u00e1 el\u00a0<strong>pr\u00f3ximo s\u00e1bado desde las 13.30<\/strong>\u00a0(hora Argentina) en\u00a0<em>Anfield<\/em>\u00a0ante el\u00a0<strong>Liverpool<\/strong>, \u00faltimo campe\u00f3n del certamen. Luego recibir\u00e1 a\u00a0<strong>Fulham\u00a0<\/strong>(19\/9), visitar\u00e1 a\u00a0<strong>Sheffield United<\/strong>\u00a0(27\/9) y ser\u00e1 anfitri\u00f3n del\u00a0<strong>Manchester City<\/strong>. \u201cEstar\u00e9 trabajando la pr\u00f3xima temporada en el Leeds United\u201d, destac\u00f3 en la conferencia de prensa que realiz\u00f3 v\u00eda\u00a0<em>Zoom<\/em>.<\/p>\n\n\n\n<p>-Fuente: Infobae-<\/p>\n","protected":false},"excerpt":{"rendered":"<p>\u201cEstar\u00e9 trabajando la pr\u00f3xima temporada en el Leeds United\u201d, asegur\u00f3 el propio DT en conferencia de prensa que el s\u00e1bado&#8230; <a class=\"continue-reading-link\" href=\"https:\/\/nativainfo.com\/?p=638\">Continue reading<\/a><\/p>\n","protected":false},"author":1,"featured_media":0,"comment_status":"open","ping_status":"open","sticky":false,"template":"","format":"standard","meta":{"rop_custom_images_group":[],"rop_custom_messages_group":[],"rop_publish_now":"initial","rop_publish_now_accounts":[],"rop_publish_now_history":[],"rop_publish_now_status":"pending","footnotes":"","jetpack_publicize_message":"","jetpack_publicize_feature_enabled":true,"jetpack_social_post_already_shared":false,"jetpack_social_options":{"image_generator_settings":{"template":"highway","default_image_id":0,"font":"","enabled":false},"version":2}},"categories":[10,35],"tags":[],"class_list":["post-638","post","type-post","status-publish","format-standard","hentry","category-deportes","category-futbol-internacional"],"yoast_head":"<!-- This site is optimized with the Yoast SEO plugin v25.6 - https:\/\/yoast.com\/wordpress\/plugins\/seo\/ -->\n<title>Oficial: Marcelo Bielsa confirm\u00f3 que seguir\u00e1 como entrenador del Leeds en la Premier League - Nativa Info<\/title>\n<meta name=\"robots\" content=\"index, follow, max-snippet:-1, max-image-preview:large, max-video-preview:-1\" \/>\n<link rel=\"canonical\" href=\"https:\/\/nativainfo.com\/?p=638\" \/>\n<meta property=\"og:locale\" content=\"es_ES\" \/>\n<meta property=\"og:type\" content=\"article\" \/>\n<meta property=\"og:title\" content=\"Oficial: Marcelo Bielsa confirm\u00f3 que seguir\u00e1 como entrenador del Leeds en la Premier League - Nativa Info\" \/>\n<meta property=\"og:description\" content=\"\u201cEstar\u00e9 trabajando la pr\u00f3xima temporada en el Leeds United\u201d, asegur\u00f3 el propio DT en conferencia de prensa que el s\u00e1bado... Continue reading\" \/>\n<meta property=\"og:url\" content=\"https:\/\/nativainfo.com\/?p=638\" \/>\n<meta property=\"og:site_name\" content=\"Nativa Info\" \/>\n<meta property=\"article:publisher\" content=\"https:\/\/www.facebook.com\/profile.php?id=61578881597564\" \/>\n<meta property=\"article:published_time\" content=\"2020-09-10T13:02:06+00:00\" \/>\n<meta property=\"og:image\" content=\"http:\/\/nativainfo.com\/wp-content\/uploads\/2020\/09\/bielsa.jpg\" \/>\n<meta name=\"author\" content=\"Nativa Info\" \/>\n<meta name=\"twitter:card\" content=\"summary_large_image\" \/>\n<meta name=\"twitter:label1\" content=\"Escrito por\" \/>\n\t<meta name=\"twitter:data1\" content=\"Nativa Info\" \/>\n\t<meta name=\"twitter:label2\" content=\"Tiempo de lectura\" \/>\n\t<meta name=\"twitter:data2\" content=\"1 minuto\" \/>\n<script type=\"application\/ld+json\" class=\"yoast-schema-graph\">{\"@context\":\"https:\/\/schema.org\",\"@graph\":[{\"@type\":\"Article\",\"@id\":\"https:\/\/nativainfo.com\/?p=638#article\",\"isPartOf\":{\"@id\":\"https:\/\/nativainfo.com\/?p=638\"},\"author\":{\"name\":\"Nativa Info\",\"@id\":\"https:\/\/nativainfo.com\/#\/schema\/person\/24893b64a9cd564ddb5d102d36eb4b5c\"},\"headline\":\"Oficial: Marcelo Bielsa confirm\u00f3 que seguir\u00e1 como entrenador del Leeds en la Premier League\",\"datePublished\":\"2020-09-10T13:02:06+00:00\",\"mainEntityOfPage\":{\"@id\":\"https:\/\/nativainfo.com\/?p=638\"},\"wordCount\":163,\"commentCount\":0,\"publisher\":{\"@id\":\"https:\/\/nativainfo.com\/#organization\"},\"image\":{\"@id\":\"https:\/\/nativainfo.com\/?p=638#primaryimage\"},\"thumbnailUrl\":\"http:\/\/nativainfo.com\/wp-content\/uploads\/2020\/09\/bielsa.jpg\",\"articleSection\":[\"Deportes\",\"F\u00fatbol Internacional\"],\"inLanguage\":\"es-AR\",\"potentialAction\":[{\"@type\":\"CommentAction\",\"name\":\"Comment\",\"target\":[\"https:\/\/nativainfo.com\/?p=638#respond\"]}]},{\"@type\":\"WebPage\",\"@id\":\"https:\/\/nativainfo.com\/?p=638\",\"url\":\"https:\/\/nativainfo.com\/?p=638\",\"name\":\"Oficial: Marcelo Bielsa confirm\u00f3 que seguir\u00e1 como entrenador del Leeds en la Premier League - Nativa Info\",\"isPartOf\":{\"@id\":\"https:\/\/nativainfo.com\/#website\"},\"primaryImageOfPage\":{\"@id\":\"https:\/\/nativainfo.com\/?p=638#primaryimage\"},\"image\":{\"@id\":\"https:\/\/nativainfo.com\/?p=638#primaryimage\"},\"thumbnailUrl\":\"http:\/\/nativainfo.com\/wp-content\/uploads\/2020\/09\/bielsa.jpg\",\"datePublished\":\"2020-09-10T13:02:06+00:00\",\"breadcrumb\":{\"@id\":\"https:\/\/nativainfo.com\/?p=638#breadcrumb\"},\"inLanguage\":\"es-AR\",\"potentialAction\":[{\"@type\":\"ReadAction\",\"target\":[\"https:\/\/nativainfo.com\/?p=638\"]}]},{\"@type\":\"ImageObject\",\"inLanguage\":\"es-AR\",\"@id\":\"https:\/\/nativainfo.com\/?p=638#primaryimage\",\"url\":\"https:\/\/nativainfo.com\/wp-content\/uploads\/2020\/09\/bielsa.jpg\",\"contentUrl\":\"https:\/\/nativainfo.com\/wp-content\/uploads\/2020\/09\/bielsa.jpg\",\"width\":768,\"height\":432},{\"@type\":\"BreadcrumbList\",\"@id\":\"https:\/\/nativainfo.com\/?p=638#breadcrumb\",\"itemListElement\":[{\"@type\":\"ListItem\",\"position\":1,\"name\":\"Inicio\",\"item\":\"https:\/\/nativainfo.com\/\"},{\"@type\":\"ListItem\",\"position\":2,\"name\":\"Oficial: Marcelo Bielsa confirm\u00f3 que seguir\u00e1 como entrenador del Leeds en la Premier League\"}]},{\"@type\":\"WebSite\",\"@id\":\"https:\/\/nativainfo.com\/#website\",\"url\":\"https:\/\/nativainfo.com\/\",\"name\":\"Nativa Info\",\"description\":\"Diario Digital\",\"publisher\":{\"@id\":\"https:\/\/nativainfo.com\/#organization\"},\"potentialAction\":[{\"@type\":\"SearchAction\",\"target\":{\"@type\":\"EntryPoint\",\"urlTemplate\":\"https:\/\/nativainfo.com\/?s={search_term_string}\"},\"query-input\":{\"@type\":\"PropertyValueSpecification\",\"valueRequired\":true,\"valueName\":\"search_term_string\"}}],\"inLanguage\":\"es-AR\"},{\"@type\":\"Organization\",\"@id\":\"https:\/\/nativainfo.com\/#organization\",\"name\":\"Nativa Info\",\"url\":\"https:\/\/nativainfo.com\/\",\"logo\":{\"@type\":\"ImageObject\",\"inLanguage\":\"es-AR\",\"@id\":\"https:\/\/nativainfo.com\/#\/schema\/logo\/image\/\",\"url\":\"https:\/\/nativainfo.com\/wp-content\/uploads\/2025\/08\/LOGO-NATIVA-FACE.jpg\",\"contentUrl\":\"https:\/\/nativainfo.com\/wp-content\/uploads\/2025\/08\/LOGO-NATIVA-FACE.jpg\",\"width\":400,\"height\":400,\"caption\":\"Nativa Info\"},\"image\":{\"@id\":\"https:\/\/nativainfo.com\/#\/schema\/logo\/image\/\"},\"sameAs\":[\"https:\/\/www.facebook.com\/profile.php?id=61578881597564\"]},{\"@type\":\"Person\",\"@id\":\"https:\/\/nativainfo.com\/#\/schema\/person\/24893b64a9cd564ddb5d102d36eb4b5c\",\"name\":\"Nativa Info\",\"image\":{\"@type\":\"ImageObject\",\"inLanguage\":\"es-AR\",\"@id\":\"https:\/\/nativainfo.com\/#\/schema\/person\/image\/\",\"url\":\"https:\/\/secure.gravatar.com\/avatar\/016fa1cf068d85136d938e1507b9b619cb766e2565cbb1faa1e571762460c785?s=96&d=mm&r=g\",\"contentUrl\":\"https:\/\/secure.gravatar.com\/avatar\/016fa1cf068d85136d938e1507b9b619cb766e2565cbb1faa1e571762460c785?s=96&d=mm&r=g\",\"caption\":\"Nativa Info\"},\"sameAs\":[\"http:\/\/nativainfo.com\"],\"url\":\"https:\/\/nativainfo.com\/?author=1\"}]}<\/script>\n<!-- \/ Yoast SEO plugin. -->","yoast_head_json":{"title":"Oficial: Marcelo Bielsa confirm\u00f3 que seguir\u00e1 como entrenador del Leeds en la Premier League - Nativa Info","robots":{"index":"index","follow":"follow","max-snippet":"max-snippet:-1","max-image-preview":"max-image-preview:large","max-video-preview":"max-video-preview:-1"},"canonical":"https:\/\/nativainfo.com\/?p=638","og_locale":"es_ES","og_type":"article","og_title":"Oficial: Marcelo Bielsa confirm\u00f3 que seguir\u00e1 como entrenador del Leeds en la Premier League - Nativa Info","og_description":"\u201cEstar\u00e9 trabajando la pr\u00f3xima temporada en el Leeds United\u201d, asegur\u00f3 el propio DT en conferencia de prensa que el s\u00e1bado... Continue reading","og_url":"https:\/\/nativainfo.com\/?p=638","og_site_name":"Nativa Info","article_publisher":"https:\/\/www.facebook.com\/profile.php?id=61578881597564","article_published_time":"2020-09-10T13:02:06+00:00","og_image":[{"url":"http:\/\/nativainfo.com\/wp-content\/uploads\/2020\/09\/bielsa.jpg","type":"","width":"","height":""}],"author":"Nativa Info","twitter_card":"summary_large_image","twitter_misc":{"Escrito por":"Nativa Info","Tiempo de lectura":"1 minuto"},"schema":{"@context":"https:\/\/schema.org","@graph":[{"@type":"Article","@id":"https:\/\/nativainfo.com\/?p=638#article","isPartOf":{"@id":"https:\/\/nativainfo.com\/?p=638"},"author":{"name":"Nativa Info","@id":"https:\/\/nativainfo.com\/#\/schema\/person\/24893b64a9cd564ddb5d102d36eb4b5c"},"headline":"Oficial: Marcelo Bielsa confirm\u00f3 que seguir\u00e1 como entrenador del Leeds en la Premier League","datePublished":"2020-09-10T13:02:06+00:00","mainEntityOfPage":{"@id":"https:\/\/nativainfo.com\/?p=638"},"wordCount":163,"commentCount":0,"publisher":{"@id":"https:\/\/nativainfo.com\/#organization"},"image":{"@id":"https:\/\/nativainfo.com\/?p=638#primaryimage"},"thumbnailUrl":"http:\/\/nativainfo.com\/wp-content\/uploads\/2020\/09\/bielsa.jpg","articleSection":["Deportes","F\u00fatbol Internacional"],"inLanguage":"es-AR","potentialAction":[{"@type":"CommentAction","name":"Comment","target":["https:\/\/nativainfo.com\/?p=638#respond"]}]},{"@type":"WebPage","@id":"https:\/\/nativainfo.com\/?p=638","url":"https:\/\/nativainfo.com\/?p=638","name":"Oficial: Marcelo Bielsa confirm\u00f3 que seguir\u00e1 como entrenador del Leeds en la Premier League - Nativa Info","isPartOf":{"@id":"https:\/\/nativainfo.com\/#website"},"primaryImageOfPage":{"@id":"https:\/\/nativainfo.com\/?p=638#primaryimage"},"image":{"@id":"https:\/\/nativainfo.com\/?p=638#primaryimage"},"thumbnailUrl":"http:\/\/nativainfo.com\/wp-content\/uploads\/2020\/09\/bielsa.jpg","datePublished":"2020-09-10T13:02:06+00:00","breadcrumb":{"@id":"https:\/\/nativainfo.com\/?p=638#breadcrumb"},"inLanguage":"es-AR","potentialAction":[{"@type":"ReadAction","target":["https:\/\/nativainfo.com\/?p=638"]}]},{"@type":"ImageObject","inLanguage":"es-AR","@id":"https:\/\/nativainfo.com\/?p=638#primaryimage","url":"https:\/\/nativainfo.com\/wp-content\/uploads\/2020\/09\/bielsa.jpg","contentUrl":"https:\/\/nativainfo.com\/wp-content\/uploads\/2020\/09\/bielsa.jpg","width":768,"height":432},{"@type":"BreadcrumbList","@id":"https:\/\/nativainfo.com\/?p=638#breadcrumb","itemListElement":[{"@type":"ListItem","position":1,"name":"Inicio","item":"https:\/\/nativainfo.com\/"},{"@type":"ListItem","position":2,"name":"Oficial: Marcelo Bielsa confirm\u00f3 que seguir\u00e1 como entrenador del Leeds en la Premier League"}]},{"@type":"WebSite","@id":"https:\/\/nativainfo.com\/#website","url":"https:\/\/nativainfo.com\/","name":"Nativa Info","description":"Diario Digital","publisher":{"@id":"https:\/\/nativainfo.com\/#organization"},"potentialAction":[{"@type":"SearchAction","target":{"@type":"EntryPoint","urlTemplate":"https:\/\/nativainfo.com\/?s={search_term_string}"},"query-input":{"@type":"PropertyValueSpecification","valueRequired":true,"valueName":"search_term_string"}}],"inLanguage":"es-AR"},{"@type":"Organization","@id":"https:\/\/nativainfo.com\/#organization","name":"Nativa Info","url":"https:\/\/nativainfo.com\/","logo":{"@type":"ImageObject","inLanguage":"es-AR","@id":"https:\/\/nativainfo.com\/#\/schema\/logo\/image\/","url":"https:\/\/nativainfo.com\/wp-content\/uploads\/2025\/08\/LOGO-NATIVA-FACE.jpg","contentUrl":"https:\/\/nativainfo.com\/wp-content\/uploads\/2025\/08\/LOGO-NATIVA-FACE.jpg","width":400,"height":400,"caption":"Nativa Info"},"image":{"@id":"https:\/\/nativainfo.com\/#\/schema\/logo\/image\/"},"sameAs":["https:\/\/www.facebook.com\/profile.php?id=61578881597564"]},{"@type":"Person","@id":"https:\/\/nativainfo.com\/#\/schema\/person\/24893b64a9cd564ddb5d102d36eb4b5c","name":"Nativa Info","image":{"@type":"ImageObject","inLanguage":"es-AR","@id":"https:\/\/nativainfo.com\/#\/schema\/person\/image\/","url":"https:\/\/secure.gravatar.com\/avatar\/016fa1cf068d85136d938e1507b9b619cb766e2565cbb1faa1e571762460c785?s=96&d=mm&r=g","contentUrl":"https:\/\/secure.gravatar.com\/avatar\/016fa1cf068d85136d938e1507b9b619cb766e2565cbb1faa1e571762460c785?s=96&d=mm&r=g","caption":"Nativa Info"},"sameAs":["http:\/\/nativainfo.com"],"url":"https:\/\/nativainfo.com\/?author=1"}]}},"jetpack_publicize_connections":[],"_links":{"self":[{"href":"https:\/\/nativainfo.com\/index.php?rest_route=\/wp\/v2\/posts\/638","targetHints":{"allow":["GET"]}}],"collection":[{"href":"https:\/\/nativainfo.com\/index.php?rest_route=\/wp\/v2\/posts"}],"about":[{"href":"https:\/\/nativainfo.com\/index.php?rest_route=\/wp\/v2\/types\/post"}],"author":[{"embeddable":true,"href":"https:\/\/nativainfo.com\/index.php?rest_route=\/wp\/v2\/users\/1"}],"replies":[{"embeddable":true,"href":"https:\/\/nativainfo.com\/index.php?rest_route=%2Fwp%2Fv2%2Fcomments&post=638"}],"version-history":[{"count":1,"href":"https:\/\/nativainfo.com\/index.php?rest_route=\/wp\/v2\/posts\/638\/revisions"}],"predecessor-version":[{"id":640,"href":"https:\/\/nativainfo.com\/index.php?rest_route=\/wp\/v2\/posts\/638\/revisions\/640"}],"wp:attachment":[{"href":"https:\/\/nativainfo.com\/index.php?rest_route=%2Fwp%2Fv2%2Fmedia&parent=638"}],"wp:term":[{"taxonomy":"category","embeddable":true,"href":"https:\/\/nativainfo.com\/index.php?rest_route=%2Fwp%2Fv2%2Fcategories&post=638"},{"taxonomy":"post_tag","embeddable":true,"href":"https:\/\/nativainfo.com\/index.php?rest_route=%2Fwp%2Fv2%2Ftags&post=638"}],"curies":[{"name":"wp","href":"https:\/\/api.w.org\/{rel}","templated":true}]}}