{"id":635,"date":"2020-09-09T19:13:18","date_gmt":"2020-09-09T22:13:18","guid":{"rendered":"http:\/\/nativainfo.com\/?p=635"},"modified":"2020-09-09T19:13:18","modified_gmt":"2020-09-09T22:13:18","slug":"daives-hay-sectores-que-tratan-de-debilitar-nuestra-democracia","status":"publish","type":"post","link":"https:\/\/nativainfo.com\/?p=635","title":{"rendered":"Daives: \u00abHay sectores que tratan de debilitar nuestra democracia\u00bb"},"content":{"rendered":"\n<p><strong>El Diputado Nacional Ricardo Daives habl\u00f3 de la anti pol\u00edtica, democracia, instituciones y el Estado de derecho. Tambi\u00e9n se refiri\u00f3 a la posici\u00f3n antidemocr\u00e1tica o golpista de los principales referentes de la oposici\u00f3n.<\/strong><\/p>\n\n\n\n<figure class=\"wp-block-image size-large\"><img fetchpriority=\"high\" decoding=\"async\" width=\"960\" height=\"595\" src=\"http:\/\/nativainfo.com\/wp-content\/uploads\/2020\/09\/daives.jpg\" alt=\"\" class=\"wp-image-636\" srcset=\"https:\/\/nativainfo.com\/wp-content\/uploads\/2020\/09\/daives.jpg 960w, https:\/\/nativainfo.com\/wp-content\/uploads\/2020\/09\/daives-300x186.jpg 300w, https:\/\/nativainfo.com\/wp-content\/uploads\/2020\/09\/daives-768x476.jpg 768w, https:\/\/nativainfo.com\/wp-content\/uploads\/2020\/09\/daives-565x350.jpg 565w, https:\/\/nativainfo.com\/wp-content\/uploads\/2020\/09\/daives-150x93.jpg 150w\" sizes=\"(max-width: 960px) 100vw, 960px\" \/><\/figure>\n\n\n\n<p>El Legislador Nacional\u00a0<strong>Ricardo Daives<\/strong>\u00a0brind\u00f3 una entrevista en\u00a0<em>Radio Nativa<\/em>\u00a0donde hizo un an\u00e1lisis\u00a0<strong>pol\u00edtico<\/strong>\u00a0en el actual contexto de\u00a0<strong>pandemia<\/strong>. Habl\u00f3 de la anti pol\u00edtica, la democracia, la rep\u00fablica, las instituciones y lo que es el\u00a0<strong>Estado de derecho<\/strong>. Tambi\u00e9n se refiri\u00f3 a la posici\u00f3n antidemocr\u00e1tica o golpista de los principales referentes de la\u00a0<strong>oposici\u00f3n<\/strong>\u00a0y sostuvo que \u00abcuando se debilitan las democracias, cuando se debilitan las instituciones, cuando se ataca el estado de derecho, l\u00f3gicamente cualquiera que gobierne es presa f\u00e1cil de los factores de poder\u00bb.<\/p>\n\n\n\n<p>Link a la nota completa: <a href=\"http:\/\/www.elprogresoweb.com.ar\/noticia.php?noticia=12468\" target=\"_blank\" rel=\"noreferrer noopener\">http:\/\/www.elprogresoweb.com.ar\/noticia.php?noticia=12468<\/a><\/p>\n\n\n\n<p>Gracias a<a href=\"\/\/www.elprogresoweb.com.arWeb\" target=\"_blank\" rel=\"noreferrer noopener\"> ElProgresoWeb<\/a> por compartir la entrevista de hoy con el Diputado Nacional Ricardo Daives.<\/p>\n","protected":false},"excerpt":{"rendered":"<p>El Diputado Nacional Ricardo Daives habl\u00f3 de la anti pol\u00edtica, democracia, instituciones y el Estado de derecho. Tambi\u00e9n se refiri\u00f3&#8230; <a class=\"continue-reading-link\" href=\"https:\/\/nativainfo.com\/?p=635\">Continue reading<\/a><\/p>\n","protected":false},"author":1,"featured_media":0,"comment_status":"open","ping_status":"open","sticky":false,"template":"","format":"standard","meta":{"rop_custom_images_group":[],"rop_custom_messages_group":[],"rop_publish_now":"initial","rop_publish_now_accounts":[],"rop_publish_now_history":[],"rop_publish_now_status":"pending","footnotes":"","jetpack_publicize_message":"","jetpack_publicize_feature_enabled":true,"jetpack_social_post_already_shared":false,"jetpack_social_options":{"image_generator_settings":{"template":"highway","default_image_id":0,"font":"","enabled":false},"version":2}},"categories":[9,36,12],"tags":[],"class_list":["post-635","post","type-post","status-publish","format-standard","hentry","category-pais","category-politica","category-provincia"],"yoast_head":"<!-- This site is optimized with the Yoast SEO plugin v25.6 - https:\/\/yoast.com\/wordpress\/plugins\/seo\/ -->\n<title>Daives: \u00abHay sectores que tratan de debilitar nuestra democracia\u00bb - Nativa Info<\/title>\n<meta name=\"robots\" content=\"index, follow, max-snippet:-1, max-image-preview:large, max-video-preview:-1\" \/>\n<link rel=\"canonical\" href=\"https:\/\/nativainfo.com\/?p=635\" \/>\n<meta property=\"og:locale\" content=\"es_ES\" \/>\n<meta property=\"og:type\" content=\"article\" \/>\n<meta property=\"og:title\" content=\"Daives: \u00abHay sectores que tratan de debilitar nuestra democracia\u00bb - Nativa Info\" \/>\n<meta property=\"og:description\" content=\"El Diputado Nacional Ricardo Daives habl\u00f3 de la anti pol\u00edtica, democracia, instituciones y el Estado de derecho. Tambi\u00e9n se refiri\u00f3... Continue reading\" \/>\n<meta property=\"og:url\" content=\"https:\/\/nativainfo.com\/?p=635\" \/>\n<meta property=\"og:site_name\" content=\"Nativa Info\" \/>\n<meta property=\"article:publisher\" content=\"https:\/\/www.facebook.com\/profile.php?id=61578881597564\" \/>\n<meta property=\"article:published_time\" content=\"2020-09-09T22:13:18+00:00\" \/>\n<meta property=\"og:image\" content=\"http:\/\/nativainfo.com\/wp-content\/uploads\/2020\/09\/daives.jpg\" \/>\n<meta name=\"author\" content=\"Nativa Info\" \/>\n<meta name=\"twitter:card\" content=\"summary_large_image\" \/>\n<meta name=\"twitter:label1\" content=\"Escrito por\" \/>\n\t<meta name=\"twitter:data1\" content=\"Nativa Info\" \/>\n\t<meta name=\"twitter:label2\" content=\"Tiempo de lectura\" \/>\n\t<meta name=\"twitter:data2\" content=\"1 minuto\" \/>\n<script type=\"application\/ld+json\" class=\"yoast-schema-graph\">{\"@context\":\"https:\/\/schema.org\",\"@graph\":[{\"@type\":\"Article\",\"@id\":\"https:\/\/nativainfo.com\/?p=635#article\",\"isPartOf\":{\"@id\":\"https:\/\/nativainfo.com\/?p=635\"},\"author\":{\"name\":\"Nativa Info\",\"@id\":\"https:\/\/nativainfo.com\/#\/schema\/person\/24893b64a9cd564ddb5d102d36eb4b5c\"},\"headline\":\"Daives: \u00abHay sectores que tratan de debilitar nuestra democracia\u00bb\",\"datePublished\":\"2020-09-09T22:13:18+00:00\",\"mainEntityOfPage\":{\"@id\":\"https:\/\/nativainfo.com\/?p=635\"},\"wordCount\":174,\"commentCount\":0,\"publisher\":{\"@id\":\"https:\/\/nativainfo.com\/#organization\"},\"image\":{\"@id\":\"https:\/\/nativainfo.com\/?p=635#primaryimage\"},\"thumbnailUrl\":\"http:\/\/nativainfo.com\/wp-content\/uploads\/2020\/09\/daives.jpg\",\"articleSection\":[\"Pa\u00eds\",\"Pol\u00edtica\",\"Provincia\"],\"inLanguage\":\"es-AR\",\"potentialAction\":[{\"@type\":\"CommentAction\",\"name\":\"Comment\",\"target\":[\"https:\/\/nativainfo.com\/?p=635#respond\"]}]},{\"@type\":\"WebPage\",\"@id\":\"https:\/\/nativainfo.com\/?p=635\",\"url\":\"https:\/\/nativainfo.com\/?p=635\",\"name\":\"Daives: \u00abHay sectores que tratan de debilitar nuestra democracia\u00bb - Nativa Info\",\"isPartOf\":{\"@id\":\"https:\/\/nativainfo.com\/#website\"},\"primaryImageOfPage\":{\"@id\":\"https:\/\/nativainfo.com\/?p=635#primaryimage\"},\"image\":{\"@id\":\"https:\/\/nativainfo.com\/?p=635#primaryimage\"},\"thumbnailUrl\":\"http:\/\/nativainfo.com\/wp-content\/uploads\/2020\/09\/daives.jpg\",\"datePublished\":\"2020-09-09T22:13:18+00:00\",\"breadcrumb\":{\"@id\":\"https:\/\/nativainfo.com\/?p=635#breadcrumb\"},\"inLanguage\":\"es-AR\",\"potentialAction\":[{\"@type\":\"ReadAction\",\"target\":[\"https:\/\/nativainfo.com\/?p=635\"]}]},{\"@type\":\"ImageObject\",\"inLanguage\":\"es-AR\",\"@id\":\"https:\/\/nativainfo.com\/?p=635#primaryimage\",\"url\":\"https:\/\/nativainfo.com\/wp-content\/uploads\/2020\/09\/daives.jpg\",\"contentUrl\":\"https:\/\/nativainfo.com\/wp-content\/uploads\/2020\/09\/daives.jpg\",\"width\":960,\"height\":595},{\"@type\":\"BreadcrumbList\",\"@id\":\"https:\/\/nativainfo.com\/?p=635#breadcrumb\",\"itemListElement\":[{\"@type\":\"ListItem\",\"position\":1,\"name\":\"Inicio\",\"item\":\"https:\/\/nativainfo.com\/\"},{\"@type\":\"ListItem\",\"position\":2,\"name\":\"Daives: \u00abHay sectores que tratan de debilitar nuestra democracia\u00bb\"}]},{\"@type\":\"WebSite\",\"@id\":\"https:\/\/nativainfo.com\/#website\",\"url\":\"https:\/\/nativainfo.com\/\",\"name\":\"Nativa Info\",\"description\":\"Diario Digital\",\"publisher\":{\"@id\":\"https:\/\/nativainfo.com\/#organization\"},\"potentialAction\":[{\"@type\":\"SearchAction\",\"target\":{\"@type\":\"EntryPoint\",\"urlTemplate\":\"https:\/\/nativainfo.com\/?s={search_term_string}\"},\"query-input\":{\"@type\":\"PropertyValueSpecification\",\"valueRequired\":true,\"valueName\":\"search_term_string\"}}],\"inLanguage\":\"es-AR\"},{\"@type\":\"Organization\",\"@id\":\"https:\/\/nativainfo.com\/#organization\",\"name\":\"Nativa Info\",\"url\":\"https:\/\/nativainfo.com\/\",\"logo\":{\"@type\":\"ImageObject\",\"inLanguage\":\"es-AR\",\"@id\":\"https:\/\/nativainfo.com\/#\/schema\/logo\/image\/\",\"url\":\"https:\/\/nativainfo.com\/wp-content\/uploads\/2025\/08\/LOGO-NATIVA-FACE.jpg\",\"contentUrl\":\"https:\/\/nativainfo.com\/wp-content\/uploads\/2025\/08\/LOGO-NATIVA-FACE.jpg\",\"width\":400,\"height\":400,\"caption\":\"Nativa Info\"},\"image\":{\"@id\":\"https:\/\/nativainfo.com\/#\/schema\/logo\/image\/\"},\"sameAs\":[\"https:\/\/www.facebook.com\/profile.php?id=61578881597564\"]},{\"@type\":\"Person\",\"@id\":\"https:\/\/nativainfo.com\/#\/schema\/person\/24893b64a9cd564ddb5d102d36eb4b5c\",\"name\":\"Nativa Info\",\"image\":{\"@type\":\"ImageObject\",\"inLanguage\":\"es-AR\",\"@id\":\"https:\/\/nativainfo.com\/#\/schema\/person\/image\/\",\"url\":\"https:\/\/secure.gravatar.com\/avatar\/016fa1cf068d85136d938e1507b9b619cb766e2565cbb1faa1e571762460c785?s=96&d=mm&r=g\",\"contentUrl\":\"https:\/\/secure.gravatar.com\/avatar\/016fa1cf068d85136d938e1507b9b619cb766e2565cbb1faa1e571762460c785?s=96&d=mm&r=g\",\"caption\":\"Nativa Info\"},\"sameAs\":[\"http:\/\/nativainfo.com\"],\"url\":\"https:\/\/nativainfo.com\/?author=1\"}]}<\/script>\n<!-- \/ Yoast SEO plugin. -->","yoast_head_json":{"title":"Daives: \u00abHay sectores que tratan de debilitar nuestra democracia\u00bb - Nativa Info","robots":{"index":"index","follow":"follow","max-snippet":"max-snippet:-1","max-image-preview":"max-image-preview:large","max-video-preview":"max-video-preview:-1"},"canonical":"https:\/\/nativainfo.com\/?p=635","og_locale":"es_ES","og_type":"article","og_title":"Daives: \u00abHay sectores que tratan de debilitar nuestra democracia\u00bb - Nativa Info","og_description":"El Diputado Nacional Ricardo Daives habl\u00f3 de la anti pol\u00edtica, democracia, instituciones y el Estado de derecho. Tambi\u00e9n se refiri\u00f3... Continue reading","og_url":"https:\/\/nativainfo.com\/?p=635","og_site_name":"Nativa Info","article_publisher":"https:\/\/www.facebook.com\/profile.php?id=61578881597564","article_published_time":"2020-09-09T22:13:18+00:00","og_image":[{"url":"http:\/\/nativainfo.com\/wp-content\/uploads\/2020\/09\/daives.jpg","type":"","width":"","height":""}],"author":"Nativa Info","twitter_card":"summary_large_image","twitter_misc":{"Escrito por":"Nativa Info","Tiempo de lectura":"1 minuto"},"schema":{"@context":"https:\/\/schema.org","@graph":[{"@type":"Article","@id":"https:\/\/nativainfo.com\/?p=635#article","isPartOf":{"@id":"https:\/\/nativainfo.com\/?p=635"},"author":{"name":"Nativa Info","@id":"https:\/\/nativainfo.com\/#\/schema\/person\/24893b64a9cd564ddb5d102d36eb4b5c"},"headline":"Daives: \u00abHay sectores que tratan de debilitar nuestra democracia\u00bb","datePublished":"2020-09-09T22:13:18+00:00","mainEntityOfPage":{"@id":"https:\/\/nativainfo.com\/?p=635"},"wordCount":174,"commentCount":0,"publisher":{"@id":"https:\/\/nativainfo.com\/#organization"},"image":{"@id":"https:\/\/nativainfo.com\/?p=635#primaryimage"},"thumbnailUrl":"http:\/\/nativainfo.com\/wp-content\/uploads\/2020\/09\/daives.jpg","articleSection":["Pa\u00eds","Pol\u00edtica","Provincia"],"inLanguage":"es-AR","potentialAction":[{"@type":"CommentAction","name":"Comment","target":["https:\/\/nativainfo.com\/?p=635#respond"]}]},{"@type":"WebPage","@id":"https:\/\/nativainfo.com\/?p=635","url":"https:\/\/nativainfo.com\/?p=635","name":"Daives: \u00abHay sectores que tratan de debilitar nuestra democracia\u00bb - Nativa Info","isPartOf":{"@id":"https:\/\/nativainfo.com\/#website"},"primaryImageOfPage":{"@id":"https:\/\/nativainfo.com\/?p=635#primaryimage"},"image":{"@id":"https:\/\/nativainfo.com\/?p=635#primaryimage"},"thumbnailUrl":"http:\/\/nativainfo.com\/wp-content\/uploads\/2020\/09\/daives.jpg","datePublished":"2020-09-09T22:13:18+00:00","breadcrumb":{"@id":"https:\/\/nativainfo.com\/?p=635#breadcrumb"},"inLanguage":"es-AR","potentialAction":[{"@type":"ReadAction","target":["https:\/\/nativainfo.com\/?p=635"]}]},{"@type":"ImageObject","inLanguage":"es-AR","@id":"https:\/\/nativainfo.com\/?p=635#primaryimage","url":"https:\/\/nativainfo.com\/wp-content\/uploads\/2020\/09\/daives.jpg","contentUrl":"https:\/\/nativainfo.com\/wp-content\/uploads\/2020\/09\/daives.jpg","width":960,"height":595},{"@type":"BreadcrumbList","@id":"https:\/\/nativainfo.com\/?p=635#breadcrumb","itemListElement":[{"@type":"ListItem","position":1,"name":"Inicio","item":"https:\/\/nativainfo.com\/"},{"@type":"ListItem","position":2,"name":"Daives: \u00abHay sectores que tratan de debilitar nuestra democracia\u00bb"}]},{"@type":"WebSite","@id":"https:\/\/nativainfo.com\/#website","url":"https:\/\/nativainfo.com\/","name":"Nativa Info","description":"Diario Digital","publisher":{"@id":"https:\/\/nativainfo.com\/#organization"},"potentialAction":[{"@type":"SearchAction","target":{"@type":"EntryPoint","urlTemplate":"https:\/\/nativainfo.com\/?s={search_term_string}"},"query-input":{"@type":"PropertyValueSpecification","valueRequired":true,"valueName":"search_term_string"}}],"inLanguage":"es-AR"},{"@type":"Organization","@id":"https:\/\/nativainfo.com\/#organization","name":"Nativa Info","url":"https:\/\/nativainfo.com\/","logo":{"@type":"ImageObject","inLanguage":"es-AR","@id":"https:\/\/nativainfo.com\/#\/schema\/logo\/image\/","url":"https:\/\/nativainfo.com\/wp-content\/uploads\/2025\/08\/LOGO-NATIVA-FACE.jpg","contentUrl":"https:\/\/nativainfo.com\/wp-content\/uploads\/2025\/08\/LOGO-NATIVA-FACE.jpg","width":400,"height":400,"caption":"Nativa Info"},"image":{"@id":"https:\/\/nativainfo.com\/#\/schema\/logo\/image\/"},"sameAs":["https:\/\/www.facebook.com\/profile.php?id=61578881597564"]},{"@type":"Person","@id":"https:\/\/nativainfo.com\/#\/schema\/person\/24893b64a9cd564ddb5d102d36eb4b5c","name":"Nativa Info","image":{"@type":"ImageObject","inLanguage":"es-AR","@id":"https:\/\/nativainfo.com\/#\/schema\/person\/image\/","url":"https:\/\/secure.gravatar.com\/avatar\/016fa1cf068d85136d938e1507b9b619cb766e2565cbb1faa1e571762460c785?s=96&d=mm&r=g","contentUrl":"https:\/\/secure.gravatar.com\/avatar\/016fa1cf068d85136d938e1507b9b619cb766e2565cbb1faa1e571762460c785?s=96&d=mm&r=g","caption":"Nativa Info"},"sameAs":["http:\/\/nativainfo.com"],"url":"https:\/\/nativainfo.com\/?author=1"}]}},"jetpack_publicize_connections":[],"_links":{"self":[{"href":"https:\/\/nativainfo.com\/index.php?rest_route=\/wp\/v2\/posts\/635","targetHints":{"allow":["GET"]}}],"collection":[{"href":"https:\/\/nativainfo.com\/index.php?rest_route=\/wp\/v2\/posts"}],"about":[{"href":"https:\/\/nativainfo.com\/index.php?rest_route=\/wp\/v2\/types\/post"}],"author":[{"embeddable":true,"href":"https:\/\/nativainfo.com\/index.php?rest_route=\/wp\/v2\/users\/1"}],"replies":[{"embeddable":true,"href":"https:\/\/nativainfo.com\/index.php?rest_route=%2Fwp%2Fv2%2Fcomments&post=635"}],"version-history":[{"count":1,"href":"https:\/\/nativainfo.com\/index.php?rest_route=\/wp\/v2\/posts\/635\/revisions"}],"predecessor-version":[{"id":637,"href":"https:\/\/nativainfo.com\/index.php?rest_route=\/wp\/v2\/posts\/635\/revisions\/637"}],"wp:attachment":[{"href":"https:\/\/nativainfo.com\/index.php?rest_route=%2Fwp%2Fv2%2Fmedia&parent=635"}],"wp:term":[{"taxonomy":"category","embeddable":true,"href":"https:\/\/nativainfo.com\/index.php?rest_route=%2Fwp%2Fv2%2Fcategories&post=635"},{"taxonomy":"post_tag","embeddable":true,"href":"https:\/\/nativainfo.com\/index.php?rest_route=%2Fwp%2Fv2%2Ftags&post=635"}],"curies":[{"name":"wp","href":"https:\/\/api.w.org\/{rel}","templated":true}]}}