{"id":617,"date":"2020-09-07T00:17:42","date_gmt":"2020-09-07T03:17:42","guid":{"rendered":"http:\/\/nativainfo.com\/?p=617"},"modified":"2020-09-07T00:17:42","modified_gmt":"2020-09-07T03:17:42","slug":"coti-y-los-brillantes-realizaron-el-primer-autoconcierto-en-vivo-con-publico","status":"publish","type":"post","link":"https:\/\/nativainfo.com\/?p=617","title":{"rendered":"Coti y Los Brillantes realizaron el primer autoconcierto en vivo con p\u00fablico"},"content":{"rendered":"\n<p>La cita fue en San Isidro y se realizaron dos funciones, una para prensa e invitados y la siguiente para el p\u00fablico con entradas agotadas.<\/p>\n\n\n\n<figure class=\"wp-block-image size-large\"><img fetchpriority=\"high\" decoding=\"async\" width=\"660\" height=\"371\" src=\"http:\/\/nativainfo.com\/wp-content\/uploads\/2020\/09\/coti.jpg\" alt=\"\" class=\"wp-image-618\" srcset=\"https:\/\/nativainfo.com\/wp-content\/uploads\/2020\/09\/coti.jpg 660w, https:\/\/nativainfo.com\/wp-content\/uploads\/2020\/09\/coti-300x169.jpg 300w, https:\/\/nativainfo.com\/wp-content\/uploads\/2020\/09\/coti-623x350.jpg 623w, https:\/\/nativainfo.com\/wp-content\/uploads\/2020\/09\/coti-150x84.jpg 150w\" sizes=\"(max-width: 660px) 100vw, 660px\" \/><\/figure>\n\n\n\n<p>M\u00e1s de 700 personas se hicieron presentes en sus veh\u00edculos para ver el primer concierto con p\u00fablico desde que comenz\u00f3 la pandemia. La cita fue en la costa de&nbsp;<strong>San Isidro&nbsp;<\/strong>con el r\u00edo de fondo y los asistentes pudieron escuchar el show por medio de una FM. En lugar de aplausos la gente hacia sonar las bocinas de los autos.<\/p>\n\n\n\n<p>La fecha fue \u00fanica e hist\u00f3rica y<strong>&nbsp;Coti&nbsp;<\/strong>celebr\u00f3 el hecho de volver a los escenarios y lo importante que es reinventarse y adaptarse a estos tiempos para generar trabajo.<\/p>\n\n\n\n<p>En cuanto al repertorio sonaron temas como\u00a0<strong>\u201cNada fue un error\u201d<\/strong>,\u00a0<strong>\u201cAntes que ver el sol\u201d, \u201cAndar conmigo\u201d, \u201cTu nombre\u201d, \u201cOtra vez\u201d y \u201cPor ah\u00ed\u201d<\/strong>, entre otras.<\/p>\n\n\n\n<figure class=\"wp-block-embed-instagram wp-block-embed is-type-rich is-provider-instagram\"><div class=\"wp-block-embed__wrapper\">\nhttps:\/\/www.instagram.com\/p\/CEznik_nOgp\/?utm_source=ig_web_copy_link\n<\/div><\/figure>\n\n\n\n<p>-Fuente: Billboard AR-<\/p>\n","protected":false},"excerpt":{"rendered":"<p>La cita fue en San Isidro y se realizaron dos funciones, una para prensa e invitados y la siguiente para&#8230; <a class=\"continue-reading-link\" href=\"https:\/\/nativainfo.com\/?p=617\">Continue reading<\/a><\/p>\n","protected":false},"author":3,"featured_media":0,"comment_status":"open","ping_status":"open","sticky":false,"template":"","format":"standard","meta":{"rop_custom_images_group":[],"rop_custom_messages_group":[],"rop_publish_now":"initial","rop_publish_now_accounts":[],"rop_publish_now_history":[],"rop_publish_now_status":"pending","footnotes":"","jetpack_publicize_message":"","jetpack_publicize_feature_enabled":true,"jetpack_social_post_already_shared":false,"jetpack_social_options":{"image_generator_settings":{"template":"highway","default_image_id":0,"font":"","enabled":false},"version":2}},"categories":[25,7],"tags":[],"class_list":["post-617","post","type-post","status-publish","format-standard","hentry","category-cultura","category-musica"],"yoast_head":"<!-- This site is optimized with the Yoast SEO plugin v25.6 - https:\/\/yoast.com\/wordpress\/plugins\/seo\/ -->\n<title>Coti y Los Brillantes realizaron el primer autoconcierto en vivo con p\u00fablico - Nativa Info<\/title>\n<meta name=\"robots\" content=\"index, follow, max-snippet:-1, max-image-preview:large, max-video-preview:-1\" \/>\n<link rel=\"canonical\" href=\"https:\/\/nativainfo.com\/?p=617\" \/>\n<meta property=\"og:locale\" content=\"es_ES\" \/>\n<meta property=\"og:type\" content=\"article\" \/>\n<meta property=\"og:title\" content=\"Coti y Los Brillantes realizaron el primer autoconcierto en vivo con p\u00fablico - Nativa Info\" \/>\n<meta property=\"og:description\" content=\"La cita fue en San Isidro y se realizaron dos funciones, una para prensa e invitados y la siguiente para... Continue reading\" \/>\n<meta property=\"og:url\" content=\"https:\/\/nativainfo.com\/?p=617\" \/>\n<meta property=\"og:site_name\" content=\"Nativa Info\" \/>\n<meta property=\"article:publisher\" content=\"https:\/\/www.facebook.com\/profile.php?id=61578881597564\" \/>\n<meta property=\"article:published_time\" content=\"2020-09-07T03:17:42+00:00\" \/>\n<meta property=\"og:image\" content=\"http:\/\/nativainfo.com\/wp-content\/uploads\/2020\/09\/coti.jpg\" \/>\n<meta name=\"author\" content=\"Santiago Yocca\" \/>\n<meta name=\"twitter:card\" content=\"summary_large_image\" \/>\n<meta name=\"twitter:label1\" content=\"Escrito por\" \/>\n\t<meta name=\"twitter:data1\" content=\"Santiago Yocca\" \/>\n\t<meta name=\"twitter:label2\" content=\"Tiempo de lectura\" \/>\n\t<meta name=\"twitter:data2\" content=\"1 minuto\" \/>\n<script type=\"application\/ld+json\" class=\"yoast-schema-graph\">{\"@context\":\"https:\/\/schema.org\",\"@graph\":[{\"@type\":\"Article\",\"@id\":\"https:\/\/nativainfo.com\/?p=617#article\",\"isPartOf\":{\"@id\":\"https:\/\/nativainfo.com\/?p=617\"},\"author\":{\"name\":\"Santiago Yocca\",\"@id\":\"https:\/\/nativainfo.com\/#\/schema\/person\/290e0ad5981c54e50e456539865cc684\"},\"headline\":\"Coti y Los Brillantes realizaron el primer autoconcierto en vivo con p\u00fablico\",\"datePublished\":\"2020-09-07T03:17:42+00:00\",\"mainEntityOfPage\":{\"@id\":\"https:\/\/nativainfo.com\/?p=617\"},\"wordCount\":181,\"commentCount\":0,\"publisher\":{\"@id\":\"https:\/\/nativainfo.com\/#organization\"},\"image\":{\"@id\":\"https:\/\/nativainfo.com\/?p=617#primaryimage\"},\"thumbnailUrl\":\"http:\/\/nativainfo.com\/wp-content\/uploads\/2020\/09\/coti.jpg\",\"articleSection\":[\"Cultura\",\"M\u00fasica\"],\"inLanguage\":\"es-AR\",\"potentialAction\":[{\"@type\":\"CommentAction\",\"name\":\"Comment\",\"target\":[\"https:\/\/nativainfo.com\/?p=617#respond\"]}]},{\"@type\":\"WebPage\",\"@id\":\"https:\/\/nativainfo.com\/?p=617\",\"url\":\"https:\/\/nativainfo.com\/?p=617\",\"name\":\"Coti y Los Brillantes realizaron el primer autoconcierto en vivo con p\u00fablico - Nativa Info\",\"isPartOf\":{\"@id\":\"https:\/\/nativainfo.com\/#website\"},\"primaryImageOfPage\":{\"@id\":\"https:\/\/nativainfo.com\/?p=617#primaryimage\"},\"image\":{\"@id\":\"https:\/\/nativainfo.com\/?p=617#primaryimage\"},\"thumbnailUrl\":\"http:\/\/nativainfo.com\/wp-content\/uploads\/2020\/09\/coti.jpg\",\"datePublished\":\"2020-09-07T03:17:42+00:00\",\"breadcrumb\":{\"@id\":\"https:\/\/nativainfo.com\/?p=617#breadcrumb\"},\"inLanguage\":\"es-AR\",\"potentialAction\":[{\"@type\":\"ReadAction\",\"target\":[\"https:\/\/nativainfo.com\/?p=617\"]}]},{\"@type\":\"ImageObject\",\"inLanguage\":\"es-AR\",\"@id\":\"https:\/\/nativainfo.com\/?p=617#primaryimage\",\"url\":\"https:\/\/nativainfo.com\/wp-content\/uploads\/2020\/09\/coti.jpg\",\"contentUrl\":\"https:\/\/nativainfo.com\/wp-content\/uploads\/2020\/09\/coti.jpg\",\"width\":660,\"height\":371},{\"@type\":\"BreadcrumbList\",\"@id\":\"https:\/\/nativainfo.com\/?p=617#breadcrumb\",\"itemListElement\":[{\"@type\":\"ListItem\",\"position\":1,\"name\":\"Inicio\",\"item\":\"https:\/\/nativainfo.com\/\"},{\"@type\":\"ListItem\",\"position\":2,\"name\":\"Coti y Los Brillantes realizaron el primer autoconcierto en vivo con p\u00fablico\"}]},{\"@type\":\"WebSite\",\"@id\":\"https:\/\/nativainfo.com\/#website\",\"url\":\"https:\/\/nativainfo.com\/\",\"name\":\"Nativa Info\",\"description\":\"Diario Digital\",\"publisher\":{\"@id\":\"https:\/\/nativainfo.com\/#organization\"},\"potentialAction\":[{\"@type\":\"SearchAction\",\"target\":{\"@type\":\"EntryPoint\",\"urlTemplate\":\"https:\/\/nativainfo.com\/?s={search_term_string}\"},\"query-input\":{\"@type\":\"PropertyValueSpecification\",\"valueRequired\":true,\"valueName\":\"search_term_string\"}}],\"inLanguage\":\"es-AR\"},{\"@type\":\"Organization\",\"@id\":\"https:\/\/nativainfo.com\/#organization\",\"name\":\"Nativa Info\",\"url\":\"https:\/\/nativainfo.com\/\",\"logo\":{\"@type\":\"ImageObject\",\"inLanguage\":\"es-AR\",\"@id\":\"https:\/\/nativainfo.com\/#\/schema\/logo\/image\/\",\"url\":\"https:\/\/nativainfo.com\/wp-content\/uploads\/2025\/08\/LOGO-NATIVA-FACE.jpg\",\"contentUrl\":\"https:\/\/nativainfo.com\/wp-content\/uploads\/2025\/08\/LOGO-NATIVA-FACE.jpg\",\"width\":400,\"height\":400,\"caption\":\"Nativa Info\"},\"image\":{\"@id\":\"https:\/\/nativainfo.com\/#\/schema\/logo\/image\/\"},\"sameAs\":[\"https:\/\/www.facebook.com\/profile.php?id=61578881597564\"]},{\"@type\":\"Person\",\"@id\":\"https:\/\/nativainfo.com\/#\/schema\/person\/290e0ad5981c54e50e456539865cc684\",\"name\":\"Santiago Yocca\",\"image\":{\"@type\":\"ImageObject\",\"inLanguage\":\"es-AR\",\"@id\":\"https:\/\/nativainfo.com\/#\/schema\/person\/image\/\",\"url\":\"https:\/\/secure.gravatar.com\/avatar\/1094c9085fc74f328d93973860ca15199d7aa8dc3413fab05072a0d192bc70ec?s=96&d=mm&r=g\",\"contentUrl\":\"https:\/\/secure.gravatar.com\/avatar\/1094c9085fc74f328d93973860ca15199d7aa8dc3413fab05072a0d192bc70ec?s=96&d=mm&r=g\",\"caption\":\"Santiago Yocca\"},\"url\":\"https:\/\/nativainfo.com\/?author=3\"}]}<\/script>\n<!-- \/ Yoast SEO plugin. -->","yoast_head_json":{"title":"Coti y Los Brillantes realizaron el primer autoconcierto en vivo con p\u00fablico - Nativa Info","robots":{"index":"index","follow":"follow","max-snippet":"max-snippet:-1","max-image-preview":"max-image-preview:large","max-video-preview":"max-video-preview:-1"},"canonical":"https:\/\/nativainfo.com\/?p=617","og_locale":"es_ES","og_type":"article","og_title":"Coti y Los Brillantes realizaron el primer autoconcierto en vivo con p\u00fablico - Nativa Info","og_description":"La cita fue en San Isidro y se realizaron dos funciones, una para prensa e invitados y la siguiente para... Continue reading","og_url":"https:\/\/nativainfo.com\/?p=617","og_site_name":"Nativa Info","article_publisher":"https:\/\/www.facebook.com\/profile.php?id=61578881597564","article_published_time":"2020-09-07T03:17:42+00:00","og_image":[{"url":"http:\/\/nativainfo.com\/wp-content\/uploads\/2020\/09\/coti.jpg","type":"","width":"","height":""}],"author":"Santiago Yocca","twitter_card":"summary_large_image","twitter_misc":{"Escrito por":"Santiago Yocca","Tiempo de lectura":"1 minuto"},"schema":{"@context":"https:\/\/schema.org","@graph":[{"@type":"Article","@id":"https:\/\/nativainfo.com\/?p=617#article","isPartOf":{"@id":"https:\/\/nativainfo.com\/?p=617"},"author":{"name":"Santiago Yocca","@id":"https:\/\/nativainfo.com\/#\/schema\/person\/290e0ad5981c54e50e456539865cc684"},"headline":"Coti y Los Brillantes realizaron el primer autoconcierto en vivo con p\u00fablico","datePublished":"2020-09-07T03:17:42+00:00","mainEntityOfPage":{"@id":"https:\/\/nativainfo.com\/?p=617"},"wordCount":181,"commentCount":0,"publisher":{"@id":"https:\/\/nativainfo.com\/#organization"},"image":{"@id":"https:\/\/nativainfo.com\/?p=617#primaryimage"},"thumbnailUrl":"http:\/\/nativainfo.com\/wp-content\/uploads\/2020\/09\/coti.jpg","articleSection":["Cultura","M\u00fasica"],"inLanguage":"es-AR","potentialAction":[{"@type":"CommentAction","name":"Comment","target":["https:\/\/nativainfo.com\/?p=617#respond"]}]},{"@type":"WebPage","@id":"https:\/\/nativainfo.com\/?p=617","url":"https:\/\/nativainfo.com\/?p=617","name":"Coti y Los Brillantes realizaron el primer autoconcierto en vivo con p\u00fablico - Nativa Info","isPartOf":{"@id":"https:\/\/nativainfo.com\/#website"},"primaryImageOfPage":{"@id":"https:\/\/nativainfo.com\/?p=617#primaryimage"},"image":{"@id":"https:\/\/nativainfo.com\/?p=617#primaryimage"},"thumbnailUrl":"http:\/\/nativainfo.com\/wp-content\/uploads\/2020\/09\/coti.jpg","datePublished":"2020-09-07T03:17:42+00:00","breadcrumb":{"@id":"https:\/\/nativainfo.com\/?p=617#breadcrumb"},"inLanguage":"es-AR","potentialAction":[{"@type":"ReadAction","target":["https:\/\/nativainfo.com\/?p=617"]}]},{"@type":"ImageObject","inLanguage":"es-AR","@id":"https:\/\/nativainfo.com\/?p=617#primaryimage","url":"https:\/\/nativainfo.com\/wp-content\/uploads\/2020\/09\/coti.jpg","contentUrl":"https:\/\/nativainfo.com\/wp-content\/uploads\/2020\/09\/coti.jpg","width":660,"height":371},{"@type":"BreadcrumbList","@id":"https:\/\/nativainfo.com\/?p=617#breadcrumb","itemListElement":[{"@type":"ListItem","position":1,"name":"Inicio","item":"https:\/\/nativainfo.com\/"},{"@type":"ListItem","position":2,"name":"Coti y Los Brillantes realizaron el primer autoconcierto en vivo con p\u00fablico"}]},{"@type":"WebSite","@id":"https:\/\/nativainfo.com\/#website","url":"https:\/\/nativainfo.com\/","name":"Nativa Info","description":"Diario Digital","publisher":{"@id":"https:\/\/nativainfo.com\/#organization"},"potentialAction":[{"@type":"SearchAction","target":{"@type":"EntryPoint","urlTemplate":"https:\/\/nativainfo.com\/?s={search_term_string}"},"query-input":{"@type":"PropertyValueSpecification","valueRequired":true,"valueName":"search_term_string"}}],"inLanguage":"es-AR"},{"@type":"Organization","@id":"https:\/\/nativainfo.com\/#organization","name":"Nativa Info","url":"https:\/\/nativainfo.com\/","logo":{"@type":"ImageObject","inLanguage":"es-AR","@id":"https:\/\/nativainfo.com\/#\/schema\/logo\/image\/","url":"https:\/\/nativainfo.com\/wp-content\/uploads\/2025\/08\/LOGO-NATIVA-FACE.jpg","contentUrl":"https:\/\/nativainfo.com\/wp-content\/uploads\/2025\/08\/LOGO-NATIVA-FACE.jpg","width":400,"height":400,"caption":"Nativa Info"},"image":{"@id":"https:\/\/nativainfo.com\/#\/schema\/logo\/image\/"},"sameAs":["https:\/\/www.facebook.com\/profile.php?id=61578881597564"]},{"@type":"Person","@id":"https:\/\/nativainfo.com\/#\/schema\/person\/290e0ad5981c54e50e456539865cc684","name":"Santiago Yocca","image":{"@type":"ImageObject","inLanguage":"es-AR","@id":"https:\/\/nativainfo.com\/#\/schema\/person\/image\/","url":"https:\/\/secure.gravatar.com\/avatar\/1094c9085fc74f328d93973860ca15199d7aa8dc3413fab05072a0d192bc70ec?s=96&d=mm&r=g","contentUrl":"https:\/\/secure.gravatar.com\/avatar\/1094c9085fc74f328d93973860ca15199d7aa8dc3413fab05072a0d192bc70ec?s=96&d=mm&r=g","caption":"Santiago Yocca"},"url":"https:\/\/nativainfo.com\/?author=3"}]}},"jetpack_publicize_connections":[],"_links":{"self":[{"href":"https:\/\/nativainfo.com\/index.php?rest_route=\/wp\/v2\/posts\/617","targetHints":{"allow":["GET"]}}],"collection":[{"href":"https:\/\/nativainfo.com\/index.php?rest_route=\/wp\/v2\/posts"}],"about":[{"href":"https:\/\/nativainfo.com\/index.php?rest_route=\/wp\/v2\/types\/post"}],"author":[{"embeddable":true,"href":"https:\/\/nativainfo.com\/index.php?rest_route=\/wp\/v2\/users\/3"}],"replies":[{"embeddable":true,"href":"https:\/\/nativainfo.com\/index.php?rest_route=%2Fwp%2Fv2%2Fcomments&post=617"}],"version-history":[{"count":2,"href":"https:\/\/nativainfo.com\/index.php?rest_route=\/wp\/v2\/posts\/617\/revisions"}],"predecessor-version":[{"id":849,"href":"https:\/\/nativainfo.com\/index.php?rest_route=\/wp\/v2\/posts\/617\/revisions\/849"}],"wp:attachment":[{"href":"https:\/\/nativainfo.com\/index.php?rest_route=%2Fwp%2Fv2%2Fmedia&parent=617"}],"wp:term":[{"taxonomy":"category","embeddable":true,"href":"https:\/\/nativainfo.com\/index.php?rest_route=%2Fwp%2Fv2%2Fcategories&post=617"},{"taxonomy":"post_tag","embeddable":true,"href":"https:\/\/nativainfo.com\/index.php?rest_route=%2Fwp%2Fv2%2Ftags&post=617"}],"curies":[{"name":"wp","href":"https:\/\/api.w.org\/{rel}","templated":true}]}}