{"id":604,"date":"2020-09-03T11:03:28","date_gmt":"2020-09-03T14:03:28","guid":{"rendered":"https:\/\/nativainfo.com\/?p=604"},"modified":"2020-09-03T11:03:31","modified_gmt":"2020-09-03T14:03:31","slug":"zamora-cuando-pase-la-pandemia-debemos-tener-planificado-y-preparado-un-fuerte-impulso","status":"publish","type":"post","link":"https:\/\/nativainfo.com\/?p=604","title":{"rendered":"Zamora: \u201cCuando pase la pandemia debemos tener planificado y preparado un fuerte impulso\u201d"},"content":{"rendered":"\n<p>\u201dLa situaci\u00f3n que estamos viviendo hace que no se pueda conmemorar o festejar un d\u00eda tan importante como el de la Industria. Nos hubiera gustado hacerlo como en a\u00f1os anteriores, con alguna feria o exposici\u00f3n y con tantas actividades del sector industrial, pero las circunstancias que vivimos nos lo impide\u201d.<\/p>\n\n\n\n<figure class=\"wp-block-image size-large\"><img fetchpriority=\"high\" decoding=\"async\" width=\"400\" height=\"350\" src=\"https:\/\/nativainfo.com\/wp-content\/uploads\/2020\/09\/img_7296.jpg\" alt=\"\" class=\"wp-image-603\" srcset=\"https:\/\/nativainfo.com\/wp-content\/uploads\/2020\/09\/img_7296.jpg 400w, https:\/\/nativainfo.com\/wp-content\/uploads\/2020\/09\/img_7296-300x263.jpg 300w, https:\/\/nativainfo.com\/wp-content\/uploads\/2020\/09\/img_7296-150x131.jpg 150w\" sizes=\"(max-width: 400px) 100vw, 400px\" \/><\/figure>\n\n\n\n<p>\u201cEl&nbsp;<strong>2 de septiembre<\/strong>&nbsp;nos recuerda a una fecha santiague\u00f1a porque hace referencia a la primera exportaci\u00f3n de la Argentina de una industria incipiente, que naci\u00f3 en Santiago del Estero y dio origen, cuando sali\u00f3 del puerto de Buenos Aires rumbo a Brasil, a la primera embarcaci\u00f3n que exportaba productos manufacturados textiles -describi\u00f3 el gobernador-. De aquel tiempo hasta hoy, es una realidad que la industria argentina y tambi\u00e9n, por ende, la santiague\u00f1a, se han convertido en un sector fundamental para el&nbsp;<strong>desarrollo econ\u00f3mico\u201d<\/strong>.<\/p>\n\n\n\n<p>Pero es por todos conocido que la <strong>pandemia<\/strong> ha afectado la vida de todos y tambi\u00e9n la actividad econ\u00f3mica. Ante ello Zamora llam\u00f3 a \u201cno perder las esperanzas en que esto pase pronto y que podamos llevarlo de la mejor manera, con salud para todos los santiague\u00f1os, y pensando en el futuro para que podamos apoyar toda la industria, que es una actividad generadora de empleos, de progreso y, fundamentalmente, de actividad econ\u00f3mica sostenible, no s\u00f3lo aquella que genera valor agregado a nuestra producci\u00f3n primaria, sobre la que tenemos un potencial muy grande, sino tambi\u00e9n cualquier industria\u201d.<\/p>\n\n\n\n<p>-Fuente: El Liberal-<\/p>\n","protected":false},"excerpt":{"rendered":"<p>\u201dLa situaci\u00f3n que estamos viviendo hace que no se pueda conmemorar o festejar un d\u00eda tan importante como el de&#8230; <a class=\"continue-reading-link\" href=\"https:\/\/nativainfo.com\/?p=604\">Continue reading<\/a><\/p>\n","protected":false},"author":1,"featured_media":0,"comment_status":"open","ping_status":"open","sticky":false,"template":"","format":"standard","meta":{"rop_custom_images_group":[],"rop_custom_messages_group":[],"rop_publish_now":"initial","rop_publish_now_accounts":[],"rop_publish_now_history":[],"rop_publish_now_status":"pending","footnotes":"","jetpack_publicize_message":"","jetpack_publicize_feature_enabled":true,"jetpack_social_post_already_shared":false,"jetpack_social_options":{"image_generator_settings":{"template":"highway","default_image_id":0,"font":"","enabled":false},"version":2}},"categories":[14,16,12],"tags":[],"class_list":["post-604","post","type-post","status-publish","format-standard","hentry","category-coronavirus","category-economia","category-provincia"],"yoast_head":"<!-- This site is optimized with the Yoast SEO plugin v25.6 - https:\/\/yoast.com\/wordpress\/plugins\/seo\/ -->\n<title>Zamora: \u201cCuando pase la pandemia debemos tener planificado y preparado un fuerte impulso\u201d - Nativa Info<\/title>\n<meta name=\"robots\" content=\"index, follow, max-snippet:-1, max-image-preview:large, max-video-preview:-1\" \/>\n<link rel=\"canonical\" href=\"https:\/\/nativainfo.com\/?p=604\" \/>\n<meta property=\"og:locale\" content=\"es_ES\" \/>\n<meta property=\"og:type\" content=\"article\" \/>\n<meta property=\"og:title\" content=\"Zamora: \u201cCuando pase la pandemia debemos tener planificado y preparado un fuerte impulso\u201d - Nativa Info\" \/>\n<meta property=\"og:description\" content=\"\u201dLa situaci\u00f3n que estamos viviendo hace que no se pueda conmemorar o festejar un d\u00eda tan importante como el de... Continue reading\" \/>\n<meta property=\"og:url\" content=\"https:\/\/nativainfo.com\/?p=604\" \/>\n<meta property=\"og:site_name\" content=\"Nativa Info\" \/>\n<meta property=\"article:publisher\" content=\"https:\/\/www.facebook.com\/profile.php?id=61578881597564\" \/>\n<meta property=\"article:published_time\" content=\"2020-09-03T14:03:28+00:00\" \/>\n<meta property=\"article:modified_time\" content=\"2020-09-03T14:03:31+00:00\" \/>\n<meta property=\"og:image\" content=\"https:\/\/nativainfo.com\/wp-content\/uploads\/2020\/09\/img_7296.jpg\" \/>\n<meta name=\"author\" content=\"Nativa Info\" \/>\n<meta name=\"twitter:card\" content=\"summary_large_image\" \/>\n<meta name=\"twitter:label1\" content=\"Escrito por\" \/>\n\t<meta name=\"twitter:data1\" content=\"Nativa Info\" \/>\n\t<meta name=\"twitter:label2\" content=\"Tiempo de lectura\" \/>\n\t<meta name=\"twitter:data2\" content=\"1 minuto\" \/>\n<script type=\"application\/ld+json\" class=\"yoast-schema-graph\">{\"@context\":\"https:\/\/schema.org\",\"@graph\":[{\"@type\":\"Article\",\"@id\":\"https:\/\/nativainfo.com\/?p=604#article\",\"isPartOf\":{\"@id\":\"https:\/\/nativainfo.com\/?p=604\"},\"author\":{\"name\":\"Nativa Info\",\"@id\":\"https:\/\/nativainfo.com\/#\/schema\/person\/24893b64a9cd564ddb5d102d36eb4b5c\"},\"headline\":\"Zamora: \u201cCuando pase la pandemia debemos tener planificado y preparado un fuerte impulso\u201d\",\"datePublished\":\"2020-09-03T14:03:28+00:00\",\"dateModified\":\"2020-09-03T14:03:31+00:00\",\"mainEntityOfPage\":{\"@id\":\"https:\/\/nativainfo.com\/?p=604\"},\"wordCount\":266,\"commentCount\":0,\"publisher\":{\"@id\":\"https:\/\/nativainfo.com\/#organization\"},\"image\":{\"@id\":\"https:\/\/nativainfo.com\/?p=604#primaryimage\"},\"thumbnailUrl\":\"https:\/\/nativainfo.com\/wp-content\/uploads\/2020\/09\/img_7296.jpg\",\"articleSection\":[\"Coronavirus\",\"Econom\u00eda\",\"Provincia\"],\"inLanguage\":\"es-AR\",\"potentialAction\":[{\"@type\":\"CommentAction\",\"name\":\"Comment\",\"target\":[\"https:\/\/nativainfo.com\/?p=604#respond\"]}]},{\"@type\":\"WebPage\",\"@id\":\"https:\/\/nativainfo.com\/?p=604\",\"url\":\"https:\/\/nativainfo.com\/?p=604\",\"name\":\"Zamora: \u201cCuando pase la pandemia debemos tener planificado y preparado un fuerte impulso\u201d - Nativa Info\",\"isPartOf\":{\"@id\":\"https:\/\/nativainfo.com\/#website\"},\"primaryImageOfPage\":{\"@id\":\"https:\/\/nativainfo.com\/?p=604#primaryimage\"},\"image\":{\"@id\":\"https:\/\/nativainfo.com\/?p=604#primaryimage\"},\"thumbnailUrl\":\"https:\/\/nativainfo.com\/wp-content\/uploads\/2020\/09\/img_7296.jpg\",\"datePublished\":\"2020-09-03T14:03:28+00:00\",\"dateModified\":\"2020-09-03T14:03:31+00:00\",\"breadcrumb\":{\"@id\":\"https:\/\/nativainfo.com\/?p=604#breadcrumb\"},\"inLanguage\":\"es-AR\",\"potentialAction\":[{\"@type\":\"ReadAction\",\"target\":[\"https:\/\/nativainfo.com\/?p=604\"]}]},{\"@type\":\"ImageObject\",\"inLanguage\":\"es-AR\",\"@id\":\"https:\/\/nativainfo.com\/?p=604#primaryimage\",\"url\":\"https:\/\/nativainfo.com\/wp-content\/uploads\/2020\/09\/img_7296.jpg\",\"contentUrl\":\"https:\/\/nativainfo.com\/wp-content\/uploads\/2020\/09\/img_7296.jpg\"},{\"@type\":\"BreadcrumbList\",\"@id\":\"https:\/\/nativainfo.com\/?p=604#breadcrumb\",\"itemListElement\":[{\"@type\":\"ListItem\",\"position\":1,\"name\":\"Inicio\",\"item\":\"https:\/\/nativainfo.com\/\"},{\"@type\":\"ListItem\",\"position\":2,\"name\":\"Zamora: \u201cCuando pase la pandemia debemos tener planificado y preparado un fuerte impulso\u201d\"}]},{\"@type\":\"WebSite\",\"@id\":\"https:\/\/nativainfo.com\/#website\",\"url\":\"https:\/\/nativainfo.com\/\",\"name\":\"Nativa Info\",\"description\":\"Diario Digital\",\"publisher\":{\"@id\":\"https:\/\/nativainfo.com\/#organization\"},\"potentialAction\":[{\"@type\":\"SearchAction\",\"target\":{\"@type\":\"EntryPoint\",\"urlTemplate\":\"https:\/\/nativainfo.com\/?s={search_term_string}\"},\"query-input\":{\"@type\":\"PropertyValueSpecification\",\"valueRequired\":true,\"valueName\":\"search_term_string\"}}],\"inLanguage\":\"es-AR\"},{\"@type\":\"Organization\",\"@id\":\"https:\/\/nativainfo.com\/#organization\",\"name\":\"Nativa Info\",\"url\":\"https:\/\/nativainfo.com\/\",\"logo\":{\"@type\":\"ImageObject\",\"inLanguage\":\"es-AR\",\"@id\":\"https:\/\/nativainfo.com\/#\/schema\/logo\/image\/\",\"url\":\"https:\/\/nativainfo.com\/wp-content\/uploads\/2025\/08\/LOGO-NATIVA-FACE.jpg\",\"contentUrl\":\"https:\/\/nativainfo.com\/wp-content\/uploads\/2025\/08\/LOGO-NATIVA-FACE.jpg\",\"width\":400,\"height\":400,\"caption\":\"Nativa Info\"},\"image\":{\"@id\":\"https:\/\/nativainfo.com\/#\/schema\/logo\/image\/\"},\"sameAs\":[\"https:\/\/www.facebook.com\/profile.php?id=61578881597564\"]},{\"@type\":\"Person\",\"@id\":\"https:\/\/nativainfo.com\/#\/schema\/person\/24893b64a9cd564ddb5d102d36eb4b5c\",\"name\":\"Nativa Info\",\"image\":{\"@type\":\"ImageObject\",\"inLanguage\":\"es-AR\",\"@id\":\"https:\/\/nativainfo.com\/#\/schema\/person\/image\/\",\"url\":\"https:\/\/secure.gravatar.com\/avatar\/016fa1cf068d85136d938e1507b9b619cb766e2565cbb1faa1e571762460c785?s=96&d=mm&r=g\",\"contentUrl\":\"https:\/\/secure.gravatar.com\/avatar\/016fa1cf068d85136d938e1507b9b619cb766e2565cbb1faa1e571762460c785?s=96&d=mm&r=g\",\"caption\":\"Nativa Info\"},\"sameAs\":[\"http:\/\/nativainfo.com\"],\"url\":\"https:\/\/nativainfo.com\/?author=1\"}]}<\/script>\n<!-- \/ Yoast SEO plugin. -->","yoast_head_json":{"title":"Zamora: \u201cCuando pase la pandemia debemos tener planificado y preparado un fuerte impulso\u201d - Nativa Info","robots":{"index":"index","follow":"follow","max-snippet":"max-snippet:-1","max-image-preview":"max-image-preview:large","max-video-preview":"max-video-preview:-1"},"canonical":"https:\/\/nativainfo.com\/?p=604","og_locale":"es_ES","og_type":"article","og_title":"Zamora: \u201cCuando pase la pandemia debemos tener planificado y preparado un fuerte impulso\u201d - Nativa Info","og_description":"\u201dLa situaci\u00f3n que estamos viviendo hace que no se pueda conmemorar o festejar un d\u00eda tan importante como el de... Continue reading","og_url":"https:\/\/nativainfo.com\/?p=604","og_site_name":"Nativa Info","article_publisher":"https:\/\/www.facebook.com\/profile.php?id=61578881597564","article_published_time":"2020-09-03T14:03:28+00:00","article_modified_time":"2020-09-03T14:03:31+00:00","og_image":[{"url":"https:\/\/nativainfo.com\/wp-content\/uploads\/2020\/09\/img_7296.jpg","type":"","width":"","height":""}],"author":"Nativa Info","twitter_card":"summary_large_image","twitter_misc":{"Escrito por":"Nativa Info","Tiempo de lectura":"1 minuto"},"schema":{"@context":"https:\/\/schema.org","@graph":[{"@type":"Article","@id":"https:\/\/nativainfo.com\/?p=604#article","isPartOf":{"@id":"https:\/\/nativainfo.com\/?p=604"},"author":{"name":"Nativa Info","@id":"https:\/\/nativainfo.com\/#\/schema\/person\/24893b64a9cd564ddb5d102d36eb4b5c"},"headline":"Zamora: \u201cCuando pase la pandemia debemos tener planificado y preparado un fuerte impulso\u201d","datePublished":"2020-09-03T14:03:28+00:00","dateModified":"2020-09-03T14:03:31+00:00","mainEntityOfPage":{"@id":"https:\/\/nativainfo.com\/?p=604"},"wordCount":266,"commentCount":0,"publisher":{"@id":"https:\/\/nativainfo.com\/#organization"},"image":{"@id":"https:\/\/nativainfo.com\/?p=604#primaryimage"},"thumbnailUrl":"https:\/\/nativainfo.com\/wp-content\/uploads\/2020\/09\/img_7296.jpg","articleSection":["Coronavirus","Econom\u00eda","Provincia"],"inLanguage":"es-AR","potentialAction":[{"@type":"CommentAction","name":"Comment","target":["https:\/\/nativainfo.com\/?p=604#respond"]}]},{"@type":"WebPage","@id":"https:\/\/nativainfo.com\/?p=604","url":"https:\/\/nativainfo.com\/?p=604","name":"Zamora: \u201cCuando pase la pandemia debemos tener planificado y preparado un fuerte impulso\u201d - Nativa Info","isPartOf":{"@id":"https:\/\/nativainfo.com\/#website"},"primaryImageOfPage":{"@id":"https:\/\/nativainfo.com\/?p=604#primaryimage"},"image":{"@id":"https:\/\/nativainfo.com\/?p=604#primaryimage"},"thumbnailUrl":"https:\/\/nativainfo.com\/wp-content\/uploads\/2020\/09\/img_7296.jpg","datePublished":"2020-09-03T14:03:28+00:00","dateModified":"2020-09-03T14:03:31+00:00","breadcrumb":{"@id":"https:\/\/nativainfo.com\/?p=604#breadcrumb"},"inLanguage":"es-AR","potentialAction":[{"@type":"ReadAction","target":["https:\/\/nativainfo.com\/?p=604"]}]},{"@type":"ImageObject","inLanguage":"es-AR","@id":"https:\/\/nativainfo.com\/?p=604#primaryimage","url":"https:\/\/nativainfo.com\/wp-content\/uploads\/2020\/09\/img_7296.jpg","contentUrl":"https:\/\/nativainfo.com\/wp-content\/uploads\/2020\/09\/img_7296.jpg"},{"@type":"BreadcrumbList","@id":"https:\/\/nativainfo.com\/?p=604#breadcrumb","itemListElement":[{"@type":"ListItem","position":1,"name":"Inicio","item":"https:\/\/nativainfo.com\/"},{"@type":"ListItem","position":2,"name":"Zamora: \u201cCuando pase la pandemia debemos tener planificado y preparado un fuerte impulso\u201d"}]},{"@type":"WebSite","@id":"https:\/\/nativainfo.com\/#website","url":"https:\/\/nativainfo.com\/","name":"Nativa Info","description":"Diario Digital","publisher":{"@id":"https:\/\/nativainfo.com\/#organization"},"potentialAction":[{"@type":"SearchAction","target":{"@type":"EntryPoint","urlTemplate":"https:\/\/nativainfo.com\/?s={search_term_string}"},"query-input":{"@type":"PropertyValueSpecification","valueRequired":true,"valueName":"search_term_string"}}],"inLanguage":"es-AR"},{"@type":"Organization","@id":"https:\/\/nativainfo.com\/#organization","name":"Nativa Info","url":"https:\/\/nativainfo.com\/","logo":{"@type":"ImageObject","inLanguage":"es-AR","@id":"https:\/\/nativainfo.com\/#\/schema\/logo\/image\/","url":"https:\/\/nativainfo.com\/wp-content\/uploads\/2025\/08\/LOGO-NATIVA-FACE.jpg","contentUrl":"https:\/\/nativainfo.com\/wp-content\/uploads\/2025\/08\/LOGO-NATIVA-FACE.jpg","width":400,"height":400,"caption":"Nativa Info"},"image":{"@id":"https:\/\/nativainfo.com\/#\/schema\/logo\/image\/"},"sameAs":["https:\/\/www.facebook.com\/profile.php?id=61578881597564"]},{"@type":"Person","@id":"https:\/\/nativainfo.com\/#\/schema\/person\/24893b64a9cd564ddb5d102d36eb4b5c","name":"Nativa Info","image":{"@type":"ImageObject","inLanguage":"es-AR","@id":"https:\/\/nativainfo.com\/#\/schema\/person\/image\/","url":"https:\/\/secure.gravatar.com\/avatar\/016fa1cf068d85136d938e1507b9b619cb766e2565cbb1faa1e571762460c785?s=96&d=mm&r=g","contentUrl":"https:\/\/secure.gravatar.com\/avatar\/016fa1cf068d85136d938e1507b9b619cb766e2565cbb1faa1e571762460c785?s=96&d=mm&r=g","caption":"Nativa Info"},"sameAs":["http:\/\/nativainfo.com"],"url":"https:\/\/nativainfo.com\/?author=1"}]}},"jetpack_publicize_connections":[],"_links":{"self":[{"href":"https:\/\/nativainfo.com\/index.php?rest_route=\/wp\/v2\/posts\/604","targetHints":{"allow":["GET"]}}],"collection":[{"href":"https:\/\/nativainfo.com\/index.php?rest_route=\/wp\/v2\/posts"}],"about":[{"href":"https:\/\/nativainfo.com\/index.php?rest_route=\/wp\/v2\/types\/post"}],"author":[{"embeddable":true,"href":"https:\/\/nativainfo.com\/index.php?rest_route=\/wp\/v2\/users\/1"}],"replies":[{"embeddable":true,"href":"https:\/\/nativainfo.com\/index.php?rest_route=%2Fwp%2Fv2%2Fcomments&post=604"}],"version-history":[{"count":1,"href":"https:\/\/nativainfo.com\/index.php?rest_route=\/wp\/v2\/posts\/604\/revisions"}],"predecessor-version":[{"id":605,"href":"https:\/\/nativainfo.com\/index.php?rest_route=\/wp\/v2\/posts\/604\/revisions\/605"}],"wp:attachment":[{"href":"https:\/\/nativainfo.com\/index.php?rest_route=%2Fwp%2Fv2%2Fmedia&parent=604"}],"wp:term":[{"taxonomy":"category","embeddable":true,"href":"https:\/\/nativainfo.com\/index.php?rest_route=%2Fwp%2Fv2%2Fcategories&post=604"},{"taxonomy":"post_tag","embeddable":true,"href":"https:\/\/nativainfo.com\/index.php?rest_route=%2Fwp%2Fv2%2Ftags&post=604"}],"curies":[{"name":"wp","href":"https:\/\/api.w.org\/{rel}","templated":true}]}}