{"id":598,"date":"2020-09-01T10:55:35","date_gmt":"2020-09-01T13:55:35","guid":{"rendered":"http:\/\/nativainfo.com\/?p=598"},"modified":"2020-09-01T10:55:35","modified_gmt":"2020-09-01T13:55:35","slug":"tras-el-canje-y-la-salida-del-default-el-gobierno-se-concentrara-en-dos-prioridades-la-reactivacion-y-achicar-el-deficit-fiscal","status":"publish","type":"post","link":"https:\/\/nativainfo.com\/?p=598","title":{"rendered":"Tras el canje y la salida del default, el Gobierno se concentrar\u00e1 en dos prioridades: la reactivaci\u00f3n y achicar el d\u00e9ficit fiscal"},"content":{"rendered":"\n<p>Son los temas que aparecen en la agenda inmediata del ministro Mart\u00edn Guzm\u00e1n y tambi\u00e9n en los primeros acercamientos con el FMI para llegar a un nuevo acuerdo<\/p>\n\n\n\n<figure class=\"wp-block-image size-large\"><img fetchpriority=\"high\" decoding=\"async\" width=\"768\" height=\"512\" src=\"http:\/\/nativainfo.com\/wp-content\/uploads\/2020\/09\/guz-cfk.jpg\" alt=\"\" class=\"wp-image-599\" srcset=\"https:\/\/nativainfo.com\/wp-content\/uploads\/2020\/09\/guz-cfk.jpg 768w, https:\/\/nativainfo.com\/wp-content\/uploads\/2020\/09\/guz-cfk-300x200.jpg 300w, https:\/\/nativainfo.com\/wp-content\/uploads\/2020\/09\/guz-cfk-525x350.jpg 525w, https:\/\/nativainfo.com\/wp-content\/uploads\/2020\/09\/guz-cfk-150x100.jpg 150w\" sizes=\"(max-width: 768px) 100vw, 768px\" \/><\/figure>\n\n\n\n<p>El 99% de adhesi\u00f3n al canje es utilizado por el Gobierno como un \u201ctrampol\u00edn\u201d para lo que viene en materia econ\u00f3mica. La prioridad ahora ser\u00e1 avanzar en la reactivaci\u00f3n, algo que es f\u00e1cil y dif\u00edcil al mismo tiempo: los n\u00fameros son muchos mejores que los de abril, cuando se produjo el cierre masivo de industrias y comercios por efecto de la cuarentena estricta.\u00a0<mark>Pero para dejar atr\u00e1s los efectos de la pandemia a\u00fan falta un largo camino. La velocidad para recorrerlo depender\u00e1 en buena medida de las se\u00f1ales que permitan recuperar la confianza de empresarios e inversores.<\/mark><\/p>\n\n\n\n<p>La exitosa renegociaci\u00f3n de la deuda (descontando que el canje local tambi\u00e9n tendr\u00e1 una aceptaci\u00f3n masiva) le permiti\u00f3 a Alberto Fern\u00e1ndez despejar el horizonte para el resto de su gesti\u00f3n, ya que por lo menos hasta 2024 los pagos en concepto de capital e intereses son \u00ednfimos.<\/p>\n\n\n\n<p>-Fuente: Infobae-<\/p>\n","protected":false},"excerpt":{"rendered":"<p>Son los temas que aparecen en la agenda inmediata del ministro Mart\u00edn Guzm\u00e1n y tambi\u00e9n en los primeros acercamientos con&#8230; <a class=\"continue-reading-link\" href=\"https:\/\/nativainfo.com\/?p=598\">Continue reading<\/a><\/p>\n","protected":false},"author":1,"featured_media":0,"comment_status":"open","ping_status":"open","sticky":false,"template":"","format":"standard","meta":{"rop_custom_images_group":[],"rop_custom_messages_group":[],"rop_publish_now":"initial","rop_publish_now_accounts":[],"rop_publish_now_history":[],"rop_publish_now_status":"pending","footnotes":"","jetpack_publicize_message":"","jetpack_publicize_feature_enabled":true,"jetpack_social_post_already_shared":false,"jetpack_social_options":{"image_generator_settings":{"template":"highway","default_image_id":0,"font":"","enabled":false},"version":2}},"categories":[16,9],"tags":[],"class_list":["post-598","post","type-post","status-publish","format-standard","hentry","category-economia","category-pais"],"yoast_head":"<!-- This site is optimized with the Yoast SEO plugin v25.6 - https:\/\/yoast.com\/wordpress\/plugins\/seo\/ -->\n<title>Tras el canje y la salida del default, el Gobierno se concentrar\u00e1 en dos prioridades: la reactivaci\u00f3n y achicar el d\u00e9ficit fiscal - Nativa Info<\/title>\n<meta name=\"robots\" content=\"index, follow, max-snippet:-1, max-image-preview:large, max-video-preview:-1\" \/>\n<link rel=\"canonical\" href=\"https:\/\/nativainfo.com\/?p=598\" \/>\n<meta property=\"og:locale\" content=\"es_ES\" \/>\n<meta property=\"og:type\" content=\"article\" \/>\n<meta property=\"og:title\" content=\"Tras el canje y la salida del default, el Gobierno se concentrar\u00e1 en dos prioridades: la reactivaci\u00f3n y achicar el d\u00e9ficit fiscal - Nativa Info\" \/>\n<meta property=\"og:description\" content=\"Son los temas que aparecen en la agenda inmediata del ministro Mart\u00edn Guzm\u00e1n y tambi\u00e9n en los primeros acercamientos con... Continue reading\" \/>\n<meta property=\"og:url\" content=\"https:\/\/nativainfo.com\/?p=598\" \/>\n<meta property=\"og:site_name\" content=\"Nativa Info\" \/>\n<meta property=\"article:publisher\" content=\"https:\/\/www.facebook.com\/profile.php?id=61578881597564\" \/>\n<meta property=\"article:published_time\" content=\"2020-09-01T13:55:35+00:00\" \/>\n<meta property=\"og:image\" content=\"http:\/\/nativainfo.com\/wp-content\/uploads\/2020\/09\/guz-cfk.jpg\" \/>\n<meta name=\"author\" content=\"Nativa Info\" \/>\n<meta name=\"twitter:card\" content=\"summary_large_image\" \/>\n<meta name=\"twitter:label1\" content=\"Escrito por\" \/>\n\t<meta name=\"twitter:data1\" content=\"Nativa Info\" \/>\n\t<meta name=\"twitter:label2\" content=\"Tiempo de lectura\" \/>\n\t<meta name=\"twitter:data2\" content=\"1 minuto\" \/>\n<script type=\"application\/ld+json\" class=\"yoast-schema-graph\">{\"@context\":\"https:\/\/schema.org\",\"@graph\":[{\"@type\":\"Article\",\"@id\":\"https:\/\/nativainfo.com\/?p=598#article\",\"isPartOf\":{\"@id\":\"https:\/\/nativainfo.com\/?p=598\"},\"author\":{\"name\":\"Nativa Info\",\"@id\":\"https:\/\/nativainfo.com\/#\/schema\/person\/24893b64a9cd564ddb5d102d36eb4b5c\"},\"headline\":\"Tras el canje y la salida del default, el Gobierno se concentrar\u00e1 en dos prioridades: la reactivaci\u00f3n y achicar el d\u00e9ficit fiscal\",\"datePublished\":\"2020-09-01T13:55:35+00:00\",\"mainEntityOfPage\":{\"@id\":\"https:\/\/nativainfo.com\/?p=598\"},\"wordCount\":214,\"commentCount\":0,\"publisher\":{\"@id\":\"https:\/\/nativainfo.com\/#organization\"},\"image\":{\"@id\":\"https:\/\/nativainfo.com\/?p=598#primaryimage\"},\"thumbnailUrl\":\"http:\/\/nativainfo.com\/wp-content\/uploads\/2020\/09\/guz-cfk.jpg\",\"articleSection\":[\"Econom\u00eda\",\"Pa\u00eds\"],\"inLanguage\":\"es-AR\",\"potentialAction\":[{\"@type\":\"CommentAction\",\"name\":\"Comment\",\"target\":[\"https:\/\/nativainfo.com\/?p=598#respond\"]}]},{\"@type\":\"WebPage\",\"@id\":\"https:\/\/nativainfo.com\/?p=598\",\"url\":\"https:\/\/nativainfo.com\/?p=598\",\"name\":\"Tras el canje y la salida del default, el Gobierno se concentrar\u00e1 en dos prioridades: la reactivaci\u00f3n y achicar el d\u00e9ficit fiscal - Nativa Info\",\"isPartOf\":{\"@id\":\"https:\/\/nativainfo.com\/#website\"},\"primaryImageOfPage\":{\"@id\":\"https:\/\/nativainfo.com\/?p=598#primaryimage\"},\"image\":{\"@id\":\"https:\/\/nativainfo.com\/?p=598#primaryimage\"},\"thumbnailUrl\":\"http:\/\/nativainfo.com\/wp-content\/uploads\/2020\/09\/guz-cfk.jpg\",\"datePublished\":\"2020-09-01T13:55:35+00:00\",\"breadcrumb\":{\"@id\":\"https:\/\/nativainfo.com\/?p=598#breadcrumb\"},\"inLanguage\":\"es-AR\",\"potentialAction\":[{\"@type\":\"ReadAction\",\"target\":[\"https:\/\/nativainfo.com\/?p=598\"]}]},{\"@type\":\"ImageObject\",\"inLanguage\":\"es-AR\",\"@id\":\"https:\/\/nativainfo.com\/?p=598#primaryimage\",\"url\":\"https:\/\/nativainfo.com\/wp-content\/uploads\/2020\/09\/guz-cfk.jpg\",\"contentUrl\":\"https:\/\/nativainfo.com\/wp-content\/uploads\/2020\/09\/guz-cfk.jpg\",\"width\":768,\"height\":512},{\"@type\":\"BreadcrumbList\",\"@id\":\"https:\/\/nativainfo.com\/?p=598#breadcrumb\",\"itemListElement\":[{\"@type\":\"ListItem\",\"position\":1,\"name\":\"Inicio\",\"item\":\"https:\/\/nativainfo.com\/\"},{\"@type\":\"ListItem\",\"position\":2,\"name\":\"Tras el canje y la salida del default, el Gobierno se concentrar\u00e1 en dos prioridades: la reactivaci\u00f3n y achicar el d\u00e9ficit fiscal\"}]},{\"@type\":\"WebSite\",\"@id\":\"https:\/\/nativainfo.com\/#website\",\"url\":\"https:\/\/nativainfo.com\/\",\"name\":\"Nativa Info\",\"description\":\"Diario Digital\",\"publisher\":{\"@id\":\"https:\/\/nativainfo.com\/#organization\"},\"potentialAction\":[{\"@type\":\"SearchAction\",\"target\":{\"@type\":\"EntryPoint\",\"urlTemplate\":\"https:\/\/nativainfo.com\/?s={search_term_string}\"},\"query-input\":{\"@type\":\"PropertyValueSpecification\",\"valueRequired\":true,\"valueName\":\"search_term_string\"}}],\"inLanguage\":\"es-AR\"},{\"@type\":\"Organization\",\"@id\":\"https:\/\/nativainfo.com\/#organization\",\"name\":\"Nativa Info\",\"url\":\"https:\/\/nativainfo.com\/\",\"logo\":{\"@type\":\"ImageObject\",\"inLanguage\":\"es-AR\",\"@id\":\"https:\/\/nativainfo.com\/#\/schema\/logo\/image\/\",\"url\":\"https:\/\/nativainfo.com\/wp-content\/uploads\/2025\/08\/LOGO-NATIVA-FACE.jpg\",\"contentUrl\":\"https:\/\/nativainfo.com\/wp-content\/uploads\/2025\/08\/LOGO-NATIVA-FACE.jpg\",\"width\":400,\"height\":400,\"caption\":\"Nativa Info\"},\"image\":{\"@id\":\"https:\/\/nativainfo.com\/#\/schema\/logo\/image\/\"},\"sameAs\":[\"https:\/\/www.facebook.com\/profile.php?id=61578881597564\"]},{\"@type\":\"Person\",\"@id\":\"https:\/\/nativainfo.com\/#\/schema\/person\/24893b64a9cd564ddb5d102d36eb4b5c\",\"name\":\"Nativa Info\",\"image\":{\"@type\":\"ImageObject\",\"inLanguage\":\"es-AR\",\"@id\":\"https:\/\/nativainfo.com\/#\/schema\/person\/image\/\",\"url\":\"https:\/\/secure.gravatar.com\/avatar\/016fa1cf068d85136d938e1507b9b619cb766e2565cbb1faa1e571762460c785?s=96&d=mm&r=g\",\"contentUrl\":\"https:\/\/secure.gravatar.com\/avatar\/016fa1cf068d85136d938e1507b9b619cb766e2565cbb1faa1e571762460c785?s=96&d=mm&r=g\",\"caption\":\"Nativa Info\"},\"sameAs\":[\"http:\/\/nativainfo.com\"],\"url\":\"https:\/\/nativainfo.com\/?author=1\"}]}<\/script>\n<!-- \/ Yoast SEO plugin. -->","yoast_head_json":{"title":"Tras el canje y la salida del default, el Gobierno se concentrar\u00e1 en dos prioridades: la reactivaci\u00f3n y achicar el d\u00e9ficit fiscal - Nativa Info","robots":{"index":"index","follow":"follow","max-snippet":"max-snippet:-1","max-image-preview":"max-image-preview:large","max-video-preview":"max-video-preview:-1"},"canonical":"https:\/\/nativainfo.com\/?p=598","og_locale":"es_ES","og_type":"article","og_title":"Tras el canje y la salida del default, el Gobierno se concentrar\u00e1 en dos prioridades: la reactivaci\u00f3n y achicar el d\u00e9ficit fiscal - Nativa Info","og_description":"Son los temas que aparecen en la agenda inmediata del ministro Mart\u00edn Guzm\u00e1n y tambi\u00e9n en los primeros acercamientos con... Continue reading","og_url":"https:\/\/nativainfo.com\/?p=598","og_site_name":"Nativa Info","article_publisher":"https:\/\/www.facebook.com\/profile.php?id=61578881597564","article_published_time":"2020-09-01T13:55:35+00:00","og_image":[{"url":"http:\/\/nativainfo.com\/wp-content\/uploads\/2020\/09\/guz-cfk.jpg","type":"","width":"","height":""}],"author":"Nativa Info","twitter_card":"summary_large_image","twitter_misc":{"Escrito por":"Nativa Info","Tiempo de lectura":"1 minuto"},"schema":{"@context":"https:\/\/schema.org","@graph":[{"@type":"Article","@id":"https:\/\/nativainfo.com\/?p=598#article","isPartOf":{"@id":"https:\/\/nativainfo.com\/?p=598"},"author":{"name":"Nativa Info","@id":"https:\/\/nativainfo.com\/#\/schema\/person\/24893b64a9cd564ddb5d102d36eb4b5c"},"headline":"Tras el canje y la salida del default, el Gobierno se concentrar\u00e1 en dos prioridades: la reactivaci\u00f3n y achicar el d\u00e9ficit fiscal","datePublished":"2020-09-01T13:55:35+00:00","mainEntityOfPage":{"@id":"https:\/\/nativainfo.com\/?p=598"},"wordCount":214,"commentCount":0,"publisher":{"@id":"https:\/\/nativainfo.com\/#organization"},"image":{"@id":"https:\/\/nativainfo.com\/?p=598#primaryimage"},"thumbnailUrl":"http:\/\/nativainfo.com\/wp-content\/uploads\/2020\/09\/guz-cfk.jpg","articleSection":["Econom\u00eda","Pa\u00eds"],"inLanguage":"es-AR","potentialAction":[{"@type":"CommentAction","name":"Comment","target":["https:\/\/nativainfo.com\/?p=598#respond"]}]},{"@type":"WebPage","@id":"https:\/\/nativainfo.com\/?p=598","url":"https:\/\/nativainfo.com\/?p=598","name":"Tras el canje y la salida del default, el Gobierno se concentrar\u00e1 en dos prioridades: la reactivaci\u00f3n y achicar el d\u00e9ficit fiscal - Nativa Info","isPartOf":{"@id":"https:\/\/nativainfo.com\/#website"},"primaryImageOfPage":{"@id":"https:\/\/nativainfo.com\/?p=598#primaryimage"},"image":{"@id":"https:\/\/nativainfo.com\/?p=598#primaryimage"},"thumbnailUrl":"http:\/\/nativainfo.com\/wp-content\/uploads\/2020\/09\/guz-cfk.jpg","datePublished":"2020-09-01T13:55:35+00:00","breadcrumb":{"@id":"https:\/\/nativainfo.com\/?p=598#breadcrumb"},"inLanguage":"es-AR","potentialAction":[{"@type":"ReadAction","target":["https:\/\/nativainfo.com\/?p=598"]}]},{"@type":"ImageObject","inLanguage":"es-AR","@id":"https:\/\/nativainfo.com\/?p=598#primaryimage","url":"https:\/\/nativainfo.com\/wp-content\/uploads\/2020\/09\/guz-cfk.jpg","contentUrl":"https:\/\/nativainfo.com\/wp-content\/uploads\/2020\/09\/guz-cfk.jpg","width":768,"height":512},{"@type":"BreadcrumbList","@id":"https:\/\/nativainfo.com\/?p=598#breadcrumb","itemListElement":[{"@type":"ListItem","position":1,"name":"Inicio","item":"https:\/\/nativainfo.com\/"},{"@type":"ListItem","position":2,"name":"Tras el canje y la salida del default, el Gobierno se concentrar\u00e1 en dos prioridades: la reactivaci\u00f3n y achicar el d\u00e9ficit fiscal"}]},{"@type":"WebSite","@id":"https:\/\/nativainfo.com\/#website","url":"https:\/\/nativainfo.com\/","name":"Nativa Info","description":"Diario Digital","publisher":{"@id":"https:\/\/nativainfo.com\/#organization"},"potentialAction":[{"@type":"SearchAction","target":{"@type":"EntryPoint","urlTemplate":"https:\/\/nativainfo.com\/?s={search_term_string}"},"query-input":{"@type":"PropertyValueSpecification","valueRequired":true,"valueName":"search_term_string"}}],"inLanguage":"es-AR"},{"@type":"Organization","@id":"https:\/\/nativainfo.com\/#organization","name":"Nativa Info","url":"https:\/\/nativainfo.com\/","logo":{"@type":"ImageObject","inLanguage":"es-AR","@id":"https:\/\/nativainfo.com\/#\/schema\/logo\/image\/","url":"https:\/\/nativainfo.com\/wp-content\/uploads\/2025\/08\/LOGO-NATIVA-FACE.jpg","contentUrl":"https:\/\/nativainfo.com\/wp-content\/uploads\/2025\/08\/LOGO-NATIVA-FACE.jpg","width":400,"height":400,"caption":"Nativa Info"},"image":{"@id":"https:\/\/nativainfo.com\/#\/schema\/logo\/image\/"},"sameAs":["https:\/\/www.facebook.com\/profile.php?id=61578881597564"]},{"@type":"Person","@id":"https:\/\/nativainfo.com\/#\/schema\/person\/24893b64a9cd564ddb5d102d36eb4b5c","name":"Nativa Info","image":{"@type":"ImageObject","inLanguage":"es-AR","@id":"https:\/\/nativainfo.com\/#\/schema\/person\/image\/","url":"https:\/\/secure.gravatar.com\/avatar\/016fa1cf068d85136d938e1507b9b619cb766e2565cbb1faa1e571762460c785?s=96&d=mm&r=g","contentUrl":"https:\/\/secure.gravatar.com\/avatar\/016fa1cf068d85136d938e1507b9b619cb766e2565cbb1faa1e571762460c785?s=96&d=mm&r=g","caption":"Nativa Info"},"sameAs":["http:\/\/nativainfo.com"],"url":"https:\/\/nativainfo.com\/?author=1"}]}},"jetpack_publicize_connections":[],"_links":{"self":[{"href":"https:\/\/nativainfo.com\/index.php?rest_route=\/wp\/v2\/posts\/598","targetHints":{"allow":["GET"]}}],"collection":[{"href":"https:\/\/nativainfo.com\/index.php?rest_route=\/wp\/v2\/posts"}],"about":[{"href":"https:\/\/nativainfo.com\/index.php?rest_route=\/wp\/v2\/types\/post"}],"author":[{"embeddable":true,"href":"https:\/\/nativainfo.com\/index.php?rest_route=\/wp\/v2\/users\/1"}],"replies":[{"embeddable":true,"href":"https:\/\/nativainfo.com\/index.php?rest_route=%2Fwp%2Fv2%2Fcomments&post=598"}],"version-history":[{"count":1,"href":"https:\/\/nativainfo.com\/index.php?rest_route=\/wp\/v2\/posts\/598\/revisions"}],"predecessor-version":[{"id":600,"href":"https:\/\/nativainfo.com\/index.php?rest_route=\/wp\/v2\/posts\/598\/revisions\/600"}],"wp:attachment":[{"href":"https:\/\/nativainfo.com\/index.php?rest_route=%2Fwp%2Fv2%2Fmedia&parent=598"}],"wp:term":[{"taxonomy":"category","embeddable":true,"href":"https:\/\/nativainfo.com\/index.php?rest_route=%2Fwp%2Fv2%2Fcategories&post=598"},{"taxonomy":"post_tag","embeddable":true,"href":"https:\/\/nativainfo.com\/index.php?rest_route=%2Fwp%2Fv2%2Ftags&post=598"}],"curies":[{"name":"wp","href":"https:\/\/api.w.org\/{rel}","templated":true}]}}