{"id":5961,"date":"2026-08-22T10:50:22","date_gmt":"2026-08-22T13:50:22","guid":{"rendered":"https:\/\/nativainfo.com\/?p=5961"},"modified":"2026-09-02T11:03:29","modified_gmt":"2026-09-02T14:03:29","slug":"el-gobernador-suarez-tomo-juramento-al-nuevo-ministro-de-economia-cpn-jorge-gustavo-murad","status":"publish","type":"post","link":"https:\/\/nativainfo.com\/?p=5961","title":{"rendered":"El gobernador Su\u00e1rez tom\u00f3 juramento al nuevo ministro de Econom\u00eda CPN Jorge Gustavo Murad"},"content":{"rendered":"\n<figure class=\"wp-block-image size-full\"><img fetchpriority=\"high\" decoding=\"async\" width=\"683\" height=\"449\" src=\"https:\/\/nativainfo.com\/wp-content\/uploads\/2026\/08\/imagen_2026-09-02_110322022.png\" alt=\"\" class=\"wp-image-5976\" srcset=\"https:\/\/nativainfo.com\/wp-content\/uploads\/2026\/08\/imagen_2026-09-02_110322022.png 683w, https:\/\/nativainfo.com\/wp-content\/uploads\/2026\/08\/imagen_2026-09-02_110322022-300x197.png 300w, https:\/\/nativainfo.com\/wp-content\/uploads\/2026\/08\/imagen_2026-09-02_110322022-532x350.png 532w, https:\/\/nativainfo.com\/wp-content\/uploads\/2026\/08\/imagen_2026-09-02_110322022-150x99.png 150w\" sizes=\"(max-width: 683px) 100vw, 683px\" \/><\/figure>\n\n\n\n<p>El gobernador de Santiago del Estero, El\u00edas Su\u00e1rez, tom\u00f3 juramento al contador p\u00fablico nacional Jorge Gustavo Murad, quien asumi\u00f3 como ministro de Econom\u00eda de la Provincia. El acto se desarroll\u00f3 en el Sal\u00f3n de Acuerdos de la Casa de Gobierno.<\/p>\n\n\n\n<p>De la ceremonia participaron el vicegobernador, Dr. Carlos Silva Neder, el jefe de Gabinete de Ministros, Dr. V\u00edctor Araujo, y el gabinete provincial en pleno. Tambi\u00e9n estuvieron presentes autoridades del Ministerio P\u00fablico Fiscal, de la Fiscal\u00eda de Estado, y familiares del nuevo ministro, quienes acompa\u00f1aron el momento de su jura.<\/p>\n\n\n\n<p>Durante el acto, el gobernador Su\u00e1rez destac\u00f3 la trayectoria de Murad y agradeci\u00f3 al ministro saliente, el contador p\u00fablico nacional Atilio Chara, por su desempe\u00f1o a lo largo de veinte a\u00f1os de gesti\u00f3n, tanto en el Gobierno de la Provincia como, previamente, en la Municipalidad de la Capital.<\/p>\n\n\n\n<p>Asimismo, remarc\u00f3 que el objetivo ser\u00e1 continuar manteniendo el orden administrativo y el equilibrio presupuestario.<\/p>\n","protected":false},"excerpt":{"rendered":"<p>El gobernador de Santiago del Estero, El\u00edas Su\u00e1rez, tom\u00f3 juramento al contador p\u00fablico nacional Jorge Gustavo Murad, quien asumi\u00f3 como&#8230; <a class=\"continue-reading-link\" href=\"https:\/\/nativainfo.com\/?p=5961\">Continue reading<\/a><\/p>\n","protected":false},"author":1,"featured_media":0,"comment_status":"open","ping_status":"open","sticky":false,"template":"","format":"standard","meta":{"rop_custom_images_group":[],"rop_custom_messages_group":[],"rop_publish_now":"yes","rop_publish_now_accounts":[],"rop_publish_now_history":[],"rop_publish_now_status":"pending","footnotes":"","jetpack_publicize_message":"","jetpack_publicize_feature_enabled":true,"jetpack_social_post_already_shared":false,"jetpack_social_options":{"image_generator_settings":{"template":"highway","default_image_id":0,"font":"","enabled":false},"version":2}},"categories":[12],"tags":[],"class_list":["post-5961","post","type-post","status-publish","format-standard","hentry","category-provincia"],"yoast_head":"<!-- This site is optimized with the Yoast SEO plugin v27.6 - https:\/\/yoast.com\/product\/yoast-seo-wordpress\/ -->\n<title>El gobernador Su\u00e1rez tom\u00f3 juramento al nuevo ministro de Econom\u00eda CPN Jorge Gustavo Murad - Nativa Info<\/title>\n<meta name=\"robots\" content=\"index, follow, max-snippet:-1, max-image-preview:large, max-video-preview:-1\" \/>\n<link rel=\"canonical\" href=\"https:\/\/nativainfo.com\/?p=5961\" \/>\n<meta property=\"og:locale\" content=\"es_ES\" \/>\n<meta property=\"og:type\" content=\"article\" \/>\n<meta property=\"og:title\" content=\"El gobernador Su\u00e1rez tom\u00f3 juramento al nuevo ministro de Econom\u00eda CPN Jorge Gustavo Murad - Nativa Info\" \/>\n<meta property=\"og:description\" content=\"El gobernador de Santiago del Estero, El\u00edas Su\u00e1rez, tom\u00f3 juramento al contador p\u00fablico nacional Jorge Gustavo Murad, quien asumi\u00f3 como... Continue reading\" \/>\n<meta property=\"og:url\" content=\"https:\/\/nativainfo.com\/?p=5961\" \/>\n<meta property=\"og:site_name\" content=\"Nativa Info\" \/>\n<meta property=\"article:publisher\" content=\"https:\/\/www.facebook.com\/profile.php?id=61578881597564\" \/>\n<meta property=\"article:published_time\" content=\"2026-08-22T13:50:22+00:00\" \/>\n<meta property=\"article:modified_time\" content=\"2026-09-02T14:03:29+00:00\" \/>\n<meta property=\"og:image\" content=\"https:\/\/nativainfo.com\/wp-content\/uploads\/2026\/08\/imagen_2026-09-02_110322022.png\" \/>\n\t<meta property=\"og:image:width\" content=\"683\" \/>\n\t<meta property=\"og:image:height\" content=\"449\" \/>\n\t<meta property=\"og:image:type\" content=\"image\/png\" \/>\n<meta name=\"author\" content=\"Nativa Info\" \/>\n<meta name=\"twitter:card\" content=\"summary_large_image\" \/>\n<meta name=\"twitter:label1\" content=\"Escrito por\" \/>\n\t<meta name=\"twitter:data1\" content=\"Nativa Info\" \/>\n\t<meta name=\"twitter:label2\" content=\"Tiempo de lectura\" \/>\n\t<meta name=\"twitter:data2\" content=\"1 minuto\" \/>\n<script type=\"application\/ld+json\" class=\"yoast-schema-graph\">{\"@context\":\"https:\\\/\\\/schema.org\",\"@graph\":[{\"@type\":\"Article\",\"@id\":\"https:\\\/\\\/nativainfo.com\\\/?p=5961#article\",\"isPartOf\":{\"@id\":\"https:\\\/\\\/nativainfo.com\\\/?p=5961\"},\"author\":{\"name\":\"Nativa Info\",\"@id\":\"https:\\\/\\\/nativainfo.com\\\/#\\\/schema\\\/person\\\/24893b64a9cd564ddb5d102d36eb4b5c\"},\"headline\":\"El gobernador Su\u00e1rez tom\u00f3 juramento al nuevo ministro de Econom\u00eda CPN Jorge Gustavo Murad\",\"datePublished\":\"2026-08-22T13:50:22+00:00\",\"dateModified\":\"2026-09-02T14:03:29+00:00\",\"mainEntityOfPage\":{\"@id\":\"https:\\\/\\\/nativainfo.com\\\/?p=5961\"},\"wordCount\":184,\"commentCount\":0,\"publisher\":{\"@id\":\"https:\\\/\\\/nativainfo.com\\\/#organization\"},\"image\":{\"@id\":\"https:\\\/\\\/nativainfo.com\\\/?p=5961#primaryimage\"},\"thumbnailUrl\":\"https:\\\/\\\/nativainfo.com\\\/wp-content\\\/uploads\\\/2026\\\/08\\\/imagen_2026-09-02_110322022.png\",\"articleSection\":[\"Provincia\"],\"inLanguage\":\"es-AR\",\"potentialAction\":[{\"@type\":\"CommentAction\",\"name\":\"Comment\",\"target\":[\"https:\\\/\\\/nativainfo.com\\\/?p=5961#respond\"]}]},{\"@type\":\"WebPage\",\"@id\":\"https:\\\/\\\/nativainfo.com\\\/?p=5961\",\"url\":\"https:\\\/\\\/nativainfo.com\\\/?p=5961\",\"name\":\"El gobernador Su\u00e1rez tom\u00f3 juramento al nuevo ministro de Econom\u00eda CPN Jorge Gustavo Murad - Nativa Info\",\"isPartOf\":{\"@id\":\"https:\\\/\\\/nativainfo.com\\\/#website\"},\"primaryImageOfPage\":{\"@id\":\"https:\\\/\\\/nativainfo.com\\\/?p=5961#primaryimage\"},\"image\":{\"@id\":\"https:\\\/\\\/nativainfo.com\\\/?p=5961#primaryimage\"},\"thumbnailUrl\":\"https:\\\/\\\/nativainfo.com\\\/wp-content\\\/uploads\\\/2026\\\/08\\\/imagen_2026-09-02_110322022.png\",\"datePublished\":\"2026-08-22T13:50:22+00:00\",\"dateModified\":\"2026-09-02T14:03:29+00:00\",\"breadcrumb\":{\"@id\":\"https:\\\/\\\/nativainfo.com\\\/?p=5961#breadcrumb\"},\"inLanguage\":\"es-AR\",\"potentialAction\":[{\"@type\":\"ReadAction\",\"target\":[\"https:\\\/\\\/nativainfo.com\\\/?p=5961\"]}]},{\"@type\":\"ImageObject\",\"inLanguage\":\"es-AR\",\"@id\":\"https:\\\/\\\/nativainfo.com\\\/?p=5961#primaryimage\",\"url\":\"https:\\\/\\\/nativainfo.com\\\/wp-content\\\/uploads\\\/2026\\\/08\\\/imagen_2026-09-02_110322022.png\",\"contentUrl\":\"https:\\\/\\\/nativainfo.com\\\/wp-content\\\/uploads\\\/2026\\\/08\\\/imagen_2026-09-02_110322022.png\",\"width\":683,\"height\":449},{\"@type\":\"BreadcrumbList\",\"@id\":\"https:\\\/\\\/nativainfo.com\\\/?p=5961#breadcrumb\",\"itemListElement\":[{\"@type\":\"ListItem\",\"position\":1,\"name\":\"Inicio\",\"item\":\"https:\\\/\\\/nativainfo.com\\\/\"},{\"@type\":\"ListItem\",\"position\":2,\"name\":\"El gobernador Su\u00e1rez tom\u00f3 juramento al nuevo ministro de Econom\u00eda CPN Jorge Gustavo Murad\"}]},{\"@type\":\"WebSite\",\"@id\":\"https:\\\/\\\/nativainfo.com\\\/#website\",\"url\":\"https:\\\/\\\/nativainfo.com\\\/\",\"name\":\"Nativa Info\",\"description\":\"Diario Digital\",\"publisher\":{\"@id\":\"https:\\\/\\\/nativainfo.com\\\/#organization\"},\"potentialAction\":[{\"@type\":\"SearchAction\",\"target\":{\"@type\":\"EntryPoint\",\"urlTemplate\":\"https:\\\/\\\/nativainfo.com\\\/?s={search_term_string}\"},\"query-input\":{\"@type\":\"PropertyValueSpecification\",\"valueRequired\":true,\"valueName\":\"search_term_string\"}}],\"inLanguage\":\"es-AR\"},{\"@type\":\"Organization\",\"@id\":\"https:\\\/\\\/nativainfo.com\\\/#organization\",\"name\":\"Nativa Info\",\"url\":\"https:\\\/\\\/nativainfo.com\\\/\",\"logo\":{\"@type\":\"ImageObject\",\"inLanguage\":\"es-AR\",\"@id\":\"https:\\\/\\\/nativainfo.com\\\/#\\\/schema\\\/logo\\\/image\\\/\",\"url\":\"https:\\\/\\\/nativainfo.com\\\/wp-content\\\/uploads\\\/2025\\\/08\\\/LOGO-NATIVA-FACE.jpg\",\"contentUrl\":\"https:\\\/\\\/nativainfo.com\\\/wp-content\\\/uploads\\\/2025\\\/08\\\/LOGO-NATIVA-FACE.jpg\",\"width\":400,\"height\":400,\"caption\":\"Nativa Info\"},\"image\":{\"@id\":\"https:\\\/\\\/nativainfo.com\\\/#\\\/schema\\\/logo\\\/image\\\/\"},\"sameAs\":[\"https:\\\/\\\/www.facebook.com\\\/profile.php?id=61578881597564\"]},{\"@type\":\"Person\",\"@id\":\"https:\\\/\\\/nativainfo.com\\\/#\\\/schema\\\/person\\\/24893b64a9cd564ddb5d102d36eb4b5c\",\"name\":\"Nativa Info\",\"image\":{\"@type\":\"ImageObject\",\"inLanguage\":\"es-AR\",\"@id\":\"https:\\\/\\\/secure.gravatar.com\\\/avatar\\\/016fa1cf068d85136d938e1507b9b619cb766e2565cbb1faa1e571762460c785?s=96&d=mm&r=g\",\"url\":\"https:\\\/\\\/secure.gravatar.com\\\/avatar\\\/016fa1cf068d85136d938e1507b9b619cb766e2565cbb1faa1e571762460c785?s=96&d=mm&r=g\",\"contentUrl\":\"https:\\\/\\\/secure.gravatar.com\\\/avatar\\\/016fa1cf068d85136d938e1507b9b619cb766e2565cbb1faa1e571762460c785?s=96&d=mm&r=g\",\"caption\":\"Nativa Info\"},\"sameAs\":[\"http:\\\/\\\/nativainfo.com\"],\"url\":\"https:\\\/\\\/nativainfo.com\\\/?author=1\"}]}<\/script>\n<!-- \/ Yoast SEO plugin. -->","yoast_head_json":{"title":"El gobernador Su\u00e1rez tom\u00f3 juramento al nuevo ministro de Econom\u00eda CPN Jorge Gustavo Murad - Nativa Info","robots":{"index":"index","follow":"follow","max-snippet":"max-snippet:-1","max-image-preview":"max-image-preview:large","max-video-preview":"max-video-preview:-1"},"canonical":"https:\/\/nativainfo.com\/?p=5961","og_locale":"es_ES","og_type":"article","og_title":"El gobernador Su\u00e1rez tom\u00f3 juramento al nuevo ministro de Econom\u00eda CPN Jorge Gustavo Murad - Nativa Info","og_description":"El gobernador de Santiago del Estero, El\u00edas Su\u00e1rez, tom\u00f3 juramento al contador p\u00fablico nacional Jorge Gustavo Murad, quien asumi\u00f3 como... Continue reading","og_url":"https:\/\/nativainfo.com\/?p=5961","og_site_name":"Nativa Info","article_publisher":"https:\/\/www.facebook.com\/profile.php?id=61578881597564","article_published_time":"2026-08-22T13:50:22+00:00","article_modified_time":"2026-09-02T14:03:29+00:00","og_image":[{"width":683,"height":449,"url":"https:\/\/nativainfo.com\/wp-content\/uploads\/2026\/08\/imagen_2026-09-02_110322022.png","type":"image\/png"}],"author":"Nativa Info","twitter_card":"summary_large_image","twitter_misc":{"Escrito por":"Nativa Info","Tiempo de lectura":"1 minuto"},"schema":{"@context":"https:\/\/schema.org","@graph":[{"@type":"Article","@id":"https:\/\/nativainfo.com\/?p=5961#article","isPartOf":{"@id":"https:\/\/nativainfo.com\/?p=5961"},"author":{"name":"Nativa Info","@id":"https:\/\/nativainfo.com\/#\/schema\/person\/24893b64a9cd564ddb5d102d36eb4b5c"},"headline":"El gobernador Su\u00e1rez tom\u00f3 juramento al nuevo ministro de Econom\u00eda CPN Jorge Gustavo Murad","datePublished":"2026-08-22T13:50:22+00:00","dateModified":"2026-09-02T14:03:29+00:00","mainEntityOfPage":{"@id":"https:\/\/nativainfo.com\/?p=5961"},"wordCount":184,"commentCount":0,"publisher":{"@id":"https:\/\/nativainfo.com\/#organization"},"image":{"@id":"https:\/\/nativainfo.com\/?p=5961#primaryimage"},"thumbnailUrl":"https:\/\/nativainfo.com\/wp-content\/uploads\/2026\/08\/imagen_2026-09-02_110322022.png","articleSection":["Provincia"],"inLanguage":"es-AR","potentialAction":[{"@type":"CommentAction","name":"Comment","target":["https:\/\/nativainfo.com\/?p=5961#respond"]}]},{"@type":"WebPage","@id":"https:\/\/nativainfo.com\/?p=5961","url":"https:\/\/nativainfo.com\/?p=5961","name":"El gobernador Su\u00e1rez tom\u00f3 juramento al nuevo ministro de Econom\u00eda CPN Jorge Gustavo Murad - Nativa Info","isPartOf":{"@id":"https:\/\/nativainfo.com\/#website"},"primaryImageOfPage":{"@id":"https:\/\/nativainfo.com\/?p=5961#primaryimage"},"image":{"@id":"https:\/\/nativainfo.com\/?p=5961#primaryimage"},"thumbnailUrl":"https:\/\/nativainfo.com\/wp-content\/uploads\/2026\/08\/imagen_2026-09-02_110322022.png","datePublished":"2026-08-22T13:50:22+00:00","dateModified":"2026-09-02T14:03:29+00:00","breadcrumb":{"@id":"https:\/\/nativainfo.com\/?p=5961#breadcrumb"},"inLanguage":"es-AR","potentialAction":[{"@type":"ReadAction","target":["https:\/\/nativainfo.com\/?p=5961"]}]},{"@type":"ImageObject","inLanguage":"es-AR","@id":"https:\/\/nativainfo.com\/?p=5961#primaryimage","url":"https:\/\/nativainfo.com\/wp-content\/uploads\/2026\/08\/imagen_2026-09-02_110322022.png","contentUrl":"https:\/\/nativainfo.com\/wp-content\/uploads\/2026\/08\/imagen_2026-09-02_110322022.png","width":683,"height":449},{"@type":"BreadcrumbList","@id":"https:\/\/nativainfo.com\/?p=5961#breadcrumb","itemListElement":[{"@type":"ListItem","position":1,"name":"Inicio","item":"https:\/\/nativainfo.com\/"},{"@type":"ListItem","position":2,"name":"El gobernador Su\u00e1rez tom\u00f3 juramento al nuevo ministro de Econom\u00eda CPN Jorge Gustavo Murad"}]},{"@type":"WebSite","@id":"https:\/\/nativainfo.com\/#website","url":"https:\/\/nativainfo.com\/","name":"Nativa Info","description":"Diario Digital","publisher":{"@id":"https:\/\/nativainfo.com\/#organization"},"potentialAction":[{"@type":"SearchAction","target":{"@type":"EntryPoint","urlTemplate":"https:\/\/nativainfo.com\/?s={search_term_string}"},"query-input":{"@type":"PropertyValueSpecification","valueRequired":true,"valueName":"search_term_string"}}],"inLanguage":"es-AR"},{"@type":"Organization","@id":"https:\/\/nativainfo.com\/#organization","name":"Nativa Info","url":"https:\/\/nativainfo.com\/","logo":{"@type":"ImageObject","inLanguage":"es-AR","@id":"https:\/\/nativainfo.com\/#\/schema\/logo\/image\/","url":"https:\/\/nativainfo.com\/wp-content\/uploads\/2025\/08\/LOGO-NATIVA-FACE.jpg","contentUrl":"https:\/\/nativainfo.com\/wp-content\/uploads\/2025\/08\/LOGO-NATIVA-FACE.jpg","width":400,"height":400,"caption":"Nativa Info"},"image":{"@id":"https:\/\/nativainfo.com\/#\/schema\/logo\/image\/"},"sameAs":["https:\/\/www.facebook.com\/profile.php?id=61578881597564"]},{"@type":"Person","@id":"https:\/\/nativainfo.com\/#\/schema\/person\/24893b64a9cd564ddb5d102d36eb4b5c","name":"Nativa Info","image":{"@type":"ImageObject","inLanguage":"es-AR","@id":"https:\/\/secure.gravatar.com\/avatar\/016fa1cf068d85136d938e1507b9b619cb766e2565cbb1faa1e571762460c785?s=96&d=mm&r=g","url":"https:\/\/secure.gravatar.com\/avatar\/016fa1cf068d85136d938e1507b9b619cb766e2565cbb1faa1e571762460c785?s=96&d=mm&r=g","contentUrl":"https:\/\/secure.gravatar.com\/avatar\/016fa1cf068d85136d938e1507b9b619cb766e2565cbb1faa1e571762460c785?s=96&d=mm&r=g","caption":"Nativa Info"},"sameAs":["http:\/\/nativainfo.com"],"url":"https:\/\/nativainfo.com\/?author=1"}]}},"jetpack_publicize_connections":[],"_links":{"self":[{"href":"https:\/\/nativainfo.com\/index.php?rest_route=\/wp\/v2\/posts\/5961","targetHints":{"allow":["GET"]}}],"collection":[{"href":"https:\/\/nativainfo.com\/index.php?rest_route=\/wp\/v2\/posts"}],"about":[{"href":"https:\/\/nativainfo.com\/index.php?rest_route=\/wp\/v2\/types\/post"}],"author":[{"embeddable":true,"href":"https:\/\/nativainfo.com\/index.php?rest_route=\/wp\/v2\/users\/1"}],"replies":[{"embeddable":true,"href":"https:\/\/nativainfo.com\/index.php?rest_route=%2Fwp%2Fv2%2Fcomments&post=5961"}],"version-history":[{"count":2,"href":"https:\/\/nativainfo.com\/index.php?rest_route=\/wp\/v2\/posts\/5961\/revisions"}],"predecessor-version":[{"id":5977,"href":"https:\/\/nativainfo.com\/index.php?rest_route=\/wp\/v2\/posts\/5961\/revisions\/5977"}],"wp:attachment":[{"href":"https:\/\/nativainfo.com\/index.php?rest_route=%2Fwp%2Fv2%2Fmedia&parent=5961"}],"wp:term":[{"taxonomy":"category","embeddable":true,"href":"https:\/\/nativainfo.com\/index.php?rest_route=%2Fwp%2Fv2%2Fcategories&post=5961"},{"taxonomy":"post_tag","embeddable":true,"href":"https:\/\/nativainfo.com\/index.php?rest_route=%2Fwp%2Fv2%2Ftags&post=5961"}],"curies":[{"name":"wp","href":"https:\/\/api.w.org\/{rel}","templated":true}]}}