{"id":5959,"date":"2026-08-20T10:50:21","date_gmt":"2026-08-20T13:50:21","guid":{"rendered":"https:\/\/nativainfo.com\/?p=5959"},"modified":"2026-09-02T11:00:02","modified_gmt":"2026-09-02T14:00:02","slug":"municipio-y-la-federacion-de-voley-firmaron-un-convenio","status":"publish","type":"post","link":"https:\/\/nativainfo.com\/?p=5959","title":{"rendered":"Municipio y la Federaci\u00f3n de V\u00f3ley firmaron un convenio"},"content":{"rendered":"\n<figure class=\"wp-block-image size-full\"><img fetchpriority=\"high\" decoding=\"async\" width=\"863\" height=\"431\" src=\"https:\/\/nativainfo.com\/wp-content\/uploads\/2026\/09\/imagen_2026-09-02_105936818.png\" alt=\"\" class=\"wp-image-5971\" srcset=\"https:\/\/nativainfo.com\/wp-content\/uploads\/2026\/09\/imagen_2026-09-02_105936818.png 863w, https:\/\/nativainfo.com\/wp-content\/uploads\/2026\/09\/imagen_2026-09-02_105936818-300x150.png 300w, https:\/\/nativainfo.com\/wp-content\/uploads\/2026\/09\/imagen_2026-09-02_105936818-768x384.png 768w, https:\/\/nativainfo.com\/wp-content\/uploads\/2026\/09\/imagen_2026-09-02_105936818-701x350.png 701w, https:\/\/nativainfo.com\/wp-content\/uploads\/2026\/09\/imagen_2026-09-02_105936818-150x75.png 150w\" sizes=\"(max-width: 863px) 100vw, 863px\" \/><\/figure>\n\n\n\n<p>A trav\u00e9s de este acuerdo se otorga el permiso de uso precario de un terreno ubicado en la Manzana 42 del Campo Contreras.<\/p>\n\n\n\n<p>La Municipalidad de la Capital y la Federaci\u00f3n de Voleibol de Santiago del Estero suscribieron un convenio mediante el cual se otorga el permiso de uso precario de un terreno ubicado en la Manzana 42 del barrio Campo Contreras, destinado a su sede institucional para el desarrollo de actividades deportivas, sociales y recreativas<\/p>\n\n\n\n<p>El acuerdo fue firmado por la intendente Norma Fuentes y la presidente de la Federaci\u00f3n Emilia Acu\u00f1a, en un encuentro que cont\u00f3 tambi\u00e9n con la participaci\u00f3n del secretario de Coordinaci\u00f3n, Mario Benavente; la diputada provincial Cecilia Valdez; y el vicepresidente de la Federaci\u00f3n, Pablo Cat\u00e1lfamo, adem\u00e1s de delegados y representantes de clubes de v\u00f3ley y de newcom de toda la provincia.<\/p>\n\n\n\n<p>Se busca garantizar una capacitaci\u00f3n obligatoria, gratuita e integral que prepare a los aspirantes frente a los desaf\u00edos actuales de sus comunidades. Impacto positivo en el sistema educativo para mejorar la calidad de la ense\u00f1anza.<br>Importante paso<\/p>\n\n\n\n<p>La iniciativa representa un importante paso para el fortalecimiento y crecimiento de esta disciplina deportiva, al brindar a la Federaci\u00f3n un espacio propio que permitir\u00e1 generar nuevas propuestas, promover la participaci\u00f3n de ni\u00f1os, j\u00f3venes y adultos, y acompa\u00f1ar el desarrollo de los distintos clubes y deportistas santiague\u00f1os.<\/p>\n\n\n\n<p>&#8220;Es una pol\u00edtica p\u00fablica de la provincia y del municipio dotar a las federaciones de cada disciplina deportiva de su casa propia, para que los j\u00f3venes y las familias puedan practicar deporte y, de esa forma, fortalecer los lazos comunitarios&#8221;, indic\u00f3 la jefa comunal.<\/p>\n","protected":false},"excerpt":{"rendered":"<p>A trav\u00e9s de este acuerdo se otorga el permiso de uso precario de un terreno ubicado en la Manzana 42&#8230; <a class=\"continue-reading-link\" href=\"https:\/\/nativainfo.com\/?p=5959\">Continue reading<\/a><\/p>\n","protected":false},"author":1,"featured_media":0,"comment_status":"open","ping_status":"open","sticky":false,"template":"","format":"standard","meta":{"rop_custom_images_group":[],"rop_custom_messages_group":[],"rop_publish_now":"yes","rop_publish_now_accounts":[],"rop_publish_now_history":[],"rop_publish_now_status":"pending","footnotes":"","jetpack_publicize_message":"","jetpack_publicize_feature_enabled":true,"jetpack_social_post_already_shared":false,"jetpack_social_options":{"image_generator_settings":{"template":"highway","default_image_id":0,"font":"","enabled":false},"version":2}},"categories":[69],"tags":[],"class_list":["post-5959","post","type-post","status-publish","format-standard","hentry","category-voley"],"yoast_head":"<!-- This site is optimized with the Yoast SEO plugin v27.6 - https:\/\/yoast.com\/product\/yoast-seo-wordpress\/ -->\n<title>Municipio y la Federaci\u00f3n de V\u00f3ley firmaron un convenio - Nativa Info<\/title>\n<meta name=\"robots\" content=\"index, follow, max-snippet:-1, max-image-preview:large, max-video-preview:-1\" \/>\n<link rel=\"canonical\" href=\"https:\/\/nativainfo.com\/?p=5959\" \/>\n<meta property=\"og:locale\" content=\"es_ES\" \/>\n<meta property=\"og:type\" content=\"article\" \/>\n<meta property=\"og:title\" content=\"Municipio y la Federaci\u00f3n de V\u00f3ley firmaron un convenio - Nativa Info\" \/>\n<meta property=\"og:description\" content=\"A trav\u00e9s de este acuerdo se otorga el permiso de uso precario de un terreno ubicado en la Manzana 42... Continue reading\" \/>\n<meta property=\"og:url\" content=\"https:\/\/nativainfo.com\/?p=5959\" \/>\n<meta property=\"og:site_name\" content=\"Nativa Info\" \/>\n<meta property=\"article:publisher\" content=\"https:\/\/www.facebook.com\/profile.php?id=61578881597564\" \/>\n<meta property=\"article:published_time\" content=\"2026-08-20T13:50:21+00:00\" \/>\n<meta property=\"article:modified_time\" content=\"2026-09-02T14:00:02+00:00\" \/>\n<meta property=\"og:image\" content=\"https:\/\/nativainfo.com\/wp-content\/uploads\/2026\/09\/imagen_2026-09-02_105936818.png\" \/>\n\t<meta property=\"og:image:width\" content=\"863\" \/>\n\t<meta property=\"og:image:height\" content=\"431\" \/>\n\t<meta property=\"og:image:type\" content=\"image\/png\" \/>\n<meta name=\"author\" content=\"Nativa Info\" \/>\n<meta name=\"twitter:card\" content=\"summary_large_image\" \/>\n<meta name=\"twitter:label1\" content=\"Escrito por\" \/>\n\t<meta name=\"twitter:data1\" content=\"Nativa Info\" \/>\n\t<meta name=\"twitter:label2\" content=\"Tiempo de lectura\" \/>\n\t<meta name=\"twitter:data2\" content=\"2 minutos\" \/>\n<script type=\"application\/ld+json\" class=\"yoast-schema-graph\">{\"@context\":\"https:\\\/\\\/schema.org\",\"@graph\":[{\"@type\":\"Article\",\"@id\":\"https:\\\/\\\/nativainfo.com\\\/?p=5959#article\",\"isPartOf\":{\"@id\":\"https:\\\/\\\/nativainfo.com\\\/?p=5959\"},\"author\":{\"name\":\"Nativa Info\",\"@id\":\"https:\\\/\\\/nativainfo.com\\\/#\\\/schema\\\/person\\\/24893b64a9cd564ddb5d102d36eb4b5c\"},\"headline\":\"Municipio y la Federaci\u00f3n de V\u00f3ley firmaron un convenio\",\"datePublished\":\"2026-08-20T13:50:21+00:00\",\"dateModified\":\"2026-09-02T14:00:02+00:00\",\"mainEntityOfPage\":{\"@id\":\"https:\\\/\\\/nativainfo.com\\\/?p=5959\"},\"wordCount\":297,\"commentCount\":0,\"publisher\":{\"@id\":\"https:\\\/\\\/nativainfo.com\\\/#organization\"},\"image\":{\"@id\":\"https:\\\/\\\/nativainfo.com\\\/?p=5959#primaryimage\"},\"thumbnailUrl\":\"https:\\\/\\\/nativainfo.com\\\/wp-content\\\/uploads\\\/2026\\\/09\\\/imagen_2026-09-02_105936818.png\",\"articleSection\":[\"Voley\"],\"inLanguage\":\"es-AR\",\"potentialAction\":[{\"@type\":\"CommentAction\",\"name\":\"Comment\",\"target\":[\"https:\\\/\\\/nativainfo.com\\\/?p=5959#respond\"]}]},{\"@type\":\"WebPage\",\"@id\":\"https:\\\/\\\/nativainfo.com\\\/?p=5959\",\"url\":\"https:\\\/\\\/nativainfo.com\\\/?p=5959\",\"name\":\"Municipio y la Federaci\u00f3n de V\u00f3ley firmaron un convenio - Nativa Info\",\"isPartOf\":{\"@id\":\"https:\\\/\\\/nativainfo.com\\\/#website\"},\"primaryImageOfPage\":{\"@id\":\"https:\\\/\\\/nativainfo.com\\\/?p=5959#primaryimage\"},\"image\":{\"@id\":\"https:\\\/\\\/nativainfo.com\\\/?p=5959#primaryimage\"},\"thumbnailUrl\":\"https:\\\/\\\/nativainfo.com\\\/wp-content\\\/uploads\\\/2026\\\/09\\\/imagen_2026-09-02_105936818.png\",\"datePublished\":\"2026-08-20T13:50:21+00:00\",\"dateModified\":\"2026-09-02T14:00:02+00:00\",\"breadcrumb\":{\"@id\":\"https:\\\/\\\/nativainfo.com\\\/?p=5959#breadcrumb\"},\"inLanguage\":\"es-AR\",\"potentialAction\":[{\"@type\":\"ReadAction\",\"target\":[\"https:\\\/\\\/nativainfo.com\\\/?p=5959\"]}]},{\"@type\":\"ImageObject\",\"inLanguage\":\"es-AR\",\"@id\":\"https:\\\/\\\/nativainfo.com\\\/?p=5959#primaryimage\",\"url\":\"https:\\\/\\\/nativainfo.com\\\/wp-content\\\/uploads\\\/2026\\\/09\\\/imagen_2026-09-02_105936818.png\",\"contentUrl\":\"https:\\\/\\\/nativainfo.com\\\/wp-content\\\/uploads\\\/2026\\\/09\\\/imagen_2026-09-02_105936818.png\",\"width\":863,\"height\":431},{\"@type\":\"BreadcrumbList\",\"@id\":\"https:\\\/\\\/nativainfo.com\\\/?p=5959#breadcrumb\",\"itemListElement\":[{\"@type\":\"ListItem\",\"position\":1,\"name\":\"Inicio\",\"item\":\"https:\\\/\\\/nativainfo.com\\\/\"},{\"@type\":\"ListItem\",\"position\":2,\"name\":\"Municipio y la Federaci\u00f3n de V\u00f3ley firmaron un convenio\"}]},{\"@type\":\"WebSite\",\"@id\":\"https:\\\/\\\/nativainfo.com\\\/#website\",\"url\":\"https:\\\/\\\/nativainfo.com\\\/\",\"name\":\"Nativa Info\",\"description\":\"Diario Digital\",\"publisher\":{\"@id\":\"https:\\\/\\\/nativainfo.com\\\/#organization\"},\"potentialAction\":[{\"@type\":\"SearchAction\",\"target\":{\"@type\":\"EntryPoint\",\"urlTemplate\":\"https:\\\/\\\/nativainfo.com\\\/?s={search_term_string}\"},\"query-input\":{\"@type\":\"PropertyValueSpecification\",\"valueRequired\":true,\"valueName\":\"search_term_string\"}}],\"inLanguage\":\"es-AR\"},{\"@type\":\"Organization\",\"@id\":\"https:\\\/\\\/nativainfo.com\\\/#organization\",\"name\":\"Nativa Info\",\"url\":\"https:\\\/\\\/nativainfo.com\\\/\",\"logo\":{\"@type\":\"ImageObject\",\"inLanguage\":\"es-AR\",\"@id\":\"https:\\\/\\\/nativainfo.com\\\/#\\\/schema\\\/logo\\\/image\\\/\",\"url\":\"https:\\\/\\\/nativainfo.com\\\/wp-content\\\/uploads\\\/2025\\\/08\\\/LOGO-NATIVA-FACE.jpg\",\"contentUrl\":\"https:\\\/\\\/nativainfo.com\\\/wp-content\\\/uploads\\\/2025\\\/08\\\/LOGO-NATIVA-FACE.jpg\",\"width\":400,\"height\":400,\"caption\":\"Nativa Info\"},\"image\":{\"@id\":\"https:\\\/\\\/nativainfo.com\\\/#\\\/schema\\\/logo\\\/image\\\/\"},\"sameAs\":[\"https:\\\/\\\/www.facebook.com\\\/profile.php?id=61578881597564\"]},{\"@type\":\"Person\",\"@id\":\"https:\\\/\\\/nativainfo.com\\\/#\\\/schema\\\/person\\\/24893b64a9cd564ddb5d102d36eb4b5c\",\"name\":\"Nativa Info\",\"image\":{\"@type\":\"ImageObject\",\"inLanguage\":\"es-AR\",\"@id\":\"https:\\\/\\\/secure.gravatar.com\\\/avatar\\\/016fa1cf068d85136d938e1507b9b619cb766e2565cbb1faa1e571762460c785?s=96&d=mm&r=g\",\"url\":\"https:\\\/\\\/secure.gravatar.com\\\/avatar\\\/016fa1cf068d85136d938e1507b9b619cb766e2565cbb1faa1e571762460c785?s=96&d=mm&r=g\",\"contentUrl\":\"https:\\\/\\\/secure.gravatar.com\\\/avatar\\\/016fa1cf068d85136d938e1507b9b619cb766e2565cbb1faa1e571762460c785?s=96&d=mm&r=g\",\"caption\":\"Nativa Info\"},\"sameAs\":[\"http:\\\/\\\/nativainfo.com\"],\"url\":\"https:\\\/\\\/nativainfo.com\\\/?author=1\"}]}<\/script>\n<!-- \/ Yoast SEO plugin. -->","yoast_head_json":{"title":"Municipio y la Federaci\u00f3n de V\u00f3ley firmaron un convenio - Nativa Info","robots":{"index":"index","follow":"follow","max-snippet":"max-snippet:-1","max-image-preview":"max-image-preview:large","max-video-preview":"max-video-preview:-1"},"canonical":"https:\/\/nativainfo.com\/?p=5959","og_locale":"es_ES","og_type":"article","og_title":"Municipio y la Federaci\u00f3n de V\u00f3ley firmaron un convenio - Nativa Info","og_description":"A trav\u00e9s de este acuerdo se otorga el permiso de uso precario de un terreno ubicado en la Manzana 42... Continue reading","og_url":"https:\/\/nativainfo.com\/?p=5959","og_site_name":"Nativa Info","article_publisher":"https:\/\/www.facebook.com\/profile.php?id=61578881597564","article_published_time":"2026-08-20T13:50:21+00:00","article_modified_time":"2026-09-02T14:00:02+00:00","og_image":[{"width":863,"height":431,"url":"https:\/\/nativainfo.com\/wp-content\/uploads\/2026\/09\/imagen_2026-09-02_105936818.png","type":"image\/png"}],"author":"Nativa Info","twitter_card":"summary_large_image","twitter_misc":{"Escrito por":"Nativa Info","Tiempo de lectura":"2 minutos"},"schema":{"@context":"https:\/\/schema.org","@graph":[{"@type":"Article","@id":"https:\/\/nativainfo.com\/?p=5959#article","isPartOf":{"@id":"https:\/\/nativainfo.com\/?p=5959"},"author":{"name":"Nativa Info","@id":"https:\/\/nativainfo.com\/#\/schema\/person\/24893b64a9cd564ddb5d102d36eb4b5c"},"headline":"Municipio y la Federaci\u00f3n de V\u00f3ley firmaron un convenio","datePublished":"2026-08-20T13:50:21+00:00","dateModified":"2026-09-02T14:00:02+00:00","mainEntityOfPage":{"@id":"https:\/\/nativainfo.com\/?p=5959"},"wordCount":297,"commentCount":0,"publisher":{"@id":"https:\/\/nativainfo.com\/#organization"},"image":{"@id":"https:\/\/nativainfo.com\/?p=5959#primaryimage"},"thumbnailUrl":"https:\/\/nativainfo.com\/wp-content\/uploads\/2026\/09\/imagen_2026-09-02_105936818.png","articleSection":["Voley"],"inLanguage":"es-AR","potentialAction":[{"@type":"CommentAction","name":"Comment","target":["https:\/\/nativainfo.com\/?p=5959#respond"]}]},{"@type":"WebPage","@id":"https:\/\/nativainfo.com\/?p=5959","url":"https:\/\/nativainfo.com\/?p=5959","name":"Municipio y la Federaci\u00f3n de V\u00f3ley firmaron un convenio - Nativa Info","isPartOf":{"@id":"https:\/\/nativainfo.com\/#website"},"primaryImageOfPage":{"@id":"https:\/\/nativainfo.com\/?p=5959#primaryimage"},"image":{"@id":"https:\/\/nativainfo.com\/?p=5959#primaryimage"},"thumbnailUrl":"https:\/\/nativainfo.com\/wp-content\/uploads\/2026\/09\/imagen_2026-09-02_105936818.png","datePublished":"2026-08-20T13:50:21+00:00","dateModified":"2026-09-02T14:00:02+00:00","breadcrumb":{"@id":"https:\/\/nativainfo.com\/?p=5959#breadcrumb"},"inLanguage":"es-AR","potentialAction":[{"@type":"ReadAction","target":["https:\/\/nativainfo.com\/?p=5959"]}]},{"@type":"ImageObject","inLanguage":"es-AR","@id":"https:\/\/nativainfo.com\/?p=5959#primaryimage","url":"https:\/\/nativainfo.com\/wp-content\/uploads\/2026\/09\/imagen_2026-09-02_105936818.png","contentUrl":"https:\/\/nativainfo.com\/wp-content\/uploads\/2026\/09\/imagen_2026-09-02_105936818.png","width":863,"height":431},{"@type":"BreadcrumbList","@id":"https:\/\/nativainfo.com\/?p=5959#breadcrumb","itemListElement":[{"@type":"ListItem","position":1,"name":"Inicio","item":"https:\/\/nativainfo.com\/"},{"@type":"ListItem","position":2,"name":"Municipio y la Federaci\u00f3n de V\u00f3ley firmaron un convenio"}]},{"@type":"WebSite","@id":"https:\/\/nativainfo.com\/#website","url":"https:\/\/nativainfo.com\/","name":"Nativa Info","description":"Diario Digital","publisher":{"@id":"https:\/\/nativainfo.com\/#organization"},"potentialAction":[{"@type":"SearchAction","target":{"@type":"EntryPoint","urlTemplate":"https:\/\/nativainfo.com\/?s={search_term_string}"},"query-input":{"@type":"PropertyValueSpecification","valueRequired":true,"valueName":"search_term_string"}}],"inLanguage":"es-AR"},{"@type":"Organization","@id":"https:\/\/nativainfo.com\/#organization","name":"Nativa Info","url":"https:\/\/nativainfo.com\/","logo":{"@type":"ImageObject","inLanguage":"es-AR","@id":"https:\/\/nativainfo.com\/#\/schema\/logo\/image\/","url":"https:\/\/nativainfo.com\/wp-content\/uploads\/2025\/08\/LOGO-NATIVA-FACE.jpg","contentUrl":"https:\/\/nativainfo.com\/wp-content\/uploads\/2025\/08\/LOGO-NATIVA-FACE.jpg","width":400,"height":400,"caption":"Nativa Info"},"image":{"@id":"https:\/\/nativainfo.com\/#\/schema\/logo\/image\/"},"sameAs":["https:\/\/www.facebook.com\/profile.php?id=61578881597564"]},{"@type":"Person","@id":"https:\/\/nativainfo.com\/#\/schema\/person\/24893b64a9cd564ddb5d102d36eb4b5c","name":"Nativa Info","image":{"@type":"ImageObject","inLanguage":"es-AR","@id":"https:\/\/secure.gravatar.com\/avatar\/016fa1cf068d85136d938e1507b9b619cb766e2565cbb1faa1e571762460c785?s=96&d=mm&r=g","url":"https:\/\/secure.gravatar.com\/avatar\/016fa1cf068d85136d938e1507b9b619cb766e2565cbb1faa1e571762460c785?s=96&d=mm&r=g","contentUrl":"https:\/\/secure.gravatar.com\/avatar\/016fa1cf068d85136d938e1507b9b619cb766e2565cbb1faa1e571762460c785?s=96&d=mm&r=g","caption":"Nativa Info"},"sameAs":["http:\/\/nativainfo.com"],"url":"https:\/\/nativainfo.com\/?author=1"}]}},"jetpack_publicize_connections":[],"_links":{"self":[{"href":"https:\/\/nativainfo.com\/index.php?rest_route=\/wp\/v2\/posts\/5959","targetHints":{"allow":["GET"]}}],"collection":[{"href":"https:\/\/nativainfo.com\/index.php?rest_route=\/wp\/v2\/posts"}],"about":[{"href":"https:\/\/nativainfo.com\/index.php?rest_route=\/wp\/v2\/types\/post"}],"author":[{"embeddable":true,"href":"https:\/\/nativainfo.com\/index.php?rest_route=\/wp\/v2\/users\/1"}],"replies":[{"embeddable":true,"href":"https:\/\/nativainfo.com\/index.php?rest_route=%2Fwp%2Fv2%2Fcomments&post=5959"}],"version-history":[{"count":1,"href":"https:\/\/nativainfo.com\/index.php?rest_route=\/wp\/v2\/posts\/5959\/revisions"}],"predecessor-version":[{"id":5972,"href":"https:\/\/nativainfo.com\/index.php?rest_route=\/wp\/v2\/posts\/5959\/revisions\/5972"}],"wp:attachment":[{"href":"https:\/\/nativainfo.com\/index.php?rest_route=%2Fwp%2Fv2%2Fmedia&parent=5959"}],"wp:term":[{"taxonomy":"category","embeddable":true,"href":"https:\/\/nativainfo.com\/index.php?rest_route=%2Fwp%2Fv2%2Fcategories&post=5959"},{"taxonomy":"post_tag","embeddable":true,"href":"https:\/\/nativainfo.com\/index.php?rest_route=%2Fwp%2Fv2%2Ftags&post=5959"}],"curies":[{"name":"wp","href":"https:\/\/api.w.org\/{rel}","templated":true}]}}