{"id":5957,"date":"2026-08-17T10:50:20","date_gmt":"2026-08-17T13:50:20","guid":{"rendered":"https:\/\/nativainfo.com\/?p=5957"},"modified":"2026-09-02T10:56:41","modified_gmt":"2026-09-02T13:56:41","slug":"17-de-agosto-se-cumplen-176-anos-de-la-muerte-del-general-jose-de-san-martin-el-padre-de-la-patria","status":"publish","type":"post","link":"https:\/\/nativainfo.com\/?p=5957","title":{"rendered":"17 de agosto: se cumplen 176 a\u00f1os de la muerte del General Jos\u00e9 de San Mart\u00edn, el Padre de la Patria"},"content":{"rendered":"\n<figure class=\"wp-block-image size-full is-resized\"><img fetchpriority=\"high\" decoding=\"async\" width=\"739\" height=\"415\" src=\"https:\/\/nativainfo.com\/wp-content\/uploads\/2026\/09\/imagen_2026-09-02_105617379.png\" alt=\"\" class=\"wp-image-5966\" style=\"width:840px;height:auto\" srcset=\"https:\/\/nativainfo.com\/wp-content\/uploads\/2026\/09\/imagen_2026-09-02_105617379.png 739w, https:\/\/nativainfo.com\/wp-content\/uploads\/2026\/09\/imagen_2026-09-02_105617379-300x168.png 300w, https:\/\/nativainfo.com\/wp-content\/uploads\/2026\/09\/imagen_2026-09-02_105617379-623x350.png 623w, https:\/\/nativainfo.com\/wp-content\/uploads\/2026\/09\/imagen_2026-09-02_105617379-150x84.png 150w\" sizes=\"(max-width: 739px) 100vw, 739px\" \/><\/figure>\n\n\n\n<p>El Libertador muri\u00f3 en 1850 en Boulogne-sur-Mer, Francia. Su cruce de los Andes y su campa\u00f1a libertadora en Chile y Per\u00fa lo convirtieron en una de las figuras m\u00e1s grandes de la historia americana.<\/p>\n\n\n\n<p>Hoy, 17 de agosto, se cumplen 176 a\u00f1os del fallecimiento del General Jos\u00e9 de San Mart\u00edn, el Padre de la Patria y una de las figuras m\u00e1s trascendentes de la historia argentina y americana. Muri\u00f3 en 1850 en su casa de Boulogne-sur-Mer, Francia, lejos de la tierra que ayud\u00f3 a liberar.\u00a0<\/p>\n\n\n\n<p>Nacido el 25 de febrero de 1778 en Yapey\u00fa, Corrientes, el menor de los cinco hijos de Juan de San Mart\u00edn y Gregoria Matorras, hizo gran parte de su carrera militar en Espa\u00f1a, a donde viaj\u00f3 a los 6 a\u00f1os. Con el grado de teniente coronel, regres\u00f3 a Buenos Aires en 1812 para ponerse al servicio de la independencia de las Provincias Unidas del R\u00edo de la Plata.<\/p>\n","protected":false},"excerpt":{"rendered":"<p>El Libertador muri\u00f3 en 1850 en Boulogne-sur-Mer, Francia. Su cruce de los Andes y su campa\u00f1a libertadora en Chile y&#8230; <a class=\"continue-reading-link\" href=\"https:\/\/nativainfo.com\/?p=5957\">Continue reading<\/a><\/p>\n","protected":false},"author":1,"featured_media":0,"comment_status":"open","ping_status":"open","sticky":false,"template":"","format":"standard","meta":{"rop_custom_images_group":[],"rop_custom_messages_group":[],"rop_publish_now":"yes","rop_publish_now_accounts":[],"rop_publish_now_history":[],"rop_publish_now_status":"pending","footnotes":"","jetpack_publicize_message":"","jetpack_publicize_feature_enabled":true,"jetpack_social_post_already_shared":false,"jetpack_social_options":{"image_generator_settings":{"template":"highway","default_image_id":0,"font":"","enabled":false},"version":2}},"categories":[9],"tags":[],"class_list":["post-5957","post","type-post","status-publish","format-standard","hentry","category-pais"],"yoast_head":"<!-- This site is optimized with the Yoast SEO plugin v27.6 - https:\/\/yoast.com\/product\/yoast-seo-wordpress\/ -->\n<title>17 de agosto: se cumplen 176 a\u00f1os de la muerte del General Jos\u00e9 de San Mart\u00edn, el Padre de la Patria - Nativa Info<\/title>\n<meta name=\"robots\" content=\"index, follow, max-snippet:-1, max-image-preview:large, max-video-preview:-1\" \/>\n<link rel=\"canonical\" href=\"https:\/\/nativainfo.com\/?p=5957\" \/>\n<meta property=\"og:locale\" content=\"es_ES\" \/>\n<meta property=\"og:type\" content=\"article\" \/>\n<meta property=\"og:title\" content=\"17 de agosto: se cumplen 176 a\u00f1os de la muerte del General Jos\u00e9 de San Mart\u00edn, el Padre de la Patria - Nativa Info\" \/>\n<meta property=\"og:description\" content=\"El Libertador muri\u00f3 en 1850 en Boulogne-sur-Mer, Francia. Su cruce de los Andes y su campa\u00f1a libertadora en Chile y... Continue reading\" \/>\n<meta property=\"og:url\" content=\"https:\/\/nativainfo.com\/?p=5957\" \/>\n<meta property=\"og:site_name\" content=\"Nativa Info\" \/>\n<meta property=\"article:publisher\" content=\"https:\/\/www.facebook.com\/profile.php?id=61578881597564\" \/>\n<meta property=\"article:published_time\" content=\"2026-08-17T13:50:20+00:00\" \/>\n<meta property=\"article:modified_time\" content=\"2026-09-02T13:56:41+00:00\" \/>\n<meta property=\"og:image\" content=\"https:\/\/nativainfo.com\/wp-content\/uploads\/2026\/09\/imagen_2026-09-02_105617379.png\" \/>\n\t<meta property=\"og:image:width\" content=\"739\" \/>\n\t<meta property=\"og:image:height\" content=\"415\" \/>\n\t<meta property=\"og:image:type\" content=\"image\/png\" \/>\n<meta name=\"author\" content=\"Nativa Info\" \/>\n<meta name=\"twitter:card\" content=\"summary_large_image\" \/>\n<meta name=\"twitter:label1\" content=\"Escrito por\" \/>\n\t<meta name=\"twitter:data1\" content=\"Nativa Info\" \/>\n\t<meta name=\"twitter:label2\" content=\"Tiempo de lectura\" \/>\n\t<meta name=\"twitter:data2\" content=\"1 minuto\" \/>\n<script type=\"application\/ld+json\" class=\"yoast-schema-graph\">{\"@context\":\"https:\\\/\\\/schema.org\",\"@graph\":[{\"@type\":\"Article\",\"@id\":\"https:\\\/\\\/nativainfo.com\\\/?p=5957#article\",\"isPartOf\":{\"@id\":\"https:\\\/\\\/nativainfo.com\\\/?p=5957\"},\"author\":{\"name\":\"Nativa Info\",\"@id\":\"https:\\\/\\\/nativainfo.com\\\/#\\\/schema\\\/person\\\/24893b64a9cd564ddb5d102d36eb4b5c\"},\"headline\":\"17 de agosto: se cumplen 176 a\u00f1os de la muerte del General Jos\u00e9 de San Mart\u00edn, el Padre de la Patria\",\"datePublished\":\"2026-08-17T13:50:20+00:00\",\"dateModified\":\"2026-09-02T13:56:41+00:00\",\"mainEntityOfPage\":{\"@id\":\"https:\\\/\\\/nativainfo.com\\\/?p=5957\"},\"wordCount\":175,\"commentCount\":0,\"publisher\":{\"@id\":\"https:\\\/\\\/nativainfo.com\\\/#organization\"},\"image\":{\"@id\":\"https:\\\/\\\/nativainfo.com\\\/?p=5957#primaryimage\"},\"thumbnailUrl\":\"https:\\\/\\\/nativainfo.com\\\/wp-content\\\/uploads\\\/2026\\\/09\\\/imagen_2026-09-02_105617379.png\",\"articleSection\":[\"Pa\u00eds\"],\"inLanguage\":\"es-AR\",\"potentialAction\":[{\"@type\":\"CommentAction\",\"name\":\"Comment\",\"target\":[\"https:\\\/\\\/nativainfo.com\\\/?p=5957#respond\"]}]},{\"@type\":\"WebPage\",\"@id\":\"https:\\\/\\\/nativainfo.com\\\/?p=5957\",\"url\":\"https:\\\/\\\/nativainfo.com\\\/?p=5957\",\"name\":\"17 de agosto: se cumplen 176 a\u00f1os de la muerte del General Jos\u00e9 de San Mart\u00edn, el Padre de la Patria - Nativa Info\",\"isPartOf\":{\"@id\":\"https:\\\/\\\/nativainfo.com\\\/#website\"},\"primaryImageOfPage\":{\"@id\":\"https:\\\/\\\/nativainfo.com\\\/?p=5957#primaryimage\"},\"image\":{\"@id\":\"https:\\\/\\\/nativainfo.com\\\/?p=5957#primaryimage\"},\"thumbnailUrl\":\"https:\\\/\\\/nativainfo.com\\\/wp-content\\\/uploads\\\/2026\\\/09\\\/imagen_2026-09-02_105617379.png\",\"datePublished\":\"2026-08-17T13:50:20+00:00\",\"dateModified\":\"2026-09-02T13:56:41+00:00\",\"breadcrumb\":{\"@id\":\"https:\\\/\\\/nativainfo.com\\\/?p=5957#breadcrumb\"},\"inLanguage\":\"es-AR\",\"potentialAction\":[{\"@type\":\"ReadAction\",\"target\":[\"https:\\\/\\\/nativainfo.com\\\/?p=5957\"]}]},{\"@type\":\"ImageObject\",\"inLanguage\":\"es-AR\",\"@id\":\"https:\\\/\\\/nativainfo.com\\\/?p=5957#primaryimage\",\"url\":\"https:\\\/\\\/nativainfo.com\\\/wp-content\\\/uploads\\\/2026\\\/09\\\/imagen_2026-09-02_105617379.png\",\"contentUrl\":\"https:\\\/\\\/nativainfo.com\\\/wp-content\\\/uploads\\\/2026\\\/09\\\/imagen_2026-09-02_105617379.png\",\"width\":739,\"height\":415},{\"@type\":\"BreadcrumbList\",\"@id\":\"https:\\\/\\\/nativainfo.com\\\/?p=5957#breadcrumb\",\"itemListElement\":[{\"@type\":\"ListItem\",\"position\":1,\"name\":\"Inicio\",\"item\":\"https:\\\/\\\/nativainfo.com\\\/\"},{\"@type\":\"ListItem\",\"position\":2,\"name\":\"17 de agosto: se cumplen 176 a\u00f1os de la muerte del General Jos\u00e9 de San Mart\u00edn, el Padre de la Patria\"}]},{\"@type\":\"WebSite\",\"@id\":\"https:\\\/\\\/nativainfo.com\\\/#website\",\"url\":\"https:\\\/\\\/nativainfo.com\\\/\",\"name\":\"Nativa Info\",\"description\":\"Diario Digital\",\"publisher\":{\"@id\":\"https:\\\/\\\/nativainfo.com\\\/#organization\"},\"potentialAction\":[{\"@type\":\"SearchAction\",\"target\":{\"@type\":\"EntryPoint\",\"urlTemplate\":\"https:\\\/\\\/nativainfo.com\\\/?s={search_term_string}\"},\"query-input\":{\"@type\":\"PropertyValueSpecification\",\"valueRequired\":true,\"valueName\":\"search_term_string\"}}],\"inLanguage\":\"es-AR\"},{\"@type\":\"Organization\",\"@id\":\"https:\\\/\\\/nativainfo.com\\\/#organization\",\"name\":\"Nativa Info\",\"url\":\"https:\\\/\\\/nativainfo.com\\\/\",\"logo\":{\"@type\":\"ImageObject\",\"inLanguage\":\"es-AR\",\"@id\":\"https:\\\/\\\/nativainfo.com\\\/#\\\/schema\\\/logo\\\/image\\\/\",\"url\":\"https:\\\/\\\/nativainfo.com\\\/wp-content\\\/uploads\\\/2025\\\/08\\\/LOGO-NATIVA-FACE.jpg\",\"contentUrl\":\"https:\\\/\\\/nativainfo.com\\\/wp-content\\\/uploads\\\/2025\\\/08\\\/LOGO-NATIVA-FACE.jpg\",\"width\":400,\"height\":400,\"caption\":\"Nativa Info\"},\"image\":{\"@id\":\"https:\\\/\\\/nativainfo.com\\\/#\\\/schema\\\/logo\\\/image\\\/\"},\"sameAs\":[\"https:\\\/\\\/www.facebook.com\\\/profile.php?id=61578881597564\"]},{\"@type\":\"Person\",\"@id\":\"https:\\\/\\\/nativainfo.com\\\/#\\\/schema\\\/person\\\/24893b64a9cd564ddb5d102d36eb4b5c\",\"name\":\"Nativa Info\",\"image\":{\"@type\":\"ImageObject\",\"inLanguage\":\"es-AR\",\"@id\":\"https:\\\/\\\/secure.gravatar.com\\\/avatar\\\/016fa1cf068d85136d938e1507b9b619cb766e2565cbb1faa1e571762460c785?s=96&d=mm&r=g\",\"url\":\"https:\\\/\\\/secure.gravatar.com\\\/avatar\\\/016fa1cf068d85136d938e1507b9b619cb766e2565cbb1faa1e571762460c785?s=96&d=mm&r=g\",\"contentUrl\":\"https:\\\/\\\/secure.gravatar.com\\\/avatar\\\/016fa1cf068d85136d938e1507b9b619cb766e2565cbb1faa1e571762460c785?s=96&d=mm&r=g\",\"caption\":\"Nativa Info\"},\"sameAs\":[\"http:\\\/\\\/nativainfo.com\"],\"url\":\"https:\\\/\\\/nativainfo.com\\\/?author=1\"}]}<\/script>\n<!-- \/ Yoast SEO plugin. -->","yoast_head_json":{"title":"17 de agosto: se cumplen 176 a\u00f1os de la muerte del General Jos\u00e9 de San Mart\u00edn, el Padre de la Patria - Nativa Info","robots":{"index":"index","follow":"follow","max-snippet":"max-snippet:-1","max-image-preview":"max-image-preview:large","max-video-preview":"max-video-preview:-1"},"canonical":"https:\/\/nativainfo.com\/?p=5957","og_locale":"es_ES","og_type":"article","og_title":"17 de agosto: se cumplen 176 a\u00f1os de la muerte del General Jos\u00e9 de San Mart\u00edn, el Padre de la Patria - Nativa Info","og_description":"El Libertador muri\u00f3 en 1850 en Boulogne-sur-Mer, Francia. Su cruce de los Andes y su campa\u00f1a libertadora en Chile y... Continue reading","og_url":"https:\/\/nativainfo.com\/?p=5957","og_site_name":"Nativa Info","article_publisher":"https:\/\/www.facebook.com\/profile.php?id=61578881597564","article_published_time":"2026-08-17T13:50:20+00:00","article_modified_time":"2026-09-02T13:56:41+00:00","og_image":[{"width":739,"height":415,"url":"https:\/\/nativainfo.com\/wp-content\/uploads\/2026\/09\/imagen_2026-09-02_105617379.png","type":"image\/png"}],"author":"Nativa Info","twitter_card":"summary_large_image","twitter_misc":{"Escrito por":"Nativa Info","Tiempo de lectura":"1 minuto"},"schema":{"@context":"https:\/\/schema.org","@graph":[{"@type":"Article","@id":"https:\/\/nativainfo.com\/?p=5957#article","isPartOf":{"@id":"https:\/\/nativainfo.com\/?p=5957"},"author":{"name":"Nativa Info","@id":"https:\/\/nativainfo.com\/#\/schema\/person\/24893b64a9cd564ddb5d102d36eb4b5c"},"headline":"17 de agosto: se cumplen 176 a\u00f1os de la muerte del General Jos\u00e9 de San Mart\u00edn, el Padre de la Patria","datePublished":"2026-08-17T13:50:20+00:00","dateModified":"2026-09-02T13:56:41+00:00","mainEntityOfPage":{"@id":"https:\/\/nativainfo.com\/?p=5957"},"wordCount":175,"commentCount":0,"publisher":{"@id":"https:\/\/nativainfo.com\/#organization"},"image":{"@id":"https:\/\/nativainfo.com\/?p=5957#primaryimage"},"thumbnailUrl":"https:\/\/nativainfo.com\/wp-content\/uploads\/2026\/09\/imagen_2026-09-02_105617379.png","articleSection":["Pa\u00eds"],"inLanguage":"es-AR","potentialAction":[{"@type":"CommentAction","name":"Comment","target":["https:\/\/nativainfo.com\/?p=5957#respond"]}]},{"@type":"WebPage","@id":"https:\/\/nativainfo.com\/?p=5957","url":"https:\/\/nativainfo.com\/?p=5957","name":"17 de agosto: se cumplen 176 a\u00f1os de la muerte del General Jos\u00e9 de San Mart\u00edn, el Padre de la Patria - Nativa Info","isPartOf":{"@id":"https:\/\/nativainfo.com\/#website"},"primaryImageOfPage":{"@id":"https:\/\/nativainfo.com\/?p=5957#primaryimage"},"image":{"@id":"https:\/\/nativainfo.com\/?p=5957#primaryimage"},"thumbnailUrl":"https:\/\/nativainfo.com\/wp-content\/uploads\/2026\/09\/imagen_2026-09-02_105617379.png","datePublished":"2026-08-17T13:50:20+00:00","dateModified":"2026-09-02T13:56:41+00:00","breadcrumb":{"@id":"https:\/\/nativainfo.com\/?p=5957#breadcrumb"},"inLanguage":"es-AR","potentialAction":[{"@type":"ReadAction","target":["https:\/\/nativainfo.com\/?p=5957"]}]},{"@type":"ImageObject","inLanguage":"es-AR","@id":"https:\/\/nativainfo.com\/?p=5957#primaryimage","url":"https:\/\/nativainfo.com\/wp-content\/uploads\/2026\/09\/imagen_2026-09-02_105617379.png","contentUrl":"https:\/\/nativainfo.com\/wp-content\/uploads\/2026\/09\/imagen_2026-09-02_105617379.png","width":739,"height":415},{"@type":"BreadcrumbList","@id":"https:\/\/nativainfo.com\/?p=5957#breadcrumb","itemListElement":[{"@type":"ListItem","position":1,"name":"Inicio","item":"https:\/\/nativainfo.com\/"},{"@type":"ListItem","position":2,"name":"17 de agosto: se cumplen 176 a\u00f1os de la muerte del General Jos\u00e9 de San Mart\u00edn, el Padre de la Patria"}]},{"@type":"WebSite","@id":"https:\/\/nativainfo.com\/#website","url":"https:\/\/nativainfo.com\/","name":"Nativa Info","description":"Diario Digital","publisher":{"@id":"https:\/\/nativainfo.com\/#organization"},"potentialAction":[{"@type":"SearchAction","target":{"@type":"EntryPoint","urlTemplate":"https:\/\/nativainfo.com\/?s={search_term_string}"},"query-input":{"@type":"PropertyValueSpecification","valueRequired":true,"valueName":"search_term_string"}}],"inLanguage":"es-AR"},{"@type":"Organization","@id":"https:\/\/nativainfo.com\/#organization","name":"Nativa Info","url":"https:\/\/nativainfo.com\/","logo":{"@type":"ImageObject","inLanguage":"es-AR","@id":"https:\/\/nativainfo.com\/#\/schema\/logo\/image\/","url":"https:\/\/nativainfo.com\/wp-content\/uploads\/2025\/08\/LOGO-NATIVA-FACE.jpg","contentUrl":"https:\/\/nativainfo.com\/wp-content\/uploads\/2025\/08\/LOGO-NATIVA-FACE.jpg","width":400,"height":400,"caption":"Nativa Info"},"image":{"@id":"https:\/\/nativainfo.com\/#\/schema\/logo\/image\/"},"sameAs":["https:\/\/www.facebook.com\/profile.php?id=61578881597564"]},{"@type":"Person","@id":"https:\/\/nativainfo.com\/#\/schema\/person\/24893b64a9cd564ddb5d102d36eb4b5c","name":"Nativa Info","image":{"@type":"ImageObject","inLanguage":"es-AR","@id":"https:\/\/secure.gravatar.com\/avatar\/016fa1cf068d85136d938e1507b9b619cb766e2565cbb1faa1e571762460c785?s=96&d=mm&r=g","url":"https:\/\/secure.gravatar.com\/avatar\/016fa1cf068d85136d938e1507b9b619cb766e2565cbb1faa1e571762460c785?s=96&d=mm&r=g","contentUrl":"https:\/\/secure.gravatar.com\/avatar\/016fa1cf068d85136d938e1507b9b619cb766e2565cbb1faa1e571762460c785?s=96&d=mm&r=g","caption":"Nativa Info"},"sameAs":["http:\/\/nativainfo.com"],"url":"https:\/\/nativainfo.com\/?author=1"}]}},"jetpack_publicize_connections":[],"_links":{"self":[{"href":"https:\/\/nativainfo.com\/index.php?rest_route=\/wp\/v2\/posts\/5957","targetHints":{"allow":["GET"]}}],"collection":[{"href":"https:\/\/nativainfo.com\/index.php?rest_route=\/wp\/v2\/posts"}],"about":[{"href":"https:\/\/nativainfo.com\/index.php?rest_route=\/wp\/v2\/types\/post"}],"author":[{"embeddable":true,"href":"https:\/\/nativainfo.com\/index.php?rest_route=\/wp\/v2\/users\/1"}],"replies":[{"embeddable":true,"href":"https:\/\/nativainfo.com\/index.php?rest_route=%2Fwp%2Fv2%2Fcomments&post=5957"}],"version-history":[{"count":1,"href":"https:\/\/nativainfo.com\/index.php?rest_route=\/wp\/v2\/posts\/5957\/revisions"}],"predecessor-version":[{"id":5967,"href":"https:\/\/nativainfo.com\/index.php?rest_route=\/wp\/v2\/posts\/5957\/revisions\/5967"}],"wp:attachment":[{"href":"https:\/\/nativainfo.com\/index.php?rest_route=%2Fwp%2Fv2%2Fmedia&parent=5957"}],"wp:term":[{"taxonomy":"category","embeddable":true,"href":"https:\/\/nativainfo.com\/index.php?rest_route=%2Fwp%2Fv2%2Fcategories&post=5957"},{"taxonomy":"post_tag","embeddable":true,"href":"https:\/\/nativainfo.com\/index.php?rest_route=%2Fwp%2Fv2%2Ftags&post=5957"}],"curies":[{"name":"wp","href":"https:\/\/api.w.org\/{rel}","templated":true}]}}