{"id":5956,"date":"2026-08-14T22:50:00","date_gmt":"2026-08-15T01:50:00","guid":{"rendered":"https:\/\/nativainfo.com\/?p=5956"},"modified":"2026-09-02T10:53:31","modified_gmt":"2026-09-02T13:53:31","slug":"la-intendente-yanina-iturre-participo-de-la-2-expo-de-acompanamiento-terapeutico-y-1-feria-del-libro-at-en-la-camara-de-diputados","status":"publish","type":"post","link":"https:\/\/nativainfo.com\/?p=5956","title":{"rendered":"La intendente Yanina Iturre particip\u00f3 de la 2\u00b0 Expo de Acompa\u00f1amiento Terap\u00e9utico y 1\u00b0 Feria del Libro AT en la C\u00e1mara de Diputados"},"content":{"rendered":"\n<figure class=\"wp-block-image size-large\"><img fetchpriority=\"high\" decoding=\"async\" width=\"1024\" height=\"682\" src=\"https:\/\/nativainfo.com\/wp-content\/uploads\/2026\/09\/imagen_2026-09-02_105311976-1024x682.png\" alt=\"\" class=\"wp-image-5964\" srcset=\"https:\/\/nativainfo.com\/wp-content\/uploads\/2026\/09\/imagen_2026-09-02_105311976-1024x682.png 1024w, https:\/\/nativainfo.com\/wp-content\/uploads\/2026\/09\/imagen_2026-09-02_105311976-300x200.png 300w, https:\/\/nativainfo.com\/wp-content\/uploads\/2026\/09\/imagen_2026-09-02_105311976-768x511.png 768w, https:\/\/nativainfo.com\/wp-content\/uploads\/2026\/09\/imagen_2026-09-02_105311976-526x350.png 526w, https:\/\/nativainfo.com\/wp-content\/uploads\/2026\/09\/imagen_2026-09-02_105311976-150x100.png 150w, https:\/\/nativainfo.com\/wp-content\/uploads\/2026\/09\/imagen_2026-09-02_105311976.png 1239w\" sizes=\"(max-width: 1024px) 100vw, 1024px\" \/><\/figure>\n\n\n\n<p>El acto de apertura estuvo encabezado por el vicegobernador Carlos Silva Neder, junto a la titular de THANIYAI, Daniela Cejas Guaraz, y cont\u00f3 con la presencia de la intendente de Fern\u00e1ndez, Gladis Yanina Iturre, y funcionarios municipales.<\/p>\n\n\n\n<p>En las instalaciones del Sal\u00f3n de Usos M\u00faltiples (SUM) de la Honorable C\u00e1mara de Diputados de la Provincia, se llev\u00f3 a cabo este viernes la apertura de la 2\u00b0 Expo Nacional y Provincial de Acompa\u00f1amiento Terap\u00e9utico &#8220;THANIY&#8221; (Sanar) y la 1\u00b0 Feria del Libro AT.<\/p>\n\n\n\n<p>El acto se llev\u00f3 a cabo en el local de calle Almirante Brown, donde cientos de vecinos y militantes brindaron su respaldo a la candidata a intendenta. Estuvo acompa\u00f1ada por el Jefe de Gabinete de la Provincia, Dr. V\u00edctor Araujo, y los candidatos a concejales de la Lista 11<br>La ceremonia inaugural estuvo presidida por el vicegobernador de la provincia, Dr. Carlos Silva Neder, acompa\u00f1ado por la presidenta de la Asociaci\u00f3n Civil Thaniyai de Acompa\u00f1antes Terap\u00e9uticos de Santiago del Estero, Daniela del V. Cejas Guaraz.<\/p>\n","protected":false},"excerpt":{"rendered":"<p>El acto de apertura estuvo encabezado por el vicegobernador Carlos Silva Neder, junto a la titular de THANIYAI, Daniela Cejas&#8230; <a class=\"continue-reading-link\" href=\"https:\/\/nativainfo.com\/?p=5956\">Continue reading<\/a><\/p>\n","protected":false},"author":1,"featured_media":0,"comment_status":"open","ping_status":"open","sticky":false,"template":"","format":"standard","meta":{"rop_custom_images_group":[],"rop_custom_messages_group":[],"rop_publish_now":"yes","rop_publish_now_accounts":[],"rop_publish_now_history":[],"rop_publish_now_status":"pending","footnotes":"","jetpack_publicize_message":"","jetpack_publicize_feature_enabled":true,"jetpack_social_post_already_shared":false,"jetpack_social_options":{"image_generator_settings":{"template":"highway","default_image_id":0,"font":"","enabled":false},"version":2}},"categories":[8],"tags":[],"class_list":["post-5956","post","type-post","status-publish","format-standard","hentry","category-noticias"],"yoast_head":"<!-- This site is optimized with the Yoast SEO plugin v27.6 - https:\/\/yoast.com\/product\/yoast-seo-wordpress\/ -->\n<title>La intendente Yanina Iturre particip\u00f3 de la 2\u00b0 Expo de Acompa\u00f1amiento Terap\u00e9utico y 1\u00b0 Feria del Libro AT en la C\u00e1mara de Diputados - Nativa Info<\/title>\n<meta name=\"robots\" content=\"index, follow, max-snippet:-1, max-image-preview:large, max-video-preview:-1\" \/>\n<link rel=\"canonical\" href=\"https:\/\/nativainfo.com\/?p=5956\" \/>\n<meta property=\"og:locale\" content=\"es_ES\" \/>\n<meta property=\"og:type\" content=\"article\" \/>\n<meta property=\"og:title\" content=\"La intendente Yanina Iturre particip\u00f3 de la 2\u00b0 Expo de Acompa\u00f1amiento Terap\u00e9utico y 1\u00b0 Feria del Libro AT en la C\u00e1mara de Diputados - Nativa Info\" \/>\n<meta property=\"og:description\" content=\"El acto de apertura estuvo encabezado por el vicegobernador Carlos Silva Neder, junto a la titular de THANIYAI, Daniela Cejas... Continue reading\" \/>\n<meta property=\"og:url\" content=\"https:\/\/nativainfo.com\/?p=5956\" \/>\n<meta property=\"og:site_name\" content=\"Nativa Info\" \/>\n<meta property=\"article:publisher\" content=\"https:\/\/www.facebook.com\/profile.php?id=61578881597564\" \/>\n<meta property=\"article:published_time\" content=\"2026-08-15T01:50:00+00:00\" \/>\n<meta property=\"article:modified_time\" content=\"2026-09-02T13:53:31+00:00\" \/>\n<meta property=\"og:image\" content=\"https:\/\/nativainfo.com\/wp-content\/uploads\/2026\/09\/imagen_2026-09-02_105311976.png\" \/>\n\t<meta property=\"og:image:width\" content=\"1239\" \/>\n\t<meta property=\"og:image:height\" content=\"825\" \/>\n\t<meta property=\"og:image:type\" content=\"image\/png\" \/>\n<meta name=\"author\" content=\"Nativa Info\" \/>\n<meta name=\"twitter:card\" content=\"summary_large_image\" \/>\n<meta name=\"twitter:label1\" content=\"Escrito por\" \/>\n\t<meta name=\"twitter:data1\" content=\"Nativa Info\" \/>\n\t<meta name=\"twitter:label2\" content=\"Tiempo de lectura\" \/>\n\t<meta name=\"twitter:data2\" content=\"1 minuto\" \/>\n<script type=\"application\/ld+json\" class=\"yoast-schema-graph\">{\"@context\":\"https:\\\/\\\/schema.org\",\"@graph\":[{\"@type\":\"Article\",\"@id\":\"https:\\\/\\\/nativainfo.com\\\/?p=5956#article\",\"isPartOf\":{\"@id\":\"https:\\\/\\\/nativainfo.com\\\/?p=5956\"},\"author\":{\"name\":\"Nativa Info\",\"@id\":\"https:\\\/\\\/nativainfo.com\\\/#\\\/schema\\\/person\\\/24893b64a9cd564ddb5d102d36eb4b5c\"},\"headline\":\"La intendente Yanina Iturre particip\u00f3 de la 2\u00b0 Expo de Acompa\u00f1amiento Terap\u00e9utico y 1\u00b0 Feria del Libro AT en la C\u00e1mara de Diputados\",\"datePublished\":\"2026-08-15T01:50:00+00:00\",\"dateModified\":\"2026-09-02T13:53:31+00:00\",\"mainEntityOfPage\":{\"@id\":\"https:\\\/\\\/nativainfo.com\\\/?p=5956\"},\"wordCount\":200,\"commentCount\":0,\"publisher\":{\"@id\":\"https:\\\/\\\/nativainfo.com\\\/#organization\"},\"image\":{\"@id\":\"https:\\\/\\\/nativainfo.com\\\/?p=5956#primaryimage\"},\"thumbnailUrl\":\"https:\\\/\\\/nativainfo.com\\\/wp-content\\\/uploads\\\/2026\\\/09\\\/imagen_2026-09-02_105311976-1024x682.png\",\"articleSection\":[\"Noticias\"],\"inLanguage\":\"es-AR\",\"potentialAction\":[{\"@type\":\"CommentAction\",\"name\":\"Comment\",\"target\":[\"https:\\\/\\\/nativainfo.com\\\/?p=5956#respond\"]}]},{\"@type\":\"WebPage\",\"@id\":\"https:\\\/\\\/nativainfo.com\\\/?p=5956\",\"url\":\"https:\\\/\\\/nativainfo.com\\\/?p=5956\",\"name\":\"La intendente Yanina Iturre particip\u00f3 de la 2\u00b0 Expo de Acompa\u00f1amiento Terap\u00e9utico y 1\u00b0 Feria del Libro AT en la C\u00e1mara de Diputados - Nativa Info\",\"isPartOf\":{\"@id\":\"https:\\\/\\\/nativainfo.com\\\/#website\"},\"primaryImageOfPage\":{\"@id\":\"https:\\\/\\\/nativainfo.com\\\/?p=5956#primaryimage\"},\"image\":{\"@id\":\"https:\\\/\\\/nativainfo.com\\\/?p=5956#primaryimage\"},\"thumbnailUrl\":\"https:\\\/\\\/nativainfo.com\\\/wp-content\\\/uploads\\\/2026\\\/09\\\/imagen_2026-09-02_105311976-1024x682.png\",\"datePublished\":\"2026-08-15T01:50:00+00:00\",\"dateModified\":\"2026-09-02T13:53:31+00:00\",\"breadcrumb\":{\"@id\":\"https:\\\/\\\/nativainfo.com\\\/?p=5956#breadcrumb\"},\"inLanguage\":\"es-AR\",\"potentialAction\":[{\"@type\":\"ReadAction\",\"target\":[\"https:\\\/\\\/nativainfo.com\\\/?p=5956\"]}]},{\"@type\":\"ImageObject\",\"inLanguage\":\"es-AR\",\"@id\":\"https:\\\/\\\/nativainfo.com\\\/?p=5956#primaryimage\",\"url\":\"https:\\\/\\\/nativainfo.com\\\/wp-content\\\/uploads\\\/2026\\\/09\\\/imagen_2026-09-02_105311976.png\",\"contentUrl\":\"https:\\\/\\\/nativainfo.com\\\/wp-content\\\/uploads\\\/2026\\\/09\\\/imagen_2026-09-02_105311976.png\",\"width\":1239,\"height\":825},{\"@type\":\"BreadcrumbList\",\"@id\":\"https:\\\/\\\/nativainfo.com\\\/?p=5956#breadcrumb\",\"itemListElement\":[{\"@type\":\"ListItem\",\"position\":1,\"name\":\"Inicio\",\"item\":\"https:\\\/\\\/nativainfo.com\\\/\"},{\"@type\":\"ListItem\",\"position\":2,\"name\":\"La intendente Yanina Iturre particip\u00f3 de la 2\u00b0 Expo de Acompa\u00f1amiento Terap\u00e9utico y 1\u00b0 Feria del Libro AT en la C\u00e1mara de Diputados\"}]},{\"@type\":\"WebSite\",\"@id\":\"https:\\\/\\\/nativainfo.com\\\/#website\",\"url\":\"https:\\\/\\\/nativainfo.com\\\/\",\"name\":\"Nativa Info\",\"description\":\"Diario Digital\",\"publisher\":{\"@id\":\"https:\\\/\\\/nativainfo.com\\\/#organization\"},\"potentialAction\":[{\"@type\":\"SearchAction\",\"target\":{\"@type\":\"EntryPoint\",\"urlTemplate\":\"https:\\\/\\\/nativainfo.com\\\/?s={search_term_string}\"},\"query-input\":{\"@type\":\"PropertyValueSpecification\",\"valueRequired\":true,\"valueName\":\"search_term_string\"}}],\"inLanguage\":\"es-AR\"},{\"@type\":\"Organization\",\"@id\":\"https:\\\/\\\/nativainfo.com\\\/#organization\",\"name\":\"Nativa Info\",\"url\":\"https:\\\/\\\/nativainfo.com\\\/\",\"logo\":{\"@type\":\"ImageObject\",\"inLanguage\":\"es-AR\",\"@id\":\"https:\\\/\\\/nativainfo.com\\\/#\\\/schema\\\/logo\\\/image\\\/\",\"url\":\"https:\\\/\\\/nativainfo.com\\\/wp-content\\\/uploads\\\/2025\\\/08\\\/LOGO-NATIVA-FACE.jpg\",\"contentUrl\":\"https:\\\/\\\/nativainfo.com\\\/wp-content\\\/uploads\\\/2025\\\/08\\\/LOGO-NATIVA-FACE.jpg\",\"width\":400,\"height\":400,\"caption\":\"Nativa Info\"},\"image\":{\"@id\":\"https:\\\/\\\/nativainfo.com\\\/#\\\/schema\\\/logo\\\/image\\\/\"},\"sameAs\":[\"https:\\\/\\\/www.facebook.com\\\/profile.php?id=61578881597564\"]},{\"@type\":\"Person\",\"@id\":\"https:\\\/\\\/nativainfo.com\\\/#\\\/schema\\\/person\\\/24893b64a9cd564ddb5d102d36eb4b5c\",\"name\":\"Nativa Info\",\"image\":{\"@type\":\"ImageObject\",\"inLanguage\":\"es-AR\",\"@id\":\"https:\\\/\\\/secure.gravatar.com\\\/avatar\\\/016fa1cf068d85136d938e1507b9b619cb766e2565cbb1faa1e571762460c785?s=96&d=mm&r=g\",\"url\":\"https:\\\/\\\/secure.gravatar.com\\\/avatar\\\/016fa1cf068d85136d938e1507b9b619cb766e2565cbb1faa1e571762460c785?s=96&d=mm&r=g\",\"contentUrl\":\"https:\\\/\\\/secure.gravatar.com\\\/avatar\\\/016fa1cf068d85136d938e1507b9b619cb766e2565cbb1faa1e571762460c785?s=96&d=mm&r=g\",\"caption\":\"Nativa Info\"},\"sameAs\":[\"http:\\\/\\\/nativainfo.com\"],\"url\":\"https:\\\/\\\/nativainfo.com\\\/?author=1\"}]}<\/script>\n<!-- \/ Yoast SEO plugin. -->","yoast_head_json":{"title":"La intendente Yanina Iturre particip\u00f3 de la 2\u00b0 Expo de Acompa\u00f1amiento Terap\u00e9utico y 1\u00b0 Feria del Libro AT en la C\u00e1mara de Diputados - Nativa Info","robots":{"index":"index","follow":"follow","max-snippet":"max-snippet:-1","max-image-preview":"max-image-preview:large","max-video-preview":"max-video-preview:-1"},"canonical":"https:\/\/nativainfo.com\/?p=5956","og_locale":"es_ES","og_type":"article","og_title":"La intendente Yanina Iturre particip\u00f3 de la 2\u00b0 Expo de Acompa\u00f1amiento Terap\u00e9utico y 1\u00b0 Feria del Libro AT en la C\u00e1mara de Diputados - Nativa Info","og_description":"El acto de apertura estuvo encabezado por el vicegobernador Carlos Silva Neder, junto a la titular de THANIYAI, Daniela Cejas... Continue reading","og_url":"https:\/\/nativainfo.com\/?p=5956","og_site_name":"Nativa Info","article_publisher":"https:\/\/www.facebook.com\/profile.php?id=61578881597564","article_published_time":"2026-08-15T01:50:00+00:00","article_modified_time":"2026-09-02T13:53:31+00:00","og_image":[{"width":1239,"height":825,"url":"https:\/\/nativainfo.com\/wp-content\/uploads\/2026\/09\/imagen_2026-09-02_105311976.png","type":"image\/png"}],"author":"Nativa Info","twitter_card":"summary_large_image","twitter_misc":{"Escrito por":"Nativa Info","Tiempo de lectura":"1 minuto"},"schema":{"@context":"https:\/\/schema.org","@graph":[{"@type":"Article","@id":"https:\/\/nativainfo.com\/?p=5956#article","isPartOf":{"@id":"https:\/\/nativainfo.com\/?p=5956"},"author":{"name":"Nativa Info","@id":"https:\/\/nativainfo.com\/#\/schema\/person\/24893b64a9cd564ddb5d102d36eb4b5c"},"headline":"La intendente Yanina Iturre particip\u00f3 de la 2\u00b0 Expo de Acompa\u00f1amiento Terap\u00e9utico y 1\u00b0 Feria del Libro AT en la C\u00e1mara de Diputados","datePublished":"2026-08-15T01:50:00+00:00","dateModified":"2026-09-02T13:53:31+00:00","mainEntityOfPage":{"@id":"https:\/\/nativainfo.com\/?p=5956"},"wordCount":200,"commentCount":0,"publisher":{"@id":"https:\/\/nativainfo.com\/#organization"},"image":{"@id":"https:\/\/nativainfo.com\/?p=5956#primaryimage"},"thumbnailUrl":"https:\/\/nativainfo.com\/wp-content\/uploads\/2026\/09\/imagen_2026-09-02_105311976-1024x682.png","articleSection":["Noticias"],"inLanguage":"es-AR","potentialAction":[{"@type":"CommentAction","name":"Comment","target":["https:\/\/nativainfo.com\/?p=5956#respond"]}]},{"@type":"WebPage","@id":"https:\/\/nativainfo.com\/?p=5956","url":"https:\/\/nativainfo.com\/?p=5956","name":"La intendente Yanina Iturre particip\u00f3 de la 2\u00b0 Expo de Acompa\u00f1amiento Terap\u00e9utico y 1\u00b0 Feria del Libro AT en la C\u00e1mara de Diputados - Nativa Info","isPartOf":{"@id":"https:\/\/nativainfo.com\/#website"},"primaryImageOfPage":{"@id":"https:\/\/nativainfo.com\/?p=5956#primaryimage"},"image":{"@id":"https:\/\/nativainfo.com\/?p=5956#primaryimage"},"thumbnailUrl":"https:\/\/nativainfo.com\/wp-content\/uploads\/2026\/09\/imagen_2026-09-02_105311976-1024x682.png","datePublished":"2026-08-15T01:50:00+00:00","dateModified":"2026-09-02T13:53:31+00:00","breadcrumb":{"@id":"https:\/\/nativainfo.com\/?p=5956#breadcrumb"},"inLanguage":"es-AR","potentialAction":[{"@type":"ReadAction","target":["https:\/\/nativainfo.com\/?p=5956"]}]},{"@type":"ImageObject","inLanguage":"es-AR","@id":"https:\/\/nativainfo.com\/?p=5956#primaryimage","url":"https:\/\/nativainfo.com\/wp-content\/uploads\/2026\/09\/imagen_2026-09-02_105311976.png","contentUrl":"https:\/\/nativainfo.com\/wp-content\/uploads\/2026\/09\/imagen_2026-09-02_105311976.png","width":1239,"height":825},{"@type":"BreadcrumbList","@id":"https:\/\/nativainfo.com\/?p=5956#breadcrumb","itemListElement":[{"@type":"ListItem","position":1,"name":"Inicio","item":"https:\/\/nativainfo.com\/"},{"@type":"ListItem","position":2,"name":"La intendente Yanina Iturre particip\u00f3 de la 2\u00b0 Expo de Acompa\u00f1amiento Terap\u00e9utico y 1\u00b0 Feria del Libro AT en la C\u00e1mara de Diputados"}]},{"@type":"WebSite","@id":"https:\/\/nativainfo.com\/#website","url":"https:\/\/nativainfo.com\/","name":"Nativa Info","description":"Diario Digital","publisher":{"@id":"https:\/\/nativainfo.com\/#organization"},"potentialAction":[{"@type":"SearchAction","target":{"@type":"EntryPoint","urlTemplate":"https:\/\/nativainfo.com\/?s={search_term_string}"},"query-input":{"@type":"PropertyValueSpecification","valueRequired":true,"valueName":"search_term_string"}}],"inLanguage":"es-AR"},{"@type":"Organization","@id":"https:\/\/nativainfo.com\/#organization","name":"Nativa Info","url":"https:\/\/nativainfo.com\/","logo":{"@type":"ImageObject","inLanguage":"es-AR","@id":"https:\/\/nativainfo.com\/#\/schema\/logo\/image\/","url":"https:\/\/nativainfo.com\/wp-content\/uploads\/2025\/08\/LOGO-NATIVA-FACE.jpg","contentUrl":"https:\/\/nativainfo.com\/wp-content\/uploads\/2025\/08\/LOGO-NATIVA-FACE.jpg","width":400,"height":400,"caption":"Nativa Info"},"image":{"@id":"https:\/\/nativainfo.com\/#\/schema\/logo\/image\/"},"sameAs":["https:\/\/www.facebook.com\/profile.php?id=61578881597564"]},{"@type":"Person","@id":"https:\/\/nativainfo.com\/#\/schema\/person\/24893b64a9cd564ddb5d102d36eb4b5c","name":"Nativa Info","image":{"@type":"ImageObject","inLanguage":"es-AR","@id":"https:\/\/secure.gravatar.com\/avatar\/016fa1cf068d85136d938e1507b9b619cb766e2565cbb1faa1e571762460c785?s=96&d=mm&r=g","url":"https:\/\/secure.gravatar.com\/avatar\/016fa1cf068d85136d938e1507b9b619cb766e2565cbb1faa1e571762460c785?s=96&d=mm&r=g","contentUrl":"https:\/\/secure.gravatar.com\/avatar\/016fa1cf068d85136d938e1507b9b619cb766e2565cbb1faa1e571762460c785?s=96&d=mm&r=g","caption":"Nativa Info"},"sameAs":["http:\/\/nativainfo.com"],"url":"https:\/\/nativainfo.com\/?author=1"}]}},"jetpack_publicize_connections":[],"_links":{"self":[{"href":"https:\/\/nativainfo.com\/index.php?rest_route=\/wp\/v2\/posts\/5956","targetHints":{"allow":["GET"]}}],"collection":[{"href":"https:\/\/nativainfo.com\/index.php?rest_route=\/wp\/v2\/posts"}],"about":[{"href":"https:\/\/nativainfo.com\/index.php?rest_route=\/wp\/v2\/types\/post"}],"author":[{"embeddable":true,"href":"https:\/\/nativainfo.com\/index.php?rest_route=\/wp\/v2\/users\/1"}],"replies":[{"embeddable":true,"href":"https:\/\/nativainfo.com\/index.php?rest_route=%2Fwp%2Fv2%2Fcomments&post=5956"}],"version-history":[{"count":1,"href":"https:\/\/nativainfo.com\/index.php?rest_route=\/wp\/v2\/posts\/5956\/revisions"}],"predecessor-version":[{"id":5965,"href":"https:\/\/nativainfo.com\/index.php?rest_route=\/wp\/v2\/posts\/5956\/revisions\/5965"}],"wp:attachment":[{"href":"https:\/\/nativainfo.com\/index.php?rest_route=%2Fwp%2Fv2%2Fmedia&parent=5956"}],"wp:term":[{"taxonomy":"category","embeddable":true,"href":"https:\/\/nativainfo.com\/index.php?rest_route=%2Fwp%2Fv2%2Fcategories&post=5956"},{"taxonomy":"post_tag","embeddable":true,"href":"https:\/\/nativainfo.com\/index.php?rest_route=%2Fwp%2Fv2%2Ftags&post=5956"}],"curies":[{"name":"wp","href":"https:\/\/api.w.org\/{rel}","templated":true}]}}