{"id":5938,"date":"2026-08-08T22:32:00","date_gmt":"2026-08-09T01:32:00","guid":{"rendered":"https:\/\/nativainfo.com\/?p=5938"},"modified":"2026-09-02T10:37:20","modified_gmt":"2026-09-02T13:37:20","slug":"jorge-messi-el-padre-que-acompano-a-lionel-desde-sus-primeros-pasos-hasta-la-cima-del-futbol-mundial","status":"publish","type":"post","link":"https:\/\/nativainfo.com\/?p=5938","title":{"rendered":"Jorge Messi, el padre que acompa\u00f1\u00f3 a Lionel desde sus primeros pasos hasta la cima del f\u00fatbol mundial"},"content":{"rendered":"\n<figure class=\"wp-block-image size-large\"><img fetchpriority=\"high\" decoding=\"async\" width=\"1024\" height=\"768\" src=\"https:\/\/nativainfo.com\/wp-content\/uploads\/2026\/09\/imagen_2026-09-02_103701423-1024x768.png\" alt=\"\" class=\"wp-image-5945\" srcset=\"https:\/\/nativainfo.com\/wp-content\/uploads\/2026\/09\/imagen_2026-09-02_103701423-1024x768.png 1024w, https:\/\/nativainfo.com\/wp-content\/uploads\/2026\/09\/imagen_2026-09-02_103701423-300x225.png 300w, https:\/\/nativainfo.com\/wp-content\/uploads\/2026\/09\/imagen_2026-09-02_103701423-768x576.png 768w, https:\/\/nativainfo.com\/wp-content\/uploads\/2026\/09\/imagen_2026-09-02_103701423-467x350.png 467w, https:\/\/nativainfo.com\/wp-content\/uploads\/2026\/09\/imagen_2026-09-02_103701423-150x113.png 150w, https:\/\/nativainfo.com\/wp-content\/uploads\/2026\/09\/imagen_2026-09-02_103701423.png 1200w\" sizes=\"(max-width: 1024px) 100vw, 1024px\" \/><\/figure>\n\n\n\n<p>Jorge Horacio Messi muri\u00f3 este s\u00e1bado a los 68 a\u00f1os en Rosario, despu\u00e9s de atravesar una prolongada enfermedad. Fue una figura clave en los primeros pasos de Lionel, lo acompa\u00f1\u00f3 desde las inferiores de Newell&#8217;s hasta su llegada a Barcelona y luego se convirti\u00f3 en su representante y hombre de confianza durante gran parte de su carrera.<\/p>\n\n\n\n<p>La muerte de Jorge Horacio Messi, a los 68 a\u00f1os, enluta a la familia Messi y deja una profunda huella en la historia personal y deportiva de Lionel Messi. M\u00e1s all\u00e1 de haber sido durante muchos a\u00f1os su representante, Jorge fue, ante todo, el padre que acompa\u00f1\u00f3 al futbolista desde sus primeros pasos en Rosario y que estuvo a su lado en cada una de las decisiones que marcaron su extraordinaria carrera.<\/p>\n\n\n\n<p>Jorge falleci\u00f3 este s\u00e1bado en Rosario, luego de atravesar durante un largo tiempo una enfermedad. Su estado de salud hab\u00eda generado preocupaci\u00f3n durante el Mundial 2026 y Lionel sigui\u00f3 de cerca su evoluci\u00f3n, incluso regresando a Rosario una vez finalizados sus compromisos con la Selecci\u00f3n Argentina para estar junto a su padre.<br><\/p>\n","protected":false},"excerpt":{"rendered":"<p>Jorge Horacio Messi muri\u00f3 este s\u00e1bado a los 68 a\u00f1os en Rosario, despu\u00e9s de atravesar una prolongada enfermedad. Fue una&#8230; <a class=\"continue-reading-link\" href=\"https:\/\/nativainfo.com\/?p=5938\">Continue reading<\/a><\/p>\n","protected":false},"author":1,"featured_media":0,"comment_status":"open","ping_status":"open","sticky":false,"template":"","format":"standard","meta":{"rop_custom_images_group":[],"rop_custom_messages_group":[],"rop_publish_now":"yes","rop_publish_now_accounts":[],"rop_publish_now_history":[],"rop_publish_now_status":"pending","footnotes":"","jetpack_publicize_message":"","jetpack_publicize_feature_enabled":true,"jetpack_social_post_already_shared":false,"jetpack_social_options":{"image_generator_settings":{"template":"highway","default_image_id":0,"font":"","enabled":false},"version":2}},"categories":[41],"tags":[],"class_list":["post-5938","post","type-post","status-publish","format-standard","hentry","category-futbol"],"yoast_head":"<!-- This site is optimized with the Yoast SEO plugin v27.6 - https:\/\/yoast.com\/product\/yoast-seo-wordpress\/ -->\n<title>Jorge Messi, el padre que acompa\u00f1\u00f3 a Lionel desde sus primeros pasos hasta la cima del f\u00fatbol mundial - Nativa Info<\/title>\n<meta name=\"robots\" content=\"index, follow, max-snippet:-1, max-image-preview:large, max-video-preview:-1\" \/>\n<link rel=\"canonical\" href=\"https:\/\/nativainfo.com\/?p=5938\" \/>\n<meta property=\"og:locale\" content=\"es_ES\" \/>\n<meta property=\"og:type\" content=\"article\" \/>\n<meta property=\"og:title\" content=\"Jorge Messi, el padre que acompa\u00f1\u00f3 a Lionel desde sus primeros pasos hasta la cima del f\u00fatbol mundial - Nativa Info\" \/>\n<meta property=\"og:description\" content=\"Jorge Horacio Messi muri\u00f3 este s\u00e1bado a los 68 a\u00f1os en Rosario, despu\u00e9s de atravesar una prolongada enfermedad. Fue una... Continue reading\" \/>\n<meta property=\"og:url\" content=\"https:\/\/nativainfo.com\/?p=5938\" \/>\n<meta property=\"og:site_name\" content=\"Nativa Info\" \/>\n<meta property=\"article:publisher\" content=\"https:\/\/www.facebook.com\/profile.php?id=61578881597564\" \/>\n<meta property=\"article:published_time\" content=\"2026-08-09T01:32:00+00:00\" \/>\n<meta property=\"article:modified_time\" content=\"2026-09-02T13:37:20+00:00\" \/>\n<meta property=\"og:image\" content=\"https:\/\/nativainfo.com\/wp-content\/uploads\/2026\/09\/imagen_2026-09-02_103701423.png\" \/>\n\t<meta property=\"og:image:width\" content=\"1200\" \/>\n\t<meta property=\"og:image:height\" content=\"900\" \/>\n\t<meta property=\"og:image:type\" content=\"image\/png\" \/>\n<meta name=\"author\" content=\"Nativa Info\" \/>\n<meta name=\"twitter:card\" content=\"summary_large_image\" \/>\n<meta name=\"twitter:label1\" content=\"Escrito por\" \/>\n\t<meta name=\"twitter:data1\" content=\"Nativa Info\" \/>\n\t<meta name=\"twitter:label2\" content=\"Tiempo de lectura\" \/>\n\t<meta name=\"twitter:data2\" content=\"2 minutos\" \/>\n<script type=\"application\/ld+json\" class=\"yoast-schema-graph\">{\"@context\":\"https:\\\/\\\/schema.org\",\"@graph\":[{\"@type\":\"Article\",\"@id\":\"https:\\\/\\\/nativainfo.com\\\/?p=5938#article\",\"isPartOf\":{\"@id\":\"https:\\\/\\\/nativainfo.com\\\/?p=5938\"},\"author\":{\"name\":\"Nativa Info\",\"@id\":\"https:\\\/\\\/nativainfo.com\\\/#\\\/schema\\\/person\\\/24893b64a9cd564ddb5d102d36eb4b5c\"},\"headline\":\"Jorge Messi, el padre que acompa\u00f1\u00f3 a Lionel desde sus primeros pasos hasta la cima del f\u00fatbol mundial\",\"datePublished\":\"2026-08-09T01:32:00+00:00\",\"dateModified\":\"2026-09-02T13:37:20+00:00\",\"mainEntityOfPage\":{\"@id\":\"https:\\\/\\\/nativainfo.com\\\/?p=5938\"},\"wordCount\":208,\"commentCount\":0,\"publisher\":{\"@id\":\"https:\\\/\\\/nativainfo.com\\\/#organization\"},\"image\":{\"@id\":\"https:\\\/\\\/nativainfo.com\\\/?p=5938#primaryimage\"},\"thumbnailUrl\":\"https:\\\/\\\/nativainfo.com\\\/wp-content\\\/uploads\\\/2026\\\/09\\\/imagen_2026-09-02_103701423-1024x768.png\",\"articleSection\":[\"F\u00fatbol\"],\"inLanguage\":\"es-AR\",\"potentialAction\":[{\"@type\":\"CommentAction\",\"name\":\"Comment\",\"target\":[\"https:\\\/\\\/nativainfo.com\\\/?p=5938#respond\"]}]},{\"@type\":\"WebPage\",\"@id\":\"https:\\\/\\\/nativainfo.com\\\/?p=5938\",\"url\":\"https:\\\/\\\/nativainfo.com\\\/?p=5938\",\"name\":\"Jorge Messi, el padre que acompa\u00f1\u00f3 a Lionel desde sus primeros pasos hasta la cima del f\u00fatbol mundial - Nativa Info\",\"isPartOf\":{\"@id\":\"https:\\\/\\\/nativainfo.com\\\/#website\"},\"primaryImageOfPage\":{\"@id\":\"https:\\\/\\\/nativainfo.com\\\/?p=5938#primaryimage\"},\"image\":{\"@id\":\"https:\\\/\\\/nativainfo.com\\\/?p=5938#primaryimage\"},\"thumbnailUrl\":\"https:\\\/\\\/nativainfo.com\\\/wp-content\\\/uploads\\\/2026\\\/09\\\/imagen_2026-09-02_103701423-1024x768.png\",\"datePublished\":\"2026-08-09T01:32:00+00:00\",\"dateModified\":\"2026-09-02T13:37:20+00:00\",\"breadcrumb\":{\"@id\":\"https:\\\/\\\/nativainfo.com\\\/?p=5938#breadcrumb\"},\"inLanguage\":\"es-AR\",\"potentialAction\":[{\"@type\":\"ReadAction\",\"target\":[\"https:\\\/\\\/nativainfo.com\\\/?p=5938\"]}]},{\"@type\":\"ImageObject\",\"inLanguage\":\"es-AR\",\"@id\":\"https:\\\/\\\/nativainfo.com\\\/?p=5938#primaryimage\",\"url\":\"https:\\\/\\\/nativainfo.com\\\/wp-content\\\/uploads\\\/2026\\\/09\\\/imagen_2026-09-02_103701423.png\",\"contentUrl\":\"https:\\\/\\\/nativainfo.com\\\/wp-content\\\/uploads\\\/2026\\\/09\\\/imagen_2026-09-02_103701423.png\",\"width\":1200,\"height\":900},{\"@type\":\"BreadcrumbList\",\"@id\":\"https:\\\/\\\/nativainfo.com\\\/?p=5938#breadcrumb\",\"itemListElement\":[{\"@type\":\"ListItem\",\"position\":1,\"name\":\"Inicio\",\"item\":\"https:\\\/\\\/nativainfo.com\\\/\"},{\"@type\":\"ListItem\",\"position\":2,\"name\":\"Jorge Messi, el padre que acompa\u00f1\u00f3 a Lionel desde sus primeros pasos hasta la cima del f\u00fatbol mundial\"}]},{\"@type\":\"WebSite\",\"@id\":\"https:\\\/\\\/nativainfo.com\\\/#website\",\"url\":\"https:\\\/\\\/nativainfo.com\\\/\",\"name\":\"Nativa Info\",\"description\":\"Diario Digital\",\"publisher\":{\"@id\":\"https:\\\/\\\/nativainfo.com\\\/#organization\"},\"potentialAction\":[{\"@type\":\"SearchAction\",\"target\":{\"@type\":\"EntryPoint\",\"urlTemplate\":\"https:\\\/\\\/nativainfo.com\\\/?s={search_term_string}\"},\"query-input\":{\"@type\":\"PropertyValueSpecification\",\"valueRequired\":true,\"valueName\":\"search_term_string\"}}],\"inLanguage\":\"es-AR\"},{\"@type\":\"Organization\",\"@id\":\"https:\\\/\\\/nativainfo.com\\\/#organization\",\"name\":\"Nativa Info\",\"url\":\"https:\\\/\\\/nativainfo.com\\\/\",\"logo\":{\"@type\":\"ImageObject\",\"inLanguage\":\"es-AR\",\"@id\":\"https:\\\/\\\/nativainfo.com\\\/#\\\/schema\\\/logo\\\/image\\\/\",\"url\":\"https:\\\/\\\/nativainfo.com\\\/wp-content\\\/uploads\\\/2025\\\/08\\\/LOGO-NATIVA-FACE.jpg\",\"contentUrl\":\"https:\\\/\\\/nativainfo.com\\\/wp-content\\\/uploads\\\/2025\\\/08\\\/LOGO-NATIVA-FACE.jpg\",\"width\":400,\"height\":400,\"caption\":\"Nativa Info\"},\"image\":{\"@id\":\"https:\\\/\\\/nativainfo.com\\\/#\\\/schema\\\/logo\\\/image\\\/\"},\"sameAs\":[\"https:\\\/\\\/www.facebook.com\\\/profile.php?id=61578881597564\"]},{\"@type\":\"Person\",\"@id\":\"https:\\\/\\\/nativainfo.com\\\/#\\\/schema\\\/person\\\/24893b64a9cd564ddb5d102d36eb4b5c\",\"name\":\"Nativa Info\",\"image\":{\"@type\":\"ImageObject\",\"inLanguage\":\"es-AR\",\"@id\":\"https:\\\/\\\/secure.gravatar.com\\\/avatar\\\/016fa1cf068d85136d938e1507b9b619cb766e2565cbb1faa1e571762460c785?s=96&d=mm&r=g\",\"url\":\"https:\\\/\\\/secure.gravatar.com\\\/avatar\\\/016fa1cf068d85136d938e1507b9b619cb766e2565cbb1faa1e571762460c785?s=96&d=mm&r=g\",\"contentUrl\":\"https:\\\/\\\/secure.gravatar.com\\\/avatar\\\/016fa1cf068d85136d938e1507b9b619cb766e2565cbb1faa1e571762460c785?s=96&d=mm&r=g\",\"caption\":\"Nativa Info\"},\"sameAs\":[\"http:\\\/\\\/nativainfo.com\"],\"url\":\"https:\\\/\\\/nativainfo.com\\\/?author=1\"}]}<\/script>\n<!-- \/ Yoast SEO plugin. -->","yoast_head_json":{"title":"Jorge Messi, el padre que acompa\u00f1\u00f3 a Lionel desde sus primeros pasos hasta la cima del f\u00fatbol mundial - Nativa Info","robots":{"index":"index","follow":"follow","max-snippet":"max-snippet:-1","max-image-preview":"max-image-preview:large","max-video-preview":"max-video-preview:-1"},"canonical":"https:\/\/nativainfo.com\/?p=5938","og_locale":"es_ES","og_type":"article","og_title":"Jorge Messi, el padre que acompa\u00f1\u00f3 a Lionel desde sus primeros pasos hasta la cima del f\u00fatbol mundial - Nativa Info","og_description":"Jorge Horacio Messi muri\u00f3 este s\u00e1bado a los 68 a\u00f1os en Rosario, despu\u00e9s de atravesar una prolongada enfermedad. Fue una... Continue reading","og_url":"https:\/\/nativainfo.com\/?p=5938","og_site_name":"Nativa Info","article_publisher":"https:\/\/www.facebook.com\/profile.php?id=61578881597564","article_published_time":"2026-08-09T01:32:00+00:00","article_modified_time":"2026-09-02T13:37:20+00:00","og_image":[{"width":1200,"height":900,"url":"https:\/\/nativainfo.com\/wp-content\/uploads\/2026\/09\/imagen_2026-09-02_103701423.png","type":"image\/png"}],"author":"Nativa Info","twitter_card":"summary_large_image","twitter_misc":{"Escrito por":"Nativa Info","Tiempo de lectura":"2 minutos"},"schema":{"@context":"https:\/\/schema.org","@graph":[{"@type":"Article","@id":"https:\/\/nativainfo.com\/?p=5938#article","isPartOf":{"@id":"https:\/\/nativainfo.com\/?p=5938"},"author":{"name":"Nativa Info","@id":"https:\/\/nativainfo.com\/#\/schema\/person\/24893b64a9cd564ddb5d102d36eb4b5c"},"headline":"Jorge Messi, el padre que acompa\u00f1\u00f3 a Lionel desde sus primeros pasos hasta la cima del f\u00fatbol mundial","datePublished":"2026-08-09T01:32:00+00:00","dateModified":"2026-09-02T13:37:20+00:00","mainEntityOfPage":{"@id":"https:\/\/nativainfo.com\/?p=5938"},"wordCount":208,"commentCount":0,"publisher":{"@id":"https:\/\/nativainfo.com\/#organization"},"image":{"@id":"https:\/\/nativainfo.com\/?p=5938#primaryimage"},"thumbnailUrl":"https:\/\/nativainfo.com\/wp-content\/uploads\/2026\/09\/imagen_2026-09-02_103701423-1024x768.png","articleSection":["F\u00fatbol"],"inLanguage":"es-AR","potentialAction":[{"@type":"CommentAction","name":"Comment","target":["https:\/\/nativainfo.com\/?p=5938#respond"]}]},{"@type":"WebPage","@id":"https:\/\/nativainfo.com\/?p=5938","url":"https:\/\/nativainfo.com\/?p=5938","name":"Jorge Messi, el padre que acompa\u00f1\u00f3 a Lionel desde sus primeros pasos hasta la cima del f\u00fatbol mundial - Nativa Info","isPartOf":{"@id":"https:\/\/nativainfo.com\/#website"},"primaryImageOfPage":{"@id":"https:\/\/nativainfo.com\/?p=5938#primaryimage"},"image":{"@id":"https:\/\/nativainfo.com\/?p=5938#primaryimage"},"thumbnailUrl":"https:\/\/nativainfo.com\/wp-content\/uploads\/2026\/09\/imagen_2026-09-02_103701423-1024x768.png","datePublished":"2026-08-09T01:32:00+00:00","dateModified":"2026-09-02T13:37:20+00:00","breadcrumb":{"@id":"https:\/\/nativainfo.com\/?p=5938#breadcrumb"},"inLanguage":"es-AR","potentialAction":[{"@type":"ReadAction","target":["https:\/\/nativainfo.com\/?p=5938"]}]},{"@type":"ImageObject","inLanguage":"es-AR","@id":"https:\/\/nativainfo.com\/?p=5938#primaryimage","url":"https:\/\/nativainfo.com\/wp-content\/uploads\/2026\/09\/imagen_2026-09-02_103701423.png","contentUrl":"https:\/\/nativainfo.com\/wp-content\/uploads\/2026\/09\/imagen_2026-09-02_103701423.png","width":1200,"height":900},{"@type":"BreadcrumbList","@id":"https:\/\/nativainfo.com\/?p=5938#breadcrumb","itemListElement":[{"@type":"ListItem","position":1,"name":"Inicio","item":"https:\/\/nativainfo.com\/"},{"@type":"ListItem","position":2,"name":"Jorge Messi, el padre que acompa\u00f1\u00f3 a Lionel desde sus primeros pasos hasta la cima del f\u00fatbol mundial"}]},{"@type":"WebSite","@id":"https:\/\/nativainfo.com\/#website","url":"https:\/\/nativainfo.com\/","name":"Nativa Info","description":"Diario Digital","publisher":{"@id":"https:\/\/nativainfo.com\/#organization"},"potentialAction":[{"@type":"SearchAction","target":{"@type":"EntryPoint","urlTemplate":"https:\/\/nativainfo.com\/?s={search_term_string}"},"query-input":{"@type":"PropertyValueSpecification","valueRequired":true,"valueName":"search_term_string"}}],"inLanguage":"es-AR"},{"@type":"Organization","@id":"https:\/\/nativainfo.com\/#organization","name":"Nativa Info","url":"https:\/\/nativainfo.com\/","logo":{"@type":"ImageObject","inLanguage":"es-AR","@id":"https:\/\/nativainfo.com\/#\/schema\/logo\/image\/","url":"https:\/\/nativainfo.com\/wp-content\/uploads\/2025\/08\/LOGO-NATIVA-FACE.jpg","contentUrl":"https:\/\/nativainfo.com\/wp-content\/uploads\/2025\/08\/LOGO-NATIVA-FACE.jpg","width":400,"height":400,"caption":"Nativa Info"},"image":{"@id":"https:\/\/nativainfo.com\/#\/schema\/logo\/image\/"},"sameAs":["https:\/\/www.facebook.com\/profile.php?id=61578881597564"]},{"@type":"Person","@id":"https:\/\/nativainfo.com\/#\/schema\/person\/24893b64a9cd564ddb5d102d36eb4b5c","name":"Nativa Info","image":{"@type":"ImageObject","inLanguage":"es-AR","@id":"https:\/\/secure.gravatar.com\/avatar\/016fa1cf068d85136d938e1507b9b619cb766e2565cbb1faa1e571762460c785?s=96&d=mm&r=g","url":"https:\/\/secure.gravatar.com\/avatar\/016fa1cf068d85136d938e1507b9b619cb766e2565cbb1faa1e571762460c785?s=96&d=mm&r=g","contentUrl":"https:\/\/secure.gravatar.com\/avatar\/016fa1cf068d85136d938e1507b9b619cb766e2565cbb1faa1e571762460c785?s=96&d=mm&r=g","caption":"Nativa Info"},"sameAs":["http:\/\/nativainfo.com"],"url":"https:\/\/nativainfo.com\/?author=1"}]}},"jetpack_publicize_connections":[],"_links":{"self":[{"href":"https:\/\/nativainfo.com\/index.php?rest_route=\/wp\/v2\/posts\/5938","targetHints":{"allow":["GET"]}}],"collection":[{"href":"https:\/\/nativainfo.com\/index.php?rest_route=\/wp\/v2\/posts"}],"about":[{"href":"https:\/\/nativainfo.com\/index.php?rest_route=\/wp\/v2\/types\/post"}],"author":[{"embeddable":true,"href":"https:\/\/nativainfo.com\/index.php?rest_route=\/wp\/v2\/users\/1"}],"replies":[{"embeddable":true,"href":"https:\/\/nativainfo.com\/index.php?rest_route=%2Fwp%2Fv2%2Fcomments&post=5938"}],"version-history":[{"count":1,"href":"https:\/\/nativainfo.com\/index.php?rest_route=\/wp\/v2\/posts\/5938\/revisions"}],"predecessor-version":[{"id":5946,"href":"https:\/\/nativainfo.com\/index.php?rest_route=\/wp\/v2\/posts\/5938\/revisions\/5946"}],"wp:attachment":[{"href":"https:\/\/nativainfo.com\/index.php?rest_route=%2Fwp%2Fv2%2Fmedia&parent=5938"}],"wp:term":[{"taxonomy":"category","embeddable":true,"href":"https:\/\/nativainfo.com\/index.php?rest_route=%2Fwp%2Fv2%2Fcategories&post=5938"},{"taxonomy":"post_tag","embeddable":true,"href":"https:\/\/nativainfo.com\/index.php?rest_route=%2Fwp%2Fv2%2Ftags&post=5938"}],"curies":[{"name":"wp","href":"https:\/\/api.w.org\/{rel}","templated":true}]}}