{"id":5937,"date":"2026-08-06T22:32:00","date_gmt":"2026-08-07T01:32:00","guid":{"rendered":"https:\/\/nativainfo.com\/?p=5937"},"modified":"2026-09-02T10:35:27","modified_gmt":"2026-09-02T13:35:27","slug":"zamora-cuestiono-la-ley-de-propiedad-privada-y-defendio-el-rol-del-estado-en-la-proteccion-de-los-recursos-estrategicos","status":"publish","type":"post","link":"https:\/\/nativainfo.com\/?p=5937","title":{"rendered":"Zamora cuestion\u00f3 la Ley de Propiedad Privada y defendi\u00f3 el rol del Estado en la protecci\u00f3n de los recursos estrat\u00e9gicos"},"content":{"rendered":"\n<figure class=\"wp-block-image size-large\"><img fetchpriority=\"high\" decoding=\"async\" width=\"1024\" height=\"682\" src=\"https:\/\/nativainfo.com\/wp-content\/uploads\/2026\/09\/imagen_2026-09-02_103522952-1024x682.png\" alt=\"\" class=\"wp-image-5943\" srcset=\"https:\/\/nativainfo.com\/wp-content\/uploads\/2026\/09\/imagen_2026-09-02_103522952-1024x682.png 1024w, https:\/\/nativainfo.com\/wp-content\/uploads\/2026\/09\/imagen_2026-09-02_103522952-300x200.png 300w, https:\/\/nativainfo.com\/wp-content\/uploads\/2026\/09\/imagen_2026-09-02_103522952-768x511.png 768w, https:\/\/nativainfo.com\/wp-content\/uploads\/2026\/09\/imagen_2026-09-02_103522952-526x350.png 526w, https:\/\/nativainfo.com\/wp-content\/uploads\/2026\/09\/imagen_2026-09-02_103522952-150x100.png 150w, https:\/\/nativainfo.com\/wp-content\/uploads\/2026\/09\/imagen_2026-09-02_103522952.png 1440w\" sizes=\"(max-width: 1024px) 100vw, 1024px\" \/><\/figure>\n\n\n\n<p>Durante el debate en el Senado, el legislador santiague\u00f1o sostuvo que la iniciativa limita herramientas del Estado y advirti\u00f3 sobre posibles consecuencias para la soberan\u00eda, el federalismo y el desarrollo nacional. Tambi\u00e9n pidi\u00f3 construir consensos y dejar atr\u00e1s la confrontaci\u00f3n pol\u00edtica.<\/p>\n\n\n\n<p>El senador nacional por Santiago del Estero, Gerardo Zamora, expres\u00f3 un duro rechazo al proyecto de Ley de Propiedad Privada durante su intervenci\u00f3n en el Senado de la Naci\u00f3n. En un extenso discurso, sostuvo que la iniciativa trasciende una discusi\u00f3n jur\u00eddica y representa &#8220;dos modelos de pa\u00eds&#8221; enfrentados, al tiempo que cuestion\u00f3 distintos aspectos del texto impulsado por el Poder Ejecutivo.<\/p>\n\n\n\n<p>Al iniciar su exposici\u00f3n, Zamora plante\u00f3 la necesidad de poner fin a un per\u00edodo marcado por la confrontaci\u00f3n pol\u00edtica. En ese sentido, afirm\u00f3 que desde fines de 2023 el pa\u00eds atraves\u00f3 &#8220;discursos de odio, violencia y divisi\u00f3n&#8221; que, seg\u00fan consider\u00f3, afectaron la convivencia democr\u00e1tica. Sin embargo, sostuvo que observa se\u00f1ales de un cambio en la sociedad, al advertir una mayor defensa de valores vinculados con la unidad nacional y la participaci\u00f3n ciudadana.<br><\/p>\n","protected":false},"excerpt":{"rendered":"<p>Durante el debate en el Senado, el legislador santiague\u00f1o sostuvo que la iniciativa limita herramientas del Estado y advirti\u00f3 sobre&#8230; <a class=\"continue-reading-link\" href=\"https:\/\/nativainfo.com\/?p=5937\">Continue reading<\/a><\/p>\n","protected":false},"author":1,"featured_media":0,"comment_status":"open","ping_status":"open","sticky":false,"template":"","format":"standard","meta":{"rop_custom_images_group":[],"rop_custom_messages_group":[],"rop_publish_now":"yes","rop_publish_now_accounts":[],"rop_publish_now_history":[],"rop_publish_now_status":"pending","footnotes":"","jetpack_publicize_message":"","jetpack_publicize_feature_enabled":true,"jetpack_social_post_already_shared":false,"jetpack_social_options":{"image_generator_settings":{"template":"highway","default_image_id":0,"font":"","enabled":false},"version":2}},"categories":[36],"tags":[],"class_list":["post-5937","post","type-post","status-publish","format-standard","hentry","category-politica"],"yoast_head":"<!-- This site is optimized with the Yoast SEO plugin v27.6 - https:\/\/yoast.com\/product\/yoast-seo-wordpress\/ -->\n<title>Zamora cuestion\u00f3 la Ley de Propiedad Privada y defendi\u00f3 el rol del Estado en la protecci\u00f3n de los recursos estrat\u00e9gicos - Nativa Info<\/title>\n<meta name=\"robots\" content=\"index, follow, max-snippet:-1, max-image-preview:large, max-video-preview:-1\" \/>\n<link rel=\"canonical\" href=\"https:\/\/nativainfo.com\/?p=5937\" \/>\n<meta property=\"og:locale\" content=\"es_ES\" \/>\n<meta property=\"og:type\" content=\"article\" \/>\n<meta property=\"og:title\" content=\"Zamora cuestion\u00f3 la Ley de Propiedad Privada y defendi\u00f3 el rol del Estado en la protecci\u00f3n de los recursos estrat\u00e9gicos - Nativa Info\" \/>\n<meta property=\"og:description\" content=\"Durante el debate en el Senado, el legislador santiague\u00f1o sostuvo que la iniciativa limita herramientas del Estado y advirti\u00f3 sobre... Continue reading\" \/>\n<meta property=\"og:url\" content=\"https:\/\/nativainfo.com\/?p=5937\" \/>\n<meta property=\"og:site_name\" content=\"Nativa Info\" \/>\n<meta property=\"article:publisher\" content=\"https:\/\/www.facebook.com\/profile.php?id=61578881597564\" \/>\n<meta property=\"article:published_time\" content=\"2026-08-07T01:32:00+00:00\" \/>\n<meta property=\"article:modified_time\" content=\"2026-09-02T13:35:27+00:00\" \/>\n<meta property=\"og:image\" content=\"https:\/\/nativainfo.com\/wp-content\/uploads\/2026\/09\/imagen_2026-09-02_103522952.png\" \/>\n\t<meta property=\"og:image:width\" content=\"1440\" \/>\n\t<meta property=\"og:image:height\" content=\"959\" \/>\n\t<meta property=\"og:image:type\" content=\"image\/png\" \/>\n<meta name=\"author\" content=\"Nativa Info\" \/>\n<meta name=\"twitter:card\" content=\"summary_large_image\" \/>\n<meta name=\"twitter:label1\" content=\"Escrito por\" \/>\n\t<meta name=\"twitter:data1\" content=\"Nativa Info\" \/>\n\t<meta name=\"twitter:label2\" content=\"Tiempo de lectura\" \/>\n\t<meta name=\"twitter:data2\" content=\"1 minuto\" \/>\n<script type=\"application\/ld+json\" class=\"yoast-schema-graph\">{\"@context\":\"https:\\\/\\\/schema.org\",\"@graph\":[{\"@type\":\"Article\",\"@id\":\"https:\\\/\\\/nativainfo.com\\\/?p=5937#article\",\"isPartOf\":{\"@id\":\"https:\\\/\\\/nativainfo.com\\\/?p=5937\"},\"author\":{\"name\":\"Nativa Info\",\"@id\":\"https:\\\/\\\/nativainfo.com\\\/#\\\/schema\\\/person\\\/24893b64a9cd564ddb5d102d36eb4b5c\"},\"headline\":\"Zamora cuestion\u00f3 la Ley de Propiedad Privada y defendi\u00f3 el rol del Estado en la protecci\u00f3n de los recursos estrat\u00e9gicos\",\"datePublished\":\"2026-08-07T01:32:00+00:00\",\"dateModified\":\"2026-09-02T13:35:27+00:00\",\"mainEntityOfPage\":{\"@id\":\"https:\\\/\\\/nativainfo.com\\\/?p=5937\"},\"wordCount\":216,\"commentCount\":0,\"publisher\":{\"@id\":\"https:\\\/\\\/nativainfo.com\\\/#organization\"},\"image\":{\"@id\":\"https:\\\/\\\/nativainfo.com\\\/?p=5937#primaryimage\"},\"thumbnailUrl\":\"https:\\\/\\\/nativainfo.com\\\/wp-content\\\/uploads\\\/2026\\\/09\\\/imagen_2026-09-02_103522952-1024x682.png\",\"articleSection\":[\"Pol\u00edtica\"],\"inLanguage\":\"es-AR\",\"potentialAction\":[{\"@type\":\"CommentAction\",\"name\":\"Comment\",\"target\":[\"https:\\\/\\\/nativainfo.com\\\/?p=5937#respond\"]}]},{\"@type\":\"WebPage\",\"@id\":\"https:\\\/\\\/nativainfo.com\\\/?p=5937\",\"url\":\"https:\\\/\\\/nativainfo.com\\\/?p=5937\",\"name\":\"Zamora cuestion\u00f3 la Ley de Propiedad Privada y defendi\u00f3 el rol del Estado en la protecci\u00f3n de los recursos estrat\u00e9gicos - Nativa Info\",\"isPartOf\":{\"@id\":\"https:\\\/\\\/nativainfo.com\\\/#website\"},\"primaryImageOfPage\":{\"@id\":\"https:\\\/\\\/nativainfo.com\\\/?p=5937#primaryimage\"},\"image\":{\"@id\":\"https:\\\/\\\/nativainfo.com\\\/?p=5937#primaryimage\"},\"thumbnailUrl\":\"https:\\\/\\\/nativainfo.com\\\/wp-content\\\/uploads\\\/2026\\\/09\\\/imagen_2026-09-02_103522952-1024x682.png\",\"datePublished\":\"2026-08-07T01:32:00+00:00\",\"dateModified\":\"2026-09-02T13:35:27+00:00\",\"breadcrumb\":{\"@id\":\"https:\\\/\\\/nativainfo.com\\\/?p=5937#breadcrumb\"},\"inLanguage\":\"es-AR\",\"potentialAction\":[{\"@type\":\"ReadAction\",\"target\":[\"https:\\\/\\\/nativainfo.com\\\/?p=5937\"]}]},{\"@type\":\"ImageObject\",\"inLanguage\":\"es-AR\",\"@id\":\"https:\\\/\\\/nativainfo.com\\\/?p=5937#primaryimage\",\"url\":\"https:\\\/\\\/nativainfo.com\\\/wp-content\\\/uploads\\\/2026\\\/09\\\/imagen_2026-09-02_103522952.png\",\"contentUrl\":\"https:\\\/\\\/nativainfo.com\\\/wp-content\\\/uploads\\\/2026\\\/09\\\/imagen_2026-09-02_103522952.png\",\"width\":1440,\"height\":959},{\"@type\":\"BreadcrumbList\",\"@id\":\"https:\\\/\\\/nativainfo.com\\\/?p=5937#breadcrumb\",\"itemListElement\":[{\"@type\":\"ListItem\",\"position\":1,\"name\":\"Inicio\",\"item\":\"https:\\\/\\\/nativainfo.com\\\/\"},{\"@type\":\"ListItem\",\"position\":2,\"name\":\"Zamora cuestion\u00f3 la Ley de Propiedad Privada y defendi\u00f3 el rol del Estado en la protecci\u00f3n de los recursos estrat\u00e9gicos\"}]},{\"@type\":\"WebSite\",\"@id\":\"https:\\\/\\\/nativainfo.com\\\/#website\",\"url\":\"https:\\\/\\\/nativainfo.com\\\/\",\"name\":\"Nativa Info\",\"description\":\"Diario Digital\",\"publisher\":{\"@id\":\"https:\\\/\\\/nativainfo.com\\\/#organization\"},\"potentialAction\":[{\"@type\":\"SearchAction\",\"target\":{\"@type\":\"EntryPoint\",\"urlTemplate\":\"https:\\\/\\\/nativainfo.com\\\/?s={search_term_string}\"},\"query-input\":{\"@type\":\"PropertyValueSpecification\",\"valueRequired\":true,\"valueName\":\"search_term_string\"}}],\"inLanguage\":\"es-AR\"},{\"@type\":\"Organization\",\"@id\":\"https:\\\/\\\/nativainfo.com\\\/#organization\",\"name\":\"Nativa Info\",\"url\":\"https:\\\/\\\/nativainfo.com\\\/\",\"logo\":{\"@type\":\"ImageObject\",\"inLanguage\":\"es-AR\",\"@id\":\"https:\\\/\\\/nativainfo.com\\\/#\\\/schema\\\/logo\\\/image\\\/\",\"url\":\"https:\\\/\\\/nativainfo.com\\\/wp-content\\\/uploads\\\/2025\\\/08\\\/LOGO-NATIVA-FACE.jpg\",\"contentUrl\":\"https:\\\/\\\/nativainfo.com\\\/wp-content\\\/uploads\\\/2025\\\/08\\\/LOGO-NATIVA-FACE.jpg\",\"width\":400,\"height\":400,\"caption\":\"Nativa Info\"},\"image\":{\"@id\":\"https:\\\/\\\/nativainfo.com\\\/#\\\/schema\\\/logo\\\/image\\\/\"},\"sameAs\":[\"https:\\\/\\\/www.facebook.com\\\/profile.php?id=61578881597564\"]},{\"@type\":\"Person\",\"@id\":\"https:\\\/\\\/nativainfo.com\\\/#\\\/schema\\\/person\\\/24893b64a9cd564ddb5d102d36eb4b5c\",\"name\":\"Nativa Info\",\"image\":{\"@type\":\"ImageObject\",\"inLanguage\":\"es-AR\",\"@id\":\"https:\\\/\\\/secure.gravatar.com\\\/avatar\\\/016fa1cf068d85136d938e1507b9b619cb766e2565cbb1faa1e571762460c785?s=96&d=mm&r=g\",\"url\":\"https:\\\/\\\/secure.gravatar.com\\\/avatar\\\/016fa1cf068d85136d938e1507b9b619cb766e2565cbb1faa1e571762460c785?s=96&d=mm&r=g\",\"contentUrl\":\"https:\\\/\\\/secure.gravatar.com\\\/avatar\\\/016fa1cf068d85136d938e1507b9b619cb766e2565cbb1faa1e571762460c785?s=96&d=mm&r=g\",\"caption\":\"Nativa Info\"},\"sameAs\":[\"http:\\\/\\\/nativainfo.com\"],\"url\":\"https:\\\/\\\/nativainfo.com\\\/?author=1\"}]}<\/script>\n<!-- \/ Yoast SEO plugin. -->","yoast_head_json":{"title":"Zamora cuestion\u00f3 la Ley de Propiedad Privada y defendi\u00f3 el rol del Estado en la protecci\u00f3n de los recursos estrat\u00e9gicos - Nativa Info","robots":{"index":"index","follow":"follow","max-snippet":"max-snippet:-1","max-image-preview":"max-image-preview:large","max-video-preview":"max-video-preview:-1"},"canonical":"https:\/\/nativainfo.com\/?p=5937","og_locale":"es_ES","og_type":"article","og_title":"Zamora cuestion\u00f3 la Ley de Propiedad Privada y defendi\u00f3 el rol del Estado en la protecci\u00f3n de los recursos estrat\u00e9gicos - Nativa Info","og_description":"Durante el debate en el Senado, el legislador santiague\u00f1o sostuvo que la iniciativa limita herramientas del Estado y advirti\u00f3 sobre... Continue reading","og_url":"https:\/\/nativainfo.com\/?p=5937","og_site_name":"Nativa Info","article_publisher":"https:\/\/www.facebook.com\/profile.php?id=61578881597564","article_published_time":"2026-08-07T01:32:00+00:00","article_modified_time":"2026-09-02T13:35:27+00:00","og_image":[{"width":1440,"height":959,"url":"https:\/\/nativainfo.com\/wp-content\/uploads\/2026\/09\/imagen_2026-09-02_103522952.png","type":"image\/png"}],"author":"Nativa Info","twitter_card":"summary_large_image","twitter_misc":{"Escrito por":"Nativa Info","Tiempo de lectura":"1 minuto"},"schema":{"@context":"https:\/\/schema.org","@graph":[{"@type":"Article","@id":"https:\/\/nativainfo.com\/?p=5937#article","isPartOf":{"@id":"https:\/\/nativainfo.com\/?p=5937"},"author":{"name":"Nativa Info","@id":"https:\/\/nativainfo.com\/#\/schema\/person\/24893b64a9cd564ddb5d102d36eb4b5c"},"headline":"Zamora cuestion\u00f3 la Ley de Propiedad Privada y defendi\u00f3 el rol del Estado en la protecci\u00f3n de los recursos estrat\u00e9gicos","datePublished":"2026-08-07T01:32:00+00:00","dateModified":"2026-09-02T13:35:27+00:00","mainEntityOfPage":{"@id":"https:\/\/nativainfo.com\/?p=5937"},"wordCount":216,"commentCount":0,"publisher":{"@id":"https:\/\/nativainfo.com\/#organization"},"image":{"@id":"https:\/\/nativainfo.com\/?p=5937#primaryimage"},"thumbnailUrl":"https:\/\/nativainfo.com\/wp-content\/uploads\/2026\/09\/imagen_2026-09-02_103522952-1024x682.png","articleSection":["Pol\u00edtica"],"inLanguage":"es-AR","potentialAction":[{"@type":"CommentAction","name":"Comment","target":["https:\/\/nativainfo.com\/?p=5937#respond"]}]},{"@type":"WebPage","@id":"https:\/\/nativainfo.com\/?p=5937","url":"https:\/\/nativainfo.com\/?p=5937","name":"Zamora cuestion\u00f3 la Ley de Propiedad Privada y defendi\u00f3 el rol del Estado en la protecci\u00f3n de los recursos estrat\u00e9gicos - Nativa Info","isPartOf":{"@id":"https:\/\/nativainfo.com\/#website"},"primaryImageOfPage":{"@id":"https:\/\/nativainfo.com\/?p=5937#primaryimage"},"image":{"@id":"https:\/\/nativainfo.com\/?p=5937#primaryimage"},"thumbnailUrl":"https:\/\/nativainfo.com\/wp-content\/uploads\/2026\/09\/imagen_2026-09-02_103522952-1024x682.png","datePublished":"2026-08-07T01:32:00+00:00","dateModified":"2026-09-02T13:35:27+00:00","breadcrumb":{"@id":"https:\/\/nativainfo.com\/?p=5937#breadcrumb"},"inLanguage":"es-AR","potentialAction":[{"@type":"ReadAction","target":["https:\/\/nativainfo.com\/?p=5937"]}]},{"@type":"ImageObject","inLanguage":"es-AR","@id":"https:\/\/nativainfo.com\/?p=5937#primaryimage","url":"https:\/\/nativainfo.com\/wp-content\/uploads\/2026\/09\/imagen_2026-09-02_103522952.png","contentUrl":"https:\/\/nativainfo.com\/wp-content\/uploads\/2026\/09\/imagen_2026-09-02_103522952.png","width":1440,"height":959},{"@type":"BreadcrumbList","@id":"https:\/\/nativainfo.com\/?p=5937#breadcrumb","itemListElement":[{"@type":"ListItem","position":1,"name":"Inicio","item":"https:\/\/nativainfo.com\/"},{"@type":"ListItem","position":2,"name":"Zamora cuestion\u00f3 la Ley de Propiedad Privada y defendi\u00f3 el rol del Estado en la protecci\u00f3n de los recursos estrat\u00e9gicos"}]},{"@type":"WebSite","@id":"https:\/\/nativainfo.com\/#website","url":"https:\/\/nativainfo.com\/","name":"Nativa Info","description":"Diario Digital","publisher":{"@id":"https:\/\/nativainfo.com\/#organization"},"potentialAction":[{"@type":"SearchAction","target":{"@type":"EntryPoint","urlTemplate":"https:\/\/nativainfo.com\/?s={search_term_string}"},"query-input":{"@type":"PropertyValueSpecification","valueRequired":true,"valueName":"search_term_string"}}],"inLanguage":"es-AR"},{"@type":"Organization","@id":"https:\/\/nativainfo.com\/#organization","name":"Nativa Info","url":"https:\/\/nativainfo.com\/","logo":{"@type":"ImageObject","inLanguage":"es-AR","@id":"https:\/\/nativainfo.com\/#\/schema\/logo\/image\/","url":"https:\/\/nativainfo.com\/wp-content\/uploads\/2025\/08\/LOGO-NATIVA-FACE.jpg","contentUrl":"https:\/\/nativainfo.com\/wp-content\/uploads\/2025\/08\/LOGO-NATIVA-FACE.jpg","width":400,"height":400,"caption":"Nativa Info"},"image":{"@id":"https:\/\/nativainfo.com\/#\/schema\/logo\/image\/"},"sameAs":["https:\/\/www.facebook.com\/profile.php?id=61578881597564"]},{"@type":"Person","@id":"https:\/\/nativainfo.com\/#\/schema\/person\/24893b64a9cd564ddb5d102d36eb4b5c","name":"Nativa Info","image":{"@type":"ImageObject","inLanguage":"es-AR","@id":"https:\/\/secure.gravatar.com\/avatar\/016fa1cf068d85136d938e1507b9b619cb766e2565cbb1faa1e571762460c785?s=96&d=mm&r=g","url":"https:\/\/secure.gravatar.com\/avatar\/016fa1cf068d85136d938e1507b9b619cb766e2565cbb1faa1e571762460c785?s=96&d=mm&r=g","contentUrl":"https:\/\/secure.gravatar.com\/avatar\/016fa1cf068d85136d938e1507b9b619cb766e2565cbb1faa1e571762460c785?s=96&d=mm&r=g","caption":"Nativa Info"},"sameAs":["http:\/\/nativainfo.com"],"url":"https:\/\/nativainfo.com\/?author=1"}]}},"jetpack_publicize_connections":[],"_links":{"self":[{"href":"https:\/\/nativainfo.com\/index.php?rest_route=\/wp\/v2\/posts\/5937","targetHints":{"allow":["GET"]}}],"collection":[{"href":"https:\/\/nativainfo.com\/index.php?rest_route=\/wp\/v2\/posts"}],"about":[{"href":"https:\/\/nativainfo.com\/index.php?rest_route=\/wp\/v2\/types\/post"}],"author":[{"embeddable":true,"href":"https:\/\/nativainfo.com\/index.php?rest_route=\/wp\/v2\/users\/1"}],"replies":[{"embeddable":true,"href":"https:\/\/nativainfo.com\/index.php?rest_route=%2Fwp%2Fv2%2Fcomments&post=5937"}],"version-history":[{"count":1,"href":"https:\/\/nativainfo.com\/index.php?rest_route=\/wp\/v2\/posts\/5937\/revisions"}],"predecessor-version":[{"id":5944,"href":"https:\/\/nativainfo.com\/index.php?rest_route=\/wp\/v2\/posts\/5937\/revisions\/5944"}],"wp:attachment":[{"href":"https:\/\/nativainfo.com\/index.php?rest_route=%2Fwp%2Fv2%2Fmedia&parent=5937"}],"wp:term":[{"taxonomy":"category","embeddable":true,"href":"https:\/\/nativainfo.com\/index.php?rest_route=%2Fwp%2Fv2%2Fcategories&post=5937"},{"taxonomy":"post_tag","embeddable":true,"href":"https:\/\/nativainfo.com\/index.php?rest_route=%2Fwp%2Fv2%2Ftags&post=5937"}],"curies":[{"name":"wp","href":"https:\/\/api.w.org\/{rel}","templated":true}]}}