{"id":5565,"date":"2026-01-26T13:02:55","date_gmt":"2026-01-26T16:02:55","guid":{"rendered":"https:\/\/nativainfo.com\/?p=5565"},"modified":"2026-01-26T13:02:56","modified_gmt":"2026-01-26T16:02:56","slug":"santiago-del-estero-cubrira-con-recursos-propios-la-deuda-del-programa-hora-extendida","status":"publish","type":"post","link":"https:\/\/nativainfo.com\/?p=5565","title":{"rendered":"Santiago del Estero cubrir\u00e1 con recursos propios la deuda del programa Hora Extendida"},"content":{"rendered":"\n<figure class=\"wp-block-image size-large\"><img fetchpriority=\"high\" decoding=\"async\" width=\"1024\" height=\"681\" src=\"https:\/\/nativainfo.com\/wp-content\/uploads\/2026\/01\/imagen_2026-01-26_130236431-1024x681.png\" alt=\"\" class=\"wp-image-5566\" srcset=\"https:\/\/nativainfo.com\/wp-content\/uploads\/2026\/01\/imagen_2026-01-26_130236431-1024x681.png 1024w, https:\/\/nativainfo.com\/wp-content\/uploads\/2026\/01\/imagen_2026-01-26_130236431-300x199.png 300w, https:\/\/nativainfo.com\/wp-content\/uploads\/2026\/01\/imagen_2026-01-26_130236431-768x511.png 768w, https:\/\/nativainfo.com\/wp-content\/uploads\/2026\/01\/imagen_2026-01-26_130236431-526x350.png 526w, https:\/\/nativainfo.com\/wp-content\/uploads\/2026\/01\/imagen_2026-01-26_130236431-150x100.png 150w, https:\/\/nativainfo.com\/wp-content\/uploads\/2026\/01\/imagen_2026-01-26_130236431-420x278.png 420w, https:\/\/nativainfo.com\/wp-content\/uploads\/2026\/01\/imagen_2026-01-26_130236431.png 1280w\" sizes=\"(max-width: 1024px) 100vw, 1024px\" \/><\/figure>\n\n\n\n<p>El Gobierno de Santiago del Estero confirm\u00f3 que afrontar\u00e1 con fondos provinciales el pago de los montos adeudados del Programa Nacional de Hora Extendida, luego de no haber obtenido respuestas favorables tras agotar todas las instancias administrativas de reclamo ante Naci\u00f3n.<\/p>\n\n\n\n<p>La informaci\u00f3n fue brindada por el Ministerio de Educaci\u00f3n, Ciencia y Tecnolog\u00eda, que precis\u00f3 que el pago se har\u00e1 efectivo el pr\u00f3ximo mi\u00e9rcoles 28 de enero. La medida contempla el 50% restante correspondiente al mes de octubre, la totalidad de noviembre y diciembre, y el segundo Sueldo Anual Complementario (SAC).<\/p>\n\n\n\n<p>Desde la cartera educativa remarcaron que la decisi\u00f3n tiene como objetivo cumplir con los compromisos asumidos con los trabajadores del sistema educativo y garantizar la continuidad del programa, as\u00ed como el normal desarrollo de las actividades escolares en toda la provincia.<\/p>\n\n\n\n<p><\/p>\n","protected":false},"excerpt":{"rendered":"<p>El Gobierno de Santiago del Estero confirm\u00f3 que afrontar\u00e1 con fondos provinciales el pago de los montos adeudados del Programa&#8230; <a class=\"continue-reading-link\" href=\"https:\/\/nativainfo.com\/?p=5565\">Continue reading<\/a><\/p>\n","protected":false},"author":1,"featured_media":0,"comment_status":"open","ping_status":"open","sticky":false,"template":"","format":"standard","meta":{"rop_custom_images_group":[],"rop_custom_messages_group":[],"rop_publish_now":"yes","rop_publish_now_accounts":[],"rop_publish_now_history":[],"rop_publish_now_status":"pending","footnotes":"","jetpack_publicize_message":"","jetpack_publicize_feature_enabled":true,"jetpack_social_post_already_shared":false,"jetpack_social_options":{"image_generator_settings":{"template":"highway","default_image_id":0,"font":"","enabled":false},"version":2}},"categories":[8],"tags":[],"class_list":["post-5565","post","type-post","status-publish","format-standard","hentry","category-noticias"],"yoast_head":"<!-- This site is optimized with the Yoast SEO plugin v25.6 - https:\/\/yoast.com\/wordpress\/plugins\/seo\/ -->\n<title>Santiago del Estero cubrir\u00e1 con recursos propios la deuda del programa Hora Extendida - Nativa Info<\/title>\n<meta name=\"robots\" content=\"index, follow, max-snippet:-1, max-image-preview:large, max-video-preview:-1\" \/>\n<link rel=\"canonical\" href=\"https:\/\/nativainfo.com\/?p=5565\" \/>\n<meta property=\"og:locale\" content=\"es_ES\" \/>\n<meta property=\"og:type\" content=\"article\" \/>\n<meta property=\"og:title\" content=\"Santiago del Estero cubrir\u00e1 con recursos propios la deuda del programa Hora Extendida - Nativa Info\" \/>\n<meta property=\"og:description\" content=\"El Gobierno de Santiago del Estero confirm\u00f3 que afrontar\u00e1 con fondos provinciales el pago de los montos adeudados del Programa... Continue reading\" \/>\n<meta property=\"og:url\" content=\"https:\/\/nativainfo.com\/?p=5565\" \/>\n<meta property=\"og:site_name\" content=\"Nativa Info\" \/>\n<meta property=\"article:publisher\" content=\"https:\/\/www.facebook.com\/profile.php?id=61578881597564\" \/>\n<meta property=\"article:published_time\" content=\"2026-01-26T16:02:55+00:00\" \/>\n<meta property=\"article:modified_time\" content=\"2026-01-26T16:02:56+00:00\" \/>\n<meta property=\"og:image\" content=\"https:\/\/nativainfo.com\/wp-content\/uploads\/2026\/01\/imagen_2026-01-26_130236431.png\" \/>\n\t<meta property=\"og:image:width\" content=\"1280\" \/>\n\t<meta property=\"og:image:height\" content=\"851\" \/>\n\t<meta property=\"og:image:type\" content=\"image\/png\" \/>\n<meta name=\"author\" content=\"Nativa Info\" \/>\n<meta name=\"twitter:card\" content=\"summary_large_image\" \/>\n<meta name=\"twitter:label1\" content=\"Escrito por\" \/>\n\t<meta name=\"twitter:data1\" content=\"Nativa Info\" \/>\n\t<meta name=\"twitter:label2\" content=\"Tiempo de lectura\" \/>\n\t<meta name=\"twitter:data2\" content=\"1 minuto\" \/>\n<script type=\"application\/ld+json\" class=\"yoast-schema-graph\">{\"@context\":\"https:\/\/schema.org\",\"@graph\":[{\"@type\":\"Article\",\"@id\":\"https:\/\/nativainfo.com\/?p=5565#article\",\"isPartOf\":{\"@id\":\"https:\/\/nativainfo.com\/?p=5565\"},\"author\":{\"name\":\"Nativa Info\",\"@id\":\"https:\/\/nativainfo.com\/#\/schema\/person\/24893b64a9cd564ddb5d102d36eb4b5c\"},\"headline\":\"Santiago del Estero cubrir\u00e1 con recursos propios la deuda del programa Hora Extendida\",\"datePublished\":\"2026-01-26T16:02:55+00:00\",\"dateModified\":\"2026-01-26T16:02:56+00:00\",\"mainEntityOfPage\":{\"@id\":\"https:\/\/nativainfo.com\/?p=5565\"},\"wordCount\":150,\"commentCount\":0,\"publisher\":{\"@id\":\"https:\/\/nativainfo.com\/#organization\"},\"image\":{\"@id\":\"https:\/\/nativainfo.com\/?p=5565#primaryimage\"},\"thumbnailUrl\":\"https:\/\/nativainfo.com\/wp-content\/uploads\/2026\/01\/imagen_2026-01-26_130236431-1024x681.png\",\"articleSection\":[\"Noticias\"],\"inLanguage\":\"es-AR\",\"potentialAction\":[{\"@type\":\"CommentAction\",\"name\":\"Comment\",\"target\":[\"https:\/\/nativainfo.com\/?p=5565#respond\"]}]},{\"@type\":\"WebPage\",\"@id\":\"https:\/\/nativainfo.com\/?p=5565\",\"url\":\"https:\/\/nativainfo.com\/?p=5565\",\"name\":\"Santiago del Estero cubrir\u00e1 con recursos propios la deuda del programa Hora Extendida - Nativa Info\",\"isPartOf\":{\"@id\":\"https:\/\/nativainfo.com\/#website\"},\"primaryImageOfPage\":{\"@id\":\"https:\/\/nativainfo.com\/?p=5565#primaryimage\"},\"image\":{\"@id\":\"https:\/\/nativainfo.com\/?p=5565#primaryimage\"},\"thumbnailUrl\":\"https:\/\/nativainfo.com\/wp-content\/uploads\/2026\/01\/imagen_2026-01-26_130236431-1024x681.png\",\"datePublished\":\"2026-01-26T16:02:55+00:00\",\"dateModified\":\"2026-01-26T16:02:56+00:00\",\"breadcrumb\":{\"@id\":\"https:\/\/nativainfo.com\/?p=5565#breadcrumb\"},\"inLanguage\":\"es-AR\",\"potentialAction\":[{\"@type\":\"ReadAction\",\"target\":[\"https:\/\/nativainfo.com\/?p=5565\"]}]},{\"@type\":\"ImageObject\",\"inLanguage\":\"es-AR\",\"@id\":\"https:\/\/nativainfo.com\/?p=5565#primaryimage\",\"url\":\"https:\/\/nativainfo.com\/wp-content\/uploads\/2026\/01\/imagen_2026-01-26_130236431.png\",\"contentUrl\":\"https:\/\/nativainfo.com\/wp-content\/uploads\/2026\/01\/imagen_2026-01-26_130236431.png\",\"width\":1280,\"height\":851},{\"@type\":\"BreadcrumbList\",\"@id\":\"https:\/\/nativainfo.com\/?p=5565#breadcrumb\",\"itemListElement\":[{\"@type\":\"ListItem\",\"position\":1,\"name\":\"Inicio\",\"item\":\"https:\/\/nativainfo.com\/\"},{\"@type\":\"ListItem\",\"position\":2,\"name\":\"Santiago del Estero cubrir\u00e1 con recursos propios la deuda del programa Hora Extendida\"}]},{\"@type\":\"WebSite\",\"@id\":\"https:\/\/nativainfo.com\/#website\",\"url\":\"https:\/\/nativainfo.com\/\",\"name\":\"Nativa Info\",\"description\":\"Diario Digital\",\"publisher\":{\"@id\":\"https:\/\/nativainfo.com\/#organization\"},\"potentialAction\":[{\"@type\":\"SearchAction\",\"target\":{\"@type\":\"EntryPoint\",\"urlTemplate\":\"https:\/\/nativainfo.com\/?s={search_term_string}\"},\"query-input\":{\"@type\":\"PropertyValueSpecification\",\"valueRequired\":true,\"valueName\":\"search_term_string\"}}],\"inLanguage\":\"es-AR\"},{\"@type\":\"Organization\",\"@id\":\"https:\/\/nativainfo.com\/#organization\",\"name\":\"Nativa Info\",\"url\":\"https:\/\/nativainfo.com\/\",\"logo\":{\"@type\":\"ImageObject\",\"inLanguage\":\"es-AR\",\"@id\":\"https:\/\/nativainfo.com\/#\/schema\/logo\/image\/\",\"url\":\"https:\/\/nativainfo.com\/wp-content\/uploads\/2025\/08\/LOGO-NATIVA-FACE.jpg\",\"contentUrl\":\"https:\/\/nativainfo.com\/wp-content\/uploads\/2025\/08\/LOGO-NATIVA-FACE.jpg\",\"width\":400,\"height\":400,\"caption\":\"Nativa Info\"},\"image\":{\"@id\":\"https:\/\/nativainfo.com\/#\/schema\/logo\/image\/\"},\"sameAs\":[\"https:\/\/www.facebook.com\/profile.php?id=61578881597564\"]},{\"@type\":\"Person\",\"@id\":\"https:\/\/nativainfo.com\/#\/schema\/person\/24893b64a9cd564ddb5d102d36eb4b5c\",\"name\":\"Nativa Info\",\"image\":{\"@type\":\"ImageObject\",\"inLanguage\":\"es-AR\",\"@id\":\"https:\/\/nativainfo.com\/#\/schema\/person\/image\/\",\"url\":\"https:\/\/secure.gravatar.com\/avatar\/016fa1cf068d85136d938e1507b9b619cb766e2565cbb1faa1e571762460c785?s=96&d=mm&r=g\",\"contentUrl\":\"https:\/\/secure.gravatar.com\/avatar\/016fa1cf068d85136d938e1507b9b619cb766e2565cbb1faa1e571762460c785?s=96&d=mm&r=g\",\"caption\":\"Nativa Info\"},\"sameAs\":[\"http:\/\/nativainfo.com\"],\"url\":\"https:\/\/nativainfo.com\/?author=1\"}]}<\/script>\n<!-- \/ Yoast SEO plugin. -->","yoast_head_json":{"title":"Santiago del Estero cubrir\u00e1 con recursos propios la deuda del programa Hora Extendida - Nativa Info","robots":{"index":"index","follow":"follow","max-snippet":"max-snippet:-1","max-image-preview":"max-image-preview:large","max-video-preview":"max-video-preview:-1"},"canonical":"https:\/\/nativainfo.com\/?p=5565","og_locale":"es_ES","og_type":"article","og_title":"Santiago del Estero cubrir\u00e1 con recursos propios la deuda del programa Hora Extendida - Nativa Info","og_description":"El Gobierno de Santiago del Estero confirm\u00f3 que afrontar\u00e1 con fondos provinciales el pago de los montos adeudados del Programa... Continue reading","og_url":"https:\/\/nativainfo.com\/?p=5565","og_site_name":"Nativa Info","article_publisher":"https:\/\/www.facebook.com\/profile.php?id=61578881597564","article_published_time":"2026-01-26T16:02:55+00:00","article_modified_time":"2026-01-26T16:02:56+00:00","og_image":[{"width":1280,"height":851,"url":"https:\/\/nativainfo.com\/wp-content\/uploads\/2026\/01\/imagen_2026-01-26_130236431.png","type":"image\/png"}],"author":"Nativa Info","twitter_card":"summary_large_image","twitter_misc":{"Escrito por":"Nativa Info","Tiempo de lectura":"1 minuto"},"schema":{"@context":"https:\/\/schema.org","@graph":[{"@type":"Article","@id":"https:\/\/nativainfo.com\/?p=5565#article","isPartOf":{"@id":"https:\/\/nativainfo.com\/?p=5565"},"author":{"name":"Nativa Info","@id":"https:\/\/nativainfo.com\/#\/schema\/person\/24893b64a9cd564ddb5d102d36eb4b5c"},"headline":"Santiago del Estero cubrir\u00e1 con recursos propios la deuda del programa Hora Extendida","datePublished":"2026-01-26T16:02:55+00:00","dateModified":"2026-01-26T16:02:56+00:00","mainEntityOfPage":{"@id":"https:\/\/nativainfo.com\/?p=5565"},"wordCount":150,"commentCount":0,"publisher":{"@id":"https:\/\/nativainfo.com\/#organization"},"image":{"@id":"https:\/\/nativainfo.com\/?p=5565#primaryimage"},"thumbnailUrl":"https:\/\/nativainfo.com\/wp-content\/uploads\/2026\/01\/imagen_2026-01-26_130236431-1024x681.png","articleSection":["Noticias"],"inLanguage":"es-AR","potentialAction":[{"@type":"CommentAction","name":"Comment","target":["https:\/\/nativainfo.com\/?p=5565#respond"]}]},{"@type":"WebPage","@id":"https:\/\/nativainfo.com\/?p=5565","url":"https:\/\/nativainfo.com\/?p=5565","name":"Santiago del Estero cubrir\u00e1 con recursos propios la deuda del programa Hora Extendida - Nativa Info","isPartOf":{"@id":"https:\/\/nativainfo.com\/#website"},"primaryImageOfPage":{"@id":"https:\/\/nativainfo.com\/?p=5565#primaryimage"},"image":{"@id":"https:\/\/nativainfo.com\/?p=5565#primaryimage"},"thumbnailUrl":"https:\/\/nativainfo.com\/wp-content\/uploads\/2026\/01\/imagen_2026-01-26_130236431-1024x681.png","datePublished":"2026-01-26T16:02:55+00:00","dateModified":"2026-01-26T16:02:56+00:00","breadcrumb":{"@id":"https:\/\/nativainfo.com\/?p=5565#breadcrumb"},"inLanguage":"es-AR","potentialAction":[{"@type":"ReadAction","target":["https:\/\/nativainfo.com\/?p=5565"]}]},{"@type":"ImageObject","inLanguage":"es-AR","@id":"https:\/\/nativainfo.com\/?p=5565#primaryimage","url":"https:\/\/nativainfo.com\/wp-content\/uploads\/2026\/01\/imagen_2026-01-26_130236431.png","contentUrl":"https:\/\/nativainfo.com\/wp-content\/uploads\/2026\/01\/imagen_2026-01-26_130236431.png","width":1280,"height":851},{"@type":"BreadcrumbList","@id":"https:\/\/nativainfo.com\/?p=5565#breadcrumb","itemListElement":[{"@type":"ListItem","position":1,"name":"Inicio","item":"https:\/\/nativainfo.com\/"},{"@type":"ListItem","position":2,"name":"Santiago del Estero cubrir\u00e1 con recursos propios la deuda del programa Hora Extendida"}]},{"@type":"WebSite","@id":"https:\/\/nativainfo.com\/#website","url":"https:\/\/nativainfo.com\/","name":"Nativa Info","description":"Diario Digital","publisher":{"@id":"https:\/\/nativainfo.com\/#organization"},"potentialAction":[{"@type":"SearchAction","target":{"@type":"EntryPoint","urlTemplate":"https:\/\/nativainfo.com\/?s={search_term_string}"},"query-input":{"@type":"PropertyValueSpecification","valueRequired":true,"valueName":"search_term_string"}}],"inLanguage":"es-AR"},{"@type":"Organization","@id":"https:\/\/nativainfo.com\/#organization","name":"Nativa Info","url":"https:\/\/nativainfo.com\/","logo":{"@type":"ImageObject","inLanguage":"es-AR","@id":"https:\/\/nativainfo.com\/#\/schema\/logo\/image\/","url":"https:\/\/nativainfo.com\/wp-content\/uploads\/2025\/08\/LOGO-NATIVA-FACE.jpg","contentUrl":"https:\/\/nativainfo.com\/wp-content\/uploads\/2025\/08\/LOGO-NATIVA-FACE.jpg","width":400,"height":400,"caption":"Nativa Info"},"image":{"@id":"https:\/\/nativainfo.com\/#\/schema\/logo\/image\/"},"sameAs":["https:\/\/www.facebook.com\/profile.php?id=61578881597564"]},{"@type":"Person","@id":"https:\/\/nativainfo.com\/#\/schema\/person\/24893b64a9cd564ddb5d102d36eb4b5c","name":"Nativa Info","image":{"@type":"ImageObject","inLanguage":"es-AR","@id":"https:\/\/nativainfo.com\/#\/schema\/person\/image\/","url":"https:\/\/secure.gravatar.com\/avatar\/016fa1cf068d85136d938e1507b9b619cb766e2565cbb1faa1e571762460c785?s=96&d=mm&r=g","contentUrl":"https:\/\/secure.gravatar.com\/avatar\/016fa1cf068d85136d938e1507b9b619cb766e2565cbb1faa1e571762460c785?s=96&d=mm&r=g","caption":"Nativa Info"},"sameAs":["http:\/\/nativainfo.com"],"url":"https:\/\/nativainfo.com\/?author=1"}]}},"jetpack_publicize_connections":[],"_links":{"self":[{"href":"https:\/\/nativainfo.com\/index.php?rest_route=\/wp\/v2\/posts\/5565","targetHints":{"allow":["GET"]}}],"collection":[{"href":"https:\/\/nativainfo.com\/index.php?rest_route=\/wp\/v2\/posts"}],"about":[{"href":"https:\/\/nativainfo.com\/index.php?rest_route=\/wp\/v2\/types\/post"}],"author":[{"embeddable":true,"href":"https:\/\/nativainfo.com\/index.php?rest_route=\/wp\/v2\/users\/1"}],"replies":[{"embeddable":true,"href":"https:\/\/nativainfo.com\/index.php?rest_route=%2Fwp%2Fv2%2Fcomments&post=5565"}],"version-history":[{"count":1,"href":"https:\/\/nativainfo.com\/index.php?rest_route=\/wp\/v2\/posts\/5565\/revisions"}],"predecessor-version":[{"id":5567,"href":"https:\/\/nativainfo.com\/index.php?rest_route=\/wp\/v2\/posts\/5565\/revisions\/5567"}],"wp:attachment":[{"href":"https:\/\/nativainfo.com\/index.php?rest_route=%2Fwp%2Fv2%2Fmedia&parent=5565"}],"wp:term":[{"taxonomy":"category","embeddable":true,"href":"https:\/\/nativainfo.com\/index.php?rest_route=%2Fwp%2Fv2%2Fcategories&post=5565"},{"taxonomy":"post_tag","embeddable":true,"href":"https:\/\/nativainfo.com\/index.php?rest_route=%2Fwp%2Fv2%2Ftags&post=5565"}],"curies":[{"name":"wp","href":"https:\/\/api.w.org\/{rel}","templated":true}]}}