{"id":5548,"date":"2026-01-23T00:03:08","date_gmt":"2026-01-23T03:03:08","guid":{"rendered":"https:\/\/nativainfo.com\/?p=5548"},"modified":"2026-01-23T00:03:10","modified_gmt":"2026-01-23T03:03:10","slug":"llegaron-nuevas-dosis-de-vacunas-contra-el-dengue-a-santiago-del-estero-y-amplian-la-vacunacion-hasta-los-59-anos","status":"publish","type":"post","link":"https:\/\/nativainfo.com\/?p=5548","title":{"rendered":"Llegaron nuevas dosis de vacunas contra el dengue a Santiago del Estero y ampl\u00edan la vacunaci\u00f3n hasta los 59 a\u00f1os"},"content":{"rendered":"\n<figure class=\"wp-block-image size-full is-resized\"><img fetchpriority=\"high\" decoding=\"async\" width=\"800\" height=\"533\" src=\"https:\/\/nativainfo.com\/wp-content\/uploads\/2026\/01\/imagen_2026-01-23_000209331.png\" alt=\"\" class=\"wp-image-5550\" style=\"width:840px;height:auto\" srcset=\"https:\/\/nativainfo.com\/wp-content\/uploads\/2026\/01\/imagen_2026-01-23_000209331.png 800w, https:\/\/nativainfo.com\/wp-content\/uploads\/2026\/01\/imagen_2026-01-23_000209331-300x200.png 300w, https:\/\/nativainfo.com\/wp-content\/uploads\/2026\/01\/imagen_2026-01-23_000209331-768x512.png 768w, https:\/\/nativainfo.com\/wp-content\/uploads\/2026\/01\/imagen_2026-01-23_000209331-525x350.png 525w, https:\/\/nativainfo.com\/wp-content\/uploads\/2026\/01\/imagen_2026-01-23_000209331-150x100.png 150w\" sizes=\"(max-width: 800px) 100vw, 800px\" \/><\/figure>\n\n\n\n<p>La provincia de Santiago del Estero recibi\u00f3 un nuevo env\u00edo de vacunas contra el dengue por parte del Ministerio de Salud de la Naci\u00f3n, en el marco del fortalecimiento de la campa\u00f1a nacional de inmunizaci\u00f3n. Las dosis estar\u00e1n disponibles en los centros de vacunaci\u00f3n de Capital y La Banda.<\/p>\n\n\n\n<p>Junto con la llegada de este refuerzo, las autoridades sanitarias anunciaron la ampliaci\u00f3n del rango etario de la campa\u00f1a, que ahora alcanzar\u00e1 a personas de entre 39 y 59 a\u00f1os. La medida se adopta en un contexto de alerta epidemiol\u00f3gica por la circulaci\u00f3n del serotipo DEN3 en el pa\u00eds.<\/p>\n\n\n\n<p>La informaci\u00f3n fue confirmada por la Dra. Florencia Coronel, jefa del Programa Provincial de Inmunizaciones, quien se\u00f1al\u00f3 que, de acuerdo al \u00faltimo bolet\u00edn epidemiol\u00f3gico del Ministerio de Salud de la Naci\u00f3n, se registraron 14 casos de dengue en Argentina, todos asociados a antecedentes de viaje.<\/p>\n\n\n\n<p>\u201cLa principal novedad es la detecci\u00f3n del serotipo DEN3, que no era frecuente en nuestro pa\u00eds, donde hist\u00f3ricamente predominaban el DEN1 y el DEN2. Si bien los s\u00edntomas cl\u00ednicos no presentan diferencias, es fundamental su identificaci\u00f3n a trav\u00e9s de estudios de laboratorio\u201d, explic\u00f3 la funcionaria.<\/p>\n\n\n\n<p><\/p>\n","protected":false},"excerpt":{"rendered":"<p>La provincia de Santiago del Estero recibi\u00f3 un nuevo env\u00edo de vacunas contra el dengue por parte del Ministerio de&#8230; <a class=\"continue-reading-link\" href=\"https:\/\/nativainfo.com\/?p=5548\">Continue reading<\/a><\/p>\n","protected":false},"author":1,"featured_media":0,"comment_status":"open","ping_status":"open","sticky":false,"template":"","format":"standard","meta":{"rop_custom_images_group":[],"rop_custom_messages_group":[],"rop_publish_now":"yes","rop_publish_now_accounts":[],"rop_publish_now_history":[],"rop_publish_now_status":"pending","footnotes":"","jetpack_publicize_message":"","jetpack_publicize_feature_enabled":true,"jetpack_social_post_already_shared":false,"jetpack_social_options":{"image_generator_settings":{"template":"highway","default_image_id":0,"font":"","enabled":false},"version":2}},"categories":[15],"tags":[],"class_list":["post-5548","post","type-post","status-publish","format-standard","hentry","category-salud"],"yoast_head":"<!-- This site is optimized with the Yoast SEO plugin v25.6 - https:\/\/yoast.com\/wordpress\/plugins\/seo\/ -->\n<title>Llegaron nuevas dosis de vacunas contra el dengue a Santiago del Estero y ampl\u00edan la vacunaci\u00f3n hasta los 59 a\u00f1os - Nativa Info<\/title>\n<meta name=\"robots\" content=\"index, follow, max-snippet:-1, max-image-preview:large, max-video-preview:-1\" \/>\n<link rel=\"canonical\" href=\"https:\/\/nativainfo.com\/?p=5548\" \/>\n<meta property=\"og:locale\" content=\"es_ES\" \/>\n<meta property=\"og:type\" content=\"article\" \/>\n<meta property=\"og:title\" content=\"Llegaron nuevas dosis de vacunas contra el dengue a Santiago del Estero y ampl\u00edan la vacunaci\u00f3n hasta los 59 a\u00f1os - Nativa Info\" \/>\n<meta property=\"og:description\" content=\"La provincia de Santiago del Estero recibi\u00f3 un nuevo env\u00edo de vacunas contra el dengue por parte del Ministerio de... Continue reading\" \/>\n<meta property=\"og:url\" content=\"https:\/\/nativainfo.com\/?p=5548\" \/>\n<meta property=\"og:site_name\" content=\"Nativa Info\" \/>\n<meta property=\"article:publisher\" content=\"https:\/\/www.facebook.com\/profile.php?id=61578881597564\" \/>\n<meta property=\"article:published_time\" content=\"2026-01-23T03:03:08+00:00\" \/>\n<meta property=\"article:modified_time\" content=\"2026-01-23T03:03:10+00:00\" \/>\n<meta property=\"og:image\" content=\"https:\/\/nativainfo.com\/wp-content\/uploads\/2026\/01\/imagen_2026-01-23_000209331.png\" \/>\n\t<meta property=\"og:image:width\" content=\"800\" \/>\n\t<meta property=\"og:image:height\" content=\"533\" \/>\n\t<meta property=\"og:image:type\" content=\"image\/png\" \/>\n<meta name=\"author\" content=\"Nativa Info\" \/>\n<meta name=\"twitter:card\" content=\"summary_large_image\" \/>\n<meta name=\"twitter:label1\" content=\"Escrito por\" \/>\n\t<meta name=\"twitter:data1\" content=\"Nativa Info\" \/>\n\t<meta name=\"twitter:label2\" content=\"Tiempo de lectura\" \/>\n\t<meta name=\"twitter:data2\" content=\"2 minutos\" \/>\n<script type=\"application\/ld+json\" class=\"yoast-schema-graph\">{\"@context\":\"https:\/\/schema.org\",\"@graph\":[{\"@type\":\"Article\",\"@id\":\"https:\/\/nativainfo.com\/?p=5548#article\",\"isPartOf\":{\"@id\":\"https:\/\/nativainfo.com\/?p=5548\"},\"author\":{\"name\":\"Nativa Info\",\"@id\":\"https:\/\/nativainfo.com\/#\/schema\/person\/24893b64a9cd564ddb5d102d36eb4b5c\"},\"headline\":\"Llegaron nuevas dosis de vacunas contra el dengue a Santiago del Estero y ampl\u00edan la vacunaci\u00f3n hasta los 59 a\u00f1os\",\"datePublished\":\"2026-01-23T03:03:08+00:00\",\"dateModified\":\"2026-01-23T03:03:10+00:00\",\"mainEntityOfPage\":{\"@id\":\"https:\/\/nativainfo.com\/?p=5548\"},\"wordCount\":231,\"commentCount\":0,\"publisher\":{\"@id\":\"https:\/\/nativainfo.com\/#organization\"},\"image\":{\"@id\":\"https:\/\/nativainfo.com\/?p=5548#primaryimage\"},\"thumbnailUrl\":\"https:\/\/nativainfo.com\/wp-content\/uploads\/2026\/01\/imagen_2026-01-23_000209331.png\",\"articleSection\":[\"Salud\"],\"inLanguage\":\"es-AR\",\"potentialAction\":[{\"@type\":\"CommentAction\",\"name\":\"Comment\",\"target\":[\"https:\/\/nativainfo.com\/?p=5548#respond\"]}]},{\"@type\":\"WebPage\",\"@id\":\"https:\/\/nativainfo.com\/?p=5548\",\"url\":\"https:\/\/nativainfo.com\/?p=5548\",\"name\":\"Llegaron nuevas dosis de vacunas contra el dengue a Santiago del Estero y ampl\u00edan la vacunaci\u00f3n hasta los 59 a\u00f1os - Nativa Info\",\"isPartOf\":{\"@id\":\"https:\/\/nativainfo.com\/#website\"},\"primaryImageOfPage\":{\"@id\":\"https:\/\/nativainfo.com\/?p=5548#primaryimage\"},\"image\":{\"@id\":\"https:\/\/nativainfo.com\/?p=5548#primaryimage\"},\"thumbnailUrl\":\"https:\/\/nativainfo.com\/wp-content\/uploads\/2026\/01\/imagen_2026-01-23_000209331.png\",\"datePublished\":\"2026-01-23T03:03:08+00:00\",\"dateModified\":\"2026-01-23T03:03:10+00:00\",\"breadcrumb\":{\"@id\":\"https:\/\/nativainfo.com\/?p=5548#breadcrumb\"},\"inLanguage\":\"es-AR\",\"potentialAction\":[{\"@type\":\"ReadAction\",\"target\":[\"https:\/\/nativainfo.com\/?p=5548\"]}]},{\"@type\":\"ImageObject\",\"inLanguage\":\"es-AR\",\"@id\":\"https:\/\/nativainfo.com\/?p=5548#primaryimage\",\"url\":\"https:\/\/nativainfo.com\/wp-content\/uploads\/2026\/01\/imagen_2026-01-23_000209331.png\",\"contentUrl\":\"https:\/\/nativainfo.com\/wp-content\/uploads\/2026\/01\/imagen_2026-01-23_000209331.png\",\"width\":800,\"height\":533},{\"@type\":\"BreadcrumbList\",\"@id\":\"https:\/\/nativainfo.com\/?p=5548#breadcrumb\",\"itemListElement\":[{\"@type\":\"ListItem\",\"position\":1,\"name\":\"Inicio\",\"item\":\"https:\/\/nativainfo.com\/\"},{\"@type\":\"ListItem\",\"position\":2,\"name\":\"Llegaron nuevas dosis de vacunas contra el dengue a Santiago del Estero y ampl\u00edan la vacunaci\u00f3n hasta los 59 a\u00f1os\"}]},{\"@type\":\"WebSite\",\"@id\":\"https:\/\/nativainfo.com\/#website\",\"url\":\"https:\/\/nativainfo.com\/\",\"name\":\"Nativa Info\",\"description\":\"Diario Digital\",\"publisher\":{\"@id\":\"https:\/\/nativainfo.com\/#organization\"},\"potentialAction\":[{\"@type\":\"SearchAction\",\"target\":{\"@type\":\"EntryPoint\",\"urlTemplate\":\"https:\/\/nativainfo.com\/?s={search_term_string}\"},\"query-input\":{\"@type\":\"PropertyValueSpecification\",\"valueRequired\":true,\"valueName\":\"search_term_string\"}}],\"inLanguage\":\"es-AR\"},{\"@type\":\"Organization\",\"@id\":\"https:\/\/nativainfo.com\/#organization\",\"name\":\"Nativa Info\",\"url\":\"https:\/\/nativainfo.com\/\",\"logo\":{\"@type\":\"ImageObject\",\"inLanguage\":\"es-AR\",\"@id\":\"https:\/\/nativainfo.com\/#\/schema\/logo\/image\/\",\"url\":\"https:\/\/nativainfo.com\/wp-content\/uploads\/2025\/08\/LOGO-NATIVA-FACE.jpg\",\"contentUrl\":\"https:\/\/nativainfo.com\/wp-content\/uploads\/2025\/08\/LOGO-NATIVA-FACE.jpg\",\"width\":400,\"height\":400,\"caption\":\"Nativa Info\"},\"image\":{\"@id\":\"https:\/\/nativainfo.com\/#\/schema\/logo\/image\/\"},\"sameAs\":[\"https:\/\/www.facebook.com\/profile.php?id=61578881597564\"]},{\"@type\":\"Person\",\"@id\":\"https:\/\/nativainfo.com\/#\/schema\/person\/24893b64a9cd564ddb5d102d36eb4b5c\",\"name\":\"Nativa Info\",\"image\":{\"@type\":\"ImageObject\",\"inLanguage\":\"es-AR\",\"@id\":\"https:\/\/nativainfo.com\/#\/schema\/person\/image\/\",\"url\":\"https:\/\/secure.gravatar.com\/avatar\/016fa1cf068d85136d938e1507b9b619cb766e2565cbb1faa1e571762460c785?s=96&d=mm&r=g\",\"contentUrl\":\"https:\/\/secure.gravatar.com\/avatar\/016fa1cf068d85136d938e1507b9b619cb766e2565cbb1faa1e571762460c785?s=96&d=mm&r=g\",\"caption\":\"Nativa Info\"},\"sameAs\":[\"http:\/\/nativainfo.com\"],\"url\":\"https:\/\/nativainfo.com\/?author=1\"}]}<\/script>\n<!-- \/ Yoast SEO plugin. -->","yoast_head_json":{"title":"Llegaron nuevas dosis de vacunas contra el dengue a Santiago del Estero y ampl\u00edan la vacunaci\u00f3n hasta los 59 a\u00f1os - Nativa Info","robots":{"index":"index","follow":"follow","max-snippet":"max-snippet:-1","max-image-preview":"max-image-preview:large","max-video-preview":"max-video-preview:-1"},"canonical":"https:\/\/nativainfo.com\/?p=5548","og_locale":"es_ES","og_type":"article","og_title":"Llegaron nuevas dosis de vacunas contra el dengue a Santiago del Estero y ampl\u00edan la vacunaci\u00f3n hasta los 59 a\u00f1os - Nativa Info","og_description":"La provincia de Santiago del Estero recibi\u00f3 un nuevo env\u00edo de vacunas contra el dengue por parte del Ministerio de... Continue reading","og_url":"https:\/\/nativainfo.com\/?p=5548","og_site_name":"Nativa Info","article_publisher":"https:\/\/www.facebook.com\/profile.php?id=61578881597564","article_published_time":"2026-01-23T03:03:08+00:00","article_modified_time":"2026-01-23T03:03:10+00:00","og_image":[{"width":800,"height":533,"url":"https:\/\/nativainfo.com\/wp-content\/uploads\/2026\/01\/imagen_2026-01-23_000209331.png","type":"image\/png"}],"author":"Nativa Info","twitter_card":"summary_large_image","twitter_misc":{"Escrito por":"Nativa Info","Tiempo de lectura":"2 minutos"},"schema":{"@context":"https:\/\/schema.org","@graph":[{"@type":"Article","@id":"https:\/\/nativainfo.com\/?p=5548#article","isPartOf":{"@id":"https:\/\/nativainfo.com\/?p=5548"},"author":{"name":"Nativa Info","@id":"https:\/\/nativainfo.com\/#\/schema\/person\/24893b64a9cd564ddb5d102d36eb4b5c"},"headline":"Llegaron nuevas dosis de vacunas contra el dengue a Santiago del Estero y ampl\u00edan la vacunaci\u00f3n hasta los 59 a\u00f1os","datePublished":"2026-01-23T03:03:08+00:00","dateModified":"2026-01-23T03:03:10+00:00","mainEntityOfPage":{"@id":"https:\/\/nativainfo.com\/?p=5548"},"wordCount":231,"commentCount":0,"publisher":{"@id":"https:\/\/nativainfo.com\/#organization"},"image":{"@id":"https:\/\/nativainfo.com\/?p=5548#primaryimage"},"thumbnailUrl":"https:\/\/nativainfo.com\/wp-content\/uploads\/2026\/01\/imagen_2026-01-23_000209331.png","articleSection":["Salud"],"inLanguage":"es-AR","potentialAction":[{"@type":"CommentAction","name":"Comment","target":["https:\/\/nativainfo.com\/?p=5548#respond"]}]},{"@type":"WebPage","@id":"https:\/\/nativainfo.com\/?p=5548","url":"https:\/\/nativainfo.com\/?p=5548","name":"Llegaron nuevas dosis de vacunas contra el dengue a Santiago del Estero y ampl\u00edan la vacunaci\u00f3n hasta los 59 a\u00f1os - Nativa Info","isPartOf":{"@id":"https:\/\/nativainfo.com\/#website"},"primaryImageOfPage":{"@id":"https:\/\/nativainfo.com\/?p=5548#primaryimage"},"image":{"@id":"https:\/\/nativainfo.com\/?p=5548#primaryimage"},"thumbnailUrl":"https:\/\/nativainfo.com\/wp-content\/uploads\/2026\/01\/imagen_2026-01-23_000209331.png","datePublished":"2026-01-23T03:03:08+00:00","dateModified":"2026-01-23T03:03:10+00:00","breadcrumb":{"@id":"https:\/\/nativainfo.com\/?p=5548#breadcrumb"},"inLanguage":"es-AR","potentialAction":[{"@type":"ReadAction","target":["https:\/\/nativainfo.com\/?p=5548"]}]},{"@type":"ImageObject","inLanguage":"es-AR","@id":"https:\/\/nativainfo.com\/?p=5548#primaryimage","url":"https:\/\/nativainfo.com\/wp-content\/uploads\/2026\/01\/imagen_2026-01-23_000209331.png","contentUrl":"https:\/\/nativainfo.com\/wp-content\/uploads\/2026\/01\/imagen_2026-01-23_000209331.png","width":800,"height":533},{"@type":"BreadcrumbList","@id":"https:\/\/nativainfo.com\/?p=5548#breadcrumb","itemListElement":[{"@type":"ListItem","position":1,"name":"Inicio","item":"https:\/\/nativainfo.com\/"},{"@type":"ListItem","position":2,"name":"Llegaron nuevas dosis de vacunas contra el dengue a Santiago del Estero y ampl\u00edan la vacunaci\u00f3n hasta los 59 a\u00f1os"}]},{"@type":"WebSite","@id":"https:\/\/nativainfo.com\/#website","url":"https:\/\/nativainfo.com\/","name":"Nativa Info","description":"Diario Digital","publisher":{"@id":"https:\/\/nativainfo.com\/#organization"},"potentialAction":[{"@type":"SearchAction","target":{"@type":"EntryPoint","urlTemplate":"https:\/\/nativainfo.com\/?s={search_term_string}"},"query-input":{"@type":"PropertyValueSpecification","valueRequired":true,"valueName":"search_term_string"}}],"inLanguage":"es-AR"},{"@type":"Organization","@id":"https:\/\/nativainfo.com\/#organization","name":"Nativa Info","url":"https:\/\/nativainfo.com\/","logo":{"@type":"ImageObject","inLanguage":"es-AR","@id":"https:\/\/nativainfo.com\/#\/schema\/logo\/image\/","url":"https:\/\/nativainfo.com\/wp-content\/uploads\/2025\/08\/LOGO-NATIVA-FACE.jpg","contentUrl":"https:\/\/nativainfo.com\/wp-content\/uploads\/2025\/08\/LOGO-NATIVA-FACE.jpg","width":400,"height":400,"caption":"Nativa Info"},"image":{"@id":"https:\/\/nativainfo.com\/#\/schema\/logo\/image\/"},"sameAs":["https:\/\/www.facebook.com\/profile.php?id=61578881597564"]},{"@type":"Person","@id":"https:\/\/nativainfo.com\/#\/schema\/person\/24893b64a9cd564ddb5d102d36eb4b5c","name":"Nativa Info","image":{"@type":"ImageObject","inLanguage":"es-AR","@id":"https:\/\/nativainfo.com\/#\/schema\/person\/image\/","url":"https:\/\/secure.gravatar.com\/avatar\/016fa1cf068d85136d938e1507b9b619cb766e2565cbb1faa1e571762460c785?s=96&d=mm&r=g","contentUrl":"https:\/\/secure.gravatar.com\/avatar\/016fa1cf068d85136d938e1507b9b619cb766e2565cbb1faa1e571762460c785?s=96&d=mm&r=g","caption":"Nativa Info"},"sameAs":["http:\/\/nativainfo.com"],"url":"https:\/\/nativainfo.com\/?author=1"}]}},"jetpack_publicize_connections":[],"_links":{"self":[{"href":"https:\/\/nativainfo.com\/index.php?rest_route=\/wp\/v2\/posts\/5548","targetHints":{"allow":["GET"]}}],"collection":[{"href":"https:\/\/nativainfo.com\/index.php?rest_route=\/wp\/v2\/posts"}],"about":[{"href":"https:\/\/nativainfo.com\/index.php?rest_route=\/wp\/v2\/types\/post"}],"author":[{"embeddable":true,"href":"https:\/\/nativainfo.com\/index.php?rest_route=\/wp\/v2\/users\/1"}],"replies":[{"embeddable":true,"href":"https:\/\/nativainfo.com\/index.php?rest_route=%2Fwp%2Fv2%2Fcomments&post=5548"}],"version-history":[{"count":1,"href":"https:\/\/nativainfo.com\/index.php?rest_route=\/wp\/v2\/posts\/5548\/revisions"}],"predecessor-version":[{"id":5551,"href":"https:\/\/nativainfo.com\/index.php?rest_route=\/wp\/v2\/posts\/5548\/revisions\/5551"}],"wp:attachment":[{"href":"https:\/\/nativainfo.com\/index.php?rest_route=%2Fwp%2Fv2%2Fmedia&parent=5548"}],"wp:term":[{"taxonomy":"category","embeddable":true,"href":"https:\/\/nativainfo.com\/index.php?rest_route=%2Fwp%2Fv2%2Fcategories&post=5548"},{"taxonomy":"post_tag","embeddable":true,"href":"https:\/\/nativainfo.com\/index.php?rest_route=%2Fwp%2Fv2%2Ftags&post=5548"}],"curies":[{"name":"wp","href":"https:\/\/api.w.org\/{rel}","templated":true}]}}