{"id":5543,"date":"2026-01-19T13:09:37","date_gmt":"2026-01-19T16:09:37","guid":{"rendered":"https:\/\/nativainfo.com\/?p=5543"},"modified":"2026-01-19T13:09:38","modified_gmt":"2026-01-19T16:09:38","slug":"el-gobierno-provincial-refuerza-el-monitoreo-y-la-asistencia-tras-las-intensas-lluvias","status":"publish","type":"post","link":"https:\/\/nativainfo.com\/?p=5543","title":{"rendered":"El Gobierno provincial refuerza el monitoreo y la asistencia tras las intensas lluvias"},"content":{"rendered":"\n<figure class=\"wp-block-image size-full is-resized\"><img fetchpriority=\"high\" decoding=\"async\" width=\"590\" height=\"381\" src=\"https:\/\/nativainfo.com\/wp-content\/uploads\/2026\/01\/Imagen-de-WhatsApp-2026-01-19-a-las-12.30.29_553caf0b.jpg\" alt=\"\" class=\"wp-image-5546\" style=\"width:840px;height:auto\" srcset=\"https:\/\/nativainfo.com\/wp-content\/uploads\/2026\/01\/Imagen-de-WhatsApp-2026-01-19-a-las-12.30.29_553caf0b.jpg 590w, https:\/\/nativainfo.com\/wp-content\/uploads\/2026\/01\/Imagen-de-WhatsApp-2026-01-19-a-las-12.30.29_553caf0b-300x194.jpg 300w, https:\/\/nativainfo.com\/wp-content\/uploads\/2026\/01\/Imagen-de-WhatsApp-2026-01-19-a-las-12.30.29_553caf0b-542x350.jpg 542w, https:\/\/nativainfo.com\/wp-content\/uploads\/2026\/01\/Imagen-de-WhatsApp-2026-01-19-a-las-12.30.29_553caf0b-150x97.jpg 150w\" sizes=\"(max-width: 590px) 100vw, 590px\" \/><\/figure>\n\n\n\n<p>El gobernador El\u00edas Su\u00e1rez encabez\u00f3 una reuni\u00f3n de trabajo con el objetivo de realizar un relevamiento integral de la situaci\u00f3n clim\u00e1tica en todo el territorio provincial, luego de las intensas lluvias registradas en los \u00faltimos d\u00edas.<\/p>\n\n\n\n<p>Durante el encuentro se analizaron las afectaciones producidas tanto en la Capital como en distintas localidades del interior, adem\u00e1s de las acciones de acompa\u00f1amiento y asistencia que se vienen desarrollando para contener a las familias damnificadas por el fen\u00f3meno clim\u00e1tico.<\/p>\n\n\n\n<p>En ese marco, se puso especial atenci\u00f3n en las zonas m\u00e1s comprometidas de las ciudades de A\u00f1atuya y Bandera, con el fin de definir e implementar medidas que permitan mitigar los efectos del exceso de agua y prevenir nuevas complicaciones.<\/p>\n\n\n\n<p>Asimismo, se destac\u00f3 el trabajo articulado de las \u00e1reas operativas de los ministerios de Desarrollo Social  y de Gobierno, junto a la Subsecretar\u00eda del Agua y la Polic\u00eda de la Provincia. Los equipos se encuentran desplegados en la Capital, La Banda y en diversas localidades del interior, como Guampacha, Villa Robles, El Arenal, Campo Gallo y Las Delicias, entre otras, realizando tareas de monitoreo, asistencia y prevenci\u00f3n durante todo el fin de semana, con continuidad en los pr\u00f3ximos d\u00edas si la situaci\u00f3n lo requiere.<\/p>\n","protected":false},"excerpt":{"rendered":"<p>El gobernador El\u00edas Su\u00e1rez encabez\u00f3 una reuni\u00f3n de trabajo con el objetivo de realizar un relevamiento integral de la situaci\u00f3n&#8230; <a class=\"continue-reading-link\" href=\"https:\/\/nativainfo.com\/?p=5543\">Continue reading<\/a><\/p>\n","protected":false},"author":1,"featured_media":0,"comment_status":"open","ping_status":"open","sticky":false,"template":"","format":"standard","meta":{"rop_custom_images_group":[],"rop_custom_messages_group":[],"rop_publish_now":"yes","rop_publish_now_accounts":[],"rop_publish_now_history":[],"rop_publish_now_status":"pending","footnotes":"","jetpack_publicize_message":"","jetpack_publicize_feature_enabled":true,"jetpack_social_post_already_shared":false,"jetpack_social_options":{"image_generator_settings":{"template":"highway","default_image_id":0,"font":"","enabled":false},"version":2}},"categories":[8],"tags":[],"class_list":["post-5543","post","type-post","status-publish","format-standard","hentry","category-noticias"],"yoast_head":"<!-- This site is optimized with the Yoast SEO plugin v25.6 - https:\/\/yoast.com\/wordpress\/plugins\/seo\/ -->\n<title>El Gobierno provincial refuerza el monitoreo y la asistencia tras las intensas lluvias - Nativa Info<\/title>\n<meta name=\"robots\" content=\"index, follow, max-snippet:-1, max-image-preview:large, max-video-preview:-1\" \/>\n<link rel=\"canonical\" href=\"https:\/\/nativainfo.com\/?p=5543\" \/>\n<meta property=\"og:locale\" content=\"es_ES\" \/>\n<meta property=\"og:type\" content=\"article\" \/>\n<meta property=\"og:title\" content=\"El Gobierno provincial refuerza el monitoreo y la asistencia tras las intensas lluvias - Nativa Info\" \/>\n<meta property=\"og:description\" content=\"El gobernador El\u00edas Su\u00e1rez encabez\u00f3 una reuni\u00f3n de trabajo con el objetivo de realizar un relevamiento integral de la situaci\u00f3n... Continue reading\" \/>\n<meta property=\"og:url\" content=\"https:\/\/nativainfo.com\/?p=5543\" \/>\n<meta property=\"og:site_name\" content=\"Nativa Info\" \/>\n<meta property=\"article:publisher\" content=\"https:\/\/www.facebook.com\/profile.php?id=61578881597564\" \/>\n<meta property=\"article:published_time\" content=\"2026-01-19T16:09:37+00:00\" \/>\n<meta property=\"article:modified_time\" content=\"2026-01-19T16:09:38+00:00\" \/>\n<meta property=\"og:image\" content=\"https:\/\/nativainfo.com\/wp-content\/uploads\/2026\/01\/Imagen-de-WhatsApp-2026-01-19-a-las-12.30.29_553caf0b.jpg\" \/>\n\t<meta property=\"og:image:width\" content=\"590\" \/>\n\t<meta property=\"og:image:height\" content=\"381\" \/>\n\t<meta property=\"og:image:type\" content=\"image\/jpeg\" \/>\n<meta name=\"author\" content=\"Nativa Info\" \/>\n<meta name=\"twitter:card\" content=\"summary_large_image\" \/>\n<meta name=\"twitter:label1\" content=\"Escrito por\" \/>\n\t<meta name=\"twitter:data1\" content=\"Nativa Info\" \/>\n\t<meta name=\"twitter:label2\" content=\"Tiempo de lectura\" \/>\n\t<meta name=\"twitter:data2\" content=\"2 minutos\" \/>\n<script type=\"application\/ld+json\" class=\"yoast-schema-graph\">{\"@context\":\"https:\/\/schema.org\",\"@graph\":[{\"@type\":\"Article\",\"@id\":\"https:\/\/nativainfo.com\/?p=5543#article\",\"isPartOf\":{\"@id\":\"https:\/\/nativainfo.com\/?p=5543\"},\"author\":{\"name\":\"Nativa Info\",\"@id\":\"https:\/\/nativainfo.com\/#\/schema\/person\/24893b64a9cd564ddb5d102d36eb4b5c\"},\"headline\":\"El Gobierno provincial refuerza el monitoreo y la asistencia tras las intensas lluvias\",\"datePublished\":\"2026-01-19T16:09:37+00:00\",\"dateModified\":\"2026-01-19T16:09:38+00:00\",\"mainEntityOfPage\":{\"@id\":\"https:\/\/nativainfo.com\/?p=5543\"},\"wordCount\":232,\"commentCount\":0,\"publisher\":{\"@id\":\"https:\/\/nativainfo.com\/#organization\"},\"image\":{\"@id\":\"https:\/\/nativainfo.com\/?p=5543#primaryimage\"},\"thumbnailUrl\":\"https:\/\/nativainfo.com\/wp-content\/uploads\/2026\/01\/Imagen-de-WhatsApp-2026-01-19-a-las-12.30.29_553caf0b.jpg\",\"articleSection\":[\"Noticias\"],\"inLanguage\":\"es-AR\",\"potentialAction\":[{\"@type\":\"CommentAction\",\"name\":\"Comment\",\"target\":[\"https:\/\/nativainfo.com\/?p=5543#respond\"]}]},{\"@type\":\"WebPage\",\"@id\":\"https:\/\/nativainfo.com\/?p=5543\",\"url\":\"https:\/\/nativainfo.com\/?p=5543\",\"name\":\"El Gobierno provincial refuerza el monitoreo y la asistencia tras las intensas lluvias - Nativa Info\",\"isPartOf\":{\"@id\":\"https:\/\/nativainfo.com\/#website\"},\"primaryImageOfPage\":{\"@id\":\"https:\/\/nativainfo.com\/?p=5543#primaryimage\"},\"image\":{\"@id\":\"https:\/\/nativainfo.com\/?p=5543#primaryimage\"},\"thumbnailUrl\":\"https:\/\/nativainfo.com\/wp-content\/uploads\/2026\/01\/Imagen-de-WhatsApp-2026-01-19-a-las-12.30.29_553caf0b.jpg\",\"datePublished\":\"2026-01-19T16:09:37+00:00\",\"dateModified\":\"2026-01-19T16:09:38+00:00\",\"breadcrumb\":{\"@id\":\"https:\/\/nativainfo.com\/?p=5543#breadcrumb\"},\"inLanguage\":\"es-AR\",\"potentialAction\":[{\"@type\":\"ReadAction\",\"target\":[\"https:\/\/nativainfo.com\/?p=5543\"]}]},{\"@type\":\"ImageObject\",\"inLanguage\":\"es-AR\",\"@id\":\"https:\/\/nativainfo.com\/?p=5543#primaryimage\",\"url\":\"https:\/\/nativainfo.com\/wp-content\/uploads\/2026\/01\/Imagen-de-WhatsApp-2026-01-19-a-las-12.30.29_553caf0b.jpg\",\"contentUrl\":\"https:\/\/nativainfo.com\/wp-content\/uploads\/2026\/01\/Imagen-de-WhatsApp-2026-01-19-a-las-12.30.29_553caf0b.jpg\",\"width\":590,\"height\":381},{\"@type\":\"BreadcrumbList\",\"@id\":\"https:\/\/nativainfo.com\/?p=5543#breadcrumb\",\"itemListElement\":[{\"@type\":\"ListItem\",\"position\":1,\"name\":\"Inicio\",\"item\":\"https:\/\/nativainfo.com\/\"},{\"@type\":\"ListItem\",\"position\":2,\"name\":\"El Gobierno provincial refuerza el monitoreo y la asistencia tras las intensas lluvias\"}]},{\"@type\":\"WebSite\",\"@id\":\"https:\/\/nativainfo.com\/#website\",\"url\":\"https:\/\/nativainfo.com\/\",\"name\":\"Nativa Info\",\"description\":\"Diario Digital\",\"publisher\":{\"@id\":\"https:\/\/nativainfo.com\/#organization\"},\"potentialAction\":[{\"@type\":\"SearchAction\",\"target\":{\"@type\":\"EntryPoint\",\"urlTemplate\":\"https:\/\/nativainfo.com\/?s={search_term_string}\"},\"query-input\":{\"@type\":\"PropertyValueSpecification\",\"valueRequired\":true,\"valueName\":\"search_term_string\"}}],\"inLanguage\":\"es-AR\"},{\"@type\":\"Organization\",\"@id\":\"https:\/\/nativainfo.com\/#organization\",\"name\":\"Nativa Info\",\"url\":\"https:\/\/nativainfo.com\/\",\"logo\":{\"@type\":\"ImageObject\",\"inLanguage\":\"es-AR\",\"@id\":\"https:\/\/nativainfo.com\/#\/schema\/logo\/image\/\",\"url\":\"https:\/\/nativainfo.com\/wp-content\/uploads\/2025\/08\/LOGO-NATIVA-FACE.jpg\",\"contentUrl\":\"https:\/\/nativainfo.com\/wp-content\/uploads\/2025\/08\/LOGO-NATIVA-FACE.jpg\",\"width\":400,\"height\":400,\"caption\":\"Nativa Info\"},\"image\":{\"@id\":\"https:\/\/nativainfo.com\/#\/schema\/logo\/image\/\"},\"sameAs\":[\"https:\/\/www.facebook.com\/profile.php?id=61578881597564\"]},{\"@type\":\"Person\",\"@id\":\"https:\/\/nativainfo.com\/#\/schema\/person\/24893b64a9cd564ddb5d102d36eb4b5c\",\"name\":\"Nativa Info\",\"image\":{\"@type\":\"ImageObject\",\"inLanguage\":\"es-AR\",\"@id\":\"https:\/\/nativainfo.com\/#\/schema\/person\/image\/\",\"url\":\"https:\/\/secure.gravatar.com\/avatar\/016fa1cf068d85136d938e1507b9b619cb766e2565cbb1faa1e571762460c785?s=96&d=mm&r=g\",\"contentUrl\":\"https:\/\/secure.gravatar.com\/avatar\/016fa1cf068d85136d938e1507b9b619cb766e2565cbb1faa1e571762460c785?s=96&d=mm&r=g\",\"caption\":\"Nativa Info\"},\"sameAs\":[\"http:\/\/nativainfo.com\"],\"url\":\"https:\/\/nativainfo.com\/?author=1\"}]}<\/script>\n<!-- \/ Yoast SEO plugin. -->","yoast_head_json":{"title":"El Gobierno provincial refuerza el monitoreo y la asistencia tras las intensas lluvias - Nativa Info","robots":{"index":"index","follow":"follow","max-snippet":"max-snippet:-1","max-image-preview":"max-image-preview:large","max-video-preview":"max-video-preview:-1"},"canonical":"https:\/\/nativainfo.com\/?p=5543","og_locale":"es_ES","og_type":"article","og_title":"El Gobierno provincial refuerza el monitoreo y la asistencia tras las intensas lluvias - Nativa Info","og_description":"El gobernador El\u00edas Su\u00e1rez encabez\u00f3 una reuni\u00f3n de trabajo con el objetivo de realizar un relevamiento integral de la situaci\u00f3n... Continue reading","og_url":"https:\/\/nativainfo.com\/?p=5543","og_site_name":"Nativa Info","article_publisher":"https:\/\/www.facebook.com\/profile.php?id=61578881597564","article_published_time":"2026-01-19T16:09:37+00:00","article_modified_time":"2026-01-19T16:09:38+00:00","og_image":[{"width":590,"height":381,"url":"https:\/\/nativainfo.com\/wp-content\/uploads\/2026\/01\/Imagen-de-WhatsApp-2026-01-19-a-las-12.30.29_553caf0b.jpg","type":"image\/jpeg"}],"author":"Nativa Info","twitter_card":"summary_large_image","twitter_misc":{"Escrito por":"Nativa Info","Tiempo de lectura":"2 minutos"},"schema":{"@context":"https:\/\/schema.org","@graph":[{"@type":"Article","@id":"https:\/\/nativainfo.com\/?p=5543#article","isPartOf":{"@id":"https:\/\/nativainfo.com\/?p=5543"},"author":{"name":"Nativa Info","@id":"https:\/\/nativainfo.com\/#\/schema\/person\/24893b64a9cd564ddb5d102d36eb4b5c"},"headline":"El Gobierno provincial refuerza el monitoreo y la asistencia tras las intensas lluvias","datePublished":"2026-01-19T16:09:37+00:00","dateModified":"2026-01-19T16:09:38+00:00","mainEntityOfPage":{"@id":"https:\/\/nativainfo.com\/?p=5543"},"wordCount":232,"commentCount":0,"publisher":{"@id":"https:\/\/nativainfo.com\/#organization"},"image":{"@id":"https:\/\/nativainfo.com\/?p=5543#primaryimage"},"thumbnailUrl":"https:\/\/nativainfo.com\/wp-content\/uploads\/2026\/01\/Imagen-de-WhatsApp-2026-01-19-a-las-12.30.29_553caf0b.jpg","articleSection":["Noticias"],"inLanguage":"es-AR","potentialAction":[{"@type":"CommentAction","name":"Comment","target":["https:\/\/nativainfo.com\/?p=5543#respond"]}]},{"@type":"WebPage","@id":"https:\/\/nativainfo.com\/?p=5543","url":"https:\/\/nativainfo.com\/?p=5543","name":"El Gobierno provincial refuerza el monitoreo y la asistencia tras las intensas lluvias - Nativa Info","isPartOf":{"@id":"https:\/\/nativainfo.com\/#website"},"primaryImageOfPage":{"@id":"https:\/\/nativainfo.com\/?p=5543#primaryimage"},"image":{"@id":"https:\/\/nativainfo.com\/?p=5543#primaryimage"},"thumbnailUrl":"https:\/\/nativainfo.com\/wp-content\/uploads\/2026\/01\/Imagen-de-WhatsApp-2026-01-19-a-las-12.30.29_553caf0b.jpg","datePublished":"2026-01-19T16:09:37+00:00","dateModified":"2026-01-19T16:09:38+00:00","breadcrumb":{"@id":"https:\/\/nativainfo.com\/?p=5543#breadcrumb"},"inLanguage":"es-AR","potentialAction":[{"@type":"ReadAction","target":["https:\/\/nativainfo.com\/?p=5543"]}]},{"@type":"ImageObject","inLanguage":"es-AR","@id":"https:\/\/nativainfo.com\/?p=5543#primaryimage","url":"https:\/\/nativainfo.com\/wp-content\/uploads\/2026\/01\/Imagen-de-WhatsApp-2026-01-19-a-las-12.30.29_553caf0b.jpg","contentUrl":"https:\/\/nativainfo.com\/wp-content\/uploads\/2026\/01\/Imagen-de-WhatsApp-2026-01-19-a-las-12.30.29_553caf0b.jpg","width":590,"height":381},{"@type":"BreadcrumbList","@id":"https:\/\/nativainfo.com\/?p=5543#breadcrumb","itemListElement":[{"@type":"ListItem","position":1,"name":"Inicio","item":"https:\/\/nativainfo.com\/"},{"@type":"ListItem","position":2,"name":"El Gobierno provincial refuerza el monitoreo y la asistencia tras las intensas lluvias"}]},{"@type":"WebSite","@id":"https:\/\/nativainfo.com\/#website","url":"https:\/\/nativainfo.com\/","name":"Nativa Info","description":"Diario Digital","publisher":{"@id":"https:\/\/nativainfo.com\/#organization"},"potentialAction":[{"@type":"SearchAction","target":{"@type":"EntryPoint","urlTemplate":"https:\/\/nativainfo.com\/?s={search_term_string}"},"query-input":{"@type":"PropertyValueSpecification","valueRequired":true,"valueName":"search_term_string"}}],"inLanguage":"es-AR"},{"@type":"Organization","@id":"https:\/\/nativainfo.com\/#organization","name":"Nativa Info","url":"https:\/\/nativainfo.com\/","logo":{"@type":"ImageObject","inLanguage":"es-AR","@id":"https:\/\/nativainfo.com\/#\/schema\/logo\/image\/","url":"https:\/\/nativainfo.com\/wp-content\/uploads\/2025\/08\/LOGO-NATIVA-FACE.jpg","contentUrl":"https:\/\/nativainfo.com\/wp-content\/uploads\/2025\/08\/LOGO-NATIVA-FACE.jpg","width":400,"height":400,"caption":"Nativa Info"},"image":{"@id":"https:\/\/nativainfo.com\/#\/schema\/logo\/image\/"},"sameAs":["https:\/\/www.facebook.com\/profile.php?id=61578881597564"]},{"@type":"Person","@id":"https:\/\/nativainfo.com\/#\/schema\/person\/24893b64a9cd564ddb5d102d36eb4b5c","name":"Nativa Info","image":{"@type":"ImageObject","inLanguage":"es-AR","@id":"https:\/\/nativainfo.com\/#\/schema\/person\/image\/","url":"https:\/\/secure.gravatar.com\/avatar\/016fa1cf068d85136d938e1507b9b619cb766e2565cbb1faa1e571762460c785?s=96&d=mm&r=g","contentUrl":"https:\/\/secure.gravatar.com\/avatar\/016fa1cf068d85136d938e1507b9b619cb766e2565cbb1faa1e571762460c785?s=96&d=mm&r=g","caption":"Nativa Info"},"sameAs":["http:\/\/nativainfo.com"],"url":"https:\/\/nativainfo.com\/?author=1"}]}},"jetpack_publicize_connections":[],"_links":{"self":[{"href":"https:\/\/nativainfo.com\/index.php?rest_route=\/wp\/v2\/posts\/5543","targetHints":{"allow":["GET"]}}],"collection":[{"href":"https:\/\/nativainfo.com\/index.php?rest_route=\/wp\/v2\/posts"}],"about":[{"href":"https:\/\/nativainfo.com\/index.php?rest_route=\/wp\/v2\/types\/post"}],"author":[{"embeddable":true,"href":"https:\/\/nativainfo.com\/index.php?rest_route=\/wp\/v2\/users\/1"}],"replies":[{"embeddable":true,"href":"https:\/\/nativainfo.com\/index.php?rest_route=%2Fwp%2Fv2%2Fcomments&post=5543"}],"version-history":[{"count":1,"href":"https:\/\/nativainfo.com\/index.php?rest_route=\/wp\/v2\/posts\/5543\/revisions"}],"predecessor-version":[{"id":5547,"href":"https:\/\/nativainfo.com\/index.php?rest_route=\/wp\/v2\/posts\/5543\/revisions\/5547"}],"wp:attachment":[{"href":"https:\/\/nativainfo.com\/index.php?rest_route=%2Fwp%2Fv2%2Fmedia&parent=5543"}],"wp:term":[{"taxonomy":"category","embeddable":true,"href":"https:\/\/nativainfo.com\/index.php?rest_route=%2Fwp%2Fv2%2Fcategories&post=5543"},{"taxonomy":"post_tag","embeddable":true,"href":"https:\/\/nativainfo.com\/index.php?rest_route=%2Fwp%2Fv2%2Ftags&post=5543"}],"curies":[{"name":"wp","href":"https:\/\/api.w.org\/{rel}","templated":true}]}}