{"id":5542,"date":"2026-01-19T13:06:44","date_gmt":"2026-01-19T16:06:44","guid":{"rendered":"https:\/\/nativainfo.com\/?p=5542"},"modified":"2026-01-19T13:06:45","modified_gmt":"2026-01-19T16:06:45","slug":"el-duo-coplanacu-critico-a-milei-y-cuestiono-su-presencia-en-el-festival-de-jesus-maria","status":"publish","type":"post","link":"https:\/\/nativainfo.com\/?p=5542","title":{"rendered":"El D\u00fao Coplanacu critic\u00f3 a Milei y cuestion\u00f3 su presencia en el Festival de Jes\u00fas Mar\u00eda"},"content":{"rendered":"\n<figure class=\"wp-block-image size-full\"><img fetchpriority=\"high\" decoding=\"async\" width=\"1010\" height=\"567\" src=\"https:\/\/nativainfo.com\/wp-content\/uploads\/2026\/01\/imagen_2026-01-19_130556298.png\" alt=\"\" class=\"wp-image-5544\" srcset=\"https:\/\/nativainfo.com\/wp-content\/uploads\/2026\/01\/imagen_2026-01-19_130556298.png 1010w, https:\/\/nativainfo.com\/wp-content\/uploads\/2026\/01\/imagen_2026-01-19_130556298-300x168.png 300w, https:\/\/nativainfo.com\/wp-content\/uploads\/2026\/01\/imagen_2026-01-19_130556298-768x431.png 768w, https:\/\/nativainfo.com\/wp-content\/uploads\/2026\/01\/imagen_2026-01-19_130556298-623x350.png 623w, https:\/\/nativainfo.com\/wp-content\/uploads\/2026\/01\/imagen_2026-01-19_130556298-150x84.png 150w\" sizes=\"(max-width: 1010px) 100vw, 1010px\" \/><\/figure>\n\n\n\n<p>Julio Paz y Roberto Cantos, integrantes del D\u00fao Coplanacu, expresaron su malestar por la visita del presidente Javier Milei al Festival Nacional de Doma y Folclore de Jes\u00fas Mar\u00eda y cuestionaron sus declaraciones sobre los festivales populares, a los que (seg\u00fan se\u00f1alaron) ha desvalorizado y desfinanciado.<\/p>\n\n\n\n<p>Las cr\u00edticas fueron formuladas durante la conferencia de prensa posterior a su presentaci\u00f3n en el tradicional evento cordob\u00e9s. Los m\u00fasicos santiague\u00f1os se refirieron al paso del mandatario por el festival, donde incluso subi\u00f3 al escenario para interpretar el tema <em>Amor Salvaje<\/em> junto al Chaque\u00f1o Palavecino.<\/p>\n\n\n\n<p>\u201cA nosotros nos cay\u00f3 muy mal cuando el presidente se refiri\u00f3 a los festivales y los ningune\u00f3\u201d, manifestaron. En ese marco, remarcaron la relevancia de estas celebraciones para el interior del pa\u00eds, al sostener que no solo son expresiones culturales, sino tambi\u00e9n espacios que generan trabajo, preservan identidades locales y fortalecen el entramado social de numerosas comunidades.<\/p>\n","protected":false},"excerpt":{"rendered":"<p>Julio Paz y Roberto Cantos, integrantes del D\u00fao Coplanacu, expresaron su malestar por la visita del presidente Javier Milei al&#8230; <a class=\"continue-reading-link\" href=\"https:\/\/nativainfo.com\/?p=5542\">Continue reading<\/a><\/p>\n","protected":false},"author":1,"featured_media":0,"comment_status":"open","ping_status":"open","sticky":false,"template":"","format":"standard","meta":{"rop_custom_images_group":[],"rop_custom_messages_group":[],"rop_publish_now":"yes","rop_publish_now_accounts":[],"rop_publish_now_history":[],"rop_publish_now_status":"pending","footnotes":"","jetpack_publicize_message":"","jetpack_publicize_feature_enabled":true,"jetpack_social_post_already_shared":false,"jetpack_social_options":{"image_generator_settings":{"template":"highway","default_image_id":0,"font":"","enabled":false},"version":2}},"categories":[25],"tags":[],"class_list":["post-5542","post","type-post","status-publish","format-standard","hentry","category-cultura"],"yoast_head":"<!-- This site is optimized with the Yoast SEO plugin v25.6 - https:\/\/yoast.com\/wordpress\/plugins\/seo\/ -->\n<title>El D\u00fao Coplanacu critic\u00f3 a Milei y cuestion\u00f3 su presencia en el Festival de Jes\u00fas Mar\u00eda - Nativa Info<\/title>\n<meta name=\"robots\" content=\"index, follow, max-snippet:-1, max-image-preview:large, max-video-preview:-1\" \/>\n<link rel=\"canonical\" href=\"https:\/\/nativainfo.com\/?p=5542\" \/>\n<meta property=\"og:locale\" content=\"es_ES\" \/>\n<meta property=\"og:type\" content=\"article\" \/>\n<meta property=\"og:title\" content=\"El D\u00fao Coplanacu critic\u00f3 a Milei y cuestion\u00f3 su presencia en el Festival de Jes\u00fas Mar\u00eda - Nativa Info\" \/>\n<meta property=\"og:description\" content=\"Julio Paz y Roberto Cantos, integrantes del D\u00fao Coplanacu, expresaron su malestar por la visita del presidente Javier Milei al... Continue reading\" \/>\n<meta property=\"og:url\" content=\"https:\/\/nativainfo.com\/?p=5542\" \/>\n<meta property=\"og:site_name\" content=\"Nativa Info\" \/>\n<meta property=\"article:publisher\" content=\"https:\/\/www.facebook.com\/profile.php?id=61578881597564\" \/>\n<meta property=\"article:published_time\" content=\"2026-01-19T16:06:44+00:00\" \/>\n<meta property=\"article:modified_time\" content=\"2026-01-19T16:06:45+00:00\" \/>\n<meta property=\"og:image\" content=\"https:\/\/nativainfo.com\/wp-content\/uploads\/2026\/01\/imagen_2026-01-19_130556298.png\" \/>\n\t<meta property=\"og:image:width\" content=\"1010\" \/>\n\t<meta property=\"og:image:height\" content=\"567\" \/>\n\t<meta property=\"og:image:type\" content=\"image\/png\" \/>\n<meta name=\"author\" content=\"Nativa Info\" \/>\n<meta name=\"twitter:card\" content=\"summary_large_image\" \/>\n<meta name=\"twitter:label1\" content=\"Escrito por\" \/>\n\t<meta name=\"twitter:data1\" content=\"Nativa Info\" \/>\n\t<meta name=\"twitter:label2\" content=\"Tiempo de lectura\" \/>\n\t<meta name=\"twitter:data2\" content=\"1 minuto\" \/>\n<script type=\"application\/ld+json\" class=\"yoast-schema-graph\">{\"@context\":\"https:\/\/schema.org\",\"@graph\":[{\"@type\":\"Article\",\"@id\":\"https:\/\/nativainfo.com\/?p=5542#article\",\"isPartOf\":{\"@id\":\"https:\/\/nativainfo.com\/?p=5542\"},\"author\":{\"name\":\"Nativa Info\",\"@id\":\"https:\/\/nativainfo.com\/#\/schema\/person\/24893b64a9cd564ddb5d102d36eb4b5c\"},\"headline\":\"El D\u00fao Coplanacu critic\u00f3 a Milei y cuestion\u00f3 su presencia en el Festival de Jes\u00fas Mar\u00eda\",\"datePublished\":\"2026-01-19T16:06:44+00:00\",\"dateModified\":\"2026-01-19T16:06:45+00:00\",\"mainEntityOfPage\":{\"@id\":\"https:\/\/nativainfo.com\/?p=5542\"},\"wordCount\":180,\"commentCount\":0,\"publisher\":{\"@id\":\"https:\/\/nativainfo.com\/#organization\"},\"image\":{\"@id\":\"https:\/\/nativainfo.com\/?p=5542#primaryimage\"},\"thumbnailUrl\":\"https:\/\/nativainfo.com\/wp-content\/uploads\/2026\/01\/imagen_2026-01-19_130556298.png\",\"articleSection\":[\"Cultura\"],\"inLanguage\":\"es-AR\",\"potentialAction\":[{\"@type\":\"CommentAction\",\"name\":\"Comment\",\"target\":[\"https:\/\/nativainfo.com\/?p=5542#respond\"]}]},{\"@type\":\"WebPage\",\"@id\":\"https:\/\/nativainfo.com\/?p=5542\",\"url\":\"https:\/\/nativainfo.com\/?p=5542\",\"name\":\"El D\u00fao Coplanacu critic\u00f3 a Milei y cuestion\u00f3 su presencia en el Festival de Jes\u00fas Mar\u00eda - Nativa Info\",\"isPartOf\":{\"@id\":\"https:\/\/nativainfo.com\/#website\"},\"primaryImageOfPage\":{\"@id\":\"https:\/\/nativainfo.com\/?p=5542#primaryimage\"},\"image\":{\"@id\":\"https:\/\/nativainfo.com\/?p=5542#primaryimage\"},\"thumbnailUrl\":\"https:\/\/nativainfo.com\/wp-content\/uploads\/2026\/01\/imagen_2026-01-19_130556298.png\",\"datePublished\":\"2026-01-19T16:06:44+00:00\",\"dateModified\":\"2026-01-19T16:06:45+00:00\",\"breadcrumb\":{\"@id\":\"https:\/\/nativainfo.com\/?p=5542#breadcrumb\"},\"inLanguage\":\"es-AR\",\"potentialAction\":[{\"@type\":\"ReadAction\",\"target\":[\"https:\/\/nativainfo.com\/?p=5542\"]}]},{\"@type\":\"ImageObject\",\"inLanguage\":\"es-AR\",\"@id\":\"https:\/\/nativainfo.com\/?p=5542#primaryimage\",\"url\":\"https:\/\/nativainfo.com\/wp-content\/uploads\/2026\/01\/imagen_2026-01-19_130556298.png\",\"contentUrl\":\"https:\/\/nativainfo.com\/wp-content\/uploads\/2026\/01\/imagen_2026-01-19_130556298.png\",\"width\":1010,\"height\":567},{\"@type\":\"BreadcrumbList\",\"@id\":\"https:\/\/nativainfo.com\/?p=5542#breadcrumb\",\"itemListElement\":[{\"@type\":\"ListItem\",\"position\":1,\"name\":\"Inicio\",\"item\":\"https:\/\/nativainfo.com\/\"},{\"@type\":\"ListItem\",\"position\":2,\"name\":\"El D\u00fao Coplanacu critic\u00f3 a Milei y cuestion\u00f3 su presencia en el Festival de Jes\u00fas Mar\u00eda\"}]},{\"@type\":\"WebSite\",\"@id\":\"https:\/\/nativainfo.com\/#website\",\"url\":\"https:\/\/nativainfo.com\/\",\"name\":\"Nativa Info\",\"description\":\"Diario Digital\",\"publisher\":{\"@id\":\"https:\/\/nativainfo.com\/#organization\"},\"potentialAction\":[{\"@type\":\"SearchAction\",\"target\":{\"@type\":\"EntryPoint\",\"urlTemplate\":\"https:\/\/nativainfo.com\/?s={search_term_string}\"},\"query-input\":{\"@type\":\"PropertyValueSpecification\",\"valueRequired\":true,\"valueName\":\"search_term_string\"}}],\"inLanguage\":\"es-AR\"},{\"@type\":\"Organization\",\"@id\":\"https:\/\/nativainfo.com\/#organization\",\"name\":\"Nativa Info\",\"url\":\"https:\/\/nativainfo.com\/\",\"logo\":{\"@type\":\"ImageObject\",\"inLanguage\":\"es-AR\",\"@id\":\"https:\/\/nativainfo.com\/#\/schema\/logo\/image\/\",\"url\":\"https:\/\/nativainfo.com\/wp-content\/uploads\/2025\/08\/LOGO-NATIVA-FACE.jpg\",\"contentUrl\":\"https:\/\/nativainfo.com\/wp-content\/uploads\/2025\/08\/LOGO-NATIVA-FACE.jpg\",\"width\":400,\"height\":400,\"caption\":\"Nativa Info\"},\"image\":{\"@id\":\"https:\/\/nativainfo.com\/#\/schema\/logo\/image\/\"},\"sameAs\":[\"https:\/\/www.facebook.com\/profile.php?id=61578881597564\"]},{\"@type\":\"Person\",\"@id\":\"https:\/\/nativainfo.com\/#\/schema\/person\/24893b64a9cd564ddb5d102d36eb4b5c\",\"name\":\"Nativa Info\",\"image\":{\"@type\":\"ImageObject\",\"inLanguage\":\"es-AR\",\"@id\":\"https:\/\/nativainfo.com\/#\/schema\/person\/image\/\",\"url\":\"https:\/\/secure.gravatar.com\/avatar\/016fa1cf068d85136d938e1507b9b619cb766e2565cbb1faa1e571762460c785?s=96&d=mm&r=g\",\"contentUrl\":\"https:\/\/secure.gravatar.com\/avatar\/016fa1cf068d85136d938e1507b9b619cb766e2565cbb1faa1e571762460c785?s=96&d=mm&r=g\",\"caption\":\"Nativa Info\"},\"sameAs\":[\"http:\/\/nativainfo.com\"],\"url\":\"https:\/\/nativainfo.com\/?author=1\"}]}<\/script>\n<!-- \/ Yoast SEO plugin. -->","yoast_head_json":{"title":"El D\u00fao Coplanacu critic\u00f3 a Milei y cuestion\u00f3 su presencia en el Festival de Jes\u00fas Mar\u00eda - Nativa Info","robots":{"index":"index","follow":"follow","max-snippet":"max-snippet:-1","max-image-preview":"max-image-preview:large","max-video-preview":"max-video-preview:-1"},"canonical":"https:\/\/nativainfo.com\/?p=5542","og_locale":"es_ES","og_type":"article","og_title":"El D\u00fao Coplanacu critic\u00f3 a Milei y cuestion\u00f3 su presencia en el Festival de Jes\u00fas Mar\u00eda - Nativa Info","og_description":"Julio Paz y Roberto Cantos, integrantes del D\u00fao Coplanacu, expresaron su malestar por la visita del presidente Javier Milei al... Continue reading","og_url":"https:\/\/nativainfo.com\/?p=5542","og_site_name":"Nativa Info","article_publisher":"https:\/\/www.facebook.com\/profile.php?id=61578881597564","article_published_time":"2026-01-19T16:06:44+00:00","article_modified_time":"2026-01-19T16:06:45+00:00","og_image":[{"width":1010,"height":567,"url":"https:\/\/nativainfo.com\/wp-content\/uploads\/2026\/01\/imagen_2026-01-19_130556298.png","type":"image\/png"}],"author":"Nativa Info","twitter_card":"summary_large_image","twitter_misc":{"Escrito por":"Nativa Info","Tiempo de lectura":"1 minuto"},"schema":{"@context":"https:\/\/schema.org","@graph":[{"@type":"Article","@id":"https:\/\/nativainfo.com\/?p=5542#article","isPartOf":{"@id":"https:\/\/nativainfo.com\/?p=5542"},"author":{"name":"Nativa Info","@id":"https:\/\/nativainfo.com\/#\/schema\/person\/24893b64a9cd564ddb5d102d36eb4b5c"},"headline":"El D\u00fao Coplanacu critic\u00f3 a Milei y cuestion\u00f3 su presencia en el Festival de Jes\u00fas Mar\u00eda","datePublished":"2026-01-19T16:06:44+00:00","dateModified":"2026-01-19T16:06:45+00:00","mainEntityOfPage":{"@id":"https:\/\/nativainfo.com\/?p=5542"},"wordCount":180,"commentCount":0,"publisher":{"@id":"https:\/\/nativainfo.com\/#organization"},"image":{"@id":"https:\/\/nativainfo.com\/?p=5542#primaryimage"},"thumbnailUrl":"https:\/\/nativainfo.com\/wp-content\/uploads\/2026\/01\/imagen_2026-01-19_130556298.png","articleSection":["Cultura"],"inLanguage":"es-AR","potentialAction":[{"@type":"CommentAction","name":"Comment","target":["https:\/\/nativainfo.com\/?p=5542#respond"]}]},{"@type":"WebPage","@id":"https:\/\/nativainfo.com\/?p=5542","url":"https:\/\/nativainfo.com\/?p=5542","name":"El D\u00fao Coplanacu critic\u00f3 a Milei y cuestion\u00f3 su presencia en el Festival de Jes\u00fas Mar\u00eda - Nativa Info","isPartOf":{"@id":"https:\/\/nativainfo.com\/#website"},"primaryImageOfPage":{"@id":"https:\/\/nativainfo.com\/?p=5542#primaryimage"},"image":{"@id":"https:\/\/nativainfo.com\/?p=5542#primaryimage"},"thumbnailUrl":"https:\/\/nativainfo.com\/wp-content\/uploads\/2026\/01\/imagen_2026-01-19_130556298.png","datePublished":"2026-01-19T16:06:44+00:00","dateModified":"2026-01-19T16:06:45+00:00","breadcrumb":{"@id":"https:\/\/nativainfo.com\/?p=5542#breadcrumb"},"inLanguage":"es-AR","potentialAction":[{"@type":"ReadAction","target":["https:\/\/nativainfo.com\/?p=5542"]}]},{"@type":"ImageObject","inLanguage":"es-AR","@id":"https:\/\/nativainfo.com\/?p=5542#primaryimage","url":"https:\/\/nativainfo.com\/wp-content\/uploads\/2026\/01\/imagen_2026-01-19_130556298.png","contentUrl":"https:\/\/nativainfo.com\/wp-content\/uploads\/2026\/01\/imagen_2026-01-19_130556298.png","width":1010,"height":567},{"@type":"BreadcrumbList","@id":"https:\/\/nativainfo.com\/?p=5542#breadcrumb","itemListElement":[{"@type":"ListItem","position":1,"name":"Inicio","item":"https:\/\/nativainfo.com\/"},{"@type":"ListItem","position":2,"name":"El D\u00fao Coplanacu critic\u00f3 a Milei y cuestion\u00f3 su presencia en el Festival de Jes\u00fas Mar\u00eda"}]},{"@type":"WebSite","@id":"https:\/\/nativainfo.com\/#website","url":"https:\/\/nativainfo.com\/","name":"Nativa Info","description":"Diario Digital","publisher":{"@id":"https:\/\/nativainfo.com\/#organization"},"potentialAction":[{"@type":"SearchAction","target":{"@type":"EntryPoint","urlTemplate":"https:\/\/nativainfo.com\/?s={search_term_string}"},"query-input":{"@type":"PropertyValueSpecification","valueRequired":true,"valueName":"search_term_string"}}],"inLanguage":"es-AR"},{"@type":"Organization","@id":"https:\/\/nativainfo.com\/#organization","name":"Nativa Info","url":"https:\/\/nativainfo.com\/","logo":{"@type":"ImageObject","inLanguage":"es-AR","@id":"https:\/\/nativainfo.com\/#\/schema\/logo\/image\/","url":"https:\/\/nativainfo.com\/wp-content\/uploads\/2025\/08\/LOGO-NATIVA-FACE.jpg","contentUrl":"https:\/\/nativainfo.com\/wp-content\/uploads\/2025\/08\/LOGO-NATIVA-FACE.jpg","width":400,"height":400,"caption":"Nativa Info"},"image":{"@id":"https:\/\/nativainfo.com\/#\/schema\/logo\/image\/"},"sameAs":["https:\/\/www.facebook.com\/profile.php?id=61578881597564"]},{"@type":"Person","@id":"https:\/\/nativainfo.com\/#\/schema\/person\/24893b64a9cd564ddb5d102d36eb4b5c","name":"Nativa Info","image":{"@type":"ImageObject","inLanguage":"es-AR","@id":"https:\/\/nativainfo.com\/#\/schema\/person\/image\/","url":"https:\/\/secure.gravatar.com\/avatar\/016fa1cf068d85136d938e1507b9b619cb766e2565cbb1faa1e571762460c785?s=96&d=mm&r=g","contentUrl":"https:\/\/secure.gravatar.com\/avatar\/016fa1cf068d85136d938e1507b9b619cb766e2565cbb1faa1e571762460c785?s=96&d=mm&r=g","caption":"Nativa Info"},"sameAs":["http:\/\/nativainfo.com"],"url":"https:\/\/nativainfo.com\/?author=1"}]}},"jetpack_publicize_connections":[],"_links":{"self":[{"href":"https:\/\/nativainfo.com\/index.php?rest_route=\/wp\/v2\/posts\/5542","targetHints":{"allow":["GET"]}}],"collection":[{"href":"https:\/\/nativainfo.com\/index.php?rest_route=\/wp\/v2\/posts"}],"about":[{"href":"https:\/\/nativainfo.com\/index.php?rest_route=\/wp\/v2\/types\/post"}],"author":[{"embeddable":true,"href":"https:\/\/nativainfo.com\/index.php?rest_route=\/wp\/v2\/users\/1"}],"replies":[{"embeddable":true,"href":"https:\/\/nativainfo.com\/index.php?rest_route=%2Fwp%2Fv2%2Fcomments&post=5542"}],"version-history":[{"count":1,"href":"https:\/\/nativainfo.com\/index.php?rest_route=\/wp\/v2\/posts\/5542\/revisions"}],"predecessor-version":[{"id":5545,"href":"https:\/\/nativainfo.com\/index.php?rest_route=\/wp\/v2\/posts\/5542\/revisions\/5545"}],"wp:attachment":[{"href":"https:\/\/nativainfo.com\/index.php?rest_route=%2Fwp%2Fv2%2Fmedia&parent=5542"}],"wp:term":[{"taxonomy":"category","embeddable":true,"href":"https:\/\/nativainfo.com\/index.php?rest_route=%2Fwp%2Fv2%2Fcategories&post=5542"},{"taxonomy":"post_tag","embeddable":true,"href":"https:\/\/nativainfo.com\/index.php?rest_route=%2Fwp%2Fv2%2Ftags&post=5542"}],"curies":[{"name":"wp","href":"https:\/\/api.w.org\/{rel}","templated":true}]}}