{"id":5536,"date":"2026-01-18T23:41:29","date_gmt":"2026-01-19T02:41:29","guid":{"rendered":"https:\/\/nativainfo.com\/?p=5536"},"modified":"2026-01-18T23:41:30","modified_gmt":"2026-01-19T02:41:30","slug":"el-gobierno-provincial-activo-operativos-de-asistencia-por-las-intensas-lluvias-en-el-interior","status":"publish","type":"post","link":"https:\/\/nativainfo.com\/?p=5536","title":{"rendered":"El Gobierno provincial activ\u00f3 operativos de asistencia por las intensas lluvias en el interior"},"content":{"rendered":"\n<figure class=\"wp-block-image size-full\"><img fetchpriority=\"high\" decoding=\"async\" width=\"1010\" height=\"567\" src=\"https:\/\/nativainfo.com\/wp-content\/uploads\/2026\/01\/imagen_2026-01-18_234103427.png\" alt=\"\" class=\"wp-image-5540\" srcset=\"https:\/\/nativainfo.com\/wp-content\/uploads\/2026\/01\/imagen_2026-01-18_234103427.png 1010w, https:\/\/nativainfo.com\/wp-content\/uploads\/2026\/01\/imagen_2026-01-18_234103427-300x168.png 300w, https:\/\/nativainfo.com\/wp-content\/uploads\/2026\/01\/imagen_2026-01-18_234103427-768x431.png 768w, https:\/\/nativainfo.com\/wp-content\/uploads\/2026\/01\/imagen_2026-01-18_234103427-623x350.png 623w, https:\/\/nativainfo.com\/wp-content\/uploads\/2026\/01\/imagen_2026-01-18_234103427-150x84.png 150w\" sizes=\"(max-width: 1010px) 100vw, 1010px\" \/><\/figure>\n\n\n\n<p>Ante las intensas precipitaciones registradas en las \u00faltimas horas, el Gobierno de la Provincia de Santiago del Estero puso en marcha un operativo integral de asistencia y acompa\u00f1amiento destinado a las familias del interior provincial afectadas por la situaci\u00f3n clim\u00e1tica.<\/p>\n\n\n\n<p>A trav\u00e9s del Ministerio de Desarrollo Social, se desplegaron equipos t\u00e9cnicos y territoriales que realizan tareas de relevamiento, contenci\u00f3n y asistencia, con el objetivo de brindar respuestas inmediatas y garantizar la atenci\u00f3n de las necesidades prioritarias, la seguridad y el acceso a la ayuda social.<\/p>\n\n\n\n<p>Las acciones se desarrollan de manera articulada con los municipios y comisiones municipales, manteniendo un monitoreo permanente de la evoluci\u00f3n del clima y reforzando la presencia del personal en las zonas comprometidas, a fin de asegurar una intervenci\u00f3n r\u00e1pida y efectiva ante la emergencia.<\/p>\n","protected":false},"excerpt":{"rendered":"<p>Ante las intensas precipitaciones registradas en las \u00faltimas horas, el Gobierno de la Provincia de Santiago del Estero puso en&#8230; <a class=\"continue-reading-link\" href=\"https:\/\/nativainfo.com\/?p=5536\">Continue reading<\/a><\/p>\n","protected":false},"author":1,"featured_media":0,"comment_status":"open","ping_status":"open","sticky":false,"template":"","format":"standard","meta":{"rop_custom_images_group":[],"rop_custom_messages_group":[],"rop_publish_now":"yes","rop_publish_now_accounts":[],"rop_publish_now_history":[],"rop_publish_now_status":"pending","footnotes":"","jetpack_publicize_message":"","jetpack_publicize_feature_enabled":true,"jetpack_social_post_already_shared":false,"jetpack_social_options":{"image_generator_settings":{"template":"highway","default_image_id":0,"font":"","enabled":false},"version":2}},"categories":[8],"tags":[],"class_list":["post-5536","post","type-post","status-publish","format-standard","hentry","category-noticias"],"yoast_head":"<!-- This site is optimized with the Yoast SEO plugin v25.6 - https:\/\/yoast.com\/wordpress\/plugins\/seo\/ -->\n<title>El Gobierno provincial activ\u00f3 operativos de asistencia por las intensas lluvias en el interior - Nativa Info<\/title>\n<meta name=\"robots\" content=\"index, follow, max-snippet:-1, max-image-preview:large, max-video-preview:-1\" \/>\n<link rel=\"canonical\" href=\"https:\/\/nativainfo.com\/?p=5536\" \/>\n<meta property=\"og:locale\" content=\"es_ES\" \/>\n<meta property=\"og:type\" content=\"article\" \/>\n<meta property=\"og:title\" content=\"El Gobierno provincial activ\u00f3 operativos de asistencia por las intensas lluvias en el interior - Nativa Info\" \/>\n<meta property=\"og:description\" content=\"Ante las intensas precipitaciones registradas en las \u00faltimas horas, el Gobierno de la Provincia de Santiago del Estero puso en... Continue reading\" \/>\n<meta property=\"og:url\" content=\"https:\/\/nativainfo.com\/?p=5536\" \/>\n<meta property=\"og:site_name\" content=\"Nativa Info\" \/>\n<meta property=\"article:publisher\" content=\"https:\/\/www.facebook.com\/profile.php?id=61578881597564\" \/>\n<meta property=\"article:published_time\" content=\"2026-01-19T02:41:29+00:00\" \/>\n<meta property=\"article:modified_time\" content=\"2026-01-19T02:41:30+00:00\" \/>\n<meta property=\"og:image\" content=\"https:\/\/nativainfo.com\/wp-content\/uploads\/2026\/01\/imagen_2026-01-18_234103427.png\" \/>\n\t<meta property=\"og:image:width\" content=\"1010\" \/>\n\t<meta property=\"og:image:height\" content=\"567\" \/>\n\t<meta property=\"og:image:type\" content=\"image\/png\" \/>\n<meta name=\"author\" content=\"Nativa Info\" \/>\n<meta name=\"twitter:card\" content=\"summary_large_image\" \/>\n<meta name=\"twitter:label1\" content=\"Escrito por\" \/>\n\t<meta name=\"twitter:data1\" content=\"Nativa Info\" \/>\n\t<meta name=\"twitter:label2\" content=\"Tiempo de lectura\" \/>\n\t<meta name=\"twitter:data2\" content=\"1 minuto\" \/>\n<script type=\"application\/ld+json\" class=\"yoast-schema-graph\">{\"@context\":\"https:\/\/schema.org\",\"@graph\":[{\"@type\":\"Article\",\"@id\":\"https:\/\/nativainfo.com\/?p=5536#article\",\"isPartOf\":{\"@id\":\"https:\/\/nativainfo.com\/?p=5536\"},\"author\":{\"name\":\"Nativa Info\",\"@id\":\"https:\/\/nativainfo.com\/#\/schema\/person\/24893b64a9cd564ddb5d102d36eb4b5c\"},\"headline\":\"El Gobierno provincial activ\u00f3 operativos de asistencia por las intensas lluvias en el interior\",\"datePublished\":\"2026-01-19T02:41:29+00:00\",\"dateModified\":\"2026-01-19T02:41:30+00:00\",\"mainEntityOfPage\":{\"@id\":\"https:\/\/nativainfo.com\/?p=5536\"},\"wordCount\":153,\"commentCount\":0,\"publisher\":{\"@id\":\"https:\/\/nativainfo.com\/#organization\"},\"image\":{\"@id\":\"https:\/\/nativainfo.com\/?p=5536#primaryimage\"},\"thumbnailUrl\":\"https:\/\/nativainfo.com\/wp-content\/uploads\/2026\/01\/imagen_2026-01-18_234103427.png\",\"articleSection\":[\"Noticias\"],\"inLanguage\":\"es-AR\",\"potentialAction\":[{\"@type\":\"CommentAction\",\"name\":\"Comment\",\"target\":[\"https:\/\/nativainfo.com\/?p=5536#respond\"]}]},{\"@type\":\"WebPage\",\"@id\":\"https:\/\/nativainfo.com\/?p=5536\",\"url\":\"https:\/\/nativainfo.com\/?p=5536\",\"name\":\"El Gobierno provincial activ\u00f3 operativos de asistencia por las intensas lluvias en el interior - Nativa Info\",\"isPartOf\":{\"@id\":\"https:\/\/nativainfo.com\/#website\"},\"primaryImageOfPage\":{\"@id\":\"https:\/\/nativainfo.com\/?p=5536#primaryimage\"},\"image\":{\"@id\":\"https:\/\/nativainfo.com\/?p=5536#primaryimage\"},\"thumbnailUrl\":\"https:\/\/nativainfo.com\/wp-content\/uploads\/2026\/01\/imagen_2026-01-18_234103427.png\",\"datePublished\":\"2026-01-19T02:41:29+00:00\",\"dateModified\":\"2026-01-19T02:41:30+00:00\",\"breadcrumb\":{\"@id\":\"https:\/\/nativainfo.com\/?p=5536#breadcrumb\"},\"inLanguage\":\"es-AR\",\"potentialAction\":[{\"@type\":\"ReadAction\",\"target\":[\"https:\/\/nativainfo.com\/?p=5536\"]}]},{\"@type\":\"ImageObject\",\"inLanguage\":\"es-AR\",\"@id\":\"https:\/\/nativainfo.com\/?p=5536#primaryimage\",\"url\":\"https:\/\/nativainfo.com\/wp-content\/uploads\/2026\/01\/imagen_2026-01-18_234103427.png\",\"contentUrl\":\"https:\/\/nativainfo.com\/wp-content\/uploads\/2026\/01\/imagen_2026-01-18_234103427.png\",\"width\":1010,\"height\":567},{\"@type\":\"BreadcrumbList\",\"@id\":\"https:\/\/nativainfo.com\/?p=5536#breadcrumb\",\"itemListElement\":[{\"@type\":\"ListItem\",\"position\":1,\"name\":\"Inicio\",\"item\":\"https:\/\/nativainfo.com\/\"},{\"@type\":\"ListItem\",\"position\":2,\"name\":\"El Gobierno provincial activ\u00f3 operativos de asistencia por las intensas lluvias en el interior\"}]},{\"@type\":\"WebSite\",\"@id\":\"https:\/\/nativainfo.com\/#website\",\"url\":\"https:\/\/nativainfo.com\/\",\"name\":\"Nativa Info\",\"description\":\"Diario Digital\",\"publisher\":{\"@id\":\"https:\/\/nativainfo.com\/#organization\"},\"potentialAction\":[{\"@type\":\"SearchAction\",\"target\":{\"@type\":\"EntryPoint\",\"urlTemplate\":\"https:\/\/nativainfo.com\/?s={search_term_string}\"},\"query-input\":{\"@type\":\"PropertyValueSpecification\",\"valueRequired\":true,\"valueName\":\"search_term_string\"}}],\"inLanguage\":\"es-AR\"},{\"@type\":\"Organization\",\"@id\":\"https:\/\/nativainfo.com\/#organization\",\"name\":\"Nativa Info\",\"url\":\"https:\/\/nativainfo.com\/\",\"logo\":{\"@type\":\"ImageObject\",\"inLanguage\":\"es-AR\",\"@id\":\"https:\/\/nativainfo.com\/#\/schema\/logo\/image\/\",\"url\":\"https:\/\/nativainfo.com\/wp-content\/uploads\/2025\/08\/LOGO-NATIVA-FACE.jpg\",\"contentUrl\":\"https:\/\/nativainfo.com\/wp-content\/uploads\/2025\/08\/LOGO-NATIVA-FACE.jpg\",\"width\":400,\"height\":400,\"caption\":\"Nativa Info\"},\"image\":{\"@id\":\"https:\/\/nativainfo.com\/#\/schema\/logo\/image\/\"},\"sameAs\":[\"https:\/\/www.facebook.com\/profile.php?id=61578881597564\"]},{\"@type\":\"Person\",\"@id\":\"https:\/\/nativainfo.com\/#\/schema\/person\/24893b64a9cd564ddb5d102d36eb4b5c\",\"name\":\"Nativa Info\",\"image\":{\"@type\":\"ImageObject\",\"inLanguage\":\"es-AR\",\"@id\":\"https:\/\/nativainfo.com\/#\/schema\/person\/image\/\",\"url\":\"https:\/\/secure.gravatar.com\/avatar\/016fa1cf068d85136d938e1507b9b619cb766e2565cbb1faa1e571762460c785?s=96&d=mm&r=g\",\"contentUrl\":\"https:\/\/secure.gravatar.com\/avatar\/016fa1cf068d85136d938e1507b9b619cb766e2565cbb1faa1e571762460c785?s=96&d=mm&r=g\",\"caption\":\"Nativa Info\"},\"sameAs\":[\"http:\/\/nativainfo.com\"],\"url\":\"https:\/\/nativainfo.com\/?author=1\"}]}<\/script>\n<!-- \/ Yoast SEO plugin. -->","yoast_head_json":{"title":"El Gobierno provincial activ\u00f3 operativos de asistencia por las intensas lluvias en el interior - Nativa Info","robots":{"index":"index","follow":"follow","max-snippet":"max-snippet:-1","max-image-preview":"max-image-preview:large","max-video-preview":"max-video-preview:-1"},"canonical":"https:\/\/nativainfo.com\/?p=5536","og_locale":"es_ES","og_type":"article","og_title":"El Gobierno provincial activ\u00f3 operativos de asistencia por las intensas lluvias en el interior - Nativa Info","og_description":"Ante las intensas precipitaciones registradas en las \u00faltimas horas, el Gobierno de la Provincia de Santiago del Estero puso en... Continue reading","og_url":"https:\/\/nativainfo.com\/?p=5536","og_site_name":"Nativa Info","article_publisher":"https:\/\/www.facebook.com\/profile.php?id=61578881597564","article_published_time":"2026-01-19T02:41:29+00:00","article_modified_time":"2026-01-19T02:41:30+00:00","og_image":[{"width":1010,"height":567,"url":"https:\/\/nativainfo.com\/wp-content\/uploads\/2026\/01\/imagen_2026-01-18_234103427.png","type":"image\/png"}],"author":"Nativa Info","twitter_card":"summary_large_image","twitter_misc":{"Escrito por":"Nativa Info","Tiempo de lectura":"1 minuto"},"schema":{"@context":"https:\/\/schema.org","@graph":[{"@type":"Article","@id":"https:\/\/nativainfo.com\/?p=5536#article","isPartOf":{"@id":"https:\/\/nativainfo.com\/?p=5536"},"author":{"name":"Nativa Info","@id":"https:\/\/nativainfo.com\/#\/schema\/person\/24893b64a9cd564ddb5d102d36eb4b5c"},"headline":"El Gobierno provincial activ\u00f3 operativos de asistencia por las intensas lluvias en el interior","datePublished":"2026-01-19T02:41:29+00:00","dateModified":"2026-01-19T02:41:30+00:00","mainEntityOfPage":{"@id":"https:\/\/nativainfo.com\/?p=5536"},"wordCount":153,"commentCount":0,"publisher":{"@id":"https:\/\/nativainfo.com\/#organization"},"image":{"@id":"https:\/\/nativainfo.com\/?p=5536#primaryimage"},"thumbnailUrl":"https:\/\/nativainfo.com\/wp-content\/uploads\/2026\/01\/imagen_2026-01-18_234103427.png","articleSection":["Noticias"],"inLanguage":"es-AR","potentialAction":[{"@type":"CommentAction","name":"Comment","target":["https:\/\/nativainfo.com\/?p=5536#respond"]}]},{"@type":"WebPage","@id":"https:\/\/nativainfo.com\/?p=5536","url":"https:\/\/nativainfo.com\/?p=5536","name":"El Gobierno provincial activ\u00f3 operativos de asistencia por las intensas lluvias en el interior - Nativa Info","isPartOf":{"@id":"https:\/\/nativainfo.com\/#website"},"primaryImageOfPage":{"@id":"https:\/\/nativainfo.com\/?p=5536#primaryimage"},"image":{"@id":"https:\/\/nativainfo.com\/?p=5536#primaryimage"},"thumbnailUrl":"https:\/\/nativainfo.com\/wp-content\/uploads\/2026\/01\/imagen_2026-01-18_234103427.png","datePublished":"2026-01-19T02:41:29+00:00","dateModified":"2026-01-19T02:41:30+00:00","breadcrumb":{"@id":"https:\/\/nativainfo.com\/?p=5536#breadcrumb"},"inLanguage":"es-AR","potentialAction":[{"@type":"ReadAction","target":["https:\/\/nativainfo.com\/?p=5536"]}]},{"@type":"ImageObject","inLanguage":"es-AR","@id":"https:\/\/nativainfo.com\/?p=5536#primaryimage","url":"https:\/\/nativainfo.com\/wp-content\/uploads\/2026\/01\/imagen_2026-01-18_234103427.png","contentUrl":"https:\/\/nativainfo.com\/wp-content\/uploads\/2026\/01\/imagen_2026-01-18_234103427.png","width":1010,"height":567},{"@type":"BreadcrumbList","@id":"https:\/\/nativainfo.com\/?p=5536#breadcrumb","itemListElement":[{"@type":"ListItem","position":1,"name":"Inicio","item":"https:\/\/nativainfo.com\/"},{"@type":"ListItem","position":2,"name":"El Gobierno provincial activ\u00f3 operativos de asistencia por las intensas lluvias en el interior"}]},{"@type":"WebSite","@id":"https:\/\/nativainfo.com\/#website","url":"https:\/\/nativainfo.com\/","name":"Nativa Info","description":"Diario Digital","publisher":{"@id":"https:\/\/nativainfo.com\/#organization"},"potentialAction":[{"@type":"SearchAction","target":{"@type":"EntryPoint","urlTemplate":"https:\/\/nativainfo.com\/?s={search_term_string}"},"query-input":{"@type":"PropertyValueSpecification","valueRequired":true,"valueName":"search_term_string"}}],"inLanguage":"es-AR"},{"@type":"Organization","@id":"https:\/\/nativainfo.com\/#organization","name":"Nativa Info","url":"https:\/\/nativainfo.com\/","logo":{"@type":"ImageObject","inLanguage":"es-AR","@id":"https:\/\/nativainfo.com\/#\/schema\/logo\/image\/","url":"https:\/\/nativainfo.com\/wp-content\/uploads\/2025\/08\/LOGO-NATIVA-FACE.jpg","contentUrl":"https:\/\/nativainfo.com\/wp-content\/uploads\/2025\/08\/LOGO-NATIVA-FACE.jpg","width":400,"height":400,"caption":"Nativa Info"},"image":{"@id":"https:\/\/nativainfo.com\/#\/schema\/logo\/image\/"},"sameAs":["https:\/\/www.facebook.com\/profile.php?id=61578881597564"]},{"@type":"Person","@id":"https:\/\/nativainfo.com\/#\/schema\/person\/24893b64a9cd564ddb5d102d36eb4b5c","name":"Nativa Info","image":{"@type":"ImageObject","inLanguage":"es-AR","@id":"https:\/\/nativainfo.com\/#\/schema\/person\/image\/","url":"https:\/\/secure.gravatar.com\/avatar\/016fa1cf068d85136d938e1507b9b619cb766e2565cbb1faa1e571762460c785?s=96&d=mm&r=g","contentUrl":"https:\/\/secure.gravatar.com\/avatar\/016fa1cf068d85136d938e1507b9b619cb766e2565cbb1faa1e571762460c785?s=96&d=mm&r=g","caption":"Nativa Info"},"sameAs":["http:\/\/nativainfo.com"],"url":"https:\/\/nativainfo.com\/?author=1"}]}},"jetpack_publicize_connections":[],"_links":{"self":[{"href":"https:\/\/nativainfo.com\/index.php?rest_route=\/wp\/v2\/posts\/5536","targetHints":{"allow":["GET"]}}],"collection":[{"href":"https:\/\/nativainfo.com\/index.php?rest_route=\/wp\/v2\/posts"}],"about":[{"href":"https:\/\/nativainfo.com\/index.php?rest_route=\/wp\/v2\/types\/post"}],"author":[{"embeddable":true,"href":"https:\/\/nativainfo.com\/index.php?rest_route=\/wp\/v2\/users\/1"}],"replies":[{"embeddable":true,"href":"https:\/\/nativainfo.com\/index.php?rest_route=%2Fwp%2Fv2%2Fcomments&post=5536"}],"version-history":[{"count":1,"href":"https:\/\/nativainfo.com\/index.php?rest_route=\/wp\/v2\/posts\/5536\/revisions"}],"predecessor-version":[{"id":5541,"href":"https:\/\/nativainfo.com\/index.php?rest_route=\/wp\/v2\/posts\/5536\/revisions\/5541"}],"wp:attachment":[{"href":"https:\/\/nativainfo.com\/index.php?rest_route=%2Fwp%2Fv2%2Fmedia&parent=5536"}],"wp:term":[{"taxonomy":"category","embeddable":true,"href":"https:\/\/nativainfo.com\/index.php?rest_route=%2Fwp%2Fv2%2Fcategories&post=5536"},{"taxonomy":"post_tag","embeddable":true,"href":"https:\/\/nativainfo.com\/index.php?rest_route=%2Fwp%2Fv2%2Ftags&post=5536"}],"curies":[{"name":"wp","href":"https:\/\/api.w.org\/{rel}","templated":true}]}}