{"id":5535,"date":"2026-01-17T11:37:00","date_gmt":"2026-01-17T14:37:00","guid":{"rendered":"https:\/\/nativainfo.com\/?p=5535"},"modified":"2026-01-18T23:40:12","modified_gmt":"2026-01-19T02:40:12","slug":"el-gobernador-superviso-las-obras-de-la-escuela-n-646-en-villa-raquel-la-banda","status":"publish","type":"post","link":"https:\/\/nativainfo.com\/?p=5535","title":{"rendered":"El gobernador supervis\u00f3 las obras de la Escuela N\u00b0 646 en Villa Raquel, La Banda"},"content":{"rendered":"\n<p>El gobernador El\u00edas Su\u00e1rez recorri\u00f3 este viernes por la ma\u00f1ana las obras del nuevo edificio de la Escuela Provincial N\u00b0 646 y del Jard\u00edn de Infantes N\u00b0 87 \u201cMi Castillo Encantado\u201d, ubicados en el barrio Villa Raquel de la ciudad de La Banda.<\/p>\n\n\n\n<figure class=\"wp-block-image size-full\"><img fetchpriority=\"high\" decoding=\"async\" width=\"900\" height=\"600\" src=\"https:\/\/nativainfo.com\/wp-content\/uploads\/2026\/01\/imagen_2026-01-18_233915794.png\" alt=\"\" class=\"wp-image-5538\" srcset=\"https:\/\/nativainfo.com\/wp-content\/uploads\/2026\/01\/imagen_2026-01-18_233915794.png 900w, https:\/\/nativainfo.com\/wp-content\/uploads\/2026\/01\/imagen_2026-01-18_233915794-300x200.png 300w, https:\/\/nativainfo.com\/wp-content\/uploads\/2026\/01\/imagen_2026-01-18_233915794-768x512.png 768w, https:\/\/nativainfo.com\/wp-content\/uploads\/2026\/01\/imagen_2026-01-18_233915794-525x350.png 525w, https:\/\/nativainfo.com\/wp-content\/uploads\/2026\/01\/imagen_2026-01-18_233915794-150x100.png 150w\" sizes=\"(max-width: 900px) 100vw, 900px\" \/><\/figure>\n\n\n\n<p>Durante la visita, el mandatario estuvo acompa\u00f1ado por el subsecretario de Educaci\u00f3n, Alejandro P\u00edccoli; el director de Arquitectura, Daniel Montes; la directora de la instituci\u00f3n, Fabiana S\u00e1nchez, y representantes de la empresa encargada de la ejecuci\u00f3n de la obra.<\/p>\n\n\n\n<p>En la oportunidad, Su\u00e1rez se interioriz\u00f3 sobre el avance de los trabajos, que ya superan el 80% de ejecuci\u00f3n y cuya finalizaci\u00f3n est\u00e1 prevista para los pr\u00f3ximos tres meses. Adem\u00e1s, dialog\u00f3 con la directora del establecimiento, quien expres\u00f3 su agradecimiento por la concreci\u00f3n de un edificio moderno que permitir\u00e1 mejorar las condiciones educativas de m\u00e1s de 700 alumnos de una zona clave de La Banda.<\/p>\n\n\n\n<p>\u201cEl objetivo es darle continuidad a este proyecto y garantizar un servicio educativo de calidad. Esta obra ya est\u00e1 en marcha y es importante acompa\u00f1arla, al igual que otras iniciativas estrat\u00e9gicas en educaci\u00f3n, salud y obras p\u00fablicas\u201d, se\u00f1al\u00f3 el gobernador, quien tambi\u00e9n destac\u00f3 la ejecuci\u00f3n de establecimientos escolares en la Capital, como las escuelas Pedro Pablo Gorostiaga y Juan Domingo Per\u00f3n, adem\u00e1s de obras en Las Delicias, departamento Pellegrini, Loreto y R\u00edo Hondo.<\/p>\n","protected":false},"excerpt":{"rendered":"<p>El gobernador El\u00edas Su\u00e1rez recorri\u00f3 este viernes por la ma\u00f1ana las obras del nuevo edificio de la Escuela Provincial N\u00b0&#8230; <a class=\"continue-reading-link\" href=\"https:\/\/nativainfo.com\/?p=5535\">Continue reading<\/a><\/p>\n","protected":false},"author":1,"featured_media":0,"comment_status":"open","ping_status":"open","sticky":false,"template":"","format":"standard","meta":{"rop_custom_images_group":[],"rop_custom_messages_group":[],"rop_publish_now":"yes","rop_publish_now_accounts":[],"rop_publish_now_history":[],"rop_publish_now_status":"pending","footnotes":"","jetpack_publicize_message":"","jetpack_publicize_feature_enabled":true,"jetpack_social_post_already_shared":false,"jetpack_social_options":{"image_generator_settings":{"template":"highway","default_image_id":0,"font":"","enabled":false},"version":2}},"categories":[24],"tags":[],"class_list":["post-5535","post","type-post","status-publish","format-standard","hentry","category-educacion"],"yoast_head":"<!-- This site is optimized with the Yoast SEO plugin v25.6 - https:\/\/yoast.com\/wordpress\/plugins\/seo\/ -->\n<title>El gobernador supervis\u00f3 las obras de la Escuela N\u00b0 646 en Villa Raquel, La Banda - Nativa Info<\/title>\n<meta name=\"robots\" content=\"index, follow, max-snippet:-1, max-image-preview:large, max-video-preview:-1\" \/>\n<link rel=\"canonical\" href=\"https:\/\/nativainfo.com\/?p=5535\" \/>\n<meta property=\"og:locale\" content=\"es_ES\" \/>\n<meta property=\"og:type\" content=\"article\" \/>\n<meta property=\"og:title\" content=\"El gobernador supervis\u00f3 las obras de la Escuela N\u00b0 646 en Villa Raquel, La Banda - Nativa Info\" \/>\n<meta property=\"og:description\" content=\"El gobernador El\u00edas Su\u00e1rez recorri\u00f3 este viernes por la ma\u00f1ana las obras del nuevo edificio de la Escuela Provincial N\u00b0... Continue reading\" \/>\n<meta property=\"og:url\" content=\"https:\/\/nativainfo.com\/?p=5535\" \/>\n<meta property=\"og:site_name\" content=\"Nativa Info\" \/>\n<meta property=\"article:publisher\" content=\"https:\/\/www.facebook.com\/profile.php?id=61578881597564\" \/>\n<meta property=\"article:published_time\" content=\"2026-01-17T14:37:00+00:00\" \/>\n<meta property=\"article:modified_time\" content=\"2026-01-19T02:40:12+00:00\" \/>\n<meta property=\"og:image\" content=\"https:\/\/nativainfo.com\/wp-content\/uploads\/2026\/01\/imagen_2026-01-18_233915794.png\" \/>\n\t<meta property=\"og:image:width\" content=\"900\" \/>\n\t<meta property=\"og:image:height\" content=\"600\" \/>\n\t<meta property=\"og:image:type\" content=\"image\/png\" \/>\n<meta name=\"author\" content=\"Nativa Info\" \/>\n<meta name=\"twitter:card\" content=\"summary_large_image\" \/>\n<meta name=\"twitter:label1\" content=\"Escrito por\" \/>\n\t<meta name=\"twitter:data1\" content=\"Nativa Info\" \/>\n\t<meta name=\"twitter:label2\" content=\"Tiempo de lectura\" \/>\n\t<meta name=\"twitter:data2\" content=\"2 minutos\" \/>\n<script type=\"application\/ld+json\" class=\"yoast-schema-graph\">{\"@context\":\"https:\/\/schema.org\",\"@graph\":[{\"@type\":\"Article\",\"@id\":\"https:\/\/nativainfo.com\/?p=5535#article\",\"isPartOf\":{\"@id\":\"https:\/\/nativainfo.com\/?p=5535\"},\"author\":{\"name\":\"Nativa Info\",\"@id\":\"https:\/\/nativainfo.com\/#\/schema\/person\/24893b64a9cd564ddb5d102d36eb4b5c\"},\"headline\":\"El gobernador supervis\u00f3 las obras de la Escuela N\u00b0 646 en Villa Raquel, La Banda\",\"datePublished\":\"2026-01-17T14:37:00+00:00\",\"dateModified\":\"2026-01-19T02:40:12+00:00\",\"mainEntityOfPage\":{\"@id\":\"https:\/\/nativainfo.com\/?p=5535\"},\"wordCount\":257,\"commentCount\":0,\"publisher\":{\"@id\":\"https:\/\/nativainfo.com\/#organization\"},\"image\":{\"@id\":\"https:\/\/nativainfo.com\/?p=5535#primaryimage\"},\"thumbnailUrl\":\"https:\/\/nativainfo.com\/wp-content\/uploads\/2026\/01\/imagen_2026-01-18_233915794.png\",\"articleSection\":[\"Educaci\u00f3n\"],\"inLanguage\":\"es-AR\",\"potentialAction\":[{\"@type\":\"CommentAction\",\"name\":\"Comment\",\"target\":[\"https:\/\/nativainfo.com\/?p=5535#respond\"]}]},{\"@type\":\"WebPage\",\"@id\":\"https:\/\/nativainfo.com\/?p=5535\",\"url\":\"https:\/\/nativainfo.com\/?p=5535\",\"name\":\"El gobernador supervis\u00f3 las obras de la Escuela N\u00b0 646 en Villa Raquel, La Banda - Nativa Info\",\"isPartOf\":{\"@id\":\"https:\/\/nativainfo.com\/#website\"},\"primaryImageOfPage\":{\"@id\":\"https:\/\/nativainfo.com\/?p=5535#primaryimage\"},\"image\":{\"@id\":\"https:\/\/nativainfo.com\/?p=5535#primaryimage\"},\"thumbnailUrl\":\"https:\/\/nativainfo.com\/wp-content\/uploads\/2026\/01\/imagen_2026-01-18_233915794.png\",\"datePublished\":\"2026-01-17T14:37:00+00:00\",\"dateModified\":\"2026-01-19T02:40:12+00:00\",\"breadcrumb\":{\"@id\":\"https:\/\/nativainfo.com\/?p=5535#breadcrumb\"},\"inLanguage\":\"es-AR\",\"potentialAction\":[{\"@type\":\"ReadAction\",\"target\":[\"https:\/\/nativainfo.com\/?p=5535\"]}]},{\"@type\":\"ImageObject\",\"inLanguage\":\"es-AR\",\"@id\":\"https:\/\/nativainfo.com\/?p=5535#primaryimage\",\"url\":\"https:\/\/nativainfo.com\/wp-content\/uploads\/2026\/01\/imagen_2026-01-18_233915794.png\",\"contentUrl\":\"https:\/\/nativainfo.com\/wp-content\/uploads\/2026\/01\/imagen_2026-01-18_233915794.png\",\"width\":900,\"height\":600},{\"@type\":\"BreadcrumbList\",\"@id\":\"https:\/\/nativainfo.com\/?p=5535#breadcrumb\",\"itemListElement\":[{\"@type\":\"ListItem\",\"position\":1,\"name\":\"Inicio\",\"item\":\"https:\/\/nativainfo.com\/\"},{\"@type\":\"ListItem\",\"position\":2,\"name\":\"El gobernador supervis\u00f3 las obras de la Escuela N\u00b0 646 en Villa Raquel, La Banda\"}]},{\"@type\":\"WebSite\",\"@id\":\"https:\/\/nativainfo.com\/#website\",\"url\":\"https:\/\/nativainfo.com\/\",\"name\":\"Nativa Info\",\"description\":\"Diario Digital\",\"publisher\":{\"@id\":\"https:\/\/nativainfo.com\/#organization\"},\"potentialAction\":[{\"@type\":\"SearchAction\",\"target\":{\"@type\":\"EntryPoint\",\"urlTemplate\":\"https:\/\/nativainfo.com\/?s={search_term_string}\"},\"query-input\":{\"@type\":\"PropertyValueSpecification\",\"valueRequired\":true,\"valueName\":\"search_term_string\"}}],\"inLanguage\":\"es-AR\"},{\"@type\":\"Organization\",\"@id\":\"https:\/\/nativainfo.com\/#organization\",\"name\":\"Nativa Info\",\"url\":\"https:\/\/nativainfo.com\/\",\"logo\":{\"@type\":\"ImageObject\",\"inLanguage\":\"es-AR\",\"@id\":\"https:\/\/nativainfo.com\/#\/schema\/logo\/image\/\",\"url\":\"https:\/\/nativainfo.com\/wp-content\/uploads\/2025\/08\/LOGO-NATIVA-FACE.jpg\",\"contentUrl\":\"https:\/\/nativainfo.com\/wp-content\/uploads\/2025\/08\/LOGO-NATIVA-FACE.jpg\",\"width\":400,\"height\":400,\"caption\":\"Nativa Info\"},\"image\":{\"@id\":\"https:\/\/nativainfo.com\/#\/schema\/logo\/image\/\"},\"sameAs\":[\"https:\/\/www.facebook.com\/profile.php?id=61578881597564\"]},{\"@type\":\"Person\",\"@id\":\"https:\/\/nativainfo.com\/#\/schema\/person\/24893b64a9cd564ddb5d102d36eb4b5c\",\"name\":\"Nativa Info\",\"image\":{\"@type\":\"ImageObject\",\"inLanguage\":\"es-AR\",\"@id\":\"https:\/\/nativainfo.com\/#\/schema\/person\/image\/\",\"url\":\"https:\/\/secure.gravatar.com\/avatar\/016fa1cf068d85136d938e1507b9b619cb766e2565cbb1faa1e571762460c785?s=96&d=mm&r=g\",\"contentUrl\":\"https:\/\/secure.gravatar.com\/avatar\/016fa1cf068d85136d938e1507b9b619cb766e2565cbb1faa1e571762460c785?s=96&d=mm&r=g\",\"caption\":\"Nativa Info\"},\"sameAs\":[\"http:\/\/nativainfo.com\"],\"url\":\"https:\/\/nativainfo.com\/?author=1\"}]}<\/script>\n<!-- \/ Yoast SEO plugin. -->","yoast_head_json":{"title":"El gobernador supervis\u00f3 las obras de la Escuela N\u00b0 646 en Villa Raquel, La Banda - Nativa Info","robots":{"index":"index","follow":"follow","max-snippet":"max-snippet:-1","max-image-preview":"max-image-preview:large","max-video-preview":"max-video-preview:-1"},"canonical":"https:\/\/nativainfo.com\/?p=5535","og_locale":"es_ES","og_type":"article","og_title":"El gobernador supervis\u00f3 las obras de la Escuela N\u00b0 646 en Villa Raquel, La Banda - Nativa Info","og_description":"El gobernador El\u00edas Su\u00e1rez recorri\u00f3 este viernes por la ma\u00f1ana las obras del nuevo edificio de la Escuela Provincial N\u00b0... Continue reading","og_url":"https:\/\/nativainfo.com\/?p=5535","og_site_name":"Nativa Info","article_publisher":"https:\/\/www.facebook.com\/profile.php?id=61578881597564","article_published_time":"2026-01-17T14:37:00+00:00","article_modified_time":"2026-01-19T02:40:12+00:00","og_image":[{"width":900,"height":600,"url":"https:\/\/nativainfo.com\/wp-content\/uploads\/2026\/01\/imagen_2026-01-18_233915794.png","type":"image\/png"}],"author":"Nativa Info","twitter_card":"summary_large_image","twitter_misc":{"Escrito por":"Nativa Info","Tiempo de lectura":"2 minutos"},"schema":{"@context":"https:\/\/schema.org","@graph":[{"@type":"Article","@id":"https:\/\/nativainfo.com\/?p=5535#article","isPartOf":{"@id":"https:\/\/nativainfo.com\/?p=5535"},"author":{"name":"Nativa Info","@id":"https:\/\/nativainfo.com\/#\/schema\/person\/24893b64a9cd564ddb5d102d36eb4b5c"},"headline":"El gobernador supervis\u00f3 las obras de la Escuela N\u00b0 646 en Villa Raquel, La Banda","datePublished":"2026-01-17T14:37:00+00:00","dateModified":"2026-01-19T02:40:12+00:00","mainEntityOfPage":{"@id":"https:\/\/nativainfo.com\/?p=5535"},"wordCount":257,"commentCount":0,"publisher":{"@id":"https:\/\/nativainfo.com\/#organization"},"image":{"@id":"https:\/\/nativainfo.com\/?p=5535#primaryimage"},"thumbnailUrl":"https:\/\/nativainfo.com\/wp-content\/uploads\/2026\/01\/imagen_2026-01-18_233915794.png","articleSection":["Educaci\u00f3n"],"inLanguage":"es-AR","potentialAction":[{"@type":"CommentAction","name":"Comment","target":["https:\/\/nativainfo.com\/?p=5535#respond"]}]},{"@type":"WebPage","@id":"https:\/\/nativainfo.com\/?p=5535","url":"https:\/\/nativainfo.com\/?p=5535","name":"El gobernador supervis\u00f3 las obras de la Escuela N\u00b0 646 en Villa Raquel, La Banda - Nativa Info","isPartOf":{"@id":"https:\/\/nativainfo.com\/#website"},"primaryImageOfPage":{"@id":"https:\/\/nativainfo.com\/?p=5535#primaryimage"},"image":{"@id":"https:\/\/nativainfo.com\/?p=5535#primaryimage"},"thumbnailUrl":"https:\/\/nativainfo.com\/wp-content\/uploads\/2026\/01\/imagen_2026-01-18_233915794.png","datePublished":"2026-01-17T14:37:00+00:00","dateModified":"2026-01-19T02:40:12+00:00","breadcrumb":{"@id":"https:\/\/nativainfo.com\/?p=5535#breadcrumb"},"inLanguage":"es-AR","potentialAction":[{"@type":"ReadAction","target":["https:\/\/nativainfo.com\/?p=5535"]}]},{"@type":"ImageObject","inLanguage":"es-AR","@id":"https:\/\/nativainfo.com\/?p=5535#primaryimage","url":"https:\/\/nativainfo.com\/wp-content\/uploads\/2026\/01\/imagen_2026-01-18_233915794.png","contentUrl":"https:\/\/nativainfo.com\/wp-content\/uploads\/2026\/01\/imagen_2026-01-18_233915794.png","width":900,"height":600},{"@type":"BreadcrumbList","@id":"https:\/\/nativainfo.com\/?p=5535#breadcrumb","itemListElement":[{"@type":"ListItem","position":1,"name":"Inicio","item":"https:\/\/nativainfo.com\/"},{"@type":"ListItem","position":2,"name":"El gobernador supervis\u00f3 las obras de la Escuela N\u00b0 646 en Villa Raquel, La Banda"}]},{"@type":"WebSite","@id":"https:\/\/nativainfo.com\/#website","url":"https:\/\/nativainfo.com\/","name":"Nativa Info","description":"Diario Digital","publisher":{"@id":"https:\/\/nativainfo.com\/#organization"},"potentialAction":[{"@type":"SearchAction","target":{"@type":"EntryPoint","urlTemplate":"https:\/\/nativainfo.com\/?s={search_term_string}"},"query-input":{"@type":"PropertyValueSpecification","valueRequired":true,"valueName":"search_term_string"}}],"inLanguage":"es-AR"},{"@type":"Organization","@id":"https:\/\/nativainfo.com\/#organization","name":"Nativa Info","url":"https:\/\/nativainfo.com\/","logo":{"@type":"ImageObject","inLanguage":"es-AR","@id":"https:\/\/nativainfo.com\/#\/schema\/logo\/image\/","url":"https:\/\/nativainfo.com\/wp-content\/uploads\/2025\/08\/LOGO-NATIVA-FACE.jpg","contentUrl":"https:\/\/nativainfo.com\/wp-content\/uploads\/2025\/08\/LOGO-NATIVA-FACE.jpg","width":400,"height":400,"caption":"Nativa Info"},"image":{"@id":"https:\/\/nativainfo.com\/#\/schema\/logo\/image\/"},"sameAs":["https:\/\/www.facebook.com\/profile.php?id=61578881597564"]},{"@type":"Person","@id":"https:\/\/nativainfo.com\/#\/schema\/person\/24893b64a9cd564ddb5d102d36eb4b5c","name":"Nativa Info","image":{"@type":"ImageObject","inLanguage":"es-AR","@id":"https:\/\/nativainfo.com\/#\/schema\/person\/image\/","url":"https:\/\/secure.gravatar.com\/avatar\/016fa1cf068d85136d938e1507b9b619cb766e2565cbb1faa1e571762460c785?s=96&d=mm&r=g","contentUrl":"https:\/\/secure.gravatar.com\/avatar\/016fa1cf068d85136d938e1507b9b619cb766e2565cbb1faa1e571762460c785?s=96&d=mm&r=g","caption":"Nativa Info"},"sameAs":["http:\/\/nativainfo.com"],"url":"https:\/\/nativainfo.com\/?author=1"}]}},"jetpack_publicize_connections":[],"_links":{"self":[{"href":"https:\/\/nativainfo.com\/index.php?rest_route=\/wp\/v2\/posts\/5535","targetHints":{"allow":["GET"]}}],"collection":[{"href":"https:\/\/nativainfo.com\/index.php?rest_route=\/wp\/v2\/posts"}],"about":[{"href":"https:\/\/nativainfo.com\/index.php?rest_route=\/wp\/v2\/types\/post"}],"author":[{"embeddable":true,"href":"https:\/\/nativainfo.com\/index.php?rest_route=\/wp\/v2\/users\/1"}],"replies":[{"embeddable":true,"href":"https:\/\/nativainfo.com\/index.php?rest_route=%2Fwp%2Fv2%2Fcomments&post=5535"}],"version-history":[{"count":1,"href":"https:\/\/nativainfo.com\/index.php?rest_route=\/wp\/v2\/posts\/5535\/revisions"}],"predecessor-version":[{"id":5539,"href":"https:\/\/nativainfo.com\/index.php?rest_route=\/wp\/v2\/posts\/5535\/revisions\/5539"}],"wp:attachment":[{"href":"https:\/\/nativainfo.com\/index.php?rest_route=%2Fwp%2Fv2%2Fmedia&parent=5535"}],"wp:term":[{"taxonomy":"category","embeddable":true,"href":"https:\/\/nativainfo.com\/index.php?rest_route=%2Fwp%2Fv2%2Fcategories&post=5535"},{"taxonomy":"post_tag","embeddable":true,"href":"https:\/\/nativainfo.com\/index.php?rest_route=%2Fwp%2Fv2%2Ftags&post=5535"}],"curies":[{"name":"wp","href":"https:\/\/api.w.org\/{rel}","templated":true}]}}