{"id":552,"date":"2020-08-25T18:17:47","date_gmt":"2020-08-25T21:17:47","guid":{"rendered":"http:\/\/nativainfo.com\/?p=552"},"modified":"2020-08-25T18:17:47","modified_gmt":"2020-08-25T21:17:47","slug":"estas-obras-significaran-un-antes-y-un-despues-para-santiago-del-estero","status":"publish","type":"post","link":"https:\/\/nativainfo.com\/?p=552","title":{"rendered":"&#8220;Estas obras significar\u00e1n un antes y un despu\u00e9s para Santiago del Estero&#8221;"},"content":{"rendered":"\n<p>As\u00ed lo expres\u00f3 el gobernador Zamora en contacto por videoconferencia con el presidente Alberto Fern\u00e1ndez. Se reactiv\u00f3 la segunda etapa de una importante obra h\u00eddrica que beneficiar\u00e1 el sistema de agua potable y al sector ganadero y agricola del interior de la provincia.<\/p>\n\n\n\n<figure class=\"wp-block-image size-large\"><img fetchpriority=\"high\" decoding=\"async\" width=\"715\" height=\"402\" src=\"http:\/\/nativainfo.com\/wp-content\/uploads\/2020\/08\/zamorrrr.jpg\" alt=\"\" class=\"wp-image-553\" srcset=\"https:\/\/nativainfo.com\/wp-content\/uploads\/2020\/08\/zamorrrr.jpg 715w, https:\/\/nativainfo.com\/wp-content\/uploads\/2020\/08\/zamorrrr-300x169.jpg 300w, https:\/\/nativainfo.com\/wp-content\/uploads\/2020\/08\/zamorrrr-623x350.jpg 623w, https:\/\/nativainfo.com\/wp-content\/uploads\/2020\/08\/zamorrrr-150x84.jpg 150w\" sizes=\"(max-width: 715px) 100vw, 715px\" \/><\/figure>\n\n\n\n<p>El primer mandatario destac\u00f3 la importancia de esta obra para el\u00a0<strong>sector agr\u00edcola y ganadero\u00a0<\/strong>de esa zona de la provincia, as\u00ed como de su incidencia en mejorar el sistema de aguas potable para m\u00e1s de 250 mil habitantes. Junto al\u00a0<strong>gobernador<\/strong>, estuvo el ministro de\u00a0<strong>Obras P\u00fablicas<\/strong>, Agua y Medio Ambiente,\u00a0<strong>Argentino Cambrini<\/strong>.<\/p>\n\n\n\n<p>-Fuente: DiarioPanorama-<\/p>\n","protected":false},"excerpt":{"rendered":"<p>As\u00ed lo expres\u00f3 el gobernador Zamora en contacto por videoconferencia con el presidente Alberto Fern\u00e1ndez. Se reactiv\u00f3 la segunda etapa&#8230; <a class=\"continue-reading-link\" href=\"https:\/\/nativainfo.com\/?p=552\">Continue reading<\/a><\/p>\n","protected":false},"author":1,"featured_media":0,"comment_status":"open","ping_status":"open","sticky":false,"template":"","format":"standard","meta":{"rop_custom_images_group":[],"rop_custom_messages_group":[],"rop_publish_now":"initial","rop_publish_now_accounts":[],"rop_publish_now_history":[],"rop_publish_now_status":"pending","footnotes":"","jetpack_publicize_message":"","jetpack_publicize_feature_enabled":true,"jetpack_social_post_already_shared":false,"jetpack_social_options":{"image_generator_settings":{"template":"highway","default_image_id":0,"font":"","enabled":false},"version":2}},"categories":[26,12],"tags":[],"class_list":["post-552","post","type-post","status-publish","format-standard","hentry","category-agro","category-provincia"],"yoast_head":"<!-- This site is optimized with the Yoast SEO plugin v25.6 - https:\/\/yoast.com\/wordpress\/plugins\/seo\/ -->\n<title>&quot;Estas obras significar\u00e1n un antes y un despu\u00e9s para Santiago del Estero&quot; - Nativa Info<\/title>\n<meta name=\"robots\" content=\"index, follow, max-snippet:-1, max-image-preview:large, max-video-preview:-1\" \/>\n<link rel=\"canonical\" href=\"https:\/\/nativainfo.com\/?p=552\" \/>\n<meta property=\"og:locale\" content=\"es_ES\" \/>\n<meta property=\"og:type\" content=\"article\" \/>\n<meta property=\"og:title\" content=\"&quot;Estas obras significar\u00e1n un antes y un despu\u00e9s para Santiago del Estero&quot; - Nativa Info\" \/>\n<meta property=\"og:description\" content=\"As\u00ed lo expres\u00f3 el gobernador Zamora en contacto por videoconferencia con el presidente Alberto Fern\u00e1ndez. Se reactiv\u00f3 la segunda etapa... Continue reading\" \/>\n<meta property=\"og:url\" content=\"https:\/\/nativainfo.com\/?p=552\" \/>\n<meta property=\"og:site_name\" content=\"Nativa Info\" \/>\n<meta property=\"article:publisher\" content=\"https:\/\/www.facebook.com\/profile.php?id=61578881597564\" \/>\n<meta property=\"article:published_time\" content=\"2020-08-25T21:17:47+00:00\" \/>\n<meta property=\"og:image\" content=\"http:\/\/nativainfo.com\/wp-content\/uploads\/2020\/08\/zamorrrr.jpg\" \/>\n<meta name=\"author\" content=\"Nativa Info\" \/>\n<meta name=\"twitter:card\" content=\"summary_large_image\" \/>\n<meta name=\"twitter:label1\" content=\"Escrito por\" \/>\n\t<meta name=\"twitter:data1\" content=\"Nativa Info\" \/>\n\t<meta name=\"twitter:label2\" content=\"Tiempo de lectura\" \/>\n\t<meta name=\"twitter:data2\" content=\"1 minuto\" \/>\n<script type=\"application\/ld+json\" class=\"yoast-schema-graph\">{\"@context\":\"https:\/\/schema.org\",\"@graph\":[{\"@type\":\"Article\",\"@id\":\"https:\/\/nativainfo.com\/?p=552#article\",\"isPartOf\":{\"@id\":\"https:\/\/nativainfo.com\/?p=552\"},\"author\":{\"name\":\"Nativa Info\",\"@id\":\"https:\/\/nativainfo.com\/#\/schema\/person\/24893b64a9cd564ddb5d102d36eb4b5c\"},\"headline\":\"&#8220;Estas obras significar\u00e1n un antes y un despu\u00e9s para Santiago del Estero&#8221;\",\"datePublished\":\"2020-08-25T21:17:47+00:00\",\"mainEntityOfPage\":{\"@id\":\"https:\/\/nativainfo.com\/?p=552\"},\"wordCount\":117,\"commentCount\":0,\"publisher\":{\"@id\":\"https:\/\/nativainfo.com\/#organization\"},\"image\":{\"@id\":\"https:\/\/nativainfo.com\/?p=552#primaryimage\"},\"thumbnailUrl\":\"http:\/\/nativainfo.com\/wp-content\/uploads\/2020\/08\/zamorrrr.jpg\",\"articleSection\":[\"Agro\",\"Provincia\"],\"inLanguage\":\"es-AR\",\"potentialAction\":[{\"@type\":\"CommentAction\",\"name\":\"Comment\",\"target\":[\"https:\/\/nativainfo.com\/?p=552#respond\"]}]},{\"@type\":\"WebPage\",\"@id\":\"https:\/\/nativainfo.com\/?p=552\",\"url\":\"https:\/\/nativainfo.com\/?p=552\",\"name\":\"\\\"Estas obras significar\u00e1n un antes y un despu\u00e9s para Santiago del Estero\\\" - Nativa Info\",\"isPartOf\":{\"@id\":\"https:\/\/nativainfo.com\/#website\"},\"primaryImageOfPage\":{\"@id\":\"https:\/\/nativainfo.com\/?p=552#primaryimage\"},\"image\":{\"@id\":\"https:\/\/nativainfo.com\/?p=552#primaryimage\"},\"thumbnailUrl\":\"http:\/\/nativainfo.com\/wp-content\/uploads\/2020\/08\/zamorrrr.jpg\",\"datePublished\":\"2020-08-25T21:17:47+00:00\",\"breadcrumb\":{\"@id\":\"https:\/\/nativainfo.com\/?p=552#breadcrumb\"},\"inLanguage\":\"es-AR\",\"potentialAction\":[{\"@type\":\"ReadAction\",\"target\":[\"https:\/\/nativainfo.com\/?p=552\"]}]},{\"@type\":\"ImageObject\",\"inLanguage\":\"es-AR\",\"@id\":\"https:\/\/nativainfo.com\/?p=552#primaryimage\",\"url\":\"https:\/\/nativainfo.com\/wp-content\/uploads\/2020\/08\/zamorrrr.jpg\",\"contentUrl\":\"https:\/\/nativainfo.com\/wp-content\/uploads\/2020\/08\/zamorrrr.jpg\",\"width\":715,\"height\":402},{\"@type\":\"BreadcrumbList\",\"@id\":\"https:\/\/nativainfo.com\/?p=552#breadcrumb\",\"itemListElement\":[{\"@type\":\"ListItem\",\"position\":1,\"name\":\"Inicio\",\"item\":\"https:\/\/nativainfo.com\/\"},{\"@type\":\"ListItem\",\"position\":2,\"name\":\"&#8220;Estas obras significar\u00e1n un antes y un despu\u00e9s para Santiago del Estero&#8221;\"}]},{\"@type\":\"WebSite\",\"@id\":\"https:\/\/nativainfo.com\/#website\",\"url\":\"https:\/\/nativainfo.com\/\",\"name\":\"Nativa Info\",\"description\":\"Diario Digital\",\"publisher\":{\"@id\":\"https:\/\/nativainfo.com\/#organization\"},\"potentialAction\":[{\"@type\":\"SearchAction\",\"target\":{\"@type\":\"EntryPoint\",\"urlTemplate\":\"https:\/\/nativainfo.com\/?s={search_term_string}\"},\"query-input\":{\"@type\":\"PropertyValueSpecification\",\"valueRequired\":true,\"valueName\":\"search_term_string\"}}],\"inLanguage\":\"es-AR\"},{\"@type\":\"Organization\",\"@id\":\"https:\/\/nativainfo.com\/#organization\",\"name\":\"Nativa Info\",\"url\":\"https:\/\/nativainfo.com\/\",\"logo\":{\"@type\":\"ImageObject\",\"inLanguage\":\"es-AR\",\"@id\":\"https:\/\/nativainfo.com\/#\/schema\/logo\/image\/\",\"url\":\"https:\/\/nativainfo.com\/wp-content\/uploads\/2025\/08\/LOGO-NATIVA-FACE.jpg\",\"contentUrl\":\"https:\/\/nativainfo.com\/wp-content\/uploads\/2025\/08\/LOGO-NATIVA-FACE.jpg\",\"width\":400,\"height\":400,\"caption\":\"Nativa Info\"},\"image\":{\"@id\":\"https:\/\/nativainfo.com\/#\/schema\/logo\/image\/\"},\"sameAs\":[\"https:\/\/www.facebook.com\/profile.php?id=61578881597564\"]},{\"@type\":\"Person\",\"@id\":\"https:\/\/nativainfo.com\/#\/schema\/person\/24893b64a9cd564ddb5d102d36eb4b5c\",\"name\":\"Nativa Info\",\"image\":{\"@type\":\"ImageObject\",\"inLanguage\":\"es-AR\",\"@id\":\"https:\/\/nativainfo.com\/#\/schema\/person\/image\/\",\"url\":\"https:\/\/secure.gravatar.com\/avatar\/016fa1cf068d85136d938e1507b9b619cb766e2565cbb1faa1e571762460c785?s=96&d=mm&r=g\",\"contentUrl\":\"https:\/\/secure.gravatar.com\/avatar\/016fa1cf068d85136d938e1507b9b619cb766e2565cbb1faa1e571762460c785?s=96&d=mm&r=g\",\"caption\":\"Nativa Info\"},\"sameAs\":[\"http:\/\/nativainfo.com\"],\"url\":\"https:\/\/nativainfo.com\/?author=1\"}]}<\/script>\n<!-- \/ Yoast SEO plugin. -->","yoast_head_json":{"title":"\"Estas obras significar\u00e1n un antes y un despu\u00e9s para Santiago del Estero\" - Nativa Info","robots":{"index":"index","follow":"follow","max-snippet":"max-snippet:-1","max-image-preview":"max-image-preview:large","max-video-preview":"max-video-preview:-1"},"canonical":"https:\/\/nativainfo.com\/?p=552","og_locale":"es_ES","og_type":"article","og_title":"\"Estas obras significar\u00e1n un antes y un despu\u00e9s para Santiago del Estero\" - Nativa Info","og_description":"As\u00ed lo expres\u00f3 el gobernador Zamora en contacto por videoconferencia con el presidente Alberto Fern\u00e1ndez. Se reactiv\u00f3 la segunda etapa... Continue reading","og_url":"https:\/\/nativainfo.com\/?p=552","og_site_name":"Nativa Info","article_publisher":"https:\/\/www.facebook.com\/profile.php?id=61578881597564","article_published_time":"2020-08-25T21:17:47+00:00","og_image":[{"url":"http:\/\/nativainfo.com\/wp-content\/uploads\/2020\/08\/zamorrrr.jpg","type":"","width":"","height":""}],"author":"Nativa Info","twitter_card":"summary_large_image","twitter_misc":{"Escrito por":"Nativa Info","Tiempo de lectura":"1 minuto"},"schema":{"@context":"https:\/\/schema.org","@graph":[{"@type":"Article","@id":"https:\/\/nativainfo.com\/?p=552#article","isPartOf":{"@id":"https:\/\/nativainfo.com\/?p=552"},"author":{"name":"Nativa Info","@id":"https:\/\/nativainfo.com\/#\/schema\/person\/24893b64a9cd564ddb5d102d36eb4b5c"},"headline":"&#8220;Estas obras significar\u00e1n un antes y un despu\u00e9s para Santiago del Estero&#8221;","datePublished":"2020-08-25T21:17:47+00:00","mainEntityOfPage":{"@id":"https:\/\/nativainfo.com\/?p=552"},"wordCount":117,"commentCount":0,"publisher":{"@id":"https:\/\/nativainfo.com\/#organization"},"image":{"@id":"https:\/\/nativainfo.com\/?p=552#primaryimage"},"thumbnailUrl":"http:\/\/nativainfo.com\/wp-content\/uploads\/2020\/08\/zamorrrr.jpg","articleSection":["Agro","Provincia"],"inLanguage":"es-AR","potentialAction":[{"@type":"CommentAction","name":"Comment","target":["https:\/\/nativainfo.com\/?p=552#respond"]}]},{"@type":"WebPage","@id":"https:\/\/nativainfo.com\/?p=552","url":"https:\/\/nativainfo.com\/?p=552","name":"\"Estas obras significar\u00e1n un antes y un despu\u00e9s para Santiago del Estero\" - Nativa Info","isPartOf":{"@id":"https:\/\/nativainfo.com\/#website"},"primaryImageOfPage":{"@id":"https:\/\/nativainfo.com\/?p=552#primaryimage"},"image":{"@id":"https:\/\/nativainfo.com\/?p=552#primaryimage"},"thumbnailUrl":"http:\/\/nativainfo.com\/wp-content\/uploads\/2020\/08\/zamorrrr.jpg","datePublished":"2020-08-25T21:17:47+00:00","breadcrumb":{"@id":"https:\/\/nativainfo.com\/?p=552#breadcrumb"},"inLanguage":"es-AR","potentialAction":[{"@type":"ReadAction","target":["https:\/\/nativainfo.com\/?p=552"]}]},{"@type":"ImageObject","inLanguage":"es-AR","@id":"https:\/\/nativainfo.com\/?p=552#primaryimage","url":"https:\/\/nativainfo.com\/wp-content\/uploads\/2020\/08\/zamorrrr.jpg","contentUrl":"https:\/\/nativainfo.com\/wp-content\/uploads\/2020\/08\/zamorrrr.jpg","width":715,"height":402},{"@type":"BreadcrumbList","@id":"https:\/\/nativainfo.com\/?p=552#breadcrumb","itemListElement":[{"@type":"ListItem","position":1,"name":"Inicio","item":"https:\/\/nativainfo.com\/"},{"@type":"ListItem","position":2,"name":"&#8220;Estas obras significar\u00e1n un antes y un despu\u00e9s para Santiago del Estero&#8221;"}]},{"@type":"WebSite","@id":"https:\/\/nativainfo.com\/#website","url":"https:\/\/nativainfo.com\/","name":"Nativa Info","description":"Diario Digital","publisher":{"@id":"https:\/\/nativainfo.com\/#organization"},"potentialAction":[{"@type":"SearchAction","target":{"@type":"EntryPoint","urlTemplate":"https:\/\/nativainfo.com\/?s={search_term_string}"},"query-input":{"@type":"PropertyValueSpecification","valueRequired":true,"valueName":"search_term_string"}}],"inLanguage":"es-AR"},{"@type":"Organization","@id":"https:\/\/nativainfo.com\/#organization","name":"Nativa Info","url":"https:\/\/nativainfo.com\/","logo":{"@type":"ImageObject","inLanguage":"es-AR","@id":"https:\/\/nativainfo.com\/#\/schema\/logo\/image\/","url":"https:\/\/nativainfo.com\/wp-content\/uploads\/2025\/08\/LOGO-NATIVA-FACE.jpg","contentUrl":"https:\/\/nativainfo.com\/wp-content\/uploads\/2025\/08\/LOGO-NATIVA-FACE.jpg","width":400,"height":400,"caption":"Nativa Info"},"image":{"@id":"https:\/\/nativainfo.com\/#\/schema\/logo\/image\/"},"sameAs":["https:\/\/www.facebook.com\/profile.php?id=61578881597564"]},{"@type":"Person","@id":"https:\/\/nativainfo.com\/#\/schema\/person\/24893b64a9cd564ddb5d102d36eb4b5c","name":"Nativa Info","image":{"@type":"ImageObject","inLanguage":"es-AR","@id":"https:\/\/nativainfo.com\/#\/schema\/person\/image\/","url":"https:\/\/secure.gravatar.com\/avatar\/016fa1cf068d85136d938e1507b9b619cb766e2565cbb1faa1e571762460c785?s=96&d=mm&r=g","contentUrl":"https:\/\/secure.gravatar.com\/avatar\/016fa1cf068d85136d938e1507b9b619cb766e2565cbb1faa1e571762460c785?s=96&d=mm&r=g","caption":"Nativa Info"},"sameAs":["http:\/\/nativainfo.com"],"url":"https:\/\/nativainfo.com\/?author=1"}]}},"jetpack_publicize_connections":[],"_links":{"self":[{"href":"https:\/\/nativainfo.com\/index.php?rest_route=\/wp\/v2\/posts\/552","targetHints":{"allow":["GET"]}}],"collection":[{"href":"https:\/\/nativainfo.com\/index.php?rest_route=\/wp\/v2\/posts"}],"about":[{"href":"https:\/\/nativainfo.com\/index.php?rest_route=\/wp\/v2\/types\/post"}],"author":[{"embeddable":true,"href":"https:\/\/nativainfo.com\/index.php?rest_route=\/wp\/v2\/users\/1"}],"replies":[{"embeddable":true,"href":"https:\/\/nativainfo.com\/index.php?rest_route=%2Fwp%2Fv2%2Fcomments&post=552"}],"version-history":[{"count":1,"href":"https:\/\/nativainfo.com\/index.php?rest_route=\/wp\/v2\/posts\/552\/revisions"}],"predecessor-version":[{"id":554,"href":"https:\/\/nativainfo.com\/index.php?rest_route=\/wp\/v2\/posts\/552\/revisions\/554"}],"wp:attachment":[{"href":"https:\/\/nativainfo.com\/index.php?rest_route=%2Fwp%2Fv2%2Fmedia&parent=552"}],"wp:term":[{"taxonomy":"category","embeddable":true,"href":"https:\/\/nativainfo.com\/index.php?rest_route=%2Fwp%2Fv2%2Fcategories&post=552"},{"taxonomy":"post_tag","embeddable":true,"href":"https:\/\/nativainfo.com\/index.php?rest_route=%2Fwp%2Fv2%2Ftags&post=552"}],"curies":[{"name":"wp","href":"https:\/\/api.w.org\/{rel}","templated":true}]}}