{"id":5509,"date":"2026-01-07T00:48:20","date_gmt":"2026-01-07T03:48:20","guid":{"rendered":"https:\/\/nativainfo.com\/?p=5509"},"modified":"2026-01-07T00:48:21","modified_gmt":"2026-01-07T03:48:21","slug":"norma-fuentes-recorrio-el-predio-donde-se-desarrollara-una-nueva-edicion-de-santiago-es-tu-rio","status":"publish","type":"post","link":"https:\/\/nativainfo.com\/?p=5509","title":{"rendered":"Norma Fuentes recorri\u00f3 el predio donde se desarrollar\u00e1 una nueva edici\u00f3n de \u201cSantiago es tu R\u00edo\u201d"},"content":{"rendered":"\n<figure class=\"wp-block-image size-full\"><img fetchpriority=\"high\" decoding=\"async\" width=\"1010\" height=\"567\" src=\"https:\/\/nativainfo.com\/wp-content\/uploads\/2026\/01\/imagen_2026-01-07_004756414.png\" alt=\"\" class=\"wp-image-5512\" srcset=\"https:\/\/nativainfo.com\/wp-content\/uploads\/2026\/01\/imagen_2026-01-07_004756414.png 1010w, https:\/\/nativainfo.com\/wp-content\/uploads\/2026\/01\/imagen_2026-01-07_004756414-300x168.png 300w, https:\/\/nativainfo.com\/wp-content\/uploads\/2026\/01\/imagen_2026-01-07_004756414-768x431.png 768w, https:\/\/nativainfo.com\/wp-content\/uploads\/2026\/01\/imagen_2026-01-07_004756414-623x350.png 623w, https:\/\/nativainfo.com\/wp-content\/uploads\/2026\/01\/imagen_2026-01-07_004756414-150x84.png 150w\" sizes=\"(max-width: 1010px) 100vw, 1010px\" \/><\/figure>\n\n\n\n<p>La intendenta de la Capital, Ing. Norma Fuentes, visit\u00f3 el predio ubicado en avenida Alsina y la Costanera Luis \u201cChacho\u201d Lescano, donde este viernes 9, a partir de las 20 horas, dar\u00e1 inicio la edici\u00f3n 2026 del programa \u201cSantiago es tu R\u00edo\u201d.<\/p>\n\n\n\n<p>Durante la recorrida, la jefa comunal supervis\u00f3 las tareas de acondicionamiento que se llevan adelante en el espacio, con el objetivo de garantizar el correcto desarrollo de las diversas propuestas recreativas, deportivas y culturales que se ofrecer\u00e1n a la comunidad, con entrada libre y gratuita, promoviendo el disfrute familiar y el atractivo tur\u00edstico de la ciudad.<\/p>\n\n\n\n<p>\u201cEs una gran satisfacci\u00f3n poder invitar a los vecinos, un a\u00f1o m\u00e1s, a disfrutar de esta tradicional propuesta de vacaciones, donde personas de todas las edades pueden compartir lindos momentos en familia y con amigos\u201d, expres\u00f3 la Ing. Fuentes.<\/p>\n","protected":false},"excerpt":{"rendered":"<p>La intendenta de la Capital, Ing. Norma Fuentes, visit\u00f3 el predio ubicado en avenida Alsina y la Costanera Luis \u201cChacho\u201d&#8230; <a class=\"continue-reading-link\" href=\"https:\/\/nativainfo.com\/?p=5509\">Continue reading<\/a><\/p>\n","protected":false},"author":1,"featured_media":0,"comment_status":"open","ping_status":"open","sticky":false,"template":"","format":"standard","meta":{"rop_custom_images_group":[],"rop_custom_messages_group":[],"rop_publish_now":"yes","rop_publish_now_accounts":[],"rop_publish_now_history":[],"rop_publish_now_status":"pending","footnotes":"","jetpack_publicize_message":"","jetpack_publicize_feature_enabled":true,"jetpack_social_post_already_shared":false,"jetpack_social_options":{"image_generator_settings":{"template":"highway","default_image_id":0,"font":"","enabled":false},"version":2}},"categories":[40],"tags":[],"class_list":["post-5509","post","type-post","status-publish","format-standard","hentry","category-santiago-del-estero"],"yoast_head":"<!-- This site is optimized with the Yoast SEO plugin v25.6 - https:\/\/yoast.com\/wordpress\/plugins\/seo\/ -->\n<title>Norma Fuentes recorri\u00f3 el predio donde se desarrollar\u00e1 una nueva edici\u00f3n de \u201cSantiago es tu R\u00edo\u201d - Nativa Info<\/title>\n<meta name=\"robots\" content=\"index, follow, max-snippet:-1, max-image-preview:large, max-video-preview:-1\" \/>\n<link rel=\"canonical\" href=\"https:\/\/nativainfo.com\/?p=5509\" \/>\n<meta property=\"og:locale\" content=\"es_ES\" \/>\n<meta property=\"og:type\" content=\"article\" \/>\n<meta property=\"og:title\" content=\"Norma Fuentes recorri\u00f3 el predio donde se desarrollar\u00e1 una nueva edici\u00f3n de \u201cSantiago es tu R\u00edo\u201d - Nativa Info\" \/>\n<meta property=\"og:description\" content=\"La intendenta de la Capital, Ing. Norma Fuentes, visit\u00f3 el predio ubicado en avenida Alsina y la Costanera Luis \u201cChacho\u201d... Continue reading\" \/>\n<meta property=\"og:url\" content=\"https:\/\/nativainfo.com\/?p=5509\" \/>\n<meta property=\"og:site_name\" content=\"Nativa Info\" \/>\n<meta property=\"article:publisher\" content=\"https:\/\/www.facebook.com\/profile.php?id=61578881597564\" \/>\n<meta property=\"article:published_time\" content=\"2026-01-07T03:48:20+00:00\" \/>\n<meta property=\"article:modified_time\" content=\"2026-01-07T03:48:21+00:00\" \/>\n<meta property=\"og:image\" content=\"https:\/\/nativainfo.com\/wp-content\/uploads\/2026\/01\/imagen_2026-01-07_004756414.png\" \/>\n\t<meta property=\"og:image:width\" content=\"1010\" \/>\n\t<meta property=\"og:image:height\" content=\"567\" \/>\n\t<meta property=\"og:image:type\" content=\"image\/png\" \/>\n<meta name=\"author\" content=\"Nativa Info\" \/>\n<meta name=\"twitter:card\" content=\"summary_large_image\" \/>\n<meta name=\"twitter:label1\" content=\"Escrito por\" \/>\n\t<meta name=\"twitter:data1\" content=\"Nativa Info\" \/>\n\t<meta name=\"twitter:label2\" content=\"Tiempo de lectura\" \/>\n\t<meta name=\"twitter:data2\" content=\"1 minuto\" \/>\n<script type=\"application\/ld+json\" class=\"yoast-schema-graph\">{\"@context\":\"https:\/\/schema.org\",\"@graph\":[{\"@type\":\"Article\",\"@id\":\"https:\/\/nativainfo.com\/?p=5509#article\",\"isPartOf\":{\"@id\":\"https:\/\/nativainfo.com\/?p=5509\"},\"author\":{\"name\":\"Nativa Info\",\"@id\":\"https:\/\/nativainfo.com\/#\/schema\/person\/24893b64a9cd564ddb5d102d36eb4b5c\"},\"headline\":\"Norma Fuentes recorri\u00f3 el predio donde se desarrollar\u00e1 una nueva edici\u00f3n de \u201cSantiago es tu R\u00edo\u201d\",\"datePublished\":\"2026-01-07T03:48:20+00:00\",\"dateModified\":\"2026-01-07T03:48:21+00:00\",\"mainEntityOfPage\":{\"@id\":\"https:\/\/nativainfo.com\/?p=5509\"},\"wordCount\":159,\"commentCount\":0,\"publisher\":{\"@id\":\"https:\/\/nativainfo.com\/#organization\"},\"image\":{\"@id\":\"https:\/\/nativainfo.com\/?p=5509#primaryimage\"},\"thumbnailUrl\":\"https:\/\/nativainfo.com\/wp-content\/uploads\/2026\/01\/imagen_2026-01-07_004756414.png\",\"articleSection\":[\"Santiago del Estero\"],\"inLanguage\":\"es-AR\",\"potentialAction\":[{\"@type\":\"CommentAction\",\"name\":\"Comment\",\"target\":[\"https:\/\/nativainfo.com\/?p=5509#respond\"]}]},{\"@type\":\"WebPage\",\"@id\":\"https:\/\/nativainfo.com\/?p=5509\",\"url\":\"https:\/\/nativainfo.com\/?p=5509\",\"name\":\"Norma Fuentes recorri\u00f3 el predio donde se desarrollar\u00e1 una nueva edici\u00f3n de \u201cSantiago es tu R\u00edo\u201d - Nativa Info\",\"isPartOf\":{\"@id\":\"https:\/\/nativainfo.com\/#website\"},\"primaryImageOfPage\":{\"@id\":\"https:\/\/nativainfo.com\/?p=5509#primaryimage\"},\"image\":{\"@id\":\"https:\/\/nativainfo.com\/?p=5509#primaryimage\"},\"thumbnailUrl\":\"https:\/\/nativainfo.com\/wp-content\/uploads\/2026\/01\/imagen_2026-01-07_004756414.png\",\"datePublished\":\"2026-01-07T03:48:20+00:00\",\"dateModified\":\"2026-01-07T03:48:21+00:00\",\"breadcrumb\":{\"@id\":\"https:\/\/nativainfo.com\/?p=5509#breadcrumb\"},\"inLanguage\":\"es-AR\",\"potentialAction\":[{\"@type\":\"ReadAction\",\"target\":[\"https:\/\/nativainfo.com\/?p=5509\"]}]},{\"@type\":\"ImageObject\",\"inLanguage\":\"es-AR\",\"@id\":\"https:\/\/nativainfo.com\/?p=5509#primaryimage\",\"url\":\"https:\/\/nativainfo.com\/wp-content\/uploads\/2026\/01\/imagen_2026-01-07_004756414.png\",\"contentUrl\":\"https:\/\/nativainfo.com\/wp-content\/uploads\/2026\/01\/imagen_2026-01-07_004756414.png\",\"width\":1010,\"height\":567},{\"@type\":\"BreadcrumbList\",\"@id\":\"https:\/\/nativainfo.com\/?p=5509#breadcrumb\",\"itemListElement\":[{\"@type\":\"ListItem\",\"position\":1,\"name\":\"Inicio\",\"item\":\"https:\/\/nativainfo.com\/\"},{\"@type\":\"ListItem\",\"position\":2,\"name\":\"Norma Fuentes recorri\u00f3 el predio donde se desarrollar\u00e1 una nueva edici\u00f3n de \u201cSantiago es tu R\u00edo\u201d\"}]},{\"@type\":\"WebSite\",\"@id\":\"https:\/\/nativainfo.com\/#website\",\"url\":\"https:\/\/nativainfo.com\/\",\"name\":\"Nativa Info\",\"description\":\"Diario Digital\",\"publisher\":{\"@id\":\"https:\/\/nativainfo.com\/#organization\"},\"potentialAction\":[{\"@type\":\"SearchAction\",\"target\":{\"@type\":\"EntryPoint\",\"urlTemplate\":\"https:\/\/nativainfo.com\/?s={search_term_string}\"},\"query-input\":{\"@type\":\"PropertyValueSpecification\",\"valueRequired\":true,\"valueName\":\"search_term_string\"}}],\"inLanguage\":\"es-AR\"},{\"@type\":\"Organization\",\"@id\":\"https:\/\/nativainfo.com\/#organization\",\"name\":\"Nativa Info\",\"url\":\"https:\/\/nativainfo.com\/\",\"logo\":{\"@type\":\"ImageObject\",\"inLanguage\":\"es-AR\",\"@id\":\"https:\/\/nativainfo.com\/#\/schema\/logo\/image\/\",\"url\":\"https:\/\/nativainfo.com\/wp-content\/uploads\/2025\/08\/LOGO-NATIVA-FACE.jpg\",\"contentUrl\":\"https:\/\/nativainfo.com\/wp-content\/uploads\/2025\/08\/LOGO-NATIVA-FACE.jpg\",\"width\":400,\"height\":400,\"caption\":\"Nativa Info\"},\"image\":{\"@id\":\"https:\/\/nativainfo.com\/#\/schema\/logo\/image\/\"},\"sameAs\":[\"https:\/\/www.facebook.com\/profile.php?id=61578881597564\"]},{\"@type\":\"Person\",\"@id\":\"https:\/\/nativainfo.com\/#\/schema\/person\/24893b64a9cd564ddb5d102d36eb4b5c\",\"name\":\"Nativa Info\",\"image\":{\"@type\":\"ImageObject\",\"inLanguage\":\"es-AR\",\"@id\":\"https:\/\/nativainfo.com\/#\/schema\/person\/image\/\",\"url\":\"https:\/\/secure.gravatar.com\/avatar\/016fa1cf068d85136d938e1507b9b619cb766e2565cbb1faa1e571762460c785?s=96&d=mm&r=g\",\"contentUrl\":\"https:\/\/secure.gravatar.com\/avatar\/016fa1cf068d85136d938e1507b9b619cb766e2565cbb1faa1e571762460c785?s=96&d=mm&r=g\",\"caption\":\"Nativa Info\"},\"sameAs\":[\"http:\/\/nativainfo.com\"],\"url\":\"https:\/\/nativainfo.com\/?author=1\"}]}<\/script>\n<!-- \/ Yoast SEO plugin. -->","yoast_head_json":{"title":"Norma Fuentes recorri\u00f3 el predio donde se desarrollar\u00e1 una nueva edici\u00f3n de \u201cSantiago es tu R\u00edo\u201d - Nativa Info","robots":{"index":"index","follow":"follow","max-snippet":"max-snippet:-1","max-image-preview":"max-image-preview:large","max-video-preview":"max-video-preview:-1"},"canonical":"https:\/\/nativainfo.com\/?p=5509","og_locale":"es_ES","og_type":"article","og_title":"Norma Fuentes recorri\u00f3 el predio donde se desarrollar\u00e1 una nueva edici\u00f3n de \u201cSantiago es tu R\u00edo\u201d - Nativa Info","og_description":"La intendenta de la Capital, Ing. Norma Fuentes, visit\u00f3 el predio ubicado en avenida Alsina y la Costanera Luis \u201cChacho\u201d... Continue reading","og_url":"https:\/\/nativainfo.com\/?p=5509","og_site_name":"Nativa Info","article_publisher":"https:\/\/www.facebook.com\/profile.php?id=61578881597564","article_published_time":"2026-01-07T03:48:20+00:00","article_modified_time":"2026-01-07T03:48:21+00:00","og_image":[{"width":1010,"height":567,"url":"https:\/\/nativainfo.com\/wp-content\/uploads\/2026\/01\/imagen_2026-01-07_004756414.png","type":"image\/png"}],"author":"Nativa Info","twitter_card":"summary_large_image","twitter_misc":{"Escrito por":"Nativa Info","Tiempo de lectura":"1 minuto"},"schema":{"@context":"https:\/\/schema.org","@graph":[{"@type":"Article","@id":"https:\/\/nativainfo.com\/?p=5509#article","isPartOf":{"@id":"https:\/\/nativainfo.com\/?p=5509"},"author":{"name":"Nativa Info","@id":"https:\/\/nativainfo.com\/#\/schema\/person\/24893b64a9cd564ddb5d102d36eb4b5c"},"headline":"Norma Fuentes recorri\u00f3 el predio donde se desarrollar\u00e1 una nueva edici\u00f3n de \u201cSantiago es tu R\u00edo\u201d","datePublished":"2026-01-07T03:48:20+00:00","dateModified":"2026-01-07T03:48:21+00:00","mainEntityOfPage":{"@id":"https:\/\/nativainfo.com\/?p=5509"},"wordCount":159,"commentCount":0,"publisher":{"@id":"https:\/\/nativainfo.com\/#organization"},"image":{"@id":"https:\/\/nativainfo.com\/?p=5509#primaryimage"},"thumbnailUrl":"https:\/\/nativainfo.com\/wp-content\/uploads\/2026\/01\/imagen_2026-01-07_004756414.png","articleSection":["Santiago del Estero"],"inLanguage":"es-AR","potentialAction":[{"@type":"CommentAction","name":"Comment","target":["https:\/\/nativainfo.com\/?p=5509#respond"]}]},{"@type":"WebPage","@id":"https:\/\/nativainfo.com\/?p=5509","url":"https:\/\/nativainfo.com\/?p=5509","name":"Norma Fuentes recorri\u00f3 el predio donde se desarrollar\u00e1 una nueva edici\u00f3n de \u201cSantiago es tu R\u00edo\u201d - Nativa Info","isPartOf":{"@id":"https:\/\/nativainfo.com\/#website"},"primaryImageOfPage":{"@id":"https:\/\/nativainfo.com\/?p=5509#primaryimage"},"image":{"@id":"https:\/\/nativainfo.com\/?p=5509#primaryimage"},"thumbnailUrl":"https:\/\/nativainfo.com\/wp-content\/uploads\/2026\/01\/imagen_2026-01-07_004756414.png","datePublished":"2026-01-07T03:48:20+00:00","dateModified":"2026-01-07T03:48:21+00:00","breadcrumb":{"@id":"https:\/\/nativainfo.com\/?p=5509#breadcrumb"},"inLanguage":"es-AR","potentialAction":[{"@type":"ReadAction","target":["https:\/\/nativainfo.com\/?p=5509"]}]},{"@type":"ImageObject","inLanguage":"es-AR","@id":"https:\/\/nativainfo.com\/?p=5509#primaryimage","url":"https:\/\/nativainfo.com\/wp-content\/uploads\/2026\/01\/imagen_2026-01-07_004756414.png","contentUrl":"https:\/\/nativainfo.com\/wp-content\/uploads\/2026\/01\/imagen_2026-01-07_004756414.png","width":1010,"height":567},{"@type":"BreadcrumbList","@id":"https:\/\/nativainfo.com\/?p=5509#breadcrumb","itemListElement":[{"@type":"ListItem","position":1,"name":"Inicio","item":"https:\/\/nativainfo.com\/"},{"@type":"ListItem","position":2,"name":"Norma Fuentes recorri\u00f3 el predio donde se desarrollar\u00e1 una nueva edici\u00f3n de \u201cSantiago es tu R\u00edo\u201d"}]},{"@type":"WebSite","@id":"https:\/\/nativainfo.com\/#website","url":"https:\/\/nativainfo.com\/","name":"Nativa Info","description":"Diario Digital","publisher":{"@id":"https:\/\/nativainfo.com\/#organization"},"potentialAction":[{"@type":"SearchAction","target":{"@type":"EntryPoint","urlTemplate":"https:\/\/nativainfo.com\/?s={search_term_string}"},"query-input":{"@type":"PropertyValueSpecification","valueRequired":true,"valueName":"search_term_string"}}],"inLanguage":"es-AR"},{"@type":"Organization","@id":"https:\/\/nativainfo.com\/#organization","name":"Nativa Info","url":"https:\/\/nativainfo.com\/","logo":{"@type":"ImageObject","inLanguage":"es-AR","@id":"https:\/\/nativainfo.com\/#\/schema\/logo\/image\/","url":"https:\/\/nativainfo.com\/wp-content\/uploads\/2025\/08\/LOGO-NATIVA-FACE.jpg","contentUrl":"https:\/\/nativainfo.com\/wp-content\/uploads\/2025\/08\/LOGO-NATIVA-FACE.jpg","width":400,"height":400,"caption":"Nativa Info"},"image":{"@id":"https:\/\/nativainfo.com\/#\/schema\/logo\/image\/"},"sameAs":["https:\/\/www.facebook.com\/profile.php?id=61578881597564"]},{"@type":"Person","@id":"https:\/\/nativainfo.com\/#\/schema\/person\/24893b64a9cd564ddb5d102d36eb4b5c","name":"Nativa Info","image":{"@type":"ImageObject","inLanguage":"es-AR","@id":"https:\/\/nativainfo.com\/#\/schema\/person\/image\/","url":"https:\/\/secure.gravatar.com\/avatar\/016fa1cf068d85136d938e1507b9b619cb766e2565cbb1faa1e571762460c785?s=96&d=mm&r=g","contentUrl":"https:\/\/secure.gravatar.com\/avatar\/016fa1cf068d85136d938e1507b9b619cb766e2565cbb1faa1e571762460c785?s=96&d=mm&r=g","caption":"Nativa Info"},"sameAs":["http:\/\/nativainfo.com"],"url":"https:\/\/nativainfo.com\/?author=1"}]}},"jetpack_publicize_connections":[],"_links":{"self":[{"href":"https:\/\/nativainfo.com\/index.php?rest_route=\/wp\/v2\/posts\/5509","targetHints":{"allow":["GET"]}}],"collection":[{"href":"https:\/\/nativainfo.com\/index.php?rest_route=\/wp\/v2\/posts"}],"about":[{"href":"https:\/\/nativainfo.com\/index.php?rest_route=\/wp\/v2\/types\/post"}],"author":[{"embeddable":true,"href":"https:\/\/nativainfo.com\/index.php?rest_route=\/wp\/v2\/users\/1"}],"replies":[{"embeddable":true,"href":"https:\/\/nativainfo.com\/index.php?rest_route=%2Fwp%2Fv2%2Fcomments&post=5509"}],"version-history":[{"count":1,"href":"https:\/\/nativainfo.com\/index.php?rest_route=\/wp\/v2\/posts\/5509\/revisions"}],"predecessor-version":[{"id":5513,"href":"https:\/\/nativainfo.com\/index.php?rest_route=\/wp\/v2\/posts\/5509\/revisions\/5513"}],"wp:attachment":[{"href":"https:\/\/nativainfo.com\/index.php?rest_route=%2Fwp%2Fv2%2Fmedia&parent=5509"}],"wp:term":[{"taxonomy":"category","embeddable":true,"href":"https:\/\/nativainfo.com\/index.php?rest_route=%2Fwp%2Fv2%2Fcategories&post=5509"},{"taxonomy":"post_tag","embeddable":true,"href":"https:\/\/nativainfo.com\/index.php?rest_route=%2Fwp%2Fv2%2Ftags&post=5509"}],"curies":[{"name":"wp","href":"https:\/\/api.w.org\/{rel}","templated":true}]}}