{"id":5490,"date":"2025-12-31T21:07:57","date_gmt":"2026-01-01T00:07:57","guid":{"rendered":"https:\/\/nativainfo.com\/?p=5490"},"modified":"2025-12-31T21:07:58","modified_gmt":"2026-01-01T00:07:58","slug":"radamel-y-milo-j-se-suman-a-una-noche-destacada-del-festival-nacional-de-la-chacarera","status":"publish","type":"post","link":"https:\/\/nativainfo.com\/?p=5490","title":{"rendered":"Radamel y Milo J se suman a una noche destacada del Festival Nacional de la Chacarera"},"content":{"rendered":"\n<figure class=\"wp-block-image size-full\"><img fetchpriority=\"high\" decoding=\"async\" width=\"1010\" height=\"567\" src=\"https:\/\/nativainfo.com\/wp-content\/uploads\/2025\/12\/imagen_2025-12-31_210747334.png\" alt=\"\" class=\"wp-image-5497\" srcset=\"https:\/\/nativainfo.com\/wp-content\/uploads\/2025\/12\/imagen_2025-12-31_210747334.png 1010w, https:\/\/nativainfo.com\/wp-content\/uploads\/2025\/12\/imagen_2025-12-31_210747334-300x168.png 300w, https:\/\/nativainfo.com\/wp-content\/uploads\/2025\/12\/imagen_2025-12-31_210747334-768x431.png 768w, https:\/\/nativainfo.com\/wp-content\/uploads\/2025\/12\/imagen_2025-12-31_210747334-623x350.png 623w, https:\/\/nativainfo.com\/wp-content\/uploads\/2025\/12\/imagen_2025-12-31_210747334-150x84.png 150w\" sizes=\"(max-width: 1010px) 100vw, 1010px\" \/><\/figure>\n\n\n\n<p>El joven cantante santiague\u00f1o Dami\u00e1n Radamel Stieffel, oriundo de Suncho Corral y una de las voces emergentes con mayor proyecci\u00f3n dentro del folclore argentino, se presentar\u00e1 el pr\u00f3ximo 2 de enero en el 55\u00ba Festival Nacional de la Chacarera.<\/p>\n\n\n\n<p>Radamel subir\u00e1 al escenario Agust\u00edn Carabajal en una actuaci\u00f3n especial, tras ser invitado por \u201cCuti\u201d Carabajal, con quien interpretar\u00e1 canciones en vivo y compartir\u00e1 un momento significativo dentro del tradicional festival.<\/p>\n\n\n\n<p>La jornada tendr\u00e1 adem\u00e1s la presencia de Milo J, una de las figuras m\u00e1s destacadas de la m\u00fasica popular actual, cuya participaci\u00f3n promete convertirse en uno de los momentos m\u00e1s esperados de la noche, en un cruce generacional que realzar\u00e1 la propuesta art\u00edstica del evento.<\/p>\n","protected":false},"excerpt":{"rendered":"<p>El joven cantante santiague\u00f1o Dami\u00e1n Radamel Stieffel, oriundo de Suncho Corral y una de las voces emergentes con mayor proyecci\u00f3n&#8230; <a class=\"continue-reading-link\" href=\"https:\/\/nativainfo.com\/?p=5490\">Continue reading<\/a><\/p>\n","protected":false},"author":1,"featured_media":0,"comment_status":"open","ping_status":"open","sticky":false,"template":"","format":"standard","meta":{"rop_custom_images_group":[],"rop_custom_messages_group":[],"rop_publish_now":"yes","rop_publish_now_accounts":[],"rop_publish_now_history":[],"rop_publish_now_status":"pending","footnotes":"","jetpack_publicize_message":"","jetpack_publicize_feature_enabled":true,"jetpack_social_post_already_shared":false,"jetpack_social_options":{"image_generator_settings":{"template":"highway","default_image_id":0,"font":"","enabled":false},"version":2}},"categories":[25],"tags":[],"class_list":["post-5490","post","type-post","status-publish","format-standard","hentry","category-cultura"],"yoast_head":"<!-- This site is optimized with the Yoast SEO plugin v25.6 - https:\/\/yoast.com\/wordpress\/plugins\/seo\/ -->\n<title>Radamel y Milo J se suman a una noche destacada del Festival Nacional de la Chacarera - Nativa Info<\/title>\n<meta name=\"robots\" content=\"index, follow, max-snippet:-1, max-image-preview:large, max-video-preview:-1\" \/>\n<link rel=\"canonical\" href=\"https:\/\/nativainfo.com\/?p=5490\" \/>\n<meta property=\"og:locale\" content=\"es_ES\" \/>\n<meta property=\"og:type\" content=\"article\" \/>\n<meta property=\"og:title\" content=\"Radamel y Milo J se suman a una noche destacada del Festival Nacional de la Chacarera - Nativa Info\" \/>\n<meta property=\"og:description\" content=\"El joven cantante santiague\u00f1o Dami\u00e1n Radamel Stieffel, oriundo de Suncho Corral y una de las voces emergentes con mayor proyecci\u00f3n... Continue reading\" \/>\n<meta property=\"og:url\" content=\"https:\/\/nativainfo.com\/?p=5490\" \/>\n<meta property=\"og:site_name\" content=\"Nativa Info\" \/>\n<meta property=\"article:publisher\" content=\"https:\/\/www.facebook.com\/profile.php?id=61578881597564\" \/>\n<meta property=\"article:published_time\" content=\"2026-01-01T00:07:57+00:00\" \/>\n<meta property=\"article:modified_time\" content=\"2026-01-01T00:07:58+00:00\" \/>\n<meta property=\"og:image\" content=\"https:\/\/nativainfo.com\/wp-content\/uploads\/2025\/12\/imagen_2025-12-31_210747334.png\" \/>\n\t<meta property=\"og:image:width\" content=\"1010\" \/>\n\t<meta property=\"og:image:height\" content=\"567\" \/>\n\t<meta property=\"og:image:type\" content=\"image\/png\" \/>\n<meta name=\"author\" content=\"Nativa Info\" \/>\n<meta name=\"twitter:card\" content=\"summary_large_image\" \/>\n<meta name=\"twitter:label1\" content=\"Escrito por\" \/>\n\t<meta name=\"twitter:data1\" content=\"Nativa Info\" \/>\n\t<meta name=\"twitter:label2\" content=\"Tiempo de lectura\" \/>\n\t<meta name=\"twitter:data2\" content=\"1 minuto\" \/>\n<script type=\"application\/ld+json\" class=\"yoast-schema-graph\">{\"@context\":\"https:\/\/schema.org\",\"@graph\":[{\"@type\":\"Article\",\"@id\":\"https:\/\/nativainfo.com\/?p=5490#article\",\"isPartOf\":{\"@id\":\"https:\/\/nativainfo.com\/?p=5490\"},\"author\":{\"name\":\"Nativa Info\",\"@id\":\"https:\/\/nativainfo.com\/#\/schema\/person\/24893b64a9cd564ddb5d102d36eb4b5c\"},\"headline\":\"Radamel y Milo J se suman a una noche destacada del Festival Nacional de la Chacarera\",\"datePublished\":\"2026-01-01T00:07:57+00:00\",\"dateModified\":\"2026-01-01T00:07:58+00:00\",\"mainEntityOfPage\":{\"@id\":\"https:\/\/nativainfo.com\/?p=5490\"},\"wordCount\":141,\"commentCount\":0,\"publisher\":{\"@id\":\"https:\/\/nativainfo.com\/#organization\"},\"image\":{\"@id\":\"https:\/\/nativainfo.com\/?p=5490#primaryimage\"},\"thumbnailUrl\":\"https:\/\/nativainfo.com\/wp-content\/uploads\/2025\/12\/imagen_2025-12-31_210747334.png\",\"articleSection\":[\"Cultura\"],\"inLanguage\":\"es-AR\",\"potentialAction\":[{\"@type\":\"CommentAction\",\"name\":\"Comment\",\"target\":[\"https:\/\/nativainfo.com\/?p=5490#respond\"]}]},{\"@type\":\"WebPage\",\"@id\":\"https:\/\/nativainfo.com\/?p=5490\",\"url\":\"https:\/\/nativainfo.com\/?p=5490\",\"name\":\"Radamel y Milo J se suman a una noche destacada del Festival Nacional de la Chacarera - Nativa Info\",\"isPartOf\":{\"@id\":\"https:\/\/nativainfo.com\/#website\"},\"primaryImageOfPage\":{\"@id\":\"https:\/\/nativainfo.com\/?p=5490#primaryimage\"},\"image\":{\"@id\":\"https:\/\/nativainfo.com\/?p=5490#primaryimage\"},\"thumbnailUrl\":\"https:\/\/nativainfo.com\/wp-content\/uploads\/2025\/12\/imagen_2025-12-31_210747334.png\",\"datePublished\":\"2026-01-01T00:07:57+00:00\",\"dateModified\":\"2026-01-01T00:07:58+00:00\",\"breadcrumb\":{\"@id\":\"https:\/\/nativainfo.com\/?p=5490#breadcrumb\"},\"inLanguage\":\"es-AR\",\"potentialAction\":[{\"@type\":\"ReadAction\",\"target\":[\"https:\/\/nativainfo.com\/?p=5490\"]}]},{\"@type\":\"ImageObject\",\"inLanguage\":\"es-AR\",\"@id\":\"https:\/\/nativainfo.com\/?p=5490#primaryimage\",\"url\":\"https:\/\/nativainfo.com\/wp-content\/uploads\/2025\/12\/imagen_2025-12-31_210747334.png\",\"contentUrl\":\"https:\/\/nativainfo.com\/wp-content\/uploads\/2025\/12\/imagen_2025-12-31_210747334.png\",\"width\":1010,\"height\":567},{\"@type\":\"BreadcrumbList\",\"@id\":\"https:\/\/nativainfo.com\/?p=5490#breadcrumb\",\"itemListElement\":[{\"@type\":\"ListItem\",\"position\":1,\"name\":\"Inicio\",\"item\":\"https:\/\/nativainfo.com\/\"},{\"@type\":\"ListItem\",\"position\":2,\"name\":\"Radamel y Milo J se suman a una noche destacada del Festival Nacional de la Chacarera\"}]},{\"@type\":\"WebSite\",\"@id\":\"https:\/\/nativainfo.com\/#website\",\"url\":\"https:\/\/nativainfo.com\/\",\"name\":\"Nativa Info\",\"description\":\"Diario Digital\",\"publisher\":{\"@id\":\"https:\/\/nativainfo.com\/#organization\"},\"potentialAction\":[{\"@type\":\"SearchAction\",\"target\":{\"@type\":\"EntryPoint\",\"urlTemplate\":\"https:\/\/nativainfo.com\/?s={search_term_string}\"},\"query-input\":{\"@type\":\"PropertyValueSpecification\",\"valueRequired\":true,\"valueName\":\"search_term_string\"}}],\"inLanguage\":\"es-AR\"},{\"@type\":\"Organization\",\"@id\":\"https:\/\/nativainfo.com\/#organization\",\"name\":\"Nativa Info\",\"url\":\"https:\/\/nativainfo.com\/\",\"logo\":{\"@type\":\"ImageObject\",\"inLanguage\":\"es-AR\",\"@id\":\"https:\/\/nativainfo.com\/#\/schema\/logo\/image\/\",\"url\":\"https:\/\/nativainfo.com\/wp-content\/uploads\/2025\/08\/LOGO-NATIVA-FACE.jpg\",\"contentUrl\":\"https:\/\/nativainfo.com\/wp-content\/uploads\/2025\/08\/LOGO-NATIVA-FACE.jpg\",\"width\":400,\"height\":400,\"caption\":\"Nativa Info\"},\"image\":{\"@id\":\"https:\/\/nativainfo.com\/#\/schema\/logo\/image\/\"},\"sameAs\":[\"https:\/\/www.facebook.com\/profile.php?id=61578881597564\"]},{\"@type\":\"Person\",\"@id\":\"https:\/\/nativainfo.com\/#\/schema\/person\/24893b64a9cd564ddb5d102d36eb4b5c\",\"name\":\"Nativa Info\",\"image\":{\"@type\":\"ImageObject\",\"inLanguage\":\"es-AR\",\"@id\":\"https:\/\/nativainfo.com\/#\/schema\/person\/image\/\",\"url\":\"https:\/\/secure.gravatar.com\/avatar\/016fa1cf068d85136d938e1507b9b619cb766e2565cbb1faa1e571762460c785?s=96&d=mm&r=g\",\"contentUrl\":\"https:\/\/secure.gravatar.com\/avatar\/016fa1cf068d85136d938e1507b9b619cb766e2565cbb1faa1e571762460c785?s=96&d=mm&r=g\",\"caption\":\"Nativa Info\"},\"sameAs\":[\"http:\/\/nativainfo.com\"],\"url\":\"https:\/\/nativainfo.com\/?author=1\"}]}<\/script>\n<!-- \/ Yoast SEO plugin. -->","yoast_head_json":{"title":"Radamel y Milo J se suman a una noche destacada del Festival Nacional de la Chacarera - Nativa Info","robots":{"index":"index","follow":"follow","max-snippet":"max-snippet:-1","max-image-preview":"max-image-preview:large","max-video-preview":"max-video-preview:-1"},"canonical":"https:\/\/nativainfo.com\/?p=5490","og_locale":"es_ES","og_type":"article","og_title":"Radamel y Milo J se suman a una noche destacada del Festival Nacional de la Chacarera - Nativa Info","og_description":"El joven cantante santiague\u00f1o Dami\u00e1n Radamel Stieffel, oriundo de Suncho Corral y una de las voces emergentes con mayor proyecci\u00f3n... Continue reading","og_url":"https:\/\/nativainfo.com\/?p=5490","og_site_name":"Nativa Info","article_publisher":"https:\/\/www.facebook.com\/profile.php?id=61578881597564","article_published_time":"2026-01-01T00:07:57+00:00","article_modified_time":"2026-01-01T00:07:58+00:00","og_image":[{"width":1010,"height":567,"url":"https:\/\/nativainfo.com\/wp-content\/uploads\/2025\/12\/imagen_2025-12-31_210747334.png","type":"image\/png"}],"author":"Nativa Info","twitter_card":"summary_large_image","twitter_misc":{"Escrito por":"Nativa Info","Tiempo de lectura":"1 minuto"},"schema":{"@context":"https:\/\/schema.org","@graph":[{"@type":"Article","@id":"https:\/\/nativainfo.com\/?p=5490#article","isPartOf":{"@id":"https:\/\/nativainfo.com\/?p=5490"},"author":{"name":"Nativa Info","@id":"https:\/\/nativainfo.com\/#\/schema\/person\/24893b64a9cd564ddb5d102d36eb4b5c"},"headline":"Radamel y Milo J se suman a una noche destacada del Festival Nacional de la Chacarera","datePublished":"2026-01-01T00:07:57+00:00","dateModified":"2026-01-01T00:07:58+00:00","mainEntityOfPage":{"@id":"https:\/\/nativainfo.com\/?p=5490"},"wordCount":141,"commentCount":0,"publisher":{"@id":"https:\/\/nativainfo.com\/#organization"},"image":{"@id":"https:\/\/nativainfo.com\/?p=5490#primaryimage"},"thumbnailUrl":"https:\/\/nativainfo.com\/wp-content\/uploads\/2025\/12\/imagen_2025-12-31_210747334.png","articleSection":["Cultura"],"inLanguage":"es-AR","potentialAction":[{"@type":"CommentAction","name":"Comment","target":["https:\/\/nativainfo.com\/?p=5490#respond"]}]},{"@type":"WebPage","@id":"https:\/\/nativainfo.com\/?p=5490","url":"https:\/\/nativainfo.com\/?p=5490","name":"Radamel y Milo J se suman a una noche destacada del Festival Nacional de la Chacarera - Nativa Info","isPartOf":{"@id":"https:\/\/nativainfo.com\/#website"},"primaryImageOfPage":{"@id":"https:\/\/nativainfo.com\/?p=5490#primaryimage"},"image":{"@id":"https:\/\/nativainfo.com\/?p=5490#primaryimage"},"thumbnailUrl":"https:\/\/nativainfo.com\/wp-content\/uploads\/2025\/12\/imagen_2025-12-31_210747334.png","datePublished":"2026-01-01T00:07:57+00:00","dateModified":"2026-01-01T00:07:58+00:00","breadcrumb":{"@id":"https:\/\/nativainfo.com\/?p=5490#breadcrumb"},"inLanguage":"es-AR","potentialAction":[{"@type":"ReadAction","target":["https:\/\/nativainfo.com\/?p=5490"]}]},{"@type":"ImageObject","inLanguage":"es-AR","@id":"https:\/\/nativainfo.com\/?p=5490#primaryimage","url":"https:\/\/nativainfo.com\/wp-content\/uploads\/2025\/12\/imagen_2025-12-31_210747334.png","contentUrl":"https:\/\/nativainfo.com\/wp-content\/uploads\/2025\/12\/imagen_2025-12-31_210747334.png","width":1010,"height":567},{"@type":"BreadcrumbList","@id":"https:\/\/nativainfo.com\/?p=5490#breadcrumb","itemListElement":[{"@type":"ListItem","position":1,"name":"Inicio","item":"https:\/\/nativainfo.com\/"},{"@type":"ListItem","position":2,"name":"Radamel y Milo J se suman a una noche destacada del Festival Nacional de la Chacarera"}]},{"@type":"WebSite","@id":"https:\/\/nativainfo.com\/#website","url":"https:\/\/nativainfo.com\/","name":"Nativa Info","description":"Diario Digital","publisher":{"@id":"https:\/\/nativainfo.com\/#organization"},"potentialAction":[{"@type":"SearchAction","target":{"@type":"EntryPoint","urlTemplate":"https:\/\/nativainfo.com\/?s={search_term_string}"},"query-input":{"@type":"PropertyValueSpecification","valueRequired":true,"valueName":"search_term_string"}}],"inLanguage":"es-AR"},{"@type":"Organization","@id":"https:\/\/nativainfo.com\/#organization","name":"Nativa Info","url":"https:\/\/nativainfo.com\/","logo":{"@type":"ImageObject","inLanguage":"es-AR","@id":"https:\/\/nativainfo.com\/#\/schema\/logo\/image\/","url":"https:\/\/nativainfo.com\/wp-content\/uploads\/2025\/08\/LOGO-NATIVA-FACE.jpg","contentUrl":"https:\/\/nativainfo.com\/wp-content\/uploads\/2025\/08\/LOGO-NATIVA-FACE.jpg","width":400,"height":400,"caption":"Nativa Info"},"image":{"@id":"https:\/\/nativainfo.com\/#\/schema\/logo\/image\/"},"sameAs":["https:\/\/www.facebook.com\/profile.php?id=61578881597564"]},{"@type":"Person","@id":"https:\/\/nativainfo.com\/#\/schema\/person\/24893b64a9cd564ddb5d102d36eb4b5c","name":"Nativa Info","image":{"@type":"ImageObject","inLanguage":"es-AR","@id":"https:\/\/nativainfo.com\/#\/schema\/person\/image\/","url":"https:\/\/secure.gravatar.com\/avatar\/016fa1cf068d85136d938e1507b9b619cb766e2565cbb1faa1e571762460c785?s=96&d=mm&r=g","contentUrl":"https:\/\/secure.gravatar.com\/avatar\/016fa1cf068d85136d938e1507b9b619cb766e2565cbb1faa1e571762460c785?s=96&d=mm&r=g","caption":"Nativa Info"},"sameAs":["http:\/\/nativainfo.com"],"url":"https:\/\/nativainfo.com\/?author=1"}]}},"jetpack_publicize_connections":[],"_links":{"self":[{"href":"https:\/\/nativainfo.com\/index.php?rest_route=\/wp\/v2\/posts\/5490","targetHints":{"allow":["GET"]}}],"collection":[{"href":"https:\/\/nativainfo.com\/index.php?rest_route=\/wp\/v2\/posts"}],"about":[{"href":"https:\/\/nativainfo.com\/index.php?rest_route=\/wp\/v2\/types\/post"}],"author":[{"embeddable":true,"href":"https:\/\/nativainfo.com\/index.php?rest_route=\/wp\/v2\/users\/1"}],"replies":[{"embeddable":true,"href":"https:\/\/nativainfo.com\/index.php?rest_route=%2Fwp%2Fv2%2Fcomments&post=5490"}],"version-history":[{"count":1,"href":"https:\/\/nativainfo.com\/index.php?rest_route=\/wp\/v2\/posts\/5490\/revisions"}],"predecessor-version":[{"id":5498,"href":"https:\/\/nativainfo.com\/index.php?rest_route=\/wp\/v2\/posts\/5490\/revisions\/5498"}],"wp:attachment":[{"href":"https:\/\/nativainfo.com\/index.php?rest_route=%2Fwp%2Fv2%2Fmedia&parent=5490"}],"wp:term":[{"taxonomy":"category","embeddable":true,"href":"https:\/\/nativainfo.com\/index.php?rest_route=%2Fwp%2Fv2%2Fcategories&post=5490"},{"taxonomy":"post_tag","embeddable":true,"href":"https:\/\/nativainfo.com\/index.php?rest_route=%2Fwp%2Fv2%2Ftags&post=5490"}],"curies":[{"name":"wp","href":"https:\/\/api.w.org\/{rel}","templated":true}]}}