{"id":5478,"date":"2025-12-27T01:49:28","date_gmt":"2025-12-27T04:49:28","guid":{"rendered":"https:\/\/nativainfo.com\/?p=5478"},"modified":"2025-12-27T01:49:28","modified_gmt":"2025-12-27T04:49:28","slug":"zamora-rechazo-el-presupuesto-nacional-y-cuestiono-el-recorte-de-recursos-a-las-provincias","status":"publish","type":"post","link":"https:\/\/nativainfo.com\/?p=5478","title":{"rendered":"Zamora rechaz\u00f3 el Presupuesto Nacional y cuestion\u00f3 el recorte de recursos a las provincias"},"content":{"rendered":"\n<figure class=\"wp-block-image size-full\"><img fetchpriority=\"high\" decoding=\"async\" width=\"1010\" height=\"567\" src=\"https:\/\/nativainfo.com\/wp-content\/uploads\/2025\/12\/imagen_2025-12-27_014912240.png\" alt=\"\" class=\"wp-image-5483\" srcset=\"https:\/\/nativainfo.com\/wp-content\/uploads\/2025\/12\/imagen_2025-12-27_014912240.png 1010w, https:\/\/nativainfo.com\/wp-content\/uploads\/2025\/12\/imagen_2025-12-27_014912240-300x168.png 300w, https:\/\/nativainfo.com\/wp-content\/uploads\/2025\/12\/imagen_2025-12-27_014912240-768x431.png 768w, https:\/\/nativainfo.com\/wp-content\/uploads\/2025\/12\/imagen_2025-12-27_014912240-623x350.png 623w, https:\/\/nativainfo.com\/wp-content\/uploads\/2025\/12\/imagen_2025-12-27_014912240-150x84.png 150w\" sizes=\"(max-width: 1010px) 100vw, 1010px\" \/><\/figure>\n\n\n\n<p>El senador nacional <strong>Gerardo Zamora<\/strong> rechaz\u00f3 el proyecto de <strong>Presupuesto Nacional<\/strong> impulsado por el oficialismo y advirti\u00f3 que \u201cno se puede seguir afectando los recursos de las provincias\u201d, al considerar que la iniciativa presenta <strong>falencias estructurales<\/strong> que profundizan las desigualdades territoriales.<\/p>\n\n\n\n<p>Durante su intervenci\u00f3n en el recinto, Zamora sostuvo que el presupuesto es una herramienta clave de gobierno y cuestion\u00f3 que el texto debatido <strong>desatiende las necesidades del interior del pa\u00eds<\/strong>, en particular de Santiago del Estero y de las provincias del <strong>Norte Grande<\/strong>. En ese marco, alert\u00f3 sobre el impacto negativo de los recortes en <strong>producci\u00f3n, educaci\u00f3n y ciencia<\/strong>, \u00e1reas que consider\u00f3 fundamentales para el desarrollo regional.<\/p>\n\n\n\n<p>El legislador tambi\u00e9n critic\u00f3 el <strong>ajuste sobre los fondos provinciales<\/strong>, al se\u00f1alar que pone en riesgo servicios esenciales y obras estrat\u00e9gicas, y reclam\u00f3 que no se tuvieron en cuenta propuestas hist\u00f3ricas de la regi\u00f3n que, seg\u00fan afirm\u00f3, permitir\u00edan resolver desequilibrios sin afectar el equilibrio fiscal.<\/p>\n\n\n\n<p>Finalmente, Zamora reafirm\u00f3 su compromiso con la <strong>defensa del federalismo<\/strong> y remarc\u00f3 que su voto negativo responde a la necesidad de garantizar igualdad de oportunidades y un crecimiento equilibrado en todo el pa\u00eds.<\/p>\n","protected":false},"excerpt":{"rendered":"<p>El senador nacional Gerardo Zamora rechaz\u00f3 el proyecto de Presupuesto Nacional impulsado por el oficialismo y advirti\u00f3 que \u201cno se&#8230; <a class=\"continue-reading-link\" href=\"https:\/\/nativainfo.com\/?p=5478\">Continue reading<\/a><\/p>\n","protected":false},"author":1,"featured_media":0,"comment_status":"open","ping_status":"open","sticky":false,"template":"","format":"standard","meta":{"rop_custom_images_group":[],"rop_custom_messages_group":[],"rop_publish_now":"yes","rop_publish_now_accounts":[],"rop_publish_now_history":[],"rop_publish_now_status":"pending","footnotes":"","jetpack_publicize_message":"","jetpack_publicize_feature_enabled":true,"jetpack_social_post_already_shared":false,"jetpack_social_options":{"image_generator_settings":{"template":"highway","default_image_id":0,"font":"","enabled":false},"version":2}},"categories":[8,36],"tags":[],"class_list":["post-5478","post","type-post","status-publish","format-standard","hentry","category-noticias","category-politica"],"yoast_head":"<!-- This site is optimized with the Yoast SEO plugin v25.6 - https:\/\/yoast.com\/wordpress\/plugins\/seo\/ -->\n<title>Zamora rechaz\u00f3 el Presupuesto Nacional y cuestion\u00f3 el recorte de recursos a las provincias - Nativa Info<\/title>\n<meta name=\"robots\" content=\"index, follow, max-snippet:-1, max-image-preview:large, max-video-preview:-1\" \/>\n<link rel=\"canonical\" href=\"https:\/\/nativainfo.com\/?p=5478\" \/>\n<meta property=\"og:locale\" content=\"es_ES\" \/>\n<meta property=\"og:type\" content=\"article\" \/>\n<meta property=\"og:title\" content=\"Zamora rechaz\u00f3 el Presupuesto Nacional y cuestion\u00f3 el recorte de recursos a las provincias - Nativa Info\" \/>\n<meta property=\"og:description\" content=\"El senador nacional Gerardo Zamora rechaz\u00f3 el proyecto de Presupuesto Nacional impulsado por el oficialismo y advirti\u00f3 que \u201cno se... Continue reading\" \/>\n<meta property=\"og:url\" content=\"https:\/\/nativainfo.com\/?p=5478\" \/>\n<meta property=\"og:site_name\" content=\"Nativa Info\" \/>\n<meta property=\"article:publisher\" content=\"https:\/\/www.facebook.com\/profile.php?id=61578881597564\" \/>\n<meta property=\"article:published_time\" content=\"2025-12-27T04:49:28+00:00\" \/>\n<meta property=\"og:image\" content=\"https:\/\/nativainfo.com\/wp-content\/uploads\/2025\/12\/imagen_2025-12-27_014912240.png\" \/>\n\t<meta property=\"og:image:width\" content=\"1010\" \/>\n\t<meta property=\"og:image:height\" content=\"567\" \/>\n\t<meta property=\"og:image:type\" content=\"image\/png\" \/>\n<meta name=\"author\" content=\"Nativa Info\" \/>\n<meta name=\"twitter:card\" content=\"summary_large_image\" \/>\n<meta name=\"twitter:label1\" content=\"Escrito por\" \/>\n\t<meta name=\"twitter:data1\" content=\"Nativa Info\" \/>\n\t<meta name=\"twitter:label2\" content=\"Tiempo de lectura\" \/>\n\t<meta name=\"twitter:data2\" content=\"2 minutos\" \/>\n<script type=\"application\/ld+json\" class=\"yoast-schema-graph\">{\"@context\":\"https:\/\/schema.org\",\"@graph\":[{\"@type\":\"Article\",\"@id\":\"https:\/\/nativainfo.com\/?p=5478#article\",\"isPartOf\":{\"@id\":\"https:\/\/nativainfo.com\/?p=5478\"},\"author\":{\"name\":\"Nativa Info\",\"@id\":\"https:\/\/nativainfo.com\/#\/schema\/person\/24893b64a9cd564ddb5d102d36eb4b5c\"},\"headline\":\"Zamora rechaz\u00f3 el Presupuesto Nacional y cuestion\u00f3 el recorte de recursos a las provincias\",\"datePublished\":\"2025-12-27T04:49:28+00:00\",\"mainEntityOfPage\":{\"@id\":\"https:\/\/nativainfo.com\/?p=5478\"},\"wordCount\":212,\"commentCount\":0,\"publisher\":{\"@id\":\"https:\/\/nativainfo.com\/#organization\"},\"image\":{\"@id\":\"https:\/\/nativainfo.com\/?p=5478#primaryimage\"},\"thumbnailUrl\":\"https:\/\/nativainfo.com\/wp-content\/uploads\/2025\/12\/imagen_2025-12-27_014912240.png\",\"articleSection\":[\"Noticias\",\"Pol\u00edtica\"],\"inLanguage\":\"es-AR\",\"potentialAction\":[{\"@type\":\"CommentAction\",\"name\":\"Comment\",\"target\":[\"https:\/\/nativainfo.com\/?p=5478#respond\"]}]},{\"@type\":\"WebPage\",\"@id\":\"https:\/\/nativainfo.com\/?p=5478\",\"url\":\"https:\/\/nativainfo.com\/?p=5478\",\"name\":\"Zamora rechaz\u00f3 el Presupuesto Nacional y cuestion\u00f3 el recorte de recursos a las provincias - Nativa Info\",\"isPartOf\":{\"@id\":\"https:\/\/nativainfo.com\/#website\"},\"primaryImageOfPage\":{\"@id\":\"https:\/\/nativainfo.com\/?p=5478#primaryimage\"},\"image\":{\"@id\":\"https:\/\/nativainfo.com\/?p=5478#primaryimage\"},\"thumbnailUrl\":\"https:\/\/nativainfo.com\/wp-content\/uploads\/2025\/12\/imagen_2025-12-27_014912240.png\",\"datePublished\":\"2025-12-27T04:49:28+00:00\",\"breadcrumb\":{\"@id\":\"https:\/\/nativainfo.com\/?p=5478#breadcrumb\"},\"inLanguage\":\"es-AR\",\"potentialAction\":[{\"@type\":\"ReadAction\",\"target\":[\"https:\/\/nativainfo.com\/?p=5478\"]}]},{\"@type\":\"ImageObject\",\"inLanguage\":\"es-AR\",\"@id\":\"https:\/\/nativainfo.com\/?p=5478#primaryimage\",\"url\":\"https:\/\/nativainfo.com\/wp-content\/uploads\/2025\/12\/imagen_2025-12-27_014912240.png\",\"contentUrl\":\"https:\/\/nativainfo.com\/wp-content\/uploads\/2025\/12\/imagen_2025-12-27_014912240.png\",\"width\":1010,\"height\":567},{\"@type\":\"BreadcrumbList\",\"@id\":\"https:\/\/nativainfo.com\/?p=5478#breadcrumb\",\"itemListElement\":[{\"@type\":\"ListItem\",\"position\":1,\"name\":\"Inicio\",\"item\":\"https:\/\/nativainfo.com\/\"},{\"@type\":\"ListItem\",\"position\":2,\"name\":\"Zamora rechaz\u00f3 el Presupuesto Nacional y cuestion\u00f3 el recorte de recursos a las provincias\"}]},{\"@type\":\"WebSite\",\"@id\":\"https:\/\/nativainfo.com\/#website\",\"url\":\"https:\/\/nativainfo.com\/\",\"name\":\"Nativa Info\",\"description\":\"Diario Digital\",\"publisher\":{\"@id\":\"https:\/\/nativainfo.com\/#organization\"},\"potentialAction\":[{\"@type\":\"SearchAction\",\"target\":{\"@type\":\"EntryPoint\",\"urlTemplate\":\"https:\/\/nativainfo.com\/?s={search_term_string}\"},\"query-input\":{\"@type\":\"PropertyValueSpecification\",\"valueRequired\":true,\"valueName\":\"search_term_string\"}}],\"inLanguage\":\"es-AR\"},{\"@type\":\"Organization\",\"@id\":\"https:\/\/nativainfo.com\/#organization\",\"name\":\"Nativa Info\",\"url\":\"https:\/\/nativainfo.com\/\",\"logo\":{\"@type\":\"ImageObject\",\"inLanguage\":\"es-AR\",\"@id\":\"https:\/\/nativainfo.com\/#\/schema\/logo\/image\/\",\"url\":\"https:\/\/nativainfo.com\/wp-content\/uploads\/2025\/08\/LOGO-NATIVA-FACE.jpg\",\"contentUrl\":\"https:\/\/nativainfo.com\/wp-content\/uploads\/2025\/08\/LOGO-NATIVA-FACE.jpg\",\"width\":400,\"height\":400,\"caption\":\"Nativa Info\"},\"image\":{\"@id\":\"https:\/\/nativainfo.com\/#\/schema\/logo\/image\/\"},\"sameAs\":[\"https:\/\/www.facebook.com\/profile.php?id=61578881597564\"]},{\"@type\":\"Person\",\"@id\":\"https:\/\/nativainfo.com\/#\/schema\/person\/24893b64a9cd564ddb5d102d36eb4b5c\",\"name\":\"Nativa Info\",\"image\":{\"@type\":\"ImageObject\",\"inLanguage\":\"es-AR\",\"@id\":\"https:\/\/nativainfo.com\/#\/schema\/person\/image\/\",\"url\":\"https:\/\/secure.gravatar.com\/avatar\/016fa1cf068d85136d938e1507b9b619cb766e2565cbb1faa1e571762460c785?s=96&d=mm&r=g\",\"contentUrl\":\"https:\/\/secure.gravatar.com\/avatar\/016fa1cf068d85136d938e1507b9b619cb766e2565cbb1faa1e571762460c785?s=96&d=mm&r=g\",\"caption\":\"Nativa Info\"},\"sameAs\":[\"http:\/\/nativainfo.com\"],\"url\":\"https:\/\/nativainfo.com\/?author=1\"}]}<\/script>\n<!-- \/ Yoast SEO plugin. -->","yoast_head_json":{"title":"Zamora rechaz\u00f3 el Presupuesto Nacional y cuestion\u00f3 el recorte de recursos a las provincias - Nativa Info","robots":{"index":"index","follow":"follow","max-snippet":"max-snippet:-1","max-image-preview":"max-image-preview:large","max-video-preview":"max-video-preview:-1"},"canonical":"https:\/\/nativainfo.com\/?p=5478","og_locale":"es_ES","og_type":"article","og_title":"Zamora rechaz\u00f3 el Presupuesto Nacional y cuestion\u00f3 el recorte de recursos a las provincias - Nativa Info","og_description":"El senador nacional Gerardo Zamora rechaz\u00f3 el proyecto de Presupuesto Nacional impulsado por el oficialismo y advirti\u00f3 que \u201cno se... Continue reading","og_url":"https:\/\/nativainfo.com\/?p=5478","og_site_name":"Nativa Info","article_publisher":"https:\/\/www.facebook.com\/profile.php?id=61578881597564","article_published_time":"2025-12-27T04:49:28+00:00","og_image":[{"width":1010,"height":567,"url":"https:\/\/nativainfo.com\/wp-content\/uploads\/2025\/12\/imagen_2025-12-27_014912240.png","type":"image\/png"}],"author":"Nativa Info","twitter_card":"summary_large_image","twitter_misc":{"Escrito por":"Nativa Info","Tiempo de lectura":"2 minutos"},"schema":{"@context":"https:\/\/schema.org","@graph":[{"@type":"Article","@id":"https:\/\/nativainfo.com\/?p=5478#article","isPartOf":{"@id":"https:\/\/nativainfo.com\/?p=5478"},"author":{"name":"Nativa Info","@id":"https:\/\/nativainfo.com\/#\/schema\/person\/24893b64a9cd564ddb5d102d36eb4b5c"},"headline":"Zamora rechaz\u00f3 el Presupuesto Nacional y cuestion\u00f3 el recorte de recursos a las provincias","datePublished":"2025-12-27T04:49:28+00:00","mainEntityOfPage":{"@id":"https:\/\/nativainfo.com\/?p=5478"},"wordCount":212,"commentCount":0,"publisher":{"@id":"https:\/\/nativainfo.com\/#organization"},"image":{"@id":"https:\/\/nativainfo.com\/?p=5478#primaryimage"},"thumbnailUrl":"https:\/\/nativainfo.com\/wp-content\/uploads\/2025\/12\/imagen_2025-12-27_014912240.png","articleSection":["Noticias","Pol\u00edtica"],"inLanguage":"es-AR","potentialAction":[{"@type":"CommentAction","name":"Comment","target":["https:\/\/nativainfo.com\/?p=5478#respond"]}]},{"@type":"WebPage","@id":"https:\/\/nativainfo.com\/?p=5478","url":"https:\/\/nativainfo.com\/?p=5478","name":"Zamora rechaz\u00f3 el Presupuesto Nacional y cuestion\u00f3 el recorte de recursos a las provincias - Nativa Info","isPartOf":{"@id":"https:\/\/nativainfo.com\/#website"},"primaryImageOfPage":{"@id":"https:\/\/nativainfo.com\/?p=5478#primaryimage"},"image":{"@id":"https:\/\/nativainfo.com\/?p=5478#primaryimage"},"thumbnailUrl":"https:\/\/nativainfo.com\/wp-content\/uploads\/2025\/12\/imagen_2025-12-27_014912240.png","datePublished":"2025-12-27T04:49:28+00:00","breadcrumb":{"@id":"https:\/\/nativainfo.com\/?p=5478#breadcrumb"},"inLanguage":"es-AR","potentialAction":[{"@type":"ReadAction","target":["https:\/\/nativainfo.com\/?p=5478"]}]},{"@type":"ImageObject","inLanguage":"es-AR","@id":"https:\/\/nativainfo.com\/?p=5478#primaryimage","url":"https:\/\/nativainfo.com\/wp-content\/uploads\/2025\/12\/imagen_2025-12-27_014912240.png","contentUrl":"https:\/\/nativainfo.com\/wp-content\/uploads\/2025\/12\/imagen_2025-12-27_014912240.png","width":1010,"height":567},{"@type":"BreadcrumbList","@id":"https:\/\/nativainfo.com\/?p=5478#breadcrumb","itemListElement":[{"@type":"ListItem","position":1,"name":"Inicio","item":"https:\/\/nativainfo.com\/"},{"@type":"ListItem","position":2,"name":"Zamora rechaz\u00f3 el Presupuesto Nacional y cuestion\u00f3 el recorte de recursos a las provincias"}]},{"@type":"WebSite","@id":"https:\/\/nativainfo.com\/#website","url":"https:\/\/nativainfo.com\/","name":"Nativa Info","description":"Diario Digital","publisher":{"@id":"https:\/\/nativainfo.com\/#organization"},"potentialAction":[{"@type":"SearchAction","target":{"@type":"EntryPoint","urlTemplate":"https:\/\/nativainfo.com\/?s={search_term_string}"},"query-input":{"@type":"PropertyValueSpecification","valueRequired":true,"valueName":"search_term_string"}}],"inLanguage":"es-AR"},{"@type":"Organization","@id":"https:\/\/nativainfo.com\/#organization","name":"Nativa Info","url":"https:\/\/nativainfo.com\/","logo":{"@type":"ImageObject","inLanguage":"es-AR","@id":"https:\/\/nativainfo.com\/#\/schema\/logo\/image\/","url":"https:\/\/nativainfo.com\/wp-content\/uploads\/2025\/08\/LOGO-NATIVA-FACE.jpg","contentUrl":"https:\/\/nativainfo.com\/wp-content\/uploads\/2025\/08\/LOGO-NATIVA-FACE.jpg","width":400,"height":400,"caption":"Nativa Info"},"image":{"@id":"https:\/\/nativainfo.com\/#\/schema\/logo\/image\/"},"sameAs":["https:\/\/www.facebook.com\/profile.php?id=61578881597564"]},{"@type":"Person","@id":"https:\/\/nativainfo.com\/#\/schema\/person\/24893b64a9cd564ddb5d102d36eb4b5c","name":"Nativa Info","image":{"@type":"ImageObject","inLanguage":"es-AR","@id":"https:\/\/nativainfo.com\/#\/schema\/person\/image\/","url":"https:\/\/secure.gravatar.com\/avatar\/016fa1cf068d85136d938e1507b9b619cb766e2565cbb1faa1e571762460c785?s=96&d=mm&r=g","contentUrl":"https:\/\/secure.gravatar.com\/avatar\/016fa1cf068d85136d938e1507b9b619cb766e2565cbb1faa1e571762460c785?s=96&d=mm&r=g","caption":"Nativa Info"},"sameAs":["http:\/\/nativainfo.com"],"url":"https:\/\/nativainfo.com\/?author=1"}]}},"jetpack_publicize_connections":[],"_links":{"self":[{"href":"https:\/\/nativainfo.com\/index.php?rest_route=\/wp\/v2\/posts\/5478","targetHints":{"allow":["GET"]}}],"collection":[{"href":"https:\/\/nativainfo.com\/index.php?rest_route=\/wp\/v2\/posts"}],"about":[{"href":"https:\/\/nativainfo.com\/index.php?rest_route=\/wp\/v2\/types\/post"}],"author":[{"embeddable":true,"href":"https:\/\/nativainfo.com\/index.php?rest_route=\/wp\/v2\/users\/1"}],"replies":[{"embeddable":true,"href":"https:\/\/nativainfo.com\/index.php?rest_route=%2Fwp%2Fv2%2Fcomments&post=5478"}],"version-history":[{"count":1,"href":"https:\/\/nativainfo.com\/index.php?rest_route=\/wp\/v2\/posts\/5478\/revisions"}],"predecessor-version":[{"id":5484,"href":"https:\/\/nativainfo.com\/index.php?rest_route=\/wp\/v2\/posts\/5478\/revisions\/5484"}],"wp:attachment":[{"href":"https:\/\/nativainfo.com\/index.php?rest_route=%2Fwp%2Fv2%2Fmedia&parent=5478"}],"wp:term":[{"taxonomy":"category","embeddable":true,"href":"https:\/\/nativainfo.com\/index.php?rest_route=%2Fwp%2Fv2%2Fcategories&post=5478"},{"taxonomy":"post_tag","embeddable":true,"href":"https:\/\/nativainfo.com\/index.php?rest_route=%2Fwp%2Fv2%2Ftags&post=5478"}],"curies":[{"name":"wp","href":"https:\/\/api.w.org\/{rel}","templated":true}]}}