{"id":5477,"date":"2025-12-27T01:46:24","date_gmt":"2025-12-27T04:46:24","guid":{"rendered":"https:\/\/nativainfo.com\/?p=5477"},"modified":"2025-12-27T01:46:25","modified_gmt":"2025-12-27T04:46:25","slug":"el-gobernador-elias-suarez-lanzo-el-programa-santiago-crece-con-vos-para-la-capacitacion-laboral-de-jovenes","status":"publish","type":"post","link":"https:\/\/nativainfo.com\/?p=5477","title":{"rendered":"El gobernador El\u00edas Su\u00e1rez lanz\u00f3 el programa \u201cSantiago Crece con Vos\u201d para la capacitaci\u00f3n laboral de j\u00f3venes"},"content":{"rendered":"\n<figure class=\"wp-block-image size-full\"><img fetchpriority=\"high\" decoding=\"async\" width=\"1010\" height=\"567\" src=\"https:\/\/nativainfo.com\/wp-content\/uploads\/2025\/12\/imagen_2025-12-27_014614973.png\" alt=\"\" class=\"wp-image-5480\" srcset=\"https:\/\/nativainfo.com\/wp-content\/uploads\/2025\/12\/imagen_2025-12-27_014614973.png 1010w, https:\/\/nativainfo.com\/wp-content\/uploads\/2025\/12\/imagen_2025-12-27_014614973-300x168.png 300w, https:\/\/nativainfo.com\/wp-content\/uploads\/2025\/12\/imagen_2025-12-27_014614973-768x431.png 768w, https:\/\/nativainfo.com\/wp-content\/uploads\/2025\/12\/imagen_2025-12-27_014614973-623x350.png 623w, https:\/\/nativainfo.com\/wp-content\/uploads\/2025\/12\/imagen_2025-12-27_014614973-150x84.png 150w\" sizes=\"(max-width: 1010px) 100vw, 1010px\" \/><\/figure>\n\n\n\n<p>El gobernador <strong>El\u00edas Su\u00e1rez<\/strong> encabez\u00f3 este viernes el lanzamiento del programa de capacitaci\u00f3n y formaci\u00f3n laboral para j\u00f3venes <strong>\u201cSantiago Crece con Vos\u201d<\/strong>, en un acto realizado en el <strong>Centro de Convenciones y Exposiciones F\u00f3rum<\/strong>.<\/p>\n\n\n\n<p>La iniciativa tiene como objetivo central promover una mayor inclusi\u00f3n en el mercado de trabajo a trav\u00e9s de una amplia oferta de <strong>formaci\u00f3n profesional y en oficios<\/strong>, adem\u00e1s de facilitar la <strong>terminalidad de la educaci\u00f3n secundaria<\/strong> para personas de entre <strong>18 y 35 a\u00f1os<\/strong>.<\/p>\n\n\n\n<p>Durante la presentaci\u00f3n, acompa\u00f1aron al mandatario el <strong>vicegobernador Carlos Silva Neder<\/strong>; el <strong>jefe de Gabinete, V\u00edctor Araujo<\/strong>; la <strong>ministra de Educaci\u00f3n, Mariela Nassif<\/strong>; el <strong>secretario de Ciencia y Tecnolog\u00eda, Adri\u00e1n Su\u00e1rez<\/strong>; el <strong>subsecretario de Educaci\u00f3n, Alejandro P\u00edccoli<\/strong>; y la <strong>presidenta del Consejo General de Educaci\u00f3n, Mar\u00eda Elena Herrera<\/strong>. Tambi\u00e9n estuvieron presentes los rectores de la <strong>UCSE, Luis Lucena<\/strong>, y de la <strong>UNSE, Marcelino Ledesma<\/strong>.<\/p>\n\n\n\n<p>Asimismo, participaron la <strong>directora de la Escuela de Artes y Oficios de la UNSE, Hilda Marcela Ju\u00e1rez<\/strong>; el <strong>director de Ciencia y Tecnolog\u00eda, Edmundo Vizcarra<\/strong>; la <strong>secretaria de Extensi\u00f3n de la UNSE, Mar\u00eda Rosa Barbar\u00e1n<\/strong>; y el <strong>director de Inform\u00e1tica, Mario Benavente<\/strong>, entre otras autoridades.<\/p>\n\n\n\n<p>El acto cont\u00f3 adem\u00e1s con la presencia de representantes de distintos ministerios, <strong>legisladores nacionales y provinciales<\/strong>, <strong>intendentes<\/strong> y referentes de diversos sectores, quienes acompa\u00f1aron la presentaci\u00f3n de este programa orientado a fortalecer las oportunidades de desarrollo y empleo para la juventud santiague\u00f1a.<\/p>\n","protected":false},"excerpt":{"rendered":"<p>El gobernador El\u00edas Su\u00e1rez encabez\u00f3 este viernes el lanzamiento del programa de capacitaci\u00f3n y formaci\u00f3n laboral para j\u00f3venes \u201cSantiago Crece&#8230; <a class=\"continue-reading-link\" href=\"https:\/\/nativainfo.com\/?p=5477\">Continue reading<\/a><\/p>\n","protected":false},"author":1,"featured_media":0,"comment_status":"open","ping_status":"open","sticky":false,"template":"","format":"standard","meta":{"rop_custom_images_group":[],"rop_custom_messages_group":[],"rop_publish_now":"yes","rop_publish_now_accounts":[],"rop_publish_now_history":[],"rop_publish_now_status":"pending","footnotes":"","jetpack_publicize_message":"","jetpack_publicize_feature_enabled":true,"jetpack_social_post_already_shared":false,"jetpack_social_options":{"image_generator_settings":{"template":"highway","default_image_id":0,"font":"","enabled":false},"version":2}},"categories":[8],"tags":[],"class_list":["post-5477","post","type-post","status-publish","format-standard","hentry","category-noticias"],"yoast_head":"<!-- This site is optimized with the Yoast SEO plugin v25.6 - https:\/\/yoast.com\/wordpress\/plugins\/seo\/ -->\n<title>El gobernador El\u00edas Su\u00e1rez lanz\u00f3 el programa \u201cSantiago Crece con Vos\u201d para la capacitaci\u00f3n laboral de j\u00f3venes - Nativa Info<\/title>\n<meta name=\"robots\" content=\"index, follow, max-snippet:-1, max-image-preview:large, max-video-preview:-1\" \/>\n<link rel=\"canonical\" href=\"https:\/\/nativainfo.com\/?p=5477\" \/>\n<meta property=\"og:locale\" content=\"es_ES\" \/>\n<meta property=\"og:type\" content=\"article\" \/>\n<meta property=\"og:title\" content=\"El gobernador El\u00edas Su\u00e1rez lanz\u00f3 el programa \u201cSantiago Crece con Vos\u201d para la capacitaci\u00f3n laboral de j\u00f3venes - Nativa Info\" \/>\n<meta property=\"og:description\" content=\"El gobernador El\u00edas Su\u00e1rez encabez\u00f3 este viernes el lanzamiento del programa de capacitaci\u00f3n y formaci\u00f3n laboral para j\u00f3venes \u201cSantiago Crece... Continue reading\" \/>\n<meta property=\"og:url\" content=\"https:\/\/nativainfo.com\/?p=5477\" \/>\n<meta property=\"og:site_name\" content=\"Nativa Info\" \/>\n<meta property=\"article:publisher\" content=\"https:\/\/www.facebook.com\/profile.php?id=61578881597564\" \/>\n<meta property=\"article:published_time\" content=\"2025-12-27T04:46:24+00:00\" \/>\n<meta property=\"article:modified_time\" content=\"2025-12-27T04:46:25+00:00\" \/>\n<meta property=\"og:image\" content=\"https:\/\/nativainfo.com\/wp-content\/uploads\/2025\/12\/imagen_2025-12-27_014614973.png\" \/>\n\t<meta property=\"og:image:width\" content=\"1010\" \/>\n\t<meta property=\"og:image:height\" content=\"567\" \/>\n\t<meta property=\"og:image:type\" content=\"image\/png\" \/>\n<meta name=\"author\" content=\"Nativa Info\" \/>\n<meta name=\"twitter:card\" content=\"summary_large_image\" \/>\n<meta name=\"twitter:label1\" content=\"Escrito por\" \/>\n\t<meta name=\"twitter:data1\" content=\"Nativa Info\" \/>\n\t<meta name=\"twitter:label2\" content=\"Tiempo de lectura\" \/>\n\t<meta name=\"twitter:data2\" content=\"2 minutos\" \/>\n<script type=\"application\/ld+json\" class=\"yoast-schema-graph\">{\"@context\":\"https:\/\/schema.org\",\"@graph\":[{\"@type\":\"Article\",\"@id\":\"https:\/\/nativainfo.com\/?p=5477#article\",\"isPartOf\":{\"@id\":\"https:\/\/nativainfo.com\/?p=5477\"},\"author\":{\"name\":\"Nativa Info\",\"@id\":\"https:\/\/nativainfo.com\/#\/schema\/person\/24893b64a9cd564ddb5d102d36eb4b5c\"},\"headline\":\"El gobernador El\u00edas Su\u00e1rez lanz\u00f3 el programa \u201cSantiago Crece con Vos\u201d para la capacitaci\u00f3n laboral de j\u00f3venes\",\"datePublished\":\"2025-12-27T04:46:24+00:00\",\"dateModified\":\"2025-12-27T04:46:25+00:00\",\"mainEntityOfPage\":{\"@id\":\"https:\/\/nativainfo.com\/?p=5477\"},\"wordCount\":282,\"commentCount\":0,\"publisher\":{\"@id\":\"https:\/\/nativainfo.com\/#organization\"},\"image\":{\"@id\":\"https:\/\/nativainfo.com\/?p=5477#primaryimage\"},\"thumbnailUrl\":\"https:\/\/nativainfo.com\/wp-content\/uploads\/2025\/12\/imagen_2025-12-27_014614973.png\",\"articleSection\":[\"Noticias\"],\"inLanguage\":\"es-AR\",\"potentialAction\":[{\"@type\":\"CommentAction\",\"name\":\"Comment\",\"target\":[\"https:\/\/nativainfo.com\/?p=5477#respond\"]}]},{\"@type\":\"WebPage\",\"@id\":\"https:\/\/nativainfo.com\/?p=5477\",\"url\":\"https:\/\/nativainfo.com\/?p=5477\",\"name\":\"El gobernador El\u00edas Su\u00e1rez lanz\u00f3 el programa \u201cSantiago Crece con Vos\u201d para la capacitaci\u00f3n laboral de j\u00f3venes - Nativa Info\",\"isPartOf\":{\"@id\":\"https:\/\/nativainfo.com\/#website\"},\"primaryImageOfPage\":{\"@id\":\"https:\/\/nativainfo.com\/?p=5477#primaryimage\"},\"image\":{\"@id\":\"https:\/\/nativainfo.com\/?p=5477#primaryimage\"},\"thumbnailUrl\":\"https:\/\/nativainfo.com\/wp-content\/uploads\/2025\/12\/imagen_2025-12-27_014614973.png\",\"datePublished\":\"2025-12-27T04:46:24+00:00\",\"dateModified\":\"2025-12-27T04:46:25+00:00\",\"breadcrumb\":{\"@id\":\"https:\/\/nativainfo.com\/?p=5477#breadcrumb\"},\"inLanguage\":\"es-AR\",\"potentialAction\":[{\"@type\":\"ReadAction\",\"target\":[\"https:\/\/nativainfo.com\/?p=5477\"]}]},{\"@type\":\"ImageObject\",\"inLanguage\":\"es-AR\",\"@id\":\"https:\/\/nativainfo.com\/?p=5477#primaryimage\",\"url\":\"https:\/\/nativainfo.com\/wp-content\/uploads\/2025\/12\/imagen_2025-12-27_014614973.png\",\"contentUrl\":\"https:\/\/nativainfo.com\/wp-content\/uploads\/2025\/12\/imagen_2025-12-27_014614973.png\",\"width\":1010,\"height\":567},{\"@type\":\"BreadcrumbList\",\"@id\":\"https:\/\/nativainfo.com\/?p=5477#breadcrumb\",\"itemListElement\":[{\"@type\":\"ListItem\",\"position\":1,\"name\":\"Inicio\",\"item\":\"https:\/\/nativainfo.com\/\"},{\"@type\":\"ListItem\",\"position\":2,\"name\":\"El gobernador El\u00edas Su\u00e1rez lanz\u00f3 el programa \u201cSantiago Crece con Vos\u201d para la capacitaci\u00f3n laboral de j\u00f3venes\"}]},{\"@type\":\"WebSite\",\"@id\":\"https:\/\/nativainfo.com\/#website\",\"url\":\"https:\/\/nativainfo.com\/\",\"name\":\"Nativa Info\",\"description\":\"Diario Digital\",\"publisher\":{\"@id\":\"https:\/\/nativainfo.com\/#organization\"},\"potentialAction\":[{\"@type\":\"SearchAction\",\"target\":{\"@type\":\"EntryPoint\",\"urlTemplate\":\"https:\/\/nativainfo.com\/?s={search_term_string}\"},\"query-input\":{\"@type\":\"PropertyValueSpecification\",\"valueRequired\":true,\"valueName\":\"search_term_string\"}}],\"inLanguage\":\"es-AR\"},{\"@type\":\"Organization\",\"@id\":\"https:\/\/nativainfo.com\/#organization\",\"name\":\"Nativa Info\",\"url\":\"https:\/\/nativainfo.com\/\",\"logo\":{\"@type\":\"ImageObject\",\"inLanguage\":\"es-AR\",\"@id\":\"https:\/\/nativainfo.com\/#\/schema\/logo\/image\/\",\"url\":\"https:\/\/nativainfo.com\/wp-content\/uploads\/2025\/08\/LOGO-NATIVA-FACE.jpg\",\"contentUrl\":\"https:\/\/nativainfo.com\/wp-content\/uploads\/2025\/08\/LOGO-NATIVA-FACE.jpg\",\"width\":400,\"height\":400,\"caption\":\"Nativa Info\"},\"image\":{\"@id\":\"https:\/\/nativainfo.com\/#\/schema\/logo\/image\/\"},\"sameAs\":[\"https:\/\/www.facebook.com\/profile.php?id=61578881597564\"]},{\"@type\":\"Person\",\"@id\":\"https:\/\/nativainfo.com\/#\/schema\/person\/24893b64a9cd564ddb5d102d36eb4b5c\",\"name\":\"Nativa Info\",\"image\":{\"@type\":\"ImageObject\",\"inLanguage\":\"es-AR\",\"@id\":\"https:\/\/nativainfo.com\/#\/schema\/person\/image\/\",\"url\":\"https:\/\/secure.gravatar.com\/avatar\/016fa1cf068d85136d938e1507b9b619cb766e2565cbb1faa1e571762460c785?s=96&d=mm&r=g\",\"contentUrl\":\"https:\/\/secure.gravatar.com\/avatar\/016fa1cf068d85136d938e1507b9b619cb766e2565cbb1faa1e571762460c785?s=96&d=mm&r=g\",\"caption\":\"Nativa Info\"},\"sameAs\":[\"http:\/\/nativainfo.com\"],\"url\":\"https:\/\/nativainfo.com\/?author=1\"}]}<\/script>\n<!-- \/ Yoast SEO plugin. -->","yoast_head_json":{"title":"El gobernador El\u00edas Su\u00e1rez lanz\u00f3 el programa \u201cSantiago Crece con Vos\u201d para la capacitaci\u00f3n laboral de j\u00f3venes - Nativa Info","robots":{"index":"index","follow":"follow","max-snippet":"max-snippet:-1","max-image-preview":"max-image-preview:large","max-video-preview":"max-video-preview:-1"},"canonical":"https:\/\/nativainfo.com\/?p=5477","og_locale":"es_ES","og_type":"article","og_title":"El gobernador El\u00edas Su\u00e1rez lanz\u00f3 el programa \u201cSantiago Crece con Vos\u201d para la capacitaci\u00f3n laboral de j\u00f3venes - Nativa Info","og_description":"El gobernador El\u00edas Su\u00e1rez encabez\u00f3 este viernes el lanzamiento del programa de capacitaci\u00f3n y formaci\u00f3n laboral para j\u00f3venes \u201cSantiago Crece... Continue reading","og_url":"https:\/\/nativainfo.com\/?p=5477","og_site_name":"Nativa Info","article_publisher":"https:\/\/www.facebook.com\/profile.php?id=61578881597564","article_published_time":"2025-12-27T04:46:24+00:00","article_modified_time":"2025-12-27T04:46:25+00:00","og_image":[{"width":1010,"height":567,"url":"https:\/\/nativainfo.com\/wp-content\/uploads\/2025\/12\/imagen_2025-12-27_014614973.png","type":"image\/png"}],"author":"Nativa Info","twitter_card":"summary_large_image","twitter_misc":{"Escrito por":"Nativa Info","Tiempo de lectura":"2 minutos"},"schema":{"@context":"https:\/\/schema.org","@graph":[{"@type":"Article","@id":"https:\/\/nativainfo.com\/?p=5477#article","isPartOf":{"@id":"https:\/\/nativainfo.com\/?p=5477"},"author":{"name":"Nativa Info","@id":"https:\/\/nativainfo.com\/#\/schema\/person\/24893b64a9cd564ddb5d102d36eb4b5c"},"headline":"El gobernador El\u00edas Su\u00e1rez lanz\u00f3 el programa \u201cSantiago Crece con Vos\u201d para la capacitaci\u00f3n laboral de j\u00f3venes","datePublished":"2025-12-27T04:46:24+00:00","dateModified":"2025-12-27T04:46:25+00:00","mainEntityOfPage":{"@id":"https:\/\/nativainfo.com\/?p=5477"},"wordCount":282,"commentCount":0,"publisher":{"@id":"https:\/\/nativainfo.com\/#organization"},"image":{"@id":"https:\/\/nativainfo.com\/?p=5477#primaryimage"},"thumbnailUrl":"https:\/\/nativainfo.com\/wp-content\/uploads\/2025\/12\/imagen_2025-12-27_014614973.png","articleSection":["Noticias"],"inLanguage":"es-AR","potentialAction":[{"@type":"CommentAction","name":"Comment","target":["https:\/\/nativainfo.com\/?p=5477#respond"]}]},{"@type":"WebPage","@id":"https:\/\/nativainfo.com\/?p=5477","url":"https:\/\/nativainfo.com\/?p=5477","name":"El gobernador El\u00edas Su\u00e1rez lanz\u00f3 el programa \u201cSantiago Crece con Vos\u201d para la capacitaci\u00f3n laboral de j\u00f3venes - Nativa Info","isPartOf":{"@id":"https:\/\/nativainfo.com\/#website"},"primaryImageOfPage":{"@id":"https:\/\/nativainfo.com\/?p=5477#primaryimage"},"image":{"@id":"https:\/\/nativainfo.com\/?p=5477#primaryimage"},"thumbnailUrl":"https:\/\/nativainfo.com\/wp-content\/uploads\/2025\/12\/imagen_2025-12-27_014614973.png","datePublished":"2025-12-27T04:46:24+00:00","dateModified":"2025-12-27T04:46:25+00:00","breadcrumb":{"@id":"https:\/\/nativainfo.com\/?p=5477#breadcrumb"},"inLanguage":"es-AR","potentialAction":[{"@type":"ReadAction","target":["https:\/\/nativainfo.com\/?p=5477"]}]},{"@type":"ImageObject","inLanguage":"es-AR","@id":"https:\/\/nativainfo.com\/?p=5477#primaryimage","url":"https:\/\/nativainfo.com\/wp-content\/uploads\/2025\/12\/imagen_2025-12-27_014614973.png","contentUrl":"https:\/\/nativainfo.com\/wp-content\/uploads\/2025\/12\/imagen_2025-12-27_014614973.png","width":1010,"height":567},{"@type":"BreadcrumbList","@id":"https:\/\/nativainfo.com\/?p=5477#breadcrumb","itemListElement":[{"@type":"ListItem","position":1,"name":"Inicio","item":"https:\/\/nativainfo.com\/"},{"@type":"ListItem","position":2,"name":"El gobernador El\u00edas Su\u00e1rez lanz\u00f3 el programa \u201cSantiago Crece con Vos\u201d para la capacitaci\u00f3n laboral de j\u00f3venes"}]},{"@type":"WebSite","@id":"https:\/\/nativainfo.com\/#website","url":"https:\/\/nativainfo.com\/","name":"Nativa Info","description":"Diario Digital","publisher":{"@id":"https:\/\/nativainfo.com\/#organization"},"potentialAction":[{"@type":"SearchAction","target":{"@type":"EntryPoint","urlTemplate":"https:\/\/nativainfo.com\/?s={search_term_string}"},"query-input":{"@type":"PropertyValueSpecification","valueRequired":true,"valueName":"search_term_string"}}],"inLanguage":"es-AR"},{"@type":"Organization","@id":"https:\/\/nativainfo.com\/#organization","name":"Nativa Info","url":"https:\/\/nativainfo.com\/","logo":{"@type":"ImageObject","inLanguage":"es-AR","@id":"https:\/\/nativainfo.com\/#\/schema\/logo\/image\/","url":"https:\/\/nativainfo.com\/wp-content\/uploads\/2025\/08\/LOGO-NATIVA-FACE.jpg","contentUrl":"https:\/\/nativainfo.com\/wp-content\/uploads\/2025\/08\/LOGO-NATIVA-FACE.jpg","width":400,"height":400,"caption":"Nativa Info"},"image":{"@id":"https:\/\/nativainfo.com\/#\/schema\/logo\/image\/"},"sameAs":["https:\/\/www.facebook.com\/profile.php?id=61578881597564"]},{"@type":"Person","@id":"https:\/\/nativainfo.com\/#\/schema\/person\/24893b64a9cd564ddb5d102d36eb4b5c","name":"Nativa Info","image":{"@type":"ImageObject","inLanguage":"es-AR","@id":"https:\/\/nativainfo.com\/#\/schema\/person\/image\/","url":"https:\/\/secure.gravatar.com\/avatar\/016fa1cf068d85136d938e1507b9b619cb766e2565cbb1faa1e571762460c785?s=96&d=mm&r=g","contentUrl":"https:\/\/secure.gravatar.com\/avatar\/016fa1cf068d85136d938e1507b9b619cb766e2565cbb1faa1e571762460c785?s=96&d=mm&r=g","caption":"Nativa Info"},"sameAs":["http:\/\/nativainfo.com"],"url":"https:\/\/nativainfo.com\/?author=1"}]}},"jetpack_publicize_connections":[],"_links":{"self":[{"href":"https:\/\/nativainfo.com\/index.php?rest_route=\/wp\/v2\/posts\/5477","targetHints":{"allow":["GET"]}}],"collection":[{"href":"https:\/\/nativainfo.com\/index.php?rest_route=\/wp\/v2\/posts"}],"about":[{"href":"https:\/\/nativainfo.com\/index.php?rest_route=\/wp\/v2\/types\/post"}],"author":[{"embeddable":true,"href":"https:\/\/nativainfo.com\/index.php?rest_route=\/wp\/v2\/users\/1"}],"replies":[{"embeddable":true,"href":"https:\/\/nativainfo.com\/index.php?rest_route=%2Fwp%2Fv2%2Fcomments&post=5477"}],"version-history":[{"count":2,"href":"https:\/\/nativainfo.com\/index.php?rest_route=\/wp\/v2\/posts\/5477\/revisions"}],"predecessor-version":[{"id":5482,"href":"https:\/\/nativainfo.com\/index.php?rest_route=\/wp\/v2\/posts\/5477\/revisions\/5482"}],"wp:attachment":[{"href":"https:\/\/nativainfo.com\/index.php?rest_route=%2Fwp%2Fv2%2Fmedia&parent=5477"}],"wp:term":[{"taxonomy":"category","embeddable":true,"href":"https:\/\/nativainfo.com\/index.php?rest_route=%2Fwp%2Fv2%2Fcategories&post=5477"},{"taxonomy":"post_tag","embeddable":true,"href":"https:\/\/nativainfo.com\/index.php?rest_route=%2Fwp%2Fv2%2Ftags&post=5477"}],"curies":[{"name":"wp","href":"https:\/\/api.w.org\/{rel}","templated":true}]}}