{"id":5469,"date":"2025-12-23T03:03:18","date_gmt":"2025-12-23T06:03:18","guid":{"rendered":"https:\/\/nativainfo.com\/?p=5469"},"modified":"2025-12-23T03:03:19","modified_gmt":"2025-12-23T06:03:19","slug":"el-gobierno-provincial-aplicara-un-40-de-descuento-en-las-facturas-de-luz-durante-el-verano","status":"publish","type":"post","link":"https:\/\/nativainfo.com\/?p=5469","title":{"rendered":"El Gobierno provincial aplicar\u00e1 un 40% de descuento en las facturas de luz durante el verano"},"content":{"rendered":"\n<figure class=\"wp-block-image size-large\"><img fetchpriority=\"high\" decoding=\"async\" width=\"819\" height=\"1024\" src=\"https:\/\/nativainfo.com\/wp-content\/uploads\/2025\/12\/imagen_2025-12-23_030308610-819x1024.png\" alt=\"\" class=\"wp-image-5471\" srcset=\"https:\/\/nativainfo.com\/wp-content\/uploads\/2025\/12\/imagen_2025-12-23_030308610-819x1024.png 819w, https:\/\/nativainfo.com\/wp-content\/uploads\/2025\/12\/imagen_2025-12-23_030308610-240x300.png 240w, https:\/\/nativainfo.com\/wp-content\/uploads\/2025\/12\/imagen_2025-12-23_030308610-768x960.png 768w, https:\/\/nativainfo.com\/wp-content\/uploads\/2025\/12\/imagen_2025-12-23_030308610-280x350.png 280w, https:\/\/nativainfo.com\/wp-content\/uploads\/2025\/12\/imagen_2025-12-23_030308610-120x150.png 120w, https:\/\/nativainfo.com\/wp-content\/uploads\/2025\/12\/imagen_2025-12-23_030308610.png 960w\" sizes=\"(max-width: 819px) 100vw, 819px\" \/><\/figure>\n\n\n\n<p>El Gobierno de la Provincia anunci\u00f3 un descuento del 40% en las facturas de energ\u00eda el\u00e9ctrica para usuarios residenciales, como parte de una medida destinada a mitigar el impacto del mayor consumo provocado por las altas temperaturas.<\/p>\n\n\n\n<p>La reducci\u00f3n se aplicar\u00e1 durante <strong>dos meses<\/strong>, a partir de las facturas que se emitan desde el <strong>1 de enero de 2026<\/strong>, y alcanzar\u00e1 a <strong>todos los usuarios residenciales<\/strong>, sin distinci\u00f3n de niveles de consumo.<\/p>\n\n\n\n<p>Seg\u00fan inform\u00f3 el <strong>Ente Regulador de Energ\u00eda El\u00e9ctrica (ENRESE)<\/strong>, el beneficio se reflejar\u00e1 directamente en el monto final de la factura y tendr\u00e1 vigencia en la facturaci\u00f3n correspondiente a enero y febrero del pr\u00f3ximo a\u00f1o.<\/p>\n\n\n\n<p>La medida fue dispuesta por el gobernador <strong>El\u00edas Su\u00e1rez<\/strong>, ser\u00e1 financiada con <strong>recursos propios de la Provincia<\/strong> y figurar\u00e1 en las boletas bajo la denominaci\u00f3n <strong>\u201cFondo Compensador Estival Provincial\u201d<\/strong>.<\/p>\n","protected":false},"excerpt":{"rendered":"<p>El Gobierno de la Provincia anunci\u00f3 un descuento del 40% en las facturas de energ\u00eda el\u00e9ctrica para usuarios residenciales, como&#8230; <a class=\"continue-reading-link\" href=\"https:\/\/nativainfo.com\/?p=5469\">Continue reading<\/a><\/p>\n","protected":false},"author":1,"featured_media":0,"comment_status":"open","ping_status":"open","sticky":false,"template":"","format":"standard","meta":{"rop_custom_images_group":[],"rop_custom_messages_group":[],"rop_publish_now":"yes","rop_publish_now_accounts":[],"rop_publish_now_history":[],"rop_publish_now_status":"pending","footnotes":"","jetpack_publicize_message":"","jetpack_publicize_feature_enabled":true,"jetpack_social_post_already_shared":false,"jetpack_social_options":{"image_generator_settings":{"template":"highway","default_image_id":0,"font":"","enabled":false},"version":2}},"categories":[8],"tags":[],"class_list":["post-5469","post","type-post","status-publish","format-standard","hentry","category-noticias"],"yoast_head":"<!-- This site is optimized with the Yoast SEO plugin v25.6 - https:\/\/yoast.com\/wordpress\/plugins\/seo\/ -->\n<title>El Gobierno provincial aplicar\u00e1 un 40% de descuento en las facturas de luz durante el verano - Nativa Info<\/title>\n<meta name=\"robots\" content=\"index, follow, max-snippet:-1, max-image-preview:large, max-video-preview:-1\" \/>\n<link rel=\"canonical\" href=\"https:\/\/nativainfo.com\/?p=5469\" \/>\n<meta property=\"og:locale\" content=\"es_ES\" \/>\n<meta property=\"og:type\" content=\"article\" \/>\n<meta property=\"og:title\" content=\"El Gobierno provincial aplicar\u00e1 un 40% de descuento en las facturas de luz durante el verano - Nativa Info\" \/>\n<meta property=\"og:description\" content=\"El Gobierno de la Provincia anunci\u00f3 un descuento del 40% en las facturas de energ\u00eda el\u00e9ctrica para usuarios residenciales, como... Continue reading\" \/>\n<meta property=\"og:url\" content=\"https:\/\/nativainfo.com\/?p=5469\" \/>\n<meta property=\"og:site_name\" content=\"Nativa Info\" \/>\n<meta property=\"article:publisher\" content=\"https:\/\/www.facebook.com\/profile.php?id=61578881597564\" \/>\n<meta property=\"article:published_time\" content=\"2025-12-23T06:03:18+00:00\" \/>\n<meta property=\"article:modified_time\" content=\"2025-12-23T06:03:19+00:00\" \/>\n<meta property=\"og:image\" content=\"https:\/\/nativainfo.com\/wp-content\/uploads\/2025\/12\/imagen_2025-12-23_030308610.png\" \/>\n\t<meta property=\"og:image:width\" content=\"960\" \/>\n\t<meta property=\"og:image:height\" content=\"1200\" \/>\n\t<meta property=\"og:image:type\" content=\"image\/png\" \/>\n<meta name=\"author\" content=\"Nativa Info\" \/>\n<meta name=\"twitter:card\" content=\"summary_large_image\" \/>\n<meta name=\"twitter:label1\" content=\"Escrito por\" \/>\n\t<meta name=\"twitter:data1\" content=\"Nativa Info\" \/>\n\t<meta name=\"twitter:label2\" content=\"Tiempo de lectura\" \/>\n\t<meta name=\"twitter:data2\" content=\"1 minuto\" \/>\n<script type=\"application\/ld+json\" class=\"yoast-schema-graph\">{\"@context\":\"https:\/\/schema.org\",\"@graph\":[{\"@type\":\"Article\",\"@id\":\"https:\/\/nativainfo.com\/?p=5469#article\",\"isPartOf\":{\"@id\":\"https:\/\/nativainfo.com\/?p=5469\"},\"author\":{\"name\":\"Nativa Info\",\"@id\":\"https:\/\/nativainfo.com\/#\/schema\/person\/24893b64a9cd564ddb5d102d36eb4b5c\"},\"headline\":\"El Gobierno provincial aplicar\u00e1 un 40% de descuento en las facturas de luz durante el verano\",\"datePublished\":\"2025-12-23T06:03:18+00:00\",\"dateModified\":\"2025-12-23T06:03:19+00:00\",\"mainEntityOfPage\":{\"@id\":\"https:\/\/nativainfo.com\/?p=5469\"},\"wordCount\":161,\"commentCount\":0,\"publisher\":{\"@id\":\"https:\/\/nativainfo.com\/#organization\"},\"image\":{\"@id\":\"https:\/\/nativainfo.com\/?p=5469#primaryimage\"},\"thumbnailUrl\":\"https:\/\/nativainfo.com\/wp-content\/uploads\/2025\/12\/imagen_2025-12-23_030308610-819x1024.png\",\"articleSection\":[\"Noticias\"],\"inLanguage\":\"es-AR\",\"potentialAction\":[{\"@type\":\"CommentAction\",\"name\":\"Comment\",\"target\":[\"https:\/\/nativainfo.com\/?p=5469#respond\"]}]},{\"@type\":\"WebPage\",\"@id\":\"https:\/\/nativainfo.com\/?p=5469\",\"url\":\"https:\/\/nativainfo.com\/?p=5469\",\"name\":\"El Gobierno provincial aplicar\u00e1 un 40% de descuento en las facturas de luz durante el verano - Nativa Info\",\"isPartOf\":{\"@id\":\"https:\/\/nativainfo.com\/#website\"},\"primaryImageOfPage\":{\"@id\":\"https:\/\/nativainfo.com\/?p=5469#primaryimage\"},\"image\":{\"@id\":\"https:\/\/nativainfo.com\/?p=5469#primaryimage\"},\"thumbnailUrl\":\"https:\/\/nativainfo.com\/wp-content\/uploads\/2025\/12\/imagen_2025-12-23_030308610-819x1024.png\",\"datePublished\":\"2025-12-23T06:03:18+00:00\",\"dateModified\":\"2025-12-23T06:03:19+00:00\",\"breadcrumb\":{\"@id\":\"https:\/\/nativainfo.com\/?p=5469#breadcrumb\"},\"inLanguage\":\"es-AR\",\"potentialAction\":[{\"@type\":\"ReadAction\",\"target\":[\"https:\/\/nativainfo.com\/?p=5469\"]}]},{\"@type\":\"ImageObject\",\"inLanguage\":\"es-AR\",\"@id\":\"https:\/\/nativainfo.com\/?p=5469#primaryimage\",\"url\":\"https:\/\/nativainfo.com\/wp-content\/uploads\/2025\/12\/imagen_2025-12-23_030308610.png\",\"contentUrl\":\"https:\/\/nativainfo.com\/wp-content\/uploads\/2025\/12\/imagen_2025-12-23_030308610.png\",\"width\":960,\"height\":1200},{\"@type\":\"BreadcrumbList\",\"@id\":\"https:\/\/nativainfo.com\/?p=5469#breadcrumb\",\"itemListElement\":[{\"@type\":\"ListItem\",\"position\":1,\"name\":\"Inicio\",\"item\":\"https:\/\/nativainfo.com\/\"},{\"@type\":\"ListItem\",\"position\":2,\"name\":\"El Gobierno provincial aplicar\u00e1 un 40% de descuento en las facturas de luz durante el verano\"}]},{\"@type\":\"WebSite\",\"@id\":\"https:\/\/nativainfo.com\/#website\",\"url\":\"https:\/\/nativainfo.com\/\",\"name\":\"Nativa Info\",\"description\":\"Diario Digital\",\"publisher\":{\"@id\":\"https:\/\/nativainfo.com\/#organization\"},\"potentialAction\":[{\"@type\":\"SearchAction\",\"target\":{\"@type\":\"EntryPoint\",\"urlTemplate\":\"https:\/\/nativainfo.com\/?s={search_term_string}\"},\"query-input\":{\"@type\":\"PropertyValueSpecification\",\"valueRequired\":true,\"valueName\":\"search_term_string\"}}],\"inLanguage\":\"es-AR\"},{\"@type\":\"Organization\",\"@id\":\"https:\/\/nativainfo.com\/#organization\",\"name\":\"Nativa Info\",\"url\":\"https:\/\/nativainfo.com\/\",\"logo\":{\"@type\":\"ImageObject\",\"inLanguage\":\"es-AR\",\"@id\":\"https:\/\/nativainfo.com\/#\/schema\/logo\/image\/\",\"url\":\"https:\/\/nativainfo.com\/wp-content\/uploads\/2025\/08\/LOGO-NATIVA-FACE.jpg\",\"contentUrl\":\"https:\/\/nativainfo.com\/wp-content\/uploads\/2025\/08\/LOGO-NATIVA-FACE.jpg\",\"width\":400,\"height\":400,\"caption\":\"Nativa Info\"},\"image\":{\"@id\":\"https:\/\/nativainfo.com\/#\/schema\/logo\/image\/\"},\"sameAs\":[\"https:\/\/www.facebook.com\/profile.php?id=61578881597564\"]},{\"@type\":\"Person\",\"@id\":\"https:\/\/nativainfo.com\/#\/schema\/person\/24893b64a9cd564ddb5d102d36eb4b5c\",\"name\":\"Nativa Info\",\"image\":{\"@type\":\"ImageObject\",\"inLanguage\":\"es-AR\",\"@id\":\"https:\/\/nativainfo.com\/#\/schema\/person\/image\/\",\"url\":\"https:\/\/secure.gravatar.com\/avatar\/016fa1cf068d85136d938e1507b9b619cb766e2565cbb1faa1e571762460c785?s=96&d=mm&r=g\",\"contentUrl\":\"https:\/\/secure.gravatar.com\/avatar\/016fa1cf068d85136d938e1507b9b619cb766e2565cbb1faa1e571762460c785?s=96&d=mm&r=g\",\"caption\":\"Nativa Info\"},\"sameAs\":[\"http:\/\/nativainfo.com\"],\"url\":\"https:\/\/nativainfo.com\/?author=1\"}]}<\/script>\n<!-- \/ Yoast SEO plugin. -->","yoast_head_json":{"title":"El Gobierno provincial aplicar\u00e1 un 40% de descuento en las facturas de luz durante el verano - Nativa Info","robots":{"index":"index","follow":"follow","max-snippet":"max-snippet:-1","max-image-preview":"max-image-preview:large","max-video-preview":"max-video-preview:-1"},"canonical":"https:\/\/nativainfo.com\/?p=5469","og_locale":"es_ES","og_type":"article","og_title":"El Gobierno provincial aplicar\u00e1 un 40% de descuento en las facturas de luz durante el verano - Nativa Info","og_description":"El Gobierno de la Provincia anunci\u00f3 un descuento del 40% en las facturas de energ\u00eda el\u00e9ctrica para usuarios residenciales, como... Continue reading","og_url":"https:\/\/nativainfo.com\/?p=5469","og_site_name":"Nativa Info","article_publisher":"https:\/\/www.facebook.com\/profile.php?id=61578881597564","article_published_time":"2025-12-23T06:03:18+00:00","article_modified_time":"2025-12-23T06:03:19+00:00","og_image":[{"width":960,"height":1200,"url":"https:\/\/nativainfo.com\/wp-content\/uploads\/2025\/12\/imagen_2025-12-23_030308610.png","type":"image\/png"}],"author":"Nativa Info","twitter_card":"summary_large_image","twitter_misc":{"Escrito por":"Nativa Info","Tiempo de lectura":"1 minuto"},"schema":{"@context":"https:\/\/schema.org","@graph":[{"@type":"Article","@id":"https:\/\/nativainfo.com\/?p=5469#article","isPartOf":{"@id":"https:\/\/nativainfo.com\/?p=5469"},"author":{"name":"Nativa Info","@id":"https:\/\/nativainfo.com\/#\/schema\/person\/24893b64a9cd564ddb5d102d36eb4b5c"},"headline":"El Gobierno provincial aplicar\u00e1 un 40% de descuento en las facturas de luz durante el verano","datePublished":"2025-12-23T06:03:18+00:00","dateModified":"2025-12-23T06:03:19+00:00","mainEntityOfPage":{"@id":"https:\/\/nativainfo.com\/?p=5469"},"wordCount":161,"commentCount":0,"publisher":{"@id":"https:\/\/nativainfo.com\/#organization"},"image":{"@id":"https:\/\/nativainfo.com\/?p=5469#primaryimage"},"thumbnailUrl":"https:\/\/nativainfo.com\/wp-content\/uploads\/2025\/12\/imagen_2025-12-23_030308610-819x1024.png","articleSection":["Noticias"],"inLanguage":"es-AR","potentialAction":[{"@type":"CommentAction","name":"Comment","target":["https:\/\/nativainfo.com\/?p=5469#respond"]}]},{"@type":"WebPage","@id":"https:\/\/nativainfo.com\/?p=5469","url":"https:\/\/nativainfo.com\/?p=5469","name":"El Gobierno provincial aplicar\u00e1 un 40% de descuento en las facturas de luz durante el verano - Nativa Info","isPartOf":{"@id":"https:\/\/nativainfo.com\/#website"},"primaryImageOfPage":{"@id":"https:\/\/nativainfo.com\/?p=5469#primaryimage"},"image":{"@id":"https:\/\/nativainfo.com\/?p=5469#primaryimage"},"thumbnailUrl":"https:\/\/nativainfo.com\/wp-content\/uploads\/2025\/12\/imagen_2025-12-23_030308610-819x1024.png","datePublished":"2025-12-23T06:03:18+00:00","dateModified":"2025-12-23T06:03:19+00:00","breadcrumb":{"@id":"https:\/\/nativainfo.com\/?p=5469#breadcrumb"},"inLanguage":"es-AR","potentialAction":[{"@type":"ReadAction","target":["https:\/\/nativainfo.com\/?p=5469"]}]},{"@type":"ImageObject","inLanguage":"es-AR","@id":"https:\/\/nativainfo.com\/?p=5469#primaryimage","url":"https:\/\/nativainfo.com\/wp-content\/uploads\/2025\/12\/imagen_2025-12-23_030308610.png","contentUrl":"https:\/\/nativainfo.com\/wp-content\/uploads\/2025\/12\/imagen_2025-12-23_030308610.png","width":960,"height":1200},{"@type":"BreadcrumbList","@id":"https:\/\/nativainfo.com\/?p=5469#breadcrumb","itemListElement":[{"@type":"ListItem","position":1,"name":"Inicio","item":"https:\/\/nativainfo.com\/"},{"@type":"ListItem","position":2,"name":"El Gobierno provincial aplicar\u00e1 un 40% de descuento en las facturas de luz durante el verano"}]},{"@type":"WebSite","@id":"https:\/\/nativainfo.com\/#website","url":"https:\/\/nativainfo.com\/","name":"Nativa Info","description":"Diario Digital","publisher":{"@id":"https:\/\/nativainfo.com\/#organization"},"potentialAction":[{"@type":"SearchAction","target":{"@type":"EntryPoint","urlTemplate":"https:\/\/nativainfo.com\/?s={search_term_string}"},"query-input":{"@type":"PropertyValueSpecification","valueRequired":true,"valueName":"search_term_string"}}],"inLanguage":"es-AR"},{"@type":"Organization","@id":"https:\/\/nativainfo.com\/#organization","name":"Nativa Info","url":"https:\/\/nativainfo.com\/","logo":{"@type":"ImageObject","inLanguage":"es-AR","@id":"https:\/\/nativainfo.com\/#\/schema\/logo\/image\/","url":"https:\/\/nativainfo.com\/wp-content\/uploads\/2025\/08\/LOGO-NATIVA-FACE.jpg","contentUrl":"https:\/\/nativainfo.com\/wp-content\/uploads\/2025\/08\/LOGO-NATIVA-FACE.jpg","width":400,"height":400,"caption":"Nativa Info"},"image":{"@id":"https:\/\/nativainfo.com\/#\/schema\/logo\/image\/"},"sameAs":["https:\/\/www.facebook.com\/profile.php?id=61578881597564"]},{"@type":"Person","@id":"https:\/\/nativainfo.com\/#\/schema\/person\/24893b64a9cd564ddb5d102d36eb4b5c","name":"Nativa Info","image":{"@type":"ImageObject","inLanguage":"es-AR","@id":"https:\/\/nativainfo.com\/#\/schema\/person\/image\/","url":"https:\/\/secure.gravatar.com\/avatar\/016fa1cf068d85136d938e1507b9b619cb766e2565cbb1faa1e571762460c785?s=96&d=mm&r=g","contentUrl":"https:\/\/secure.gravatar.com\/avatar\/016fa1cf068d85136d938e1507b9b619cb766e2565cbb1faa1e571762460c785?s=96&d=mm&r=g","caption":"Nativa Info"},"sameAs":["http:\/\/nativainfo.com"],"url":"https:\/\/nativainfo.com\/?author=1"}]}},"jetpack_publicize_connections":[],"_links":{"self":[{"href":"https:\/\/nativainfo.com\/index.php?rest_route=\/wp\/v2\/posts\/5469","targetHints":{"allow":["GET"]}}],"collection":[{"href":"https:\/\/nativainfo.com\/index.php?rest_route=\/wp\/v2\/posts"}],"about":[{"href":"https:\/\/nativainfo.com\/index.php?rest_route=\/wp\/v2\/types\/post"}],"author":[{"embeddable":true,"href":"https:\/\/nativainfo.com\/index.php?rest_route=\/wp\/v2\/users\/1"}],"replies":[{"embeddable":true,"href":"https:\/\/nativainfo.com\/index.php?rest_route=%2Fwp%2Fv2%2Fcomments&post=5469"}],"version-history":[{"count":1,"href":"https:\/\/nativainfo.com\/index.php?rest_route=\/wp\/v2\/posts\/5469\/revisions"}],"predecessor-version":[{"id":5472,"href":"https:\/\/nativainfo.com\/index.php?rest_route=\/wp\/v2\/posts\/5469\/revisions\/5472"}],"wp:attachment":[{"href":"https:\/\/nativainfo.com\/index.php?rest_route=%2Fwp%2Fv2%2Fmedia&parent=5469"}],"wp:term":[{"taxonomy":"category","embeddable":true,"href":"https:\/\/nativainfo.com\/index.php?rest_route=%2Fwp%2Fv2%2Fcategories&post=5469"},{"taxonomy":"post_tag","embeddable":true,"href":"https:\/\/nativainfo.com\/index.php?rest_route=%2Fwp%2Fv2%2Ftags&post=5469"}],"curies":[{"name":"wp","href":"https:\/\/api.w.org\/{rel}","templated":true}]}}