{"id":5441,"date":"2025-12-10T12:37:05","date_gmt":"2025-12-10T15:37:05","guid":{"rendered":"https:\/\/nativainfo.com\/?p=5441"},"modified":"2025-12-10T12:37:06","modified_gmt":"2025-12-10T15:37:06","slug":"claudia-ledesma-abdala-de-zamora-culmino-su-mandato-en-el-senado-y-reafirmo-su-compromiso-con-santiago-del-estero","status":"publish","type":"post","link":"https:\/\/nativainfo.com\/?p=5441","title":{"rendered":"Claudia Ledesma Abdala de Zamora culmin\u00f3 su mandato en el Senado y reafirm\u00f3 su compromiso con Santiago del Estero"},"content":{"rendered":"\n<figure class=\"wp-block-image size-full is-resized\"><img fetchpriority=\"high\" decoding=\"async\" width=\"782\" height=\"500\" src=\"https:\/\/nativainfo.com\/wp-content\/uploads\/2025\/12\/imagen_2025-12-10_123654643.png\" alt=\"\" class=\"wp-image-5442\" style=\"width:840px;height:auto\" srcset=\"https:\/\/nativainfo.com\/wp-content\/uploads\/2025\/12\/imagen_2025-12-10_123654643.png 782w, https:\/\/nativainfo.com\/wp-content\/uploads\/2025\/12\/imagen_2025-12-10_123654643-300x192.png 300w, https:\/\/nativainfo.com\/wp-content\/uploads\/2025\/12\/imagen_2025-12-10_123654643-768x491.png 768w, https:\/\/nativainfo.com\/wp-content\/uploads\/2025\/12\/imagen_2025-12-10_123654643-547x350.png 547w, https:\/\/nativainfo.com\/wp-content\/uploads\/2025\/12\/imagen_2025-12-10_123654643-150x96.png 150w\" sizes=\"(max-width: 782px) 100vw, 782px\" \/><\/figure>\n\n\n\n<p>La senadora nacional Claudia Ledesma Abdala de Zamora anunci\u00f3 este viernes, mediante sus redes sociales, la finalizaci\u00f3n de su mandato de seis a\u00f1os en la C\u00e1mara Alta. En su mensaje, repas\u00f3 su labor legislativa, remarc\u00f3 los avances obtenidos durante este per\u00edodo y asegur\u00f3 que continuar\u00e1 trabajando junto a los santiague\u00f1os, aun fuera del \u00e1mbito parlamentario.<\/p>\n\n\n\n<p>\u201cGracias por acompa\u00f1arme en cada paso. No me despido de la pol\u00edtica ni de mi compromiso: sigo ac\u00e1, codo a codo con cada santiague\u00f1o y santiague\u00f1a. Este cierre de etapa es apenas el inicio de una nueva forma de estar donde siempre estuve: del lado de mi pueblo\u201d, expres\u00f3.<\/p>\n\n\n\n<p>La legisladora tambi\u00e9n agradeci\u00f3 a la provincia y al pa\u00eds: \u201cCumpl\u00ed un mandato, y eso es honrar la palabra. Gracias Santiago, gracias Argentina\u201d.<\/p>\n\n\n\n<p>Con este mensaje, Ledesma Abdala de Zamora formaliza el cierre de su ciclo como senadora nacional, pero deja abierta su presencia activa en la vida pol\u00edtica y social de la provincia. Adelant\u00f3, adem\u00e1s, que seguir\u00e1 impulsando las causas que marcaron su agenda: g\u00e9nero, derechos humanos, salud y desarrollo federal.<\/p>\n\n\n\n<p><\/p>\n","protected":false},"excerpt":{"rendered":"<p>La senadora nacional Claudia Ledesma Abdala de Zamora anunci\u00f3 este viernes, mediante sus redes sociales, la finalizaci\u00f3n de su mandato&#8230; <a class=\"continue-reading-link\" href=\"https:\/\/nativainfo.com\/?p=5441\">Continue reading<\/a><\/p>\n","protected":false},"author":1,"featured_media":0,"comment_status":"open","ping_status":"open","sticky":false,"template":"","format":"standard","meta":{"rop_custom_images_group":[],"rop_custom_messages_group":[],"rop_publish_now":"yes","rop_publish_now_accounts":[],"rop_publish_now_history":[],"rop_publish_now_status":"pending","footnotes":"","jetpack_publicize_message":"","jetpack_publicize_feature_enabled":true,"jetpack_social_post_already_shared":false,"jetpack_social_options":{"image_generator_settings":{"template":"highway","default_image_id":0,"font":"","enabled":false},"version":2}},"categories":[8],"tags":[],"class_list":["post-5441","post","type-post","status-publish","format-standard","hentry","category-noticias"],"yoast_head":"<!-- This site is optimized with the Yoast SEO plugin v25.6 - https:\/\/yoast.com\/wordpress\/plugins\/seo\/ -->\n<title>Claudia Ledesma Abdala de Zamora culmin\u00f3 su mandato en el Senado y reafirm\u00f3 su compromiso con Santiago del Estero - Nativa Info<\/title>\n<meta name=\"robots\" content=\"index, follow, max-snippet:-1, max-image-preview:large, max-video-preview:-1\" \/>\n<link rel=\"canonical\" href=\"https:\/\/nativainfo.com\/?p=5441\" \/>\n<meta property=\"og:locale\" content=\"es_ES\" \/>\n<meta property=\"og:type\" content=\"article\" \/>\n<meta property=\"og:title\" content=\"Claudia Ledesma Abdala de Zamora culmin\u00f3 su mandato en el Senado y reafirm\u00f3 su compromiso con Santiago del Estero - Nativa Info\" \/>\n<meta property=\"og:description\" content=\"La senadora nacional Claudia Ledesma Abdala de Zamora anunci\u00f3 este viernes, mediante sus redes sociales, la finalizaci\u00f3n de su mandato... Continue reading\" \/>\n<meta property=\"og:url\" content=\"https:\/\/nativainfo.com\/?p=5441\" \/>\n<meta property=\"og:site_name\" content=\"Nativa Info\" \/>\n<meta property=\"article:publisher\" content=\"https:\/\/www.facebook.com\/profile.php?id=61578881597564\" \/>\n<meta property=\"article:published_time\" content=\"2025-12-10T15:37:05+00:00\" \/>\n<meta property=\"article:modified_time\" content=\"2025-12-10T15:37:06+00:00\" \/>\n<meta property=\"og:image\" content=\"https:\/\/nativainfo.com\/wp-content\/uploads\/2025\/12\/imagen_2025-12-10_123654643.png\" \/>\n\t<meta property=\"og:image:width\" content=\"782\" \/>\n\t<meta property=\"og:image:height\" content=\"500\" \/>\n\t<meta property=\"og:image:type\" content=\"image\/png\" \/>\n<meta name=\"author\" content=\"Nativa Info\" \/>\n<meta name=\"twitter:card\" content=\"summary_large_image\" \/>\n<meta name=\"twitter:label1\" content=\"Escrito por\" \/>\n\t<meta name=\"twitter:data1\" content=\"Nativa Info\" \/>\n\t<meta name=\"twitter:label2\" content=\"Tiempo de lectura\" \/>\n\t<meta name=\"twitter:data2\" content=\"2 minutos\" \/>\n<script type=\"application\/ld+json\" class=\"yoast-schema-graph\">{\"@context\":\"https:\/\/schema.org\",\"@graph\":[{\"@type\":\"Article\",\"@id\":\"https:\/\/nativainfo.com\/?p=5441#article\",\"isPartOf\":{\"@id\":\"https:\/\/nativainfo.com\/?p=5441\"},\"author\":{\"name\":\"Nativa Info\",\"@id\":\"https:\/\/nativainfo.com\/#\/schema\/person\/24893b64a9cd564ddb5d102d36eb4b5c\"},\"headline\":\"Claudia Ledesma Abdala de Zamora culmin\u00f3 su mandato en el Senado y reafirm\u00f3 su compromiso con Santiago del Estero\",\"datePublished\":\"2025-12-10T15:37:05+00:00\",\"dateModified\":\"2025-12-10T15:37:06+00:00\",\"mainEntityOfPage\":{\"@id\":\"https:\/\/nativainfo.com\/?p=5441\"},\"wordCount\":209,\"commentCount\":0,\"publisher\":{\"@id\":\"https:\/\/nativainfo.com\/#organization\"},\"image\":{\"@id\":\"https:\/\/nativainfo.com\/?p=5441#primaryimage\"},\"thumbnailUrl\":\"https:\/\/nativainfo.com\/wp-content\/uploads\/2025\/12\/imagen_2025-12-10_123654643.png\",\"articleSection\":[\"Noticias\"],\"inLanguage\":\"es-AR\",\"potentialAction\":[{\"@type\":\"CommentAction\",\"name\":\"Comment\",\"target\":[\"https:\/\/nativainfo.com\/?p=5441#respond\"]}]},{\"@type\":\"WebPage\",\"@id\":\"https:\/\/nativainfo.com\/?p=5441\",\"url\":\"https:\/\/nativainfo.com\/?p=5441\",\"name\":\"Claudia Ledesma Abdala de Zamora culmin\u00f3 su mandato en el Senado y reafirm\u00f3 su compromiso con Santiago del Estero - Nativa Info\",\"isPartOf\":{\"@id\":\"https:\/\/nativainfo.com\/#website\"},\"primaryImageOfPage\":{\"@id\":\"https:\/\/nativainfo.com\/?p=5441#primaryimage\"},\"image\":{\"@id\":\"https:\/\/nativainfo.com\/?p=5441#primaryimage\"},\"thumbnailUrl\":\"https:\/\/nativainfo.com\/wp-content\/uploads\/2025\/12\/imagen_2025-12-10_123654643.png\",\"datePublished\":\"2025-12-10T15:37:05+00:00\",\"dateModified\":\"2025-12-10T15:37:06+00:00\",\"breadcrumb\":{\"@id\":\"https:\/\/nativainfo.com\/?p=5441#breadcrumb\"},\"inLanguage\":\"es-AR\",\"potentialAction\":[{\"@type\":\"ReadAction\",\"target\":[\"https:\/\/nativainfo.com\/?p=5441\"]}]},{\"@type\":\"ImageObject\",\"inLanguage\":\"es-AR\",\"@id\":\"https:\/\/nativainfo.com\/?p=5441#primaryimage\",\"url\":\"https:\/\/nativainfo.com\/wp-content\/uploads\/2025\/12\/imagen_2025-12-10_123654643.png\",\"contentUrl\":\"https:\/\/nativainfo.com\/wp-content\/uploads\/2025\/12\/imagen_2025-12-10_123654643.png\",\"width\":782,\"height\":500},{\"@type\":\"BreadcrumbList\",\"@id\":\"https:\/\/nativainfo.com\/?p=5441#breadcrumb\",\"itemListElement\":[{\"@type\":\"ListItem\",\"position\":1,\"name\":\"Inicio\",\"item\":\"https:\/\/nativainfo.com\/\"},{\"@type\":\"ListItem\",\"position\":2,\"name\":\"Claudia Ledesma Abdala de Zamora culmin\u00f3 su mandato en el Senado y reafirm\u00f3 su compromiso con Santiago del Estero\"}]},{\"@type\":\"WebSite\",\"@id\":\"https:\/\/nativainfo.com\/#website\",\"url\":\"https:\/\/nativainfo.com\/\",\"name\":\"Nativa Info\",\"description\":\"Diario Digital\",\"publisher\":{\"@id\":\"https:\/\/nativainfo.com\/#organization\"},\"potentialAction\":[{\"@type\":\"SearchAction\",\"target\":{\"@type\":\"EntryPoint\",\"urlTemplate\":\"https:\/\/nativainfo.com\/?s={search_term_string}\"},\"query-input\":{\"@type\":\"PropertyValueSpecification\",\"valueRequired\":true,\"valueName\":\"search_term_string\"}}],\"inLanguage\":\"es-AR\"},{\"@type\":\"Organization\",\"@id\":\"https:\/\/nativainfo.com\/#organization\",\"name\":\"Nativa Info\",\"url\":\"https:\/\/nativainfo.com\/\",\"logo\":{\"@type\":\"ImageObject\",\"inLanguage\":\"es-AR\",\"@id\":\"https:\/\/nativainfo.com\/#\/schema\/logo\/image\/\",\"url\":\"https:\/\/nativainfo.com\/wp-content\/uploads\/2025\/08\/LOGO-NATIVA-FACE.jpg\",\"contentUrl\":\"https:\/\/nativainfo.com\/wp-content\/uploads\/2025\/08\/LOGO-NATIVA-FACE.jpg\",\"width\":400,\"height\":400,\"caption\":\"Nativa Info\"},\"image\":{\"@id\":\"https:\/\/nativainfo.com\/#\/schema\/logo\/image\/\"},\"sameAs\":[\"https:\/\/www.facebook.com\/profile.php?id=61578881597564\"]},{\"@type\":\"Person\",\"@id\":\"https:\/\/nativainfo.com\/#\/schema\/person\/24893b64a9cd564ddb5d102d36eb4b5c\",\"name\":\"Nativa Info\",\"image\":{\"@type\":\"ImageObject\",\"inLanguage\":\"es-AR\",\"@id\":\"https:\/\/nativainfo.com\/#\/schema\/person\/image\/\",\"url\":\"https:\/\/secure.gravatar.com\/avatar\/016fa1cf068d85136d938e1507b9b619cb766e2565cbb1faa1e571762460c785?s=96&d=mm&r=g\",\"contentUrl\":\"https:\/\/secure.gravatar.com\/avatar\/016fa1cf068d85136d938e1507b9b619cb766e2565cbb1faa1e571762460c785?s=96&d=mm&r=g\",\"caption\":\"Nativa Info\"},\"sameAs\":[\"http:\/\/nativainfo.com\"],\"url\":\"https:\/\/nativainfo.com\/?author=1\"}]}<\/script>\n<!-- \/ Yoast SEO plugin. -->","yoast_head_json":{"title":"Claudia Ledesma Abdala de Zamora culmin\u00f3 su mandato en el Senado y reafirm\u00f3 su compromiso con Santiago del Estero - Nativa Info","robots":{"index":"index","follow":"follow","max-snippet":"max-snippet:-1","max-image-preview":"max-image-preview:large","max-video-preview":"max-video-preview:-1"},"canonical":"https:\/\/nativainfo.com\/?p=5441","og_locale":"es_ES","og_type":"article","og_title":"Claudia Ledesma Abdala de Zamora culmin\u00f3 su mandato en el Senado y reafirm\u00f3 su compromiso con Santiago del Estero - Nativa Info","og_description":"La senadora nacional Claudia Ledesma Abdala de Zamora anunci\u00f3 este viernes, mediante sus redes sociales, la finalizaci\u00f3n de su mandato... Continue reading","og_url":"https:\/\/nativainfo.com\/?p=5441","og_site_name":"Nativa Info","article_publisher":"https:\/\/www.facebook.com\/profile.php?id=61578881597564","article_published_time":"2025-12-10T15:37:05+00:00","article_modified_time":"2025-12-10T15:37:06+00:00","og_image":[{"width":782,"height":500,"url":"https:\/\/nativainfo.com\/wp-content\/uploads\/2025\/12\/imagen_2025-12-10_123654643.png","type":"image\/png"}],"author":"Nativa Info","twitter_card":"summary_large_image","twitter_misc":{"Escrito por":"Nativa Info","Tiempo de lectura":"2 minutos"},"schema":{"@context":"https:\/\/schema.org","@graph":[{"@type":"Article","@id":"https:\/\/nativainfo.com\/?p=5441#article","isPartOf":{"@id":"https:\/\/nativainfo.com\/?p=5441"},"author":{"name":"Nativa Info","@id":"https:\/\/nativainfo.com\/#\/schema\/person\/24893b64a9cd564ddb5d102d36eb4b5c"},"headline":"Claudia Ledesma Abdala de Zamora culmin\u00f3 su mandato en el Senado y reafirm\u00f3 su compromiso con Santiago del Estero","datePublished":"2025-12-10T15:37:05+00:00","dateModified":"2025-12-10T15:37:06+00:00","mainEntityOfPage":{"@id":"https:\/\/nativainfo.com\/?p=5441"},"wordCount":209,"commentCount":0,"publisher":{"@id":"https:\/\/nativainfo.com\/#organization"},"image":{"@id":"https:\/\/nativainfo.com\/?p=5441#primaryimage"},"thumbnailUrl":"https:\/\/nativainfo.com\/wp-content\/uploads\/2025\/12\/imagen_2025-12-10_123654643.png","articleSection":["Noticias"],"inLanguage":"es-AR","potentialAction":[{"@type":"CommentAction","name":"Comment","target":["https:\/\/nativainfo.com\/?p=5441#respond"]}]},{"@type":"WebPage","@id":"https:\/\/nativainfo.com\/?p=5441","url":"https:\/\/nativainfo.com\/?p=5441","name":"Claudia Ledesma Abdala de Zamora culmin\u00f3 su mandato en el Senado y reafirm\u00f3 su compromiso con Santiago del Estero - Nativa Info","isPartOf":{"@id":"https:\/\/nativainfo.com\/#website"},"primaryImageOfPage":{"@id":"https:\/\/nativainfo.com\/?p=5441#primaryimage"},"image":{"@id":"https:\/\/nativainfo.com\/?p=5441#primaryimage"},"thumbnailUrl":"https:\/\/nativainfo.com\/wp-content\/uploads\/2025\/12\/imagen_2025-12-10_123654643.png","datePublished":"2025-12-10T15:37:05+00:00","dateModified":"2025-12-10T15:37:06+00:00","breadcrumb":{"@id":"https:\/\/nativainfo.com\/?p=5441#breadcrumb"},"inLanguage":"es-AR","potentialAction":[{"@type":"ReadAction","target":["https:\/\/nativainfo.com\/?p=5441"]}]},{"@type":"ImageObject","inLanguage":"es-AR","@id":"https:\/\/nativainfo.com\/?p=5441#primaryimage","url":"https:\/\/nativainfo.com\/wp-content\/uploads\/2025\/12\/imagen_2025-12-10_123654643.png","contentUrl":"https:\/\/nativainfo.com\/wp-content\/uploads\/2025\/12\/imagen_2025-12-10_123654643.png","width":782,"height":500},{"@type":"BreadcrumbList","@id":"https:\/\/nativainfo.com\/?p=5441#breadcrumb","itemListElement":[{"@type":"ListItem","position":1,"name":"Inicio","item":"https:\/\/nativainfo.com\/"},{"@type":"ListItem","position":2,"name":"Claudia Ledesma Abdala de Zamora culmin\u00f3 su mandato en el Senado y reafirm\u00f3 su compromiso con Santiago del Estero"}]},{"@type":"WebSite","@id":"https:\/\/nativainfo.com\/#website","url":"https:\/\/nativainfo.com\/","name":"Nativa Info","description":"Diario Digital","publisher":{"@id":"https:\/\/nativainfo.com\/#organization"},"potentialAction":[{"@type":"SearchAction","target":{"@type":"EntryPoint","urlTemplate":"https:\/\/nativainfo.com\/?s={search_term_string}"},"query-input":{"@type":"PropertyValueSpecification","valueRequired":true,"valueName":"search_term_string"}}],"inLanguage":"es-AR"},{"@type":"Organization","@id":"https:\/\/nativainfo.com\/#organization","name":"Nativa Info","url":"https:\/\/nativainfo.com\/","logo":{"@type":"ImageObject","inLanguage":"es-AR","@id":"https:\/\/nativainfo.com\/#\/schema\/logo\/image\/","url":"https:\/\/nativainfo.com\/wp-content\/uploads\/2025\/08\/LOGO-NATIVA-FACE.jpg","contentUrl":"https:\/\/nativainfo.com\/wp-content\/uploads\/2025\/08\/LOGO-NATIVA-FACE.jpg","width":400,"height":400,"caption":"Nativa Info"},"image":{"@id":"https:\/\/nativainfo.com\/#\/schema\/logo\/image\/"},"sameAs":["https:\/\/www.facebook.com\/profile.php?id=61578881597564"]},{"@type":"Person","@id":"https:\/\/nativainfo.com\/#\/schema\/person\/24893b64a9cd564ddb5d102d36eb4b5c","name":"Nativa Info","image":{"@type":"ImageObject","inLanguage":"es-AR","@id":"https:\/\/nativainfo.com\/#\/schema\/person\/image\/","url":"https:\/\/secure.gravatar.com\/avatar\/016fa1cf068d85136d938e1507b9b619cb766e2565cbb1faa1e571762460c785?s=96&d=mm&r=g","contentUrl":"https:\/\/secure.gravatar.com\/avatar\/016fa1cf068d85136d938e1507b9b619cb766e2565cbb1faa1e571762460c785?s=96&d=mm&r=g","caption":"Nativa Info"},"sameAs":["http:\/\/nativainfo.com"],"url":"https:\/\/nativainfo.com\/?author=1"}]}},"jetpack_publicize_connections":[],"_links":{"self":[{"href":"https:\/\/nativainfo.com\/index.php?rest_route=\/wp\/v2\/posts\/5441","targetHints":{"allow":["GET"]}}],"collection":[{"href":"https:\/\/nativainfo.com\/index.php?rest_route=\/wp\/v2\/posts"}],"about":[{"href":"https:\/\/nativainfo.com\/index.php?rest_route=\/wp\/v2\/types\/post"}],"author":[{"embeddable":true,"href":"https:\/\/nativainfo.com\/index.php?rest_route=\/wp\/v2\/users\/1"}],"replies":[{"embeddable":true,"href":"https:\/\/nativainfo.com\/index.php?rest_route=%2Fwp%2Fv2%2Fcomments&post=5441"}],"version-history":[{"count":1,"href":"https:\/\/nativainfo.com\/index.php?rest_route=\/wp\/v2\/posts\/5441\/revisions"}],"predecessor-version":[{"id":5443,"href":"https:\/\/nativainfo.com\/index.php?rest_route=\/wp\/v2\/posts\/5441\/revisions\/5443"}],"wp:attachment":[{"href":"https:\/\/nativainfo.com\/index.php?rest_route=%2Fwp%2Fv2%2Fmedia&parent=5441"}],"wp:term":[{"taxonomy":"category","embeddable":true,"href":"https:\/\/nativainfo.com\/index.php?rest_route=%2Fwp%2Fv2%2Fcategories&post=5441"},{"taxonomy":"post_tag","embeddable":true,"href":"https:\/\/nativainfo.com\/index.php?rest_route=%2Fwp%2Fv2%2Ftags&post=5441"}],"curies":[{"name":"wp","href":"https:\/\/api.w.org\/{rel}","templated":true}]}}