{"id":5434,"date":"2025-12-10T11:59:58","date_gmt":"2025-12-10T14:59:58","guid":{"rendered":"https:\/\/nativainfo.com\/?p=5434"},"modified":"2025-12-10T11:59:59","modified_gmt":"2025-12-10T14:59:59","slug":"quimsa-oficializo-la-llegada-de-tyren-johnson-y-suma-jerarquia-internacional","status":"publish","type":"post","link":"https:\/\/nativainfo.com\/?p=5434","title":{"rendered":"Quimsa oficializ\u00f3 la llegada de Tyren Johnson y suma jerarqu\u00eda internacional"},"content":{"rendered":"\n<p>El ala pivote estadounidense, de 37 a\u00f1os, se incorpora a la Fusi\u00f3n para lo que resta de la temporada.<\/p>\n\n\n\n<figure class=\"wp-block-image size-full\"><img fetchpriority=\"high\" decoding=\"async\" width=\"1010\" height=\"567\" src=\"https:\/\/nativainfo.com\/wp-content\/uploads\/2025\/12\/imagen_2025-12-10_115819213.png\" alt=\"\" class=\"wp-image-5436\" srcset=\"https:\/\/nativainfo.com\/wp-content\/uploads\/2025\/12\/imagen_2025-12-10_115819213.png 1010w, https:\/\/nativainfo.com\/wp-content\/uploads\/2025\/12\/imagen_2025-12-10_115819213-300x168.png 300w, https:\/\/nativainfo.com\/wp-content\/uploads\/2025\/12\/imagen_2025-12-10_115819213-768x431.png 768w, https:\/\/nativainfo.com\/wp-content\/uploads\/2025\/12\/imagen_2025-12-10_115819213-623x350.png 623w, https:\/\/nativainfo.com\/wp-content\/uploads\/2025\/12\/imagen_2025-12-10_115819213-150x84.png 150w\" sizes=\"(max-width: 1010px) 100vw, 1010px\" \/><\/figure>\n\n\n\n<p>Quimsa confirm\u00f3 el arribo de Tyren Johnson, experimentado ala pivote nacido en Luisiana, quien llega proveniente de Dorados de Chihuahua para reforzar al equipo en un momento clave del certamen. Con amplia trayectoria y reconocida versatilidad, el jugador aportar\u00e1 oficio y presencia en ambos costados de la cancha.<\/p>\n\n\n\n<figure class=\"wp-block-embed is-type-rich is-provider-twitter wp-block-embed-twitter\"><div class=\"wp-block-embed__wrapper\">\n<blockquote class=\"twitter-tweet\" data-width=\"550\" data-dnt=\"true\"><p lang=\"es\" dir=\"ltr\">\ud83c\udd95 Tyren Johnson es nuevo jugador de Quimsa<br><br>\u26f9\ud83c\udfff\u200d\u2642\ufe0f El Ala Pivot estadounidense de 37 a\u00f1os se suma a la Fusi\u00f3n luego de su paso por Dorados de Chihuahua \ud83c\uddf2\ud83c\uddfd <a href=\"https:\/\/t.co\/W5NcRyd4o5\">pic.twitter.com\/W5NcRyd4o5<\/a><\/p>&mdash; AA QUIMSA (@AAQuimsa) <a href=\"https:\/\/twitter.com\/AAQuimsa\/status\/1998361925366042825?ref_src=twsrc%5Etfw\">December 9, 2025<\/a><\/blockquote><script async src=\"https:\/\/platform.twitter.com\/widgets.js\" charset=\"utf-8\"><\/script>\n<\/div><\/figure>\n\n\n\n<p>Formado en la NCAA con la Universidad de Luisiana, Johnson fue elegido en el Draft de la G-League por los Rio Grande Valley Vipers, franquicia vinculada a Houston Rockets. A lo largo de su carrera recorri\u00f3 ligas de Francia, B\u00e9lgica, Jap\u00f3n, Grecia, Alemania y M\u00e9xico, destac\u00e1ndose por su consistencia, buen tiro y liderazgo.<\/p>\n\n\n\n<p>En su \u00faltima campa\u00f1a con Dorados registr\u00f3 promedios de 12.3 puntos, 4.4 rebotes y 2.2 asistencias, cifras que ilusionan al cuerpo t\u00e9cnico de Quimsa, enfocado en sumar soluciones ofensivas y mayor equilibrio en la pintura tras un arranque irregular.<\/p>\n\n\n\n<p>Con esta incorporaci\u00f3n, la Fusi\u00f3n busca potenciar su plantel y dar un salto de calidad para recuperar terreno en la Liga Nacional.<\/p>\n","protected":false},"excerpt":{"rendered":"<p>El ala pivote estadounidense, de 37 a\u00f1os, se incorpora a la Fusi\u00f3n para lo que resta de la temporada. Quimsa&#8230; <a class=\"continue-reading-link\" href=\"https:\/\/nativainfo.com\/?p=5434\">Continue reading<\/a><\/p>\n","protected":false},"author":1,"featured_media":0,"comment_status":"open","ping_status":"open","sticky":false,"template":"","format":"standard","meta":{"rop_custom_images_group":[],"rop_custom_messages_group":[],"rop_publish_now":"yes","rop_publish_now_accounts":[],"rop_publish_now_history":[],"rop_publish_now_status":"pending","footnotes":"","jetpack_publicize_message":"","jetpack_publicize_feature_enabled":true,"jetpack_social_post_already_shared":false,"jetpack_social_options":{"image_generator_settings":{"template":"highway","default_image_id":0,"font":"","enabled":false},"version":2}},"categories":[45],"tags":[],"class_list":["post-5434","post","type-post","status-publish","format-standard","hentry","category-basquet-2"],"yoast_head":"<!-- This site is optimized with the Yoast SEO plugin v25.6 - https:\/\/yoast.com\/wordpress\/plugins\/seo\/ -->\n<title>Quimsa oficializ\u00f3 la llegada de Tyren Johnson y suma jerarqu\u00eda internacional - Nativa Info<\/title>\n<meta name=\"robots\" content=\"index, follow, max-snippet:-1, max-image-preview:large, max-video-preview:-1\" \/>\n<link rel=\"canonical\" href=\"https:\/\/nativainfo.com\/?p=5434\" \/>\n<meta property=\"og:locale\" content=\"es_ES\" \/>\n<meta property=\"og:type\" content=\"article\" \/>\n<meta property=\"og:title\" content=\"Quimsa oficializ\u00f3 la llegada de Tyren Johnson y suma jerarqu\u00eda internacional - Nativa Info\" \/>\n<meta property=\"og:description\" content=\"El ala pivote estadounidense, de 37 a\u00f1os, se incorpora a la Fusi\u00f3n para lo que resta de la temporada. Quimsa... Continue reading\" \/>\n<meta property=\"og:url\" content=\"https:\/\/nativainfo.com\/?p=5434\" \/>\n<meta property=\"og:site_name\" content=\"Nativa Info\" \/>\n<meta property=\"article:publisher\" content=\"https:\/\/www.facebook.com\/profile.php?id=61578881597564\" \/>\n<meta property=\"article:published_time\" content=\"2025-12-10T14:59:58+00:00\" \/>\n<meta property=\"article:modified_time\" content=\"2025-12-10T14:59:59+00:00\" \/>\n<meta property=\"og:image\" content=\"https:\/\/nativainfo.com\/wp-content\/uploads\/2025\/12\/imagen_2025-12-10_115819213.png\" \/>\n\t<meta property=\"og:image:width\" content=\"1010\" \/>\n\t<meta property=\"og:image:height\" content=\"567\" \/>\n\t<meta property=\"og:image:type\" content=\"image\/png\" \/>\n<meta name=\"author\" content=\"Nativa Info\" \/>\n<meta name=\"twitter:card\" content=\"summary_large_image\" \/>\n<meta name=\"twitter:label1\" content=\"Escrito por\" \/>\n\t<meta name=\"twitter:data1\" content=\"Nativa Info\" \/>\n\t<meta name=\"twitter:label2\" content=\"Tiempo de lectura\" \/>\n\t<meta name=\"twitter:data2\" content=\"2 minutos\" \/>\n<script type=\"application\/ld+json\" class=\"yoast-schema-graph\">{\"@context\":\"https:\/\/schema.org\",\"@graph\":[{\"@type\":\"Article\",\"@id\":\"https:\/\/nativainfo.com\/?p=5434#article\",\"isPartOf\":{\"@id\":\"https:\/\/nativainfo.com\/?p=5434\"},\"author\":{\"name\":\"Nativa Info\",\"@id\":\"https:\/\/nativainfo.com\/#\/schema\/person\/24893b64a9cd564ddb5d102d36eb4b5c\"},\"headline\":\"Quimsa oficializ\u00f3 la llegada de Tyren Johnson y suma jerarqu\u00eda internacional\",\"datePublished\":\"2025-12-10T14:59:58+00:00\",\"dateModified\":\"2025-12-10T14:59:59+00:00\",\"mainEntityOfPage\":{\"@id\":\"https:\/\/nativainfo.com\/?p=5434\"},\"wordCount\":238,\"commentCount\":0,\"publisher\":{\"@id\":\"https:\/\/nativainfo.com\/#organization\"},\"image\":{\"@id\":\"https:\/\/nativainfo.com\/?p=5434#primaryimage\"},\"thumbnailUrl\":\"https:\/\/nativainfo.com\/wp-content\/uploads\/2025\/12\/imagen_2025-12-10_115819213.png\",\"articleSection\":[\"B\u00e1squet\"],\"inLanguage\":\"es-AR\",\"potentialAction\":[{\"@type\":\"CommentAction\",\"name\":\"Comment\",\"target\":[\"https:\/\/nativainfo.com\/?p=5434#respond\"]}]},{\"@type\":\"WebPage\",\"@id\":\"https:\/\/nativainfo.com\/?p=5434\",\"url\":\"https:\/\/nativainfo.com\/?p=5434\",\"name\":\"Quimsa oficializ\u00f3 la llegada de Tyren Johnson y suma jerarqu\u00eda internacional - Nativa Info\",\"isPartOf\":{\"@id\":\"https:\/\/nativainfo.com\/#website\"},\"primaryImageOfPage\":{\"@id\":\"https:\/\/nativainfo.com\/?p=5434#primaryimage\"},\"image\":{\"@id\":\"https:\/\/nativainfo.com\/?p=5434#primaryimage\"},\"thumbnailUrl\":\"https:\/\/nativainfo.com\/wp-content\/uploads\/2025\/12\/imagen_2025-12-10_115819213.png\",\"datePublished\":\"2025-12-10T14:59:58+00:00\",\"dateModified\":\"2025-12-10T14:59:59+00:00\",\"breadcrumb\":{\"@id\":\"https:\/\/nativainfo.com\/?p=5434#breadcrumb\"},\"inLanguage\":\"es-AR\",\"potentialAction\":[{\"@type\":\"ReadAction\",\"target\":[\"https:\/\/nativainfo.com\/?p=5434\"]}]},{\"@type\":\"ImageObject\",\"inLanguage\":\"es-AR\",\"@id\":\"https:\/\/nativainfo.com\/?p=5434#primaryimage\",\"url\":\"https:\/\/nativainfo.com\/wp-content\/uploads\/2025\/12\/imagen_2025-12-10_115819213.png\",\"contentUrl\":\"https:\/\/nativainfo.com\/wp-content\/uploads\/2025\/12\/imagen_2025-12-10_115819213.png\",\"width\":1010,\"height\":567},{\"@type\":\"BreadcrumbList\",\"@id\":\"https:\/\/nativainfo.com\/?p=5434#breadcrumb\",\"itemListElement\":[{\"@type\":\"ListItem\",\"position\":1,\"name\":\"Inicio\",\"item\":\"https:\/\/nativainfo.com\/\"},{\"@type\":\"ListItem\",\"position\":2,\"name\":\"Quimsa oficializ\u00f3 la llegada de Tyren Johnson y suma jerarqu\u00eda internacional\"}]},{\"@type\":\"WebSite\",\"@id\":\"https:\/\/nativainfo.com\/#website\",\"url\":\"https:\/\/nativainfo.com\/\",\"name\":\"Nativa Info\",\"description\":\"Diario Digital\",\"publisher\":{\"@id\":\"https:\/\/nativainfo.com\/#organization\"},\"potentialAction\":[{\"@type\":\"SearchAction\",\"target\":{\"@type\":\"EntryPoint\",\"urlTemplate\":\"https:\/\/nativainfo.com\/?s={search_term_string}\"},\"query-input\":{\"@type\":\"PropertyValueSpecification\",\"valueRequired\":true,\"valueName\":\"search_term_string\"}}],\"inLanguage\":\"es-AR\"},{\"@type\":\"Organization\",\"@id\":\"https:\/\/nativainfo.com\/#organization\",\"name\":\"Nativa Info\",\"url\":\"https:\/\/nativainfo.com\/\",\"logo\":{\"@type\":\"ImageObject\",\"inLanguage\":\"es-AR\",\"@id\":\"https:\/\/nativainfo.com\/#\/schema\/logo\/image\/\",\"url\":\"https:\/\/nativainfo.com\/wp-content\/uploads\/2025\/08\/LOGO-NATIVA-FACE.jpg\",\"contentUrl\":\"https:\/\/nativainfo.com\/wp-content\/uploads\/2025\/08\/LOGO-NATIVA-FACE.jpg\",\"width\":400,\"height\":400,\"caption\":\"Nativa Info\"},\"image\":{\"@id\":\"https:\/\/nativainfo.com\/#\/schema\/logo\/image\/\"},\"sameAs\":[\"https:\/\/www.facebook.com\/profile.php?id=61578881597564\"]},{\"@type\":\"Person\",\"@id\":\"https:\/\/nativainfo.com\/#\/schema\/person\/24893b64a9cd564ddb5d102d36eb4b5c\",\"name\":\"Nativa Info\",\"image\":{\"@type\":\"ImageObject\",\"inLanguage\":\"es-AR\",\"@id\":\"https:\/\/nativainfo.com\/#\/schema\/person\/image\/\",\"url\":\"https:\/\/secure.gravatar.com\/avatar\/016fa1cf068d85136d938e1507b9b619cb766e2565cbb1faa1e571762460c785?s=96&d=mm&r=g\",\"contentUrl\":\"https:\/\/secure.gravatar.com\/avatar\/016fa1cf068d85136d938e1507b9b619cb766e2565cbb1faa1e571762460c785?s=96&d=mm&r=g\",\"caption\":\"Nativa Info\"},\"sameAs\":[\"http:\/\/nativainfo.com\"],\"url\":\"https:\/\/nativainfo.com\/?author=1\"}]}<\/script>\n<!-- \/ Yoast SEO plugin. -->","yoast_head_json":{"title":"Quimsa oficializ\u00f3 la llegada de Tyren Johnson y suma jerarqu\u00eda internacional - Nativa Info","robots":{"index":"index","follow":"follow","max-snippet":"max-snippet:-1","max-image-preview":"max-image-preview:large","max-video-preview":"max-video-preview:-1"},"canonical":"https:\/\/nativainfo.com\/?p=5434","og_locale":"es_ES","og_type":"article","og_title":"Quimsa oficializ\u00f3 la llegada de Tyren Johnson y suma jerarqu\u00eda internacional - Nativa Info","og_description":"El ala pivote estadounidense, de 37 a\u00f1os, se incorpora a la Fusi\u00f3n para lo que resta de la temporada. Quimsa... Continue reading","og_url":"https:\/\/nativainfo.com\/?p=5434","og_site_name":"Nativa Info","article_publisher":"https:\/\/www.facebook.com\/profile.php?id=61578881597564","article_published_time":"2025-12-10T14:59:58+00:00","article_modified_time":"2025-12-10T14:59:59+00:00","og_image":[{"width":1010,"height":567,"url":"https:\/\/nativainfo.com\/wp-content\/uploads\/2025\/12\/imagen_2025-12-10_115819213.png","type":"image\/png"}],"author":"Nativa Info","twitter_card":"summary_large_image","twitter_misc":{"Escrito por":"Nativa Info","Tiempo de lectura":"2 minutos"},"schema":{"@context":"https:\/\/schema.org","@graph":[{"@type":"Article","@id":"https:\/\/nativainfo.com\/?p=5434#article","isPartOf":{"@id":"https:\/\/nativainfo.com\/?p=5434"},"author":{"name":"Nativa Info","@id":"https:\/\/nativainfo.com\/#\/schema\/person\/24893b64a9cd564ddb5d102d36eb4b5c"},"headline":"Quimsa oficializ\u00f3 la llegada de Tyren Johnson y suma jerarqu\u00eda internacional","datePublished":"2025-12-10T14:59:58+00:00","dateModified":"2025-12-10T14:59:59+00:00","mainEntityOfPage":{"@id":"https:\/\/nativainfo.com\/?p=5434"},"wordCount":238,"commentCount":0,"publisher":{"@id":"https:\/\/nativainfo.com\/#organization"},"image":{"@id":"https:\/\/nativainfo.com\/?p=5434#primaryimage"},"thumbnailUrl":"https:\/\/nativainfo.com\/wp-content\/uploads\/2025\/12\/imagen_2025-12-10_115819213.png","articleSection":["B\u00e1squet"],"inLanguage":"es-AR","potentialAction":[{"@type":"CommentAction","name":"Comment","target":["https:\/\/nativainfo.com\/?p=5434#respond"]}]},{"@type":"WebPage","@id":"https:\/\/nativainfo.com\/?p=5434","url":"https:\/\/nativainfo.com\/?p=5434","name":"Quimsa oficializ\u00f3 la llegada de Tyren Johnson y suma jerarqu\u00eda internacional - Nativa Info","isPartOf":{"@id":"https:\/\/nativainfo.com\/#website"},"primaryImageOfPage":{"@id":"https:\/\/nativainfo.com\/?p=5434#primaryimage"},"image":{"@id":"https:\/\/nativainfo.com\/?p=5434#primaryimage"},"thumbnailUrl":"https:\/\/nativainfo.com\/wp-content\/uploads\/2025\/12\/imagen_2025-12-10_115819213.png","datePublished":"2025-12-10T14:59:58+00:00","dateModified":"2025-12-10T14:59:59+00:00","breadcrumb":{"@id":"https:\/\/nativainfo.com\/?p=5434#breadcrumb"},"inLanguage":"es-AR","potentialAction":[{"@type":"ReadAction","target":["https:\/\/nativainfo.com\/?p=5434"]}]},{"@type":"ImageObject","inLanguage":"es-AR","@id":"https:\/\/nativainfo.com\/?p=5434#primaryimage","url":"https:\/\/nativainfo.com\/wp-content\/uploads\/2025\/12\/imagen_2025-12-10_115819213.png","contentUrl":"https:\/\/nativainfo.com\/wp-content\/uploads\/2025\/12\/imagen_2025-12-10_115819213.png","width":1010,"height":567},{"@type":"BreadcrumbList","@id":"https:\/\/nativainfo.com\/?p=5434#breadcrumb","itemListElement":[{"@type":"ListItem","position":1,"name":"Inicio","item":"https:\/\/nativainfo.com\/"},{"@type":"ListItem","position":2,"name":"Quimsa oficializ\u00f3 la llegada de Tyren Johnson y suma jerarqu\u00eda internacional"}]},{"@type":"WebSite","@id":"https:\/\/nativainfo.com\/#website","url":"https:\/\/nativainfo.com\/","name":"Nativa Info","description":"Diario Digital","publisher":{"@id":"https:\/\/nativainfo.com\/#organization"},"potentialAction":[{"@type":"SearchAction","target":{"@type":"EntryPoint","urlTemplate":"https:\/\/nativainfo.com\/?s={search_term_string}"},"query-input":{"@type":"PropertyValueSpecification","valueRequired":true,"valueName":"search_term_string"}}],"inLanguage":"es-AR"},{"@type":"Organization","@id":"https:\/\/nativainfo.com\/#organization","name":"Nativa Info","url":"https:\/\/nativainfo.com\/","logo":{"@type":"ImageObject","inLanguage":"es-AR","@id":"https:\/\/nativainfo.com\/#\/schema\/logo\/image\/","url":"https:\/\/nativainfo.com\/wp-content\/uploads\/2025\/08\/LOGO-NATIVA-FACE.jpg","contentUrl":"https:\/\/nativainfo.com\/wp-content\/uploads\/2025\/08\/LOGO-NATIVA-FACE.jpg","width":400,"height":400,"caption":"Nativa Info"},"image":{"@id":"https:\/\/nativainfo.com\/#\/schema\/logo\/image\/"},"sameAs":["https:\/\/www.facebook.com\/profile.php?id=61578881597564"]},{"@type":"Person","@id":"https:\/\/nativainfo.com\/#\/schema\/person\/24893b64a9cd564ddb5d102d36eb4b5c","name":"Nativa Info","image":{"@type":"ImageObject","inLanguage":"es-AR","@id":"https:\/\/nativainfo.com\/#\/schema\/person\/image\/","url":"https:\/\/secure.gravatar.com\/avatar\/016fa1cf068d85136d938e1507b9b619cb766e2565cbb1faa1e571762460c785?s=96&d=mm&r=g","contentUrl":"https:\/\/secure.gravatar.com\/avatar\/016fa1cf068d85136d938e1507b9b619cb766e2565cbb1faa1e571762460c785?s=96&d=mm&r=g","caption":"Nativa Info"},"sameAs":["http:\/\/nativainfo.com"],"url":"https:\/\/nativainfo.com\/?author=1"}]}},"jetpack_publicize_connections":[],"_links":{"self":[{"href":"https:\/\/nativainfo.com\/index.php?rest_route=\/wp\/v2\/posts\/5434","targetHints":{"allow":["GET"]}}],"collection":[{"href":"https:\/\/nativainfo.com\/index.php?rest_route=\/wp\/v2\/posts"}],"about":[{"href":"https:\/\/nativainfo.com\/index.php?rest_route=\/wp\/v2\/types\/post"}],"author":[{"embeddable":true,"href":"https:\/\/nativainfo.com\/index.php?rest_route=\/wp\/v2\/users\/1"}],"replies":[{"embeddable":true,"href":"https:\/\/nativainfo.com\/index.php?rest_route=%2Fwp%2Fv2%2Fcomments&post=5434"}],"version-history":[{"count":1,"href":"https:\/\/nativainfo.com\/index.php?rest_route=\/wp\/v2\/posts\/5434\/revisions"}],"predecessor-version":[{"id":5437,"href":"https:\/\/nativainfo.com\/index.php?rest_route=\/wp\/v2\/posts\/5434\/revisions\/5437"}],"wp:attachment":[{"href":"https:\/\/nativainfo.com\/index.php?rest_route=%2Fwp%2Fv2%2Fmedia&parent=5434"}],"wp:term":[{"taxonomy":"category","embeddable":true,"href":"https:\/\/nativainfo.com\/index.php?rest_route=%2Fwp%2Fv2%2Fcategories&post=5434"},{"taxonomy":"post_tag","embeddable":true,"href":"https:\/\/nativainfo.com\/index.php?rest_route=%2Fwp%2Fv2%2Ftags&post=5434"}],"curies":[{"name":"wp","href":"https:\/\/api.w.org\/{rel}","templated":true}]}}