{"id":5424,"date":"2025-12-09T00:57:50","date_gmt":"2025-12-09T03:57:50","guid":{"rendered":"https:\/\/nativainfo.com\/?p=5424"},"modified":"2025-12-09T00:57:51","modified_gmt":"2025-12-09T03:57:51","slug":"fuentes-encabezo-el-encendido-del-arbol-de-navidad-ecologico","status":"publish","type":"post","link":"https:\/\/nativainfo.com\/?p=5424","title":{"rendered":"Fuentes encabez\u00f3 el encendido del \u00e1rbol de Navidad ecol\u00f3gico"},"content":{"rendered":"\n<p>Acompa\u00f1ada por numerosos vecinos, la intendente <strong>Norma Fuentes<\/strong> lider\u00f3 el encendido de las luces ornamentales de <strong>plaza Libertad<\/strong>, el microcentro, las avenidas principales y del tradicional <strong>\u00e1rbol de Navidad ecol\u00f3gico<\/strong> instalado en la explanada de la Municipalidad de la Capital.<\/p>\n\n\n\n<figure class=\"wp-block-image size-large\"><img fetchpriority=\"high\" decoding=\"async\" width=\"1024\" height=\"538\" src=\"https:\/\/nativainfo.com\/wp-content\/uploads\/2025\/12\/imagen_2025-12-09_005740077-1024x538.png\" alt=\"\" class=\"wp-image-5428\" srcset=\"https:\/\/nativainfo.com\/wp-content\/uploads\/2025\/12\/imagen_2025-12-09_005740077-1024x538.png 1024w, https:\/\/nativainfo.com\/wp-content\/uploads\/2025\/12\/imagen_2025-12-09_005740077-300x158.png 300w, https:\/\/nativainfo.com\/wp-content\/uploads\/2025\/12\/imagen_2025-12-09_005740077-768x403.png 768w, https:\/\/nativainfo.com\/wp-content\/uploads\/2025\/12\/imagen_2025-12-09_005740077-667x350.png 667w, https:\/\/nativainfo.com\/wp-content\/uploads\/2025\/12\/imagen_2025-12-09_005740077-150x79.png 150w, https:\/\/nativainfo.com\/wp-content\/uploads\/2025\/12\/imagen_2025-12-09_005740077.png 1200w\" sizes=\"(max-width: 1024px) 100vw, 1024px\" \/><\/figure>\n\n\n\n<p>Durante la actividad, la jefa comunal tambi\u00e9n recorri\u00f3 la plaza junto a funcionarios y particip\u00f3 de la bendici\u00f3n del pesebre de la Sagrada Familia, ceremonia que estuvo a cargo del p\u00e1rroco <strong>Mario Tenti<\/strong> de la Catedral Bas\u00edlica.<\/p>\n\n\n\n<p>Fuentes subray\u00f3 que, un a\u00f1o m\u00e1s, los santiague\u00f1os se re\u00fanen para celebrar en el marco de la <strong>Navidad Ecol\u00f3gica<\/strong>, una propuesta impulsada por el municipio junto a diversas organizaciones que colaboran en la creaci\u00f3n del \u00e1rbol elaborado con envases pl\u00e1sticos y materiales reutilizados. <em>\u201cLa participaci\u00f3n de toda la comunidad le da el verdadero valor a este festejo\u201d<\/em>, afirm\u00f3.<\/p>\n\n\n\n<p>Finalmente, la intendente llam\u00f3 a iniciar este mes <em>\u201cunidos, respet\u00e1ndonos y pensando en el pr\u00f3jimo para construir una mejor comunidad\u201d<\/em>.<\/p>\n\n\n\n<p><em>Fuente: El Liberal<\/em><\/p>\n\n\n\n<p><\/p>\n","protected":false},"excerpt":{"rendered":"<p>Acompa\u00f1ada por numerosos vecinos, la intendente Norma Fuentes lider\u00f3 el encendido de las luces ornamentales de plaza Libertad, el microcentro,&#8230; <a class=\"continue-reading-link\" href=\"https:\/\/nativainfo.com\/?p=5424\">Continue reading<\/a><\/p>\n","protected":false},"author":1,"featured_media":0,"comment_status":"open","ping_status":"open","sticky":false,"template":"","format":"standard","meta":{"rop_custom_images_group":[],"rop_custom_messages_group":[],"rop_publish_now":"yes","rop_publish_now_accounts":[],"rop_publish_now_history":[],"rop_publish_now_status":"pending","footnotes":"","jetpack_publicize_message":"","jetpack_publicize_feature_enabled":true,"jetpack_social_post_already_shared":false,"jetpack_social_options":{"image_generator_settings":{"template":"highway","default_image_id":0,"font":"","enabled":false},"version":2}},"categories":[48],"tags":[],"class_list":["post-5424","post","type-post","status-publish","format-standard","hentry","category-capital"],"yoast_head":"<!-- This site is optimized with the Yoast SEO plugin v25.6 - https:\/\/yoast.com\/wordpress\/plugins\/seo\/ -->\n<title>Fuentes encabez\u00f3 el encendido del \u00e1rbol de Navidad ecol\u00f3gico - Nativa Info<\/title>\n<meta name=\"robots\" content=\"index, follow, max-snippet:-1, max-image-preview:large, max-video-preview:-1\" \/>\n<link rel=\"canonical\" href=\"https:\/\/nativainfo.com\/?p=5424\" \/>\n<meta property=\"og:locale\" content=\"es_ES\" \/>\n<meta property=\"og:type\" content=\"article\" \/>\n<meta property=\"og:title\" content=\"Fuentes encabez\u00f3 el encendido del \u00e1rbol de Navidad ecol\u00f3gico - Nativa Info\" \/>\n<meta property=\"og:description\" content=\"Acompa\u00f1ada por numerosos vecinos, la intendente Norma Fuentes lider\u00f3 el encendido de las luces ornamentales de plaza Libertad, el microcentro,... Continue reading\" \/>\n<meta property=\"og:url\" content=\"https:\/\/nativainfo.com\/?p=5424\" \/>\n<meta property=\"og:site_name\" content=\"Nativa Info\" \/>\n<meta property=\"article:publisher\" content=\"https:\/\/www.facebook.com\/profile.php?id=61578881597564\" \/>\n<meta property=\"article:published_time\" content=\"2025-12-09T03:57:50+00:00\" \/>\n<meta property=\"article:modified_time\" content=\"2025-12-09T03:57:51+00:00\" \/>\n<meta property=\"og:image\" content=\"https:\/\/nativainfo.com\/wp-content\/uploads\/2025\/12\/imagen_2025-12-09_005740077.png\" \/>\n\t<meta property=\"og:image:width\" content=\"1200\" \/>\n\t<meta property=\"og:image:height\" content=\"630\" \/>\n\t<meta property=\"og:image:type\" content=\"image\/png\" \/>\n<meta name=\"author\" content=\"Nativa Info\" \/>\n<meta name=\"twitter:card\" content=\"summary_large_image\" \/>\n<meta name=\"twitter:label1\" content=\"Escrito por\" \/>\n\t<meta name=\"twitter:data1\" content=\"Nativa Info\" \/>\n\t<meta name=\"twitter:label2\" content=\"Tiempo de lectura\" \/>\n\t<meta name=\"twitter:data2\" content=\"1 minuto\" \/>\n<script type=\"application\/ld+json\" class=\"yoast-schema-graph\">{\"@context\":\"https:\/\/schema.org\",\"@graph\":[{\"@type\":\"Article\",\"@id\":\"https:\/\/nativainfo.com\/?p=5424#article\",\"isPartOf\":{\"@id\":\"https:\/\/nativainfo.com\/?p=5424\"},\"author\":{\"name\":\"Nativa Info\",\"@id\":\"https:\/\/nativainfo.com\/#\/schema\/person\/24893b64a9cd564ddb5d102d36eb4b5c\"},\"headline\":\"Fuentes encabez\u00f3 el encendido del \u00e1rbol de Navidad ecol\u00f3gico\",\"datePublished\":\"2025-12-09T03:57:50+00:00\",\"dateModified\":\"2025-12-09T03:57:51+00:00\",\"mainEntityOfPage\":{\"@id\":\"https:\/\/nativainfo.com\/?p=5424\"},\"wordCount\":184,\"commentCount\":0,\"publisher\":{\"@id\":\"https:\/\/nativainfo.com\/#organization\"},\"image\":{\"@id\":\"https:\/\/nativainfo.com\/?p=5424#primaryimage\"},\"thumbnailUrl\":\"https:\/\/nativainfo.com\/wp-content\/uploads\/2025\/12\/imagen_2025-12-09_005740077-1024x538.png\",\"articleSection\":[\"Capital\"],\"inLanguage\":\"es-AR\",\"potentialAction\":[{\"@type\":\"CommentAction\",\"name\":\"Comment\",\"target\":[\"https:\/\/nativainfo.com\/?p=5424#respond\"]}]},{\"@type\":\"WebPage\",\"@id\":\"https:\/\/nativainfo.com\/?p=5424\",\"url\":\"https:\/\/nativainfo.com\/?p=5424\",\"name\":\"Fuentes encabez\u00f3 el encendido del \u00e1rbol de Navidad ecol\u00f3gico - Nativa Info\",\"isPartOf\":{\"@id\":\"https:\/\/nativainfo.com\/#website\"},\"primaryImageOfPage\":{\"@id\":\"https:\/\/nativainfo.com\/?p=5424#primaryimage\"},\"image\":{\"@id\":\"https:\/\/nativainfo.com\/?p=5424#primaryimage\"},\"thumbnailUrl\":\"https:\/\/nativainfo.com\/wp-content\/uploads\/2025\/12\/imagen_2025-12-09_005740077-1024x538.png\",\"datePublished\":\"2025-12-09T03:57:50+00:00\",\"dateModified\":\"2025-12-09T03:57:51+00:00\",\"breadcrumb\":{\"@id\":\"https:\/\/nativainfo.com\/?p=5424#breadcrumb\"},\"inLanguage\":\"es-AR\",\"potentialAction\":[{\"@type\":\"ReadAction\",\"target\":[\"https:\/\/nativainfo.com\/?p=5424\"]}]},{\"@type\":\"ImageObject\",\"inLanguage\":\"es-AR\",\"@id\":\"https:\/\/nativainfo.com\/?p=5424#primaryimage\",\"url\":\"https:\/\/nativainfo.com\/wp-content\/uploads\/2025\/12\/imagen_2025-12-09_005740077.png\",\"contentUrl\":\"https:\/\/nativainfo.com\/wp-content\/uploads\/2025\/12\/imagen_2025-12-09_005740077.png\",\"width\":1200,\"height\":630},{\"@type\":\"BreadcrumbList\",\"@id\":\"https:\/\/nativainfo.com\/?p=5424#breadcrumb\",\"itemListElement\":[{\"@type\":\"ListItem\",\"position\":1,\"name\":\"Inicio\",\"item\":\"https:\/\/nativainfo.com\/\"},{\"@type\":\"ListItem\",\"position\":2,\"name\":\"Fuentes encabez\u00f3 el encendido del \u00e1rbol de Navidad ecol\u00f3gico\"}]},{\"@type\":\"WebSite\",\"@id\":\"https:\/\/nativainfo.com\/#website\",\"url\":\"https:\/\/nativainfo.com\/\",\"name\":\"Nativa Info\",\"description\":\"Diario Digital\",\"publisher\":{\"@id\":\"https:\/\/nativainfo.com\/#organization\"},\"potentialAction\":[{\"@type\":\"SearchAction\",\"target\":{\"@type\":\"EntryPoint\",\"urlTemplate\":\"https:\/\/nativainfo.com\/?s={search_term_string}\"},\"query-input\":{\"@type\":\"PropertyValueSpecification\",\"valueRequired\":true,\"valueName\":\"search_term_string\"}}],\"inLanguage\":\"es-AR\"},{\"@type\":\"Organization\",\"@id\":\"https:\/\/nativainfo.com\/#organization\",\"name\":\"Nativa Info\",\"url\":\"https:\/\/nativainfo.com\/\",\"logo\":{\"@type\":\"ImageObject\",\"inLanguage\":\"es-AR\",\"@id\":\"https:\/\/nativainfo.com\/#\/schema\/logo\/image\/\",\"url\":\"https:\/\/nativainfo.com\/wp-content\/uploads\/2025\/08\/LOGO-NATIVA-FACE.jpg\",\"contentUrl\":\"https:\/\/nativainfo.com\/wp-content\/uploads\/2025\/08\/LOGO-NATIVA-FACE.jpg\",\"width\":400,\"height\":400,\"caption\":\"Nativa Info\"},\"image\":{\"@id\":\"https:\/\/nativainfo.com\/#\/schema\/logo\/image\/\"},\"sameAs\":[\"https:\/\/www.facebook.com\/profile.php?id=61578881597564\"]},{\"@type\":\"Person\",\"@id\":\"https:\/\/nativainfo.com\/#\/schema\/person\/24893b64a9cd564ddb5d102d36eb4b5c\",\"name\":\"Nativa Info\",\"image\":{\"@type\":\"ImageObject\",\"inLanguage\":\"es-AR\",\"@id\":\"https:\/\/nativainfo.com\/#\/schema\/person\/image\/\",\"url\":\"https:\/\/secure.gravatar.com\/avatar\/016fa1cf068d85136d938e1507b9b619cb766e2565cbb1faa1e571762460c785?s=96&d=mm&r=g\",\"contentUrl\":\"https:\/\/secure.gravatar.com\/avatar\/016fa1cf068d85136d938e1507b9b619cb766e2565cbb1faa1e571762460c785?s=96&d=mm&r=g\",\"caption\":\"Nativa Info\"},\"sameAs\":[\"http:\/\/nativainfo.com\"],\"url\":\"https:\/\/nativainfo.com\/?author=1\"}]}<\/script>\n<!-- \/ Yoast SEO plugin. -->","yoast_head_json":{"title":"Fuentes encabez\u00f3 el encendido del \u00e1rbol de Navidad ecol\u00f3gico - Nativa Info","robots":{"index":"index","follow":"follow","max-snippet":"max-snippet:-1","max-image-preview":"max-image-preview:large","max-video-preview":"max-video-preview:-1"},"canonical":"https:\/\/nativainfo.com\/?p=5424","og_locale":"es_ES","og_type":"article","og_title":"Fuentes encabez\u00f3 el encendido del \u00e1rbol de Navidad ecol\u00f3gico - Nativa Info","og_description":"Acompa\u00f1ada por numerosos vecinos, la intendente Norma Fuentes lider\u00f3 el encendido de las luces ornamentales de plaza Libertad, el microcentro,... Continue reading","og_url":"https:\/\/nativainfo.com\/?p=5424","og_site_name":"Nativa Info","article_publisher":"https:\/\/www.facebook.com\/profile.php?id=61578881597564","article_published_time":"2025-12-09T03:57:50+00:00","article_modified_time":"2025-12-09T03:57:51+00:00","og_image":[{"width":1200,"height":630,"url":"https:\/\/nativainfo.com\/wp-content\/uploads\/2025\/12\/imagen_2025-12-09_005740077.png","type":"image\/png"}],"author":"Nativa Info","twitter_card":"summary_large_image","twitter_misc":{"Escrito por":"Nativa Info","Tiempo de lectura":"1 minuto"},"schema":{"@context":"https:\/\/schema.org","@graph":[{"@type":"Article","@id":"https:\/\/nativainfo.com\/?p=5424#article","isPartOf":{"@id":"https:\/\/nativainfo.com\/?p=5424"},"author":{"name":"Nativa Info","@id":"https:\/\/nativainfo.com\/#\/schema\/person\/24893b64a9cd564ddb5d102d36eb4b5c"},"headline":"Fuentes encabez\u00f3 el encendido del \u00e1rbol de Navidad ecol\u00f3gico","datePublished":"2025-12-09T03:57:50+00:00","dateModified":"2025-12-09T03:57:51+00:00","mainEntityOfPage":{"@id":"https:\/\/nativainfo.com\/?p=5424"},"wordCount":184,"commentCount":0,"publisher":{"@id":"https:\/\/nativainfo.com\/#organization"},"image":{"@id":"https:\/\/nativainfo.com\/?p=5424#primaryimage"},"thumbnailUrl":"https:\/\/nativainfo.com\/wp-content\/uploads\/2025\/12\/imagen_2025-12-09_005740077-1024x538.png","articleSection":["Capital"],"inLanguage":"es-AR","potentialAction":[{"@type":"CommentAction","name":"Comment","target":["https:\/\/nativainfo.com\/?p=5424#respond"]}]},{"@type":"WebPage","@id":"https:\/\/nativainfo.com\/?p=5424","url":"https:\/\/nativainfo.com\/?p=5424","name":"Fuentes encabez\u00f3 el encendido del \u00e1rbol de Navidad ecol\u00f3gico - Nativa Info","isPartOf":{"@id":"https:\/\/nativainfo.com\/#website"},"primaryImageOfPage":{"@id":"https:\/\/nativainfo.com\/?p=5424#primaryimage"},"image":{"@id":"https:\/\/nativainfo.com\/?p=5424#primaryimage"},"thumbnailUrl":"https:\/\/nativainfo.com\/wp-content\/uploads\/2025\/12\/imagen_2025-12-09_005740077-1024x538.png","datePublished":"2025-12-09T03:57:50+00:00","dateModified":"2025-12-09T03:57:51+00:00","breadcrumb":{"@id":"https:\/\/nativainfo.com\/?p=5424#breadcrumb"},"inLanguage":"es-AR","potentialAction":[{"@type":"ReadAction","target":["https:\/\/nativainfo.com\/?p=5424"]}]},{"@type":"ImageObject","inLanguage":"es-AR","@id":"https:\/\/nativainfo.com\/?p=5424#primaryimage","url":"https:\/\/nativainfo.com\/wp-content\/uploads\/2025\/12\/imagen_2025-12-09_005740077.png","contentUrl":"https:\/\/nativainfo.com\/wp-content\/uploads\/2025\/12\/imagen_2025-12-09_005740077.png","width":1200,"height":630},{"@type":"BreadcrumbList","@id":"https:\/\/nativainfo.com\/?p=5424#breadcrumb","itemListElement":[{"@type":"ListItem","position":1,"name":"Inicio","item":"https:\/\/nativainfo.com\/"},{"@type":"ListItem","position":2,"name":"Fuentes encabez\u00f3 el encendido del \u00e1rbol de Navidad ecol\u00f3gico"}]},{"@type":"WebSite","@id":"https:\/\/nativainfo.com\/#website","url":"https:\/\/nativainfo.com\/","name":"Nativa Info","description":"Diario Digital","publisher":{"@id":"https:\/\/nativainfo.com\/#organization"},"potentialAction":[{"@type":"SearchAction","target":{"@type":"EntryPoint","urlTemplate":"https:\/\/nativainfo.com\/?s={search_term_string}"},"query-input":{"@type":"PropertyValueSpecification","valueRequired":true,"valueName":"search_term_string"}}],"inLanguage":"es-AR"},{"@type":"Organization","@id":"https:\/\/nativainfo.com\/#organization","name":"Nativa Info","url":"https:\/\/nativainfo.com\/","logo":{"@type":"ImageObject","inLanguage":"es-AR","@id":"https:\/\/nativainfo.com\/#\/schema\/logo\/image\/","url":"https:\/\/nativainfo.com\/wp-content\/uploads\/2025\/08\/LOGO-NATIVA-FACE.jpg","contentUrl":"https:\/\/nativainfo.com\/wp-content\/uploads\/2025\/08\/LOGO-NATIVA-FACE.jpg","width":400,"height":400,"caption":"Nativa Info"},"image":{"@id":"https:\/\/nativainfo.com\/#\/schema\/logo\/image\/"},"sameAs":["https:\/\/www.facebook.com\/profile.php?id=61578881597564"]},{"@type":"Person","@id":"https:\/\/nativainfo.com\/#\/schema\/person\/24893b64a9cd564ddb5d102d36eb4b5c","name":"Nativa Info","image":{"@type":"ImageObject","inLanguage":"es-AR","@id":"https:\/\/nativainfo.com\/#\/schema\/person\/image\/","url":"https:\/\/secure.gravatar.com\/avatar\/016fa1cf068d85136d938e1507b9b619cb766e2565cbb1faa1e571762460c785?s=96&d=mm&r=g","contentUrl":"https:\/\/secure.gravatar.com\/avatar\/016fa1cf068d85136d938e1507b9b619cb766e2565cbb1faa1e571762460c785?s=96&d=mm&r=g","caption":"Nativa Info"},"sameAs":["http:\/\/nativainfo.com"],"url":"https:\/\/nativainfo.com\/?author=1"}]}},"jetpack_publicize_connections":[],"_links":{"self":[{"href":"https:\/\/nativainfo.com\/index.php?rest_route=\/wp\/v2\/posts\/5424","targetHints":{"allow":["GET"]}}],"collection":[{"href":"https:\/\/nativainfo.com\/index.php?rest_route=\/wp\/v2\/posts"}],"about":[{"href":"https:\/\/nativainfo.com\/index.php?rest_route=\/wp\/v2\/types\/post"}],"author":[{"embeddable":true,"href":"https:\/\/nativainfo.com\/index.php?rest_route=\/wp\/v2\/users\/1"}],"replies":[{"embeddable":true,"href":"https:\/\/nativainfo.com\/index.php?rest_route=%2Fwp%2Fv2%2Fcomments&post=5424"}],"version-history":[{"count":1,"href":"https:\/\/nativainfo.com\/index.php?rest_route=\/wp\/v2\/posts\/5424\/revisions"}],"predecessor-version":[{"id":5429,"href":"https:\/\/nativainfo.com\/index.php?rest_route=\/wp\/v2\/posts\/5424\/revisions\/5429"}],"wp:attachment":[{"href":"https:\/\/nativainfo.com\/index.php?rest_route=%2Fwp%2Fv2%2Fmedia&parent=5424"}],"wp:term":[{"taxonomy":"category","embeddable":true,"href":"https:\/\/nativainfo.com\/index.php?rest_route=%2Fwp%2Fv2%2Fcategories&post=5424"},{"taxonomy":"post_tag","embeddable":true,"href":"https:\/\/nativainfo.com\/index.php?rest_route=%2Fwp%2Fv2%2Ftags&post=5424"}],"curies":[{"name":"wp","href":"https:\/\/api.w.org\/{rel}","templated":true}]}}