{"id":5405,"date":"2025-11-28T14:03:31","date_gmt":"2025-11-28T17:03:31","guid":{"rendered":"https:\/\/nativainfo.com\/?p=5405"},"modified":"2025-11-28T14:03:33","modified_gmt":"2025-11-28T17:03:33","slug":"juraron-los-senadores-santiaguenos-gerardo-zamora-elia-moreno-y-emilio-pichon-neder","status":"publish","type":"post","link":"https:\/\/nativainfo.com\/?p=5405","title":{"rendered":"Juraron los senadores santiague\u00f1os Gerardo Zamora, Elia Moreno y Emilio \u201cPich\u00f3n\u201d Neder"},"content":{"rendered":"\n<figure class=\"wp-block-image size-full\"><img fetchpriority=\"high\" decoding=\"async\" width=\"1010\" height=\"567\" src=\"https:\/\/nativainfo.com\/wp-content\/uploads\/2025\/11\/imagen_2025-11-28_140322713.png\" alt=\"\" class=\"wp-image-5408\" srcset=\"https:\/\/nativainfo.com\/wp-content\/uploads\/2025\/11\/imagen_2025-11-28_140322713.png 1010w, https:\/\/nativainfo.com\/wp-content\/uploads\/2025\/11\/imagen_2025-11-28_140322713-300x168.png 300w, https:\/\/nativainfo.com\/wp-content\/uploads\/2025\/11\/imagen_2025-11-28_140322713-768x431.png 768w, https:\/\/nativainfo.com\/wp-content\/uploads\/2025\/11\/imagen_2025-11-28_140322713-623x350.png 623w, https:\/\/nativainfo.com\/wp-content\/uploads\/2025\/11\/imagen_2025-11-28_140322713-150x84.png 150w\" sizes=\"(max-width: 1010px) 100vw, 1010px\" \/><\/figure>\n\n\n\n<p>Este viernes, desde las 11, el Senado de la Naci\u00f3n tom\u00f3 juramento a los 23 legisladores electos en octubre, en el marco del proceso de renovaci\u00f3n parlamentaria que culminar\u00e1 en diciembre.<\/p>\n\n\n\n<p>En Santiago del Estero, el Frente C\u00edvico, con Gerardo Zamora a la cabeza, obtuvo dos de las tres bancas en disputa. Zamora asumi\u00f3 su cargo en la C\u00e1mara Alta acompa\u00f1ado por su familia, mientras que tambi\u00e9n jur\u00f3 por primera vez la diputada provincial Esther del Carmen Moreno.<\/p>\n\n\n\n<p>La tercera banca qued\u00f3 nuevamente en manos de Jos\u00e9 Emilio \u201cPich\u00f3n\u201d Neder, de Fuerza Patria, quien renov\u00f3 su mandato tras desempe\u00f1arse como senador desde 2019.<\/p>\n\n\n\n<p>As\u00ed, Zamora, Moreno y Neder quedaron oficialmente confirmados como los representantes santiague\u00f1os en el Senado para esta nueva etapa institucional, marcada por la recomposici\u00f3n del Congreso y la reconfiguraci\u00f3n del escenario pol\u00edtico nacional.<\/p>\n","protected":false},"excerpt":{"rendered":"<p>Este viernes, desde las 11, el Senado de la Naci\u00f3n tom\u00f3 juramento a los 23 legisladores electos en octubre, en&#8230; <a class=\"continue-reading-link\" href=\"https:\/\/nativainfo.com\/?p=5405\">Continue reading<\/a><\/p>\n","protected":false},"author":1,"featured_media":0,"comment_status":"open","ping_status":"open","sticky":false,"template":"","format":"standard","meta":{"rop_custom_images_group":[],"rop_custom_messages_group":[],"rop_publish_now":"yes","rop_publish_now_accounts":[],"rop_publish_now_history":[],"rop_publish_now_status":"pending","footnotes":"","jetpack_publicize_message":"","jetpack_publicize_feature_enabled":true,"jetpack_social_post_already_shared":false,"jetpack_social_options":{"image_generator_settings":{"template":"highway","default_image_id":0,"font":"","enabled":false},"version":2}},"categories":[36],"tags":[],"class_list":["post-5405","post","type-post","status-publish","format-standard","hentry","category-politica"],"yoast_head":"<!-- This site is optimized with the Yoast SEO plugin v25.6 - https:\/\/yoast.com\/wordpress\/plugins\/seo\/ -->\n<title>Juraron los senadores santiague\u00f1os Gerardo Zamora, Elia Moreno y Emilio \u201cPich\u00f3n\u201d Neder - Nativa Info<\/title>\n<meta name=\"robots\" content=\"index, follow, max-snippet:-1, max-image-preview:large, max-video-preview:-1\" \/>\n<link rel=\"canonical\" href=\"https:\/\/nativainfo.com\/?p=5405\" \/>\n<meta property=\"og:locale\" content=\"es_ES\" \/>\n<meta property=\"og:type\" content=\"article\" \/>\n<meta property=\"og:title\" content=\"Juraron los senadores santiague\u00f1os Gerardo Zamora, Elia Moreno y Emilio \u201cPich\u00f3n\u201d Neder - Nativa Info\" \/>\n<meta property=\"og:description\" content=\"Este viernes, desde las 11, el Senado de la Naci\u00f3n tom\u00f3 juramento a los 23 legisladores electos en octubre, en... Continue reading\" \/>\n<meta property=\"og:url\" content=\"https:\/\/nativainfo.com\/?p=5405\" \/>\n<meta property=\"og:site_name\" content=\"Nativa Info\" \/>\n<meta property=\"article:publisher\" content=\"https:\/\/www.facebook.com\/profile.php?id=61578881597564\" \/>\n<meta property=\"article:published_time\" content=\"2025-11-28T17:03:31+00:00\" \/>\n<meta property=\"article:modified_time\" content=\"2025-11-28T17:03:33+00:00\" \/>\n<meta property=\"og:image\" content=\"https:\/\/nativainfo.com\/wp-content\/uploads\/2025\/11\/imagen_2025-11-28_140322713.png\" \/>\n\t<meta property=\"og:image:width\" content=\"1010\" \/>\n\t<meta property=\"og:image:height\" content=\"567\" \/>\n\t<meta property=\"og:image:type\" content=\"image\/png\" \/>\n<meta name=\"author\" content=\"Nativa Info\" \/>\n<meta name=\"twitter:card\" content=\"summary_large_image\" \/>\n<meta name=\"twitter:label1\" content=\"Escrito por\" \/>\n\t<meta name=\"twitter:data1\" content=\"Nativa Info\" \/>\n\t<meta name=\"twitter:label2\" content=\"Tiempo de lectura\" \/>\n\t<meta name=\"twitter:data2\" content=\"1 minuto\" \/>\n<script type=\"application\/ld+json\" class=\"yoast-schema-graph\">{\"@context\":\"https:\/\/schema.org\",\"@graph\":[{\"@type\":\"Article\",\"@id\":\"https:\/\/nativainfo.com\/?p=5405#article\",\"isPartOf\":{\"@id\":\"https:\/\/nativainfo.com\/?p=5405\"},\"author\":{\"name\":\"Nativa Info\",\"@id\":\"https:\/\/nativainfo.com\/#\/schema\/person\/24893b64a9cd564ddb5d102d36eb4b5c\"},\"headline\":\"Juraron los senadores santiague\u00f1os Gerardo Zamora, Elia Moreno y Emilio \u201cPich\u00f3n\u201d Neder\",\"datePublished\":\"2025-11-28T17:03:31+00:00\",\"dateModified\":\"2025-11-28T17:03:33+00:00\",\"mainEntityOfPage\":{\"@id\":\"https:\/\/nativainfo.com\/?p=5405\"},\"wordCount\":159,\"commentCount\":0,\"publisher\":{\"@id\":\"https:\/\/nativainfo.com\/#organization\"},\"image\":{\"@id\":\"https:\/\/nativainfo.com\/?p=5405#primaryimage\"},\"thumbnailUrl\":\"https:\/\/nativainfo.com\/wp-content\/uploads\/2025\/11\/imagen_2025-11-28_140322713.png\",\"articleSection\":[\"Pol\u00edtica\"],\"inLanguage\":\"es-AR\",\"potentialAction\":[{\"@type\":\"CommentAction\",\"name\":\"Comment\",\"target\":[\"https:\/\/nativainfo.com\/?p=5405#respond\"]}]},{\"@type\":\"WebPage\",\"@id\":\"https:\/\/nativainfo.com\/?p=5405\",\"url\":\"https:\/\/nativainfo.com\/?p=5405\",\"name\":\"Juraron los senadores santiague\u00f1os Gerardo Zamora, Elia Moreno y Emilio \u201cPich\u00f3n\u201d Neder - Nativa Info\",\"isPartOf\":{\"@id\":\"https:\/\/nativainfo.com\/#website\"},\"primaryImageOfPage\":{\"@id\":\"https:\/\/nativainfo.com\/?p=5405#primaryimage\"},\"image\":{\"@id\":\"https:\/\/nativainfo.com\/?p=5405#primaryimage\"},\"thumbnailUrl\":\"https:\/\/nativainfo.com\/wp-content\/uploads\/2025\/11\/imagen_2025-11-28_140322713.png\",\"datePublished\":\"2025-11-28T17:03:31+00:00\",\"dateModified\":\"2025-11-28T17:03:33+00:00\",\"breadcrumb\":{\"@id\":\"https:\/\/nativainfo.com\/?p=5405#breadcrumb\"},\"inLanguage\":\"es-AR\",\"potentialAction\":[{\"@type\":\"ReadAction\",\"target\":[\"https:\/\/nativainfo.com\/?p=5405\"]}]},{\"@type\":\"ImageObject\",\"inLanguage\":\"es-AR\",\"@id\":\"https:\/\/nativainfo.com\/?p=5405#primaryimage\",\"url\":\"https:\/\/nativainfo.com\/wp-content\/uploads\/2025\/11\/imagen_2025-11-28_140322713.png\",\"contentUrl\":\"https:\/\/nativainfo.com\/wp-content\/uploads\/2025\/11\/imagen_2025-11-28_140322713.png\",\"width\":1010,\"height\":567},{\"@type\":\"BreadcrumbList\",\"@id\":\"https:\/\/nativainfo.com\/?p=5405#breadcrumb\",\"itemListElement\":[{\"@type\":\"ListItem\",\"position\":1,\"name\":\"Inicio\",\"item\":\"https:\/\/nativainfo.com\/\"},{\"@type\":\"ListItem\",\"position\":2,\"name\":\"Juraron los senadores santiague\u00f1os Gerardo Zamora, Elia Moreno y Emilio \u201cPich\u00f3n\u201d Neder\"}]},{\"@type\":\"WebSite\",\"@id\":\"https:\/\/nativainfo.com\/#website\",\"url\":\"https:\/\/nativainfo.com\/\",\"name\":\"Nativa Info\",\"description\":\"Diario Digital\",\"publisher\":{\"@id\":\"https:\/\/nativainfo.com\/#organization\"},\"potentialAction\":[{\"@type\":\"SearchAction\",\"target\":{\"@type\":\"EntryPoint\",\"urlTemplate\":\"https:\/\/nativainfo.com\/?s={search_term_string}\"},\"query-input\":{\"@type\":\"PropertyValueSpecification\",\"valueRequired\":true,\"valueName\":\"search_term_string\"}}],\"inLanguage\":\"es-AR\"},{\"@type\":\"Organization\",\"@id\":\"https:\/\/nativainfo.com\/#organization\",\"name\":\"Nativa Info\",\"url\":\"https:\/\/nativainfo.com\/\",\"logo\":{\"@type\":\"ImageObject\",\"inLanguage\":\"es-AR\",\"@id\":\"https:\/\/nativainfo.com\/#\/schema\/logo\/image\/\",\"url\":\"https:\/\/nativainfo.com\/wp-content\/uploads\/2025\/08\/LOGO-NATIVA-FACE.jpg\",\"contentUrl\":\"https:\/\/nativainfo.com\/wp-content\/uploads\/2025\/08\/LOGO-NATIVA-FACE.jpg\",\"width\":400,\"height\":400,\"caption\":\"Nativa Info\"},\"image\":{\"@id\":\"https:\/\/nativainfo.com\/#\/schema\/logo\/image\/\"},\"sameAs\":[\"https:\/\/www.facebook.com\/profile.php?id=61578881597564\"]},{\"@type\":\"Person\",\"@id\":\"https:\/\/nativainfo.com\/#\/schema\/person\/24893b64a9cd564ddb5d102d36eb4b5c\",\"name\":\"Nativa Info\",\"image\":{\"@type\":\"ImageObject\",\"inLanguage\":\"es-AR\",\"@id\":\"https:\/\/nativainfo.com\/#\/schema\/person\/image\/\",\"url\":\"https:\/\/secure.gravatar.com\/avatar\/016fa1cf068d85136d938e1507b9b619cb766e2565cbb1faa1e571762460c785?s=96&d=mm&r=g\",\"contentUrl\":\"https:\/\/secure.gravatar.com\/avatar\/016fa1cf068d85136d938e1507b9b619cb766e2565cbb1faa1e571762460c785?s=96&d=mm&r=g\",\"caption\":\"Nativa Info\"},\"sameAs\":[\"http:\/\/nativainfo.com\"],\"url\":\"https:\/\/nativainfo.com\/?author=1\"}]}<\/script>\n<!-- \/ Yoast SEO plugin. -->","yoast_head_json":{"title":"Juraron los senadores santiague\u00f1os Gerardo Zamora, Elia Moreno y Emilio \u201cPich\u00f3n\u201d Neder - Nativa Info","robots":{"index":"index","follow":"follow","max-snippet":"max-snippet:-1","max-image-preview":"max-image-preview:large","max-video-preview":"max-video-preview:-1"},"canonical":"https:\/\/nativainfo.com\/?p=5405","og_locale":"es_ES","og_type":"article","og_title":"Juraron los senadores santiague\u00f1os Gerardo Zamora, Elia Moreno y Emilio \u201cPich\u00f3n\u201d Neder - Nativa Info","og_description":"Este viernes, desde las 11, el Senado de la Naci\u00f3n tom\u00f3 juramento a los 23 legisladores electos en octubre, en... Continue reading","og_url":"https:\/\/nativainfo.com\/?p=5405","og_site_name":"Nativa Info","article_publisher":"https:\/\/www.facebook.com\/profile.php?id=61578881597564","article_published_time":"2025-11-28T17:03:31+00:00","article_modified_time":"2025-11-28T17:03:33+00:00","og_image":[{"width":1010,"height":567,"url":"https:\/\/nativainfo.com\/wp-content\/uploads\/2025\/11\/imagen_2025-11-28_140322713.png","type":"image\/png"}],"author":"Nativa Info","twitter_card":"summary_large_image","twitter_misc":{"Escrito por":"Nativa Info","Tiempo de lectura":"1 minuto"},"schema":{"@context":"https:\/\/schema.org","@graph":[{"@type":"Article","@id":"https:\/\/nativainfo.com\/?p=5405#article","isPartOf":{"@id":"https:\/\/nativainfo.com\/?p=5405"},"author":{"name":"Nativa Info","@id":"https:\/\/nativainfo.com\/#\/schema\/person\/24893b64a9cd564ddb5d102d36eb4b5c"},"headline":"Juraron los senadores santiague\u00f1os Gerardo Zamora, Elia Moreno y Emilio \u201cPich\u00f3n\u201d Neder","datePublished":"2025-11-28T17:03:31+00:00","dateModified":"2025-11-28T17:03:33+00:00","mainEntityOfPage":{"@id":"https:\/\/nativainfo.com\/?p=5405"},"wordCount":159,"commentCount":0,"publisher":{"@id":"https:\/\/nativainfo.com\/#organization"},"image":{"@id":"https:\/\/nativainfo.com\/?p=5405#primaryimage"},"thumbnailUrl":"https:\/\/nativainfo.com\/wp-content\/uploads\/2025\/11\/imagen_2025-11-28_140322713.png","articleSection":["Pol\u00edtica"],"inLanguage":"es-AR","potentialAction":[{"@type":"CommentAction","name":"Comment","target":["https:\/\/nativainfo.com\/?p=5405#respond"]}]},{"@type":"WebPage","@id":"https:\/\/nativainfo.com\/?p=5405","url":"https:\/\/nativainfo.com\/?p=5405","name":"Juraron los senadores santiague\u00f1os Gerardo Zamora, Elia Moreno y Emilio \u201cPich\u00f3n\u201d Neder - Nativa Info","isPartOf":{"@id":"https:\/\/nativainfo.com\/#website"},"primaryImageOfPage":{"@id":"https:\/\/nativainfo.com\/?p=5405#primaryimage"},"image":{"@id":"https:\/\/nativainfo.com\/?p=5405#primaryimage"},"thumbnailUrl":"https:\/\/nativainfo.com\/wp-content\/uploads\/2025\/11\/imagen_2025-11-28_140322713.png","datePublished":"2025-11-28T17:03:31+00:00","dateModified":"2025-11-28T17:03:33+00:00","breadcrumb":{"@id":"https:\/\/nativainfo.com\/?p=5405#breadcrumb"},"inLanguage":"es-AR","potentialAction":[{"@type":"ReadAction","target":["https:\/\/nativainfo.com\/?p=5405"]}]},{"@type":"ImageObject","inLanguage":"es-AR","@id":"https:\/\/nativainfo.com\/?p=5405#primaryimage","url":"https:\/\/nativainfo.com\/wp-content\/uploads\/2025\/11\/imagen_2025-11-28_140322713.png","contentUrl":"https:\/\/nativainfo.com\/wp-content\/uploads\/2025\/11\/imagen_2025-11-28_140322713.png","width":1010,"height":567},{"@type":"BreadcrumbList","@id":"https:\/\/nativainfo.com\/?p=5405#breadcrumb","itemListElement":[{"@type":"ListItem","position":1,"name":"Inicio","item":"https:\/\/nativainfo.com\/"},{"@type":"ListItem","position":2,"name":"Juraron los senadores santiague\u00f1os Gerardo Zamora, Elia Moreno y Emilio \u201cPich\u00f3n\u201d Neder"}]},{"@type":"WebSite","@id":"https:\/\/nativainfo.com\/#website","url":"https:\/\/nativainfo.com\/","name":"Nativa Info","description":"Diario Digital","publisher":{"@id":"https:\/\/nativainfo.com\/#organization"},"potentialAction":[{"@type":"SearchAction","target":{"@type":"EntryPoint","urlTemplate":"https:\/\/nativainfo.com\/?s={search_term_string}"},"query-input":{"@type":"PropertyValueSpecification","valueRequired":true,"valueName":"search_term_string"}}],"inLanguage":"es-AR"},{"@type":"Organization","@id":"https:\/\/nativainfo.com\/#organization","name":"Nativa Info","url":"https:\/\/nativainfo.com\/","logo":{"@type":"ImageObject","inLanguage":"es-AR","@id":"https:\/\/nativainfo.com\/#\/schema\/logo\/image\/","url":"https:\/\/nativainfo.com\/wp-content\/uploads\/2025\/08\/LOGO-NATIVA-FACE.jpg","contentUrl":"https:\/\/nativainfo.com\/wp-content\/uploads\/2025\/08\/LOGO-NATIVA-FACE.jpg","width":400,"height":400,"caption":"Nativa Info"},"image":{"@id":"https:\/\/nativainfo.com\/#\/schema\/logo\/image\/"},"sameAs":["https:\/\/www.facebook.com\/profile.php?id=61578881597564"]},{"@type":"Person","@id":"https:\/\/nativainfo.com\/#\/schema\/person\/24893b64a9cd564ddb5d102d36eb4b5c","name":"Nativa Info","image":{"@type":"ImageObject","inLanguage":"es-AR","@id":"https:\/\/nativainfo.com\/#\/schema\/person\/image\/","url":"https:\/\/secure.gravatar.com\/avatar\/016fa1cf068d85136d938e1507b9b619cb766e2565cbb1faa1e571762460c785?s=96&d=mm&r=g","contentUrl":"https:\/\/secure.gravatar.com\/avatar\/016fa1cf068d85136d938e1507b9b619cb766e2565cbb1faa1e571762460c785?s=96&d=mm&r=g","caption":"Nativa Info"},"sameAs":["http:\/\/nativainfo.com"],"url":"https:\/\/nativainfo.com\/?author=1"}]}},"jetpack_publicize_connections":[],"_links":{"self":[{"href":"https:\/\/nativainfo.com\/index.php?rest_route=\/wp\/v2\/posts\/5405","targetHints":{"allow":["GET"]}}],"collection":[{"href":"https:\/\/nativainfo.com\/index.php?rest_route=\/wp\/v2\/posts"}],"about":[{"href":"https:\/\/nativainfo.com\/index.php?rest_route=\/wp\/v2\/types\/post"}],"author":[{"embeddable":true,"href":"https:\/\/nativainfo.com\/index.php?rest_route=\/wp\/v2\/users\/1"}],"replies":[{"embeddable":true,"href":"https:\/\/nativainfo.com\/index.php?rest_route=%2Fwp%2Fv2%2Fcomments&post=5405"}],"version-history":[{"count":1,"href":"https:\/\/nativainfo.com\/index.php?rest_route=\/wp\/v2\/posts\/5405\/revisions"}],"predecessor-version":[{"id":5409,"href":"https:\/\/nativainfo.com\/index.php?rest_route=\/wp\/v2\/posts\/5405\/revisions\/5409"}],"wp:attachment":[{"href":"https:\/\/nativainfo.com\/index.php?rest_route=%2Fwp%2Fv2%2Fmedia&parent=5405"}],"wp:term":[{"taxonomy":"category","embeddable":true,"href":"https:\/\/nativainfo.com\/index.php?rest_route=%2Fwp%2Fv2%2Fcategories&post=5405"},{"taxonomy":"post_tag","embeddable":true,"href":"https:\/\/nativainfo.com\/index.php?rest_route=%2Fwp%2Fv2%2Ftags&post=5405"}],"curies":[{"name":"wp","href":"https:\/\/api.w.org\/{rel}","templated":true}]}}