{"id":540,"date":"2020-08-25T18:05:50","date_gmt":"2020-08-25T21:05:50","guid":{"rendered":"http:\/\/nativainfo.com\/?p=540"},"modified":"2020-08-25T18:05:50","modified_gmt":"2020-08-25T21:05:50","slug":"lionel-messi-le-comunico-al-barcelona-que-quiere-irse","status":"publish","type":"post","link":"https:\/\/nativainfo.com\/?p=540","title":{"rendered":"Lionel Messi le comunic\u00f3 al Barcelona que quiere irse"},"content":{"rendered":"\n<p>El argentino envi\u00f3 un fax para informar que har\u00e1 uso de la cl\u00e1usula que tiene en su contrato para rescindir<\/p>\n\n\n\n<figure class=\"wp-block-image size-large\"><img fetchpriority=\"high\" decoding=\"async\" width=\"768\" height=\"512\" src=\"http:\/\/nativainfo.com\/wp-content\/uploads\/2020\/08\/messirve.jpg\" alt=\"\" class=\"wp-image-541\" srcset=\"https:\/\/nativainfo.com\/wp-content\/uploads\/2020\/08\/messirve.jpg 768w, https:\/\/nativainfo.com\/wp-content\/uploads\/2020\/08\/messirve-300x200.jpg 300w, https:\/\/nativainfo.com\/wp-content\/uploads\/2020\/08\/messirve-525x350.jpg 525w, https:\/\/nativainfo.com\/wp-content\/uploads\/2020\/08\/messirve-150x100.jpg 150w\" sizes=\"(max-width: 768px) 100vw, 768px\" \/><\/figure>\n\n\n\n<p><strong>Lionel Messi le comunic\u00f3 v\u00eda&nbsp;<\/strong><a href=\"https:\/\/www.infobae.com\/america\/deportes\/futbol-europeo\/2020\/08\/25\/que-es-el-burofax-mediante-el-cual-lionel-messi-le-aviso-al-barcelona-su-deseo-de-irse-del-club\/\" target=\"_blank\" rel=\"noreferrer noopener\"><strong>burofax<\/strong><\/a><strong>&nbsp;al Barcelona que quiere marcharse del club<\/strong>. As\u00ed lo confirmaron voceros del club este martes, luego de que los canales de noticias<em>&nbsp;TyC Sports y<\/em>&nbsp;<em>Fox Sports<\/em>&nbsp;lo adelantaran. Seg\u00fan se\u00f1alaron, el delantero pidi\u00f3 hacer uso de la opci\u00f3n que figura en su contrato para rescindirlo autom\u00e1ticamente a final de cada temporada.<\/p>\n\n\n\n<p>Como la prensa europea hab\u00eda revelado hace meses, existe una\u00a0<strong>cl\u00e1usula secreta<\/strong>\u00a0que ten\u00eda el argentino con el club en el que\u00a0<em>la<\/em>\u00a0<em>Pulga\u00a0<\/em>ten\u00eda la posibilidad de emigrar al t\u00e9rmino de cada temporada\u00a0<strong>sin ning\u00fan tipo de costo econ\u00f3mico<\/strong>. Para activarla, el jugador deb\u00eda informar su inter\u00e9s de marcharse\u00a0antes del 10 de junio, algo que no hizo. Pero en esta ocasi\u00f3n, al tratarse de una temporada inusual en la que el calendario se modific\u00f3 por la pandemia del coronavirus y la competencia termin\u00f3 en agosto y no en mayo, desde el lado del futbolista entienden que ese lapso de tiempo debi\u00f3 haberse estirado autom\u00e1ticamente.<\/p>\n\n\n\n<p>-Fuente: Infobae-<\/p>\n","protected":false},"excerpt":{"rendered":"<p>El argentino envi\u00f3 un fax para informar que har\u00e1 uso de la cl\u00e1usula que tiene en su contrato para rescindir&#8230; <a class=\"continue-reading-link\" href=\"https:\/\/nativainfo.com\/?p=540\">Continue reading<\/a><\/p>\n","protected":false},"author":1,"featured_media":0,"comment_status":"open","ping_status":"open","sticky":false,"template":"","format":"standard","meta":{"rop_custom_images_group":[],"rop_custom_messages_group":[],"rop_publish_now":"initial","rop_publish_now_accounts":[],"rop_publish_now_history":[],"rop_publish_now_status":"pending","footnotes":"","jetpack_publicize_message":"","jetpack_publicize_feature_enabled":true,"jetpack_social_post_already_shared":false,"jetpack_social_options":{"image_generator_settings":{"template":"highway","default_image_id":0,"font":"","enabled":false},"version":2}},"categories":[10,35],"tags":[],"class_list":["post-540","post","type-post","status-publish","format-standard","hentry","category-deportes","category-futbol-internacional"],"yoast_head":"<!-- This site is optimized with the Yoast SEO plugin v25.6 - https:\/\/yoast.com\/wordpress\/plugins\/seo\/ -->\n<title>Lionel Messi le comunic\u00f3 al Barcelona que quiere irse - Nativa Info<\/title>\n<meta name=\"robots\" content=\"index, follow, max-snippet:-1, max-image-preview:large, max-video-preview:-1\" \/>\n<link rel=\"canonical\" href=\"https:\/\/nativainfo.com\/?p=540\" \/>\n<meta property=\"og:locale\" content=\"es_ES\" \/>\n<meta property=\"og:type\" content=\"article\" \/>\n<meta property=\"og:title\" content=\"Lionel Messi le comunic\u00f3 al Barcelona que quiere irse - Nativa Info\" \/>\n<meta property=\"og:description\" content=\"El argentino envi\u00f3 un fax para informar que har\u00e1 uso de la cl\u00e1usula que tiene en su contrato para rescindir... Continue reading\" \/>\n<meta property=\"og:url\" content=\"https:\/\/nativainfo.com\/?p=540\" \/>\n<meta property=\"og:site_name\" content=\"Nativa Info\" \/>\n<meta property=\"article:publisher\" content=\"https:\/\/www.facebook.com\/profile.php?id=61578881597564\" \/>\n<meta property=\"article:published_time\" content=\"2020-08-25T21:05:50+00:00\" \/>\n<meta property=\"og:image\" content=\"http:\/\/nativainfo.com\/wp-content\/uploads\/2020\/08\/messirve.jpg\" \/>\n<meta name=\"author\" content=\"Nativa Info\" \/>\n<meta name=\"twitter:card\" content=\"summary_large_image\" \/>\n<meta name=\"twitter:label1\" content=\"Escrito por\" \/>\n\t<meta name=\"twitter:data1\" content=\"Nativa Info\" \/>\n\t<meta name=\"twitter:label2\" content=\"Tiempo de lectura\" \/>\n\t<meta name=\"twitter:data2\" content=\"1 minuto\" \/>\n<script type=\"application\/ld+json\" class=\"yoast-schema-graph\">{\"@context\":\"https:\/\/schema.org\",\"@graph\":[{\"@type\":\"Article\",\"@id\":\"https:\/\/nativainfo.com\/?p=540#article\",\"isPartOf\":{\"@id\":\"https:\/\/nativainfo.com\/?p=540\"},\"author\":{\"name\":\"Nativa Info\",\"@id\":\"https:\/\/nativainfo.com\/#\/schema\/person\/24893b64a9cd564ddb5d102d36eb4b5c\"},\"headline\":\"Lionel Messi le comunic\u00f3 al Barcelona que quiere irse\",\"datePublished\":\"2020-08-25T21:05:50+00:00\",\"mainEntityOfPage\":{\"@id\":\"https:\/\/nativainfo.com\/?p=540\"},\"wordCount\":216,\"commentCount\":0,\"publisher\":{\"@id\":\"https:\/\/nativainfo.com\/#organization\"},\"image\":{\"@id\":\"https:\/\/nativainfo.com\/?p=540#primaryimage\"},\"thumbnailUrl\":\"http:\/\/nativainfo.com\/wp-content\/uploads\/2020\/08\/messirve.jpg\",\"articleSection\":[\"Deportes\",\"F\u00fatbol Internacional\"],\"inLanguage\":\"es-AR\",\"potentialAction\":[{\"@type\":\"CommentAction\",\"name\":\"Comment\",\"target\":[\"https:\/\/nativainfo.com\/?p=540#respond\"]}]},{\"@type\":\"WebPage\",\"@id\":\"https:\/\/nativainfo.com\/?p=540\",\"url\":\"https:\/\/nativainfo.com\/?p=540\",\"name\":\"Lionel Messi le comunic\u00f3 al Barcelona que quiere irse - Nativa Info\",\"isPartOf\":{\"@id\":\"https:\/\/nativainfo.com\/#website\"},\"primaryImageOfPage\":{\"@id\":\"https:\/\/nativainfo.com\/?p=540#primaryimage\"},\"image\":{\"@id\":\"https:\/\/nativainfo.com\/?p=540#primaryimage\"},\"thumbnailUrl\":\"http:\/\/nativainfo.com\/wp-content\/uploads\/2020\/08\/messirve.jpg\",\"datePublished\":\"2020-08-25T21:05:50+00:00\",\"breadcrumb\":{\"@id\":\"https:\/\/nativainfo.com\/?p=540#breadcrumb\"},\"inLanguage\":\"es-AR\",\"potentialAction\":[{\"@type\":\"ReadAction\",\"target\":[\"https:\/\/nativainfo.com\/?p=540\"]}]},{\"@type\":\"ImageObject\",\"inLanguage\":\"es-AR\",\"@id\":\"https:\/\/nativainfo.com\/?p=540#primaryimage\",\"url\":\"https:\/\/nativainfo.com\/wp-content\/uploads\/2020\/08\/messirve.jpg\",\"contentUrl\":\"https:\/\/nativainfo.com\/wp-content\/uploads\/2020\/08\/messirve.jpg\",\"width\":768,\"height\":512},{\"@type\":\"BreadcrumbList\",\"@id\":\"https:\/\/nativainfo.com\/?p=540#breadcrumb\",\"itemListElement\":[{\"@type\":\"ListItem\",\"position\":1,\"name\":\"Inicio\",\"item\":\"https:\/\/nativainfo.com\/\"},{\"@type\":\"ListItem\",\"position\":2,\"name\":\"Lionel Messi le comunic\u00f3 al Barcelona que quiere irse\"}]},{\"@type\":\"WebSite\",\"@id\":\"https:\/\/nativainfo.com\/#website\",\"url\":\"https:\/\/nativainfo.com\/\",\"name\":\"Nativa Info\",\"description\":\"Diario Digital\",\"publisher\":{\"@id\":\"https:\/\/nativainfo.com\/#organization\"},\"potentialAction\":[{\"@type\":\"SearchAction\",\"target\":{\"@type\":\"EntryPoint\",\"urlTemplate\":\"https:\/\/nativainfo.com\/?s={search_term_string}\"},\"query-input\":{\"@type\":\"PropertyValueSpecification\",\"valueRequired\":true,\"valueName\":\"search_term_string\"}}],\"inLanguage\":\"es-AR\"},{\"@type\":\"Organization\",\"@id\":\"https:\/\/nativainfo.com\/#organization\",\"name\":\"Nativa Info\",\"url\":\"https:\/\/nativainfo.com\/\",\"logo\":{\"@type\":\"ImageObject\",\"inLanguage\":\"es-AR\",\"@id\":\"https:\/\/nativainfo.com\/#\/schema\/logo\/image\/\",\"url\":\"https:\/\/nativainfo.com\/wp-content\/uploads\/2025\/08\/LOGO-NATIVA-FACE.jpg\",\"contentUrl\":\"https:\/\/nativainfo.com\/wp-content\/uploads\/2025\/08\/LOGO-NATIVA-FACE.jpg\",\"width\":400,\"height\":400,\"caption\":\"Nativa Info\"},\"image\":{\"@id\":\"https:\/\/nativainfo.com\/#\/schema\/logo\/image\/\"},\"sameAs\":[\"https:\/\/www.facebook.com\/profile.php?id=61578881597564\"]},{\"@type\":\"Person\",\"@id\":\"https:\/\/nativainfo.com\/#\/schema\/person\/24893b64a9cd564ddb5d102d36eb4b5c\",\"name\":\"Nativa Info\",\"image\":{\"@type\":\"ImageObject\",\"inLanguage\":\"es-AR\",\"@id\":\"https:\/\/nativainfo.com\/#\/schema\/person\/image\/\",\"url\":\"https:\/\/secure.gravatar.com\/avatar\/016fa1cf068d85136d938e1507b9b619cb766e2565cbb1faa1e571762460c785?s=96&d=mm&r=g\",\"contentUrl\":\"https:\/\/secure.gravatar.com\/avatar\/016fa1cf068d85136d938e1507b9b619cb766e2565cbb1faa1e571762460c785?s=96&d=mm&r=g\",\"caption\":\"Nativa Info\"},\"sameAs\":[\"http:\/\/nativainfo.com\"],\"url\":\"https:\/\/nativainfo.com\/?author=1\"}]}<\/script>\n<!-- \/ Yoast SEO plugin. -->","yoast_head_json":{"title":"Lionel Messi le comunic\u00f3 al Barcelona que quiere irse - Nativa Info","robots":{"index":"index","follow":"follow","max-snippet":"max-snippet:-1","max-image-preview":"max-image-preview:large","max-video-preview":"max-video-preview:-1"},"canonical":"https:\/\/nativainfo.com\/?p=540","og_locale":"es_ES","og_type":"article","og_title":"Lionel Messi le comunic\u00f3 al Barcelona que quiere irse - Nativa Info","og_description":"El argentino envi\u00f3 un fax para informar que har\u00e1 uso de la cl\u00e1usula que tiene en su contrato para rescindir... Continue reading","og_url":"https:\/\/nativainfo.com\/?p=540","og_site_name":"Nativa Info","article_publisher":"https:\/\/www.facebook.com\/profile.php?id=61578881597564","article_published_time":"2020-08-25T21:05:50+00:00","og_image":[{"url":"http:\/\/nativainfo.com\/wp-content\/uploads\/2020\/08\/messirve.jpg","type":"","width":"","height":""}],"author":"Nativa Info","twitter_card":"summary_large_image","twitter_misc":{"Escrito por":"Nativa Info","Tiempo de lectura":"1 minuto"},"schema":{"@context":"https:\/\/schema.org","@graph":[{"@type":"Article","@id":"https:\/\/nativainfo.com\/?p=540#article","isPartOf":{"@id":"https:\/\/nativainfo.com\/?p=540"},"author":{"name":"Nativa Info","@id":"https:\/\/nativainfo.com\/#\/schema\/person\/24893b64a9cd564ddb5d102d36eb4b5c"},"headline":"Lionel Messi le comunic\u00f3 al Barcelona que quiere irse","datePublished":"2020-08-25T21:05:50+00:00","mainEntityOfPage":{"@id":"https:\/\/nativainfo.com\/?p=540"},"wordCount":216,"commentCount":0,"publisher":{"@id":"https:\/\/nativainfo.com\/#organization"},"image":{"@id":"https:\/\/nativainfo.com\/?p=540#primaryimage"},"thumbnailUrl":"http:\/\/nativainfo.com\/wp-content\/uploads\/2020\/08\/messirve.jpg","articleSection":["Deportes","F\u00fatbol Internacional"],"inLanguage":"es-AR","potentialAction":[{"@type":"CommentAction","name":"Comment","target":["https:\/\/nativainfo.com\/?p=540#respond"]}]},{"@type":"WebPage","@id":"https:\/\/nativainfo.com\/?p=540","url":"https:\/\/nativainfo.com\/?p=540","name":"Lionel Messi le comunic\u00f3 al Barcelona que quiere irse - Nativa Info","isPartOf":{"@id":"https:\/\/nativainfo.com\/#website"},"primaryImageOfPage":{"@id":"https:\/\/nativainfo.com\/?p=540#primaryimage"},"image":{"@id":"https:\/\/nativainfo.com\/?p=540#primaryimage"},"thumbnailUrl":"http:\/\/nativainfo.com\/wp-content\/uploads\/2020\/08\/messirve.jpg","datePublished":"2020-08-25T21:05:50+00:00","breadcrumb":{"@id":"https:\/\/nativainfo.com\/?p=540#breadcrumb"},"inLanguage":"es-AR","potentialAction":[{"@type":"ReadAction","target":["https:\/\/nativainfo.com\/?p=540"]}]},{"@type":"ImageObject","inLanguage":"es-AR","@id":"https:\/\/nativainfo.com\/?p=540#primaryimage","url":"https:\/\/nativainfo.com\/wp-content\/uploads\/2020\/08\/messirve.jpg","contentUrl":"https:\/\/nativainfo.com\/wp-content\/uploads\/2020\/08\/messirve.jpg","width":768,"height":512},{"@type":"BreadcrumbList","@id":"https:\/\/nativainfo.com\/?p=540#breadcrumb","itemListElement":[{"@type":"ListItem","position":1,"name":"Inicio","item":"https:\/\/nativainfo.com\/"},{"@type":"ListItem","position":2,"name":"Lionel Messi le comunic\u00f3 al Barcelona que quiere irse"}]},{"@type":"WebSite","@id":"https:\/\/nativainfo.com\/#website","url":"https:\/\/nativainfo.com\/","name":"Nativa Info","description":"Diario Digital","publisher":{"@id":"https:\/\/nativainfo.com\/#organization"},"potentialAction":[{"@type":"SearchAction","target":{"@type":"EntryPoint","urlTemplate":"https:\/\/nativainfo.com\/?s={search_term_string}"},"query-input":{"@type":"PropertyValueSpecification","valueRequired":true,"valueName":"search_term_string"}}],"inLanguage":"es-AR"},{"@type":"Organization","@id":"https:\/\/nativainfo.com\/#organization","name":"Nativa Info","url":"https:\/\/nativainfo.com\/","logo":{"@type":"ImageObject","inLanguage":"es-AR","@id":"https:\/\/nativainfo.com\/#\/schema\/logo\/image\/","url":"https:\/\/nativainfo.com\/wp-content\/uploads\/2025\/08\/LOGO-NATIVA-FACE.jpg","contentUrl":"https:\/\/nativainfo.com\/wp-content\/uploads\/2025\/08\/LOGO-NATIVA-FACE.jpg","width":400,"height":400,"caption":"Nativa Info"},"image":{"@id":"https:\/\/nativainfo.com\/#\/schema\/logo\/image\/"},"sameAs":["https:\/\/www.facebook.com\/profile.php?id=61578881597564"]},{"@type":"Person","@id":"https:\/\/nativainfo.com\/#\/schema\/person\/24893b64a9cd564ddb5d102d36eb4b5c","name":"Nativa Info","image":{"@type":"ImageObject","inLanguage":"es-AR","@id":"https:\/\/nativainfo.com\/#\/schema\/person\/image\/","url":"https:\/\/secure.gravatar.com\/avatar\/016fa1cf068d85136d938e1507b9b619cb766e2565cbb1faa1e571762460c785?s=96&d=mm&r=g","contentUrl":"https:\/\/secure.gravatar.com\/avatar\/016fa1cf068d85136d938e1507b9b619cb766e2565cbb1faa1e571762460c785?s=96&d=mm&r=g","caption":"Nativa Info"},"sameAs":["http:\/\/nativainfo.com"],"url":"https:\/\/nativainfo.com\/?author=1"}]}},"jetpack_publicize_connections":[],"_links":{"self":[{"href":"https:\/\/nativainfo.com\/index.php?rest_route=\/wp\/v2\/posts\/540","targetHints":{"allow":["GET"]}}],"collection":[{"href":"https:\/\/nativainfo.com\/index.php?rest_route=\/wp\/v2\/posts"}],"about":[{"href":"https:\/\/nativainfo.com\/index.php?rest_route=\/wp\/v2\/types\/post"}],"author":[{"embeddable":true,"href":"https:\/\/nativainfo.com\/index.php?rest_route=\/wp\/v2\/users\/1"}],"replies":[{"embeddable":true,"href":"https:\/\/nativainfo.com\/index.php?rest_route=%2Fwp%2Fv2%2Fcomments&post=540"}],"version-history":[{"count":1,"href":"https:\/\/nativainfo.com\/index.php?rest_route=\/wp\/v2\/posts\/540\/revisions"}],"predecessor-version":[{"id":542,"href":"https:\/\/nativainfo.com\/index.php?rest_route=\/wp\/v2\/posts\/540\/revisions\/542"}],"wp:attachment":[{"href":"https:\/\/nativainfo.com\/index.php?rest_route=%2Fwp%2Fv2%2Fmedia&parent=540"}],"wp:term":[{"taxonomy":"category","embeddable":true,"href":"https:\/\/nativainfo.com\/index.php?rest_route=%2Fwp%2Fv2%2Fcategories&post=540"},{"taxonomy":"post_tag","embeddable":true,"href":"https:\/\/nativainfo.com\/index.php?rest_route=%2Fwp%2Fv2%2Ftags&post=540"}],"curies":[{"name":"wp","href":"https:\/\/api.w.org\/{rel}","templated":true}]}}