{"id":5390,"date":"2025-11-19T00:36:25","date_gmt":"2025-11-19T03:36:25","guid":{"rendered":"https:\/\/nativainfo.com\/?p=5390"},"modified":"2025-11-19T00:36:26","modified_gmt":"2025-11-19T03:36:26","slug":"leon-xiv-manifesto-su-intencion-de-viajar-a-america-latina-y-se-refirio-a-una-posible-visita-a-la-argentina","status":"publish","type":"post","link":"https:\/\/nativainfo.com\/?p=5390","title":{"rendered":"Le\u00f3n XIV manifest\u00f3 su intenci\u00f3n de viajar a Am\u00e9rica Latina y se refiri\u00f3 a una posible visita a la Argentina"},"content":{"rendered":"\n<figure class=\"wp-block-image size-full\"><img fetchpriority=\"high\" decoding=\"async\" width=\"1010\" height=\"567\" src=\"https:\/\/nativainfo.com\/wp-content\/uploads\/2025\/11\/imagen_2025-11-19_003605548.png\" alt=\"\" class=\"wp-image-5393\" srcset=\"https:\/\/nativainfo.com\/wp-content\/uploads\/2025\/11\/imagen_2025-11-19_003605548.png 1010w, https:\/\/nativainfo.com\/wp-content\/uploads\/2025\/11\/imagen_2025-11-19_003605548-300x168.png 300w, https:\/\/nativainfo.com\/wp-content\/uploads\/2025\/11\/imagen_2025-11-19_003605548-768x431.png 768w, https:\/\/nativainfo.com\/wp-content\/uploads\/2025\/11\/imagen_2025-11-19_003605548-623x350.png 623w, https:\/\/nativainfo.com\/wp-content\/uploads\/2025\/11\/imagen_2025-11-19_003605548-150x84.png 150w\" sizes=\"(max-width: 1010px) 100vw, 1010px\" \/><\/figure>\n\n\n\n<p>El papa Le\u00f3n XIV expres\u00f3 este martes su deseo de realizar una gira por Am\u00e9rica Latina y confirm\u00f3 que la Argentina figura entre los pa\u00edses que le gustar\u00eda visitar. El pont\u00edfice, de nacionalidad estadounidense, mencion\u00f3 tambi\u00e9n a M\u00e9xico, Uruguay y Per\u00fa como posibles destinos, aunque aclar\u00f3 que por ahora no hay fechas previstas.<\/p>\n\n\n\n<p>Durante un breve intercambio con periodistas a la salida de su residencia en Castel Gandolfo, Le\u00f3n XIV explic\u00f3 que el intenso calendario del Jubileo mantiene su agenda colmada este a\u00f1o, por lo que los viajes internacionales comenzar\u00e1n a planificarse reci\u00e9n en 2026. En ese marco, reiter\u00f3 que \u201cpor supuesto\u201d quiere regresar a la regi\u00f3n y destac\u00f3 especialmente su deseo de conocer la bas\u00edlica de Nuestra Se\u00f1ora de Guadalupe, en M\u00e9xico.<\/p>\n\n\n\n<p>El Papa se\u00f1al\u00f3 adem\u00e1s que las visitas a Uruguay y Argentina siguen \u201cpendientes\u201d, mientras que sobre Per\u00fa afirm\u00f3 que desea volver \u201cpor supuesto\u201d. Hasta el momento, la \u00fanica gira confirmada es la que realizar\u00e1 entre el 27 de noviembre y el 2 de diciembre a Turqu\u00eda y L\u00edbano, destinos que su predecesor Francisco hab\u00eda manifestado intenci\u00f3n de recorrer.<\/p>\n","protected":false},"excerpt":{"rendered":"<p>El papa Le\u00f3n XIV expres\u00f3 este martes su deseo de realizar una gira por Am\u00e9rica Latina y confirm\u00f3 que la&#8230; <a class=\"continue-reading-link\" href=\"https:\/\/nativainfo.com\/?p=5390\">Continue reading<\/a><\/p>\n","protected":false},"author":1,"featured_media":0,"comment_status":"open","ping_status":"open","sticky":false,"template":"","format":"standard","meta":{"rop_custom_images_group":[],"rop_custom_messages_group":[],"rop_publish_now":"yes","rop_publish_now_accounts":[],"rop_publish_now_history":[],"rop_publish_now_status":"pending","footnotes":"","jetpack_publicize_message":"","jetpack_publicize_feature_enabled":true,"jetpack_social_post_already_shared":false,"jetpack_social_options":{"image_generator_settings":{"template":"highway","default_image_id":0,"font":"","enabled":false},"version":2}},"categories":[8],"tags":[],"class_list":["post-5390","post","type-post","status-publish","format-standard","hentry","category-noticias"],"yoast_head":"<!-- This site is optimized with the Yoast SEO plugin v25.6 - https:\/\/yoast.com\/wordpress\/plugins\/seo\/ -->\n<title>Le\u00f3n XIV manifest\u00f3 su intenci\u00f3n de viajar a Am\u00e9rica Latina y se refiri\u00f3 a una posible visita a la Argentina - Nativa Info<\/title>\n<meta name=\"robots\" content=\"index, follow, max-snippet:-1, max-image-preview:large, max-video-preview:-1\" \/>\n<link rel=\"canonical\" href=\"https:\/\/nativainfo.com\/?p=5390\" \/>\n<meta property=\"og:locale\" content=\"es_ES\" \/>\n<meta property=\"og:type\" content=\"article\" \/>\n<meta property=\"og:title\" content=\"Le\u00f3n XIV manifest\u00f3 su intenci\u00f3n de viajar a Am\u00e9rica Latina y se refiri\u00f3 a una posible visita a la Argentina - Nativa Info\" \/>\n<meta property=\"og:description\" content=\"El papa Le\u00f3n XIV expres\u00f3 este martes su deseo de realizar una gira por Am\u00e9rica Latina y confirm\u00f3 que la... Continue reading\" \/>\n<meta property=\"og:url\" content=\"https:\/\/nativainfo.com\/?p=5390\" \/>\n<meta property=\"og:site_name\" content=\"Nativa Info\" \/>\n<meta property=\"article:publisher\" content=\"https:\/\/www.facebook.com\/profile.php?id=61578881597564\" \/>\n<meta property=\"article:published_time\" content=\"2025-11-19T03:36:25+00:00\" \/>\n<meta property=\"article:modified_time\" content=\"2025-11-19T03:36:26+00:00\" \/>\n<meta property=\"og:image\" content=\"https:\/\/nativainfo.com\/wp-content\/uploads\/2025\/11\/imagen_2025-11-19_003605548.png\" \/>\n\t<meta property=\"og:image:width\" content=\"1010\" \/>\n\t<meta property=\"og:image:height\" content=\"567\" \/>\n\t<meta property=\"og:image:type\" content=\"image\/png\" \/>\n<meta name=\"author\" content=\"Nativa Info\" \/>\n<meta name=\"twitter:card\" content=\"summary_large_image\" \/>\n<meta name=\"twitter:label1\" content=\"Escrito por\" \/>\n\t<meta name=\"twitter:data1\" content=\"Nativa Info\" \/>\n\t<meta name=\"twitter:label2\" content=\"Tiempo de lectura\" \/>\n\t<meta name=\"twitter:data2\" content=\"2 minutos\" \/>\n<script type=\"application\/ld+json\" class=\"yoast-schema-graph\">{\"@context\":\"https:\/\/schema.org\",\"@graph\":[{\"@type\":\"Article\",\"@id\":\"https:\/\/nativainfo.com\/?p=5390#article\",\"isPartOf\":{\"@id\":\"https:\/\/nativainfo.com\/?p=5390\"},\"author\":{\"name\":\"Nativa Info\",\"@id\":\"https:\/\/nativainfo.com\/#\/schema\/person\/24893b64a9cd564ddb5d102d36eb4b5c\"},\"headline\":\"Le\u00f3n XIV manifest\u00f3 su intenci\u00f3n de viajar a Am\u00e9rica Latina y se refiri\u00f3 a una posible visita a la Argentina\",\"datePublished\":\"2025-11-19T03:36:25+00:00\",\"dateModified\":\"2025-11-19T03:36:26+00:00\",\"mainEntityOfPage\":{\"@id\":\"https:\/\/nativainfo.com\/?p=5390\"},\"wordCount\":222,\"commentCount\":0,\"publisher\":{\"@id\":\"https:\/\/nativainfo.com\/#organization\"},\"image\":{\"@id\":\"https:\/\/nativainfo.com\/?p=5390#primaryimage\"},\"thumbnailUrl\":\"https:\/\/nativainfo.com\/wp-content\/uploads\/2025\/11\/imagen_2025-11-19_003605548.png\",\"articleSection\":[\"Noticias\"],\"inLanguage\":\"es-AR\",\"potentialAction\":[{\"@type\":\"CommentAction\",\"name\":\"Comment\",\"target\":[\"https:\/\/nativainfo.com\/?p=5390#respond\"]}]},{\"@type\":\"WebPage\",\"@id\":\"https:\/\/nativainfo.com\/?p=5390\",\"url\":\"https:\/\/nativainfo.com\/?p=5390\",\"name\":\"Le\u00f3n XIV manifest\u00f3 su intenci\u00f3n de viajar a Am\u00e9rica Latina y se refiri\u00f3 a una posible visita a la Argentina - Nativa Info\",\"isPartOf\":{\"@id\":\"https:\/\/nativainfo.com\/#website\"},\"primaryImageOfPage\":{\"@id\":\"https:\/\/nativainfo.com\/?p=5390#primaryimage\"},\"image\":{\"@id\":\"https:\/\/nativainfo.com\/?p=5390#primaryimage\"},\"thumbnailUrl\":\"https:\/\/nativainfo.com\/wp-content\/uploads\/2025\/11\/imagen_2025-11-19_003605548.png\",\"datePublished\":\"2025-11-19T03:36:25+00:00\",\"dateModified\":\"2025-11-19T03:36:26+00:00\",\"breadcrumb\":{\"@id\":\"https:\/\/nativainfo.com\/?p=5390#breadcrumb\"},\"inLanguage\":\"es-AR\",\"potentialAction\":[{\"@type\":\"ReadAction\",\"target\":[\"https:\/\/nativainfo.com\/?p=5390\"]}]},{\"@type\":\"ImageObject\",\"inLanguage\":\"es-AR\",\"@id\":\"https:\/\/nativainfo.com\/?p=5390#primaryimage\",\"url\":\"https:\/\/nativainfo.com\/wp-content\/uploads\/2025\/11\/imagen_2025-11-19_003605548.png\",\"contentUrl\":\"https:\/\/nativainfo.com\/wp-content\/uploads\/2025\/11\/imagen_2025-11-19_003605548.png\",\"width\":1010,\"height\":567},{\"@type\":\"BreadcrumbList\",\"@id\":\"https:\/\/nativainfo.com\/?p=5390#breadcrumb\",\"itemListElement\":[{\"@type\":\"ListItem\",\"position\":1,\"name\":\"Inicio\",\"item\":\"https:\/\/nativainfo.com\/\"},{\"@type\":\"ListItem\",\"position\":2,\"name\":\"Le\u00f3n XIV manifest\u00f3 su intenci\u00f3n de viajar a Am\u00e9rica Latina y se refiri\u00f3 a una posible visita a la Argentina\"}]},{\"@type\":\"WebSite\",\"@id\":\"https:\/\/nativainfo.com\/#website\",\"url\":\"https:\/\/nativainfo.com\/\",\"name\":\"Nativa Info\",\"description\":\"Diario Digital\",\"publisher\":{\"@id\":\"https:\/\/nativainfo.com\/#organization\"},\"potentialAction\":[{\"@type\":\"SearchAction\",\"target\":{\"@type\":\"EntryPoint\",\"urlTemplate\":\"https:\/\/nativainfo.com\/?s={search_term_string}\"},\"query-input\":{\"@type\":\"PropertyValueSpecification\",\"valueRequired\":true,\"valueName\":\"search_term_string\"}}],\"inLanguage\":\"es-AR\"},{\"@type\":\"Organization\",\"@id\":\"https:\/\/nativainfo.com\/#organization\",\"name\":\"Nativa Info\",\"url\":\"https:\/\/nativainfo.com\/\",\"logo\":{\"@type\":\"ImageObject\",\"inLanguage\":\"es-AR\",\"@id\":\"https:\/\/nativainfo.com\/#\/schema\/logo\/image\/\",\"url\":\"https:\/\/nativainfo.com\/wp-content\/uploads\/2025\/08\/LOGO-NATIVA-FACE.jpg\",\"contentUrl\":\"https:\/\/nativainfo.com\/wp-content\/uploads\/2025\/08\/LOGO-NATIVA-FACE.jpg\",\"width\":400,\"height\":400,\"caption\":\"Nativa Info\"},\"image\":{\"@id\":\"https:\/\/nativainfo.com\/#\/schema\/logo\/image\/\"},\"sameAs\":[\"https:\/\/www.facebook.com\/profile.php?id=61578881597564\"]},{\"@type\":\"Person\",\"@id\":\"https:\/\/nativainfo.com\/#\/schema\/person\/24893b64a9cd564ddb5d102d36eb4b5c\",\"name\":\"Nativa Info\",\"image\":{\"@type\":\"ImageObject\",\"inLanguage\":\"es-AR\",\"@id\":\"https:\/\/nativainfo.com\/#\/schema\/person\/image\/\",\"url\":\"https:\/\/secure.gravatar.com\/avatar\/016fa1cf068d85136d938e1507b9b619cb766e2565cbb1faa1e571762460c785?s=96&d=mm&r=g\",\"contentUrl\":\"https:\/\/secure.gravatar.com\/avatar\/016fa1cf068d85136d938e1507b9b619cb766e2565cbb1faa1e571762460c785?s=96&d=mm&r=g\",\"caption\":\"Nativa Info\"},\"sameAs\":[\"http:\/\/nativainfo.com\"],\"url\":\"https:\/\/nativainfo.com\/?author=1\"}]}<\/script>\n<!-- \/ Yoast SEO plugin. -->","yoast_head_json":{"title":"Le\u00f3n XIV manifest\u00f3 su intenci\u00f3n de viajar a Am\u00e9rica Latina y se refiri\u00f3 a una posible visita a la Argentina - Nativa Info","robots":{"index":"index","follow":"follow","max-snippet":"max-snippet:-1","max-image-preview":"max-image-preview:large","max-video-preview":"max-video-preview:-1"},"canonical":"https:\/\/nativainfo.com\/?p=5390","og_locale":"es_ES","og_type":"article","og_title":"Le\u00f3n XIV manifest\u00f3 su intenci\u00f3n de viajar a Am\u00e9rica Latina y se refiri\u00f3 a una posible visita a la Argentina - Nativa Info","og_description":"El papa Le\u00f3n XIV expres\u00f3 este martes su deseo de realizar una gira por Am\u00e9rica Latina y confirm\u00f3 que la... Continue reading","og_url":"https:\/\/nativainfo.com\/?p=5390","og_site_name":"Nativa Info","article_publisher":"https:\/\/www.facebook.com\/profile.php?id=61578881597564","article_published_time":"2025-11-19T03:36:25+00:00","article_modified_time":"2025-11-19T03:36:26+00:00","og_image":[{"width":1010,"height":567,"url":"https:\/\/nativainfo.com\/wp-content\/uploads\/2025\/11\/imagen_2025-11-19_003605548.png","type":"image\/png"}],"author":"Nativa Info","twitter_card":"summary_large_image","twitter_misc":{"Escrito por":"Nativa Info","Tiempo de lectura":"2 minutos"},"schema":{"@context":"https:\/\/schema.org","@graph":[{"@type":"Article","@id":"https:\/\/nativainfo.com\/?p=5390#article","isPartOf":{"@id":"https:\/\/nativainfo.com\/?p=5390"},"author":{"name":"Nativa Info","@id":"https:\/\/nativainfo.com\/#\/schema\/person\/24893b64a9cd564ddb5d102d36eb4b5c"},"headline":"Le\u00f3n XIV manifest\u00f3 su intenci\u00f3n de viajar a Am\u00e9rica Latina y se refiri\u00f3 a una posible visita a la Argentina","datePublished":"2025-11-19T03:36:25+00:00","dateModified":"2025-11-19T03:36:26+00:00","mainEntityOfPage":{"@id":"https:\/\/nativainfo.com\/?p=5390"},"wordCount":222,"commentCount":0,"publisher":{"@id":"https:\/\/nativainfo.com\/#organization"},"image":{"@id":"https:\/\/nativainfo.com\/?p=5390#primaryimage"},"thumbnailUrl":"https:\/\/nativainfo.com\/wp-content\/uploads\/2025\/11\/imagen_2025-11-19_003605548.png","articleSection":["Noticias"],"inLanguage":"es-AR","potentialAction":[{"@type":"CommentAction","name":"Comment","target":["https:\/\/nativainfo.com\/?p=5390#respond"]}]},{"@type":"WebPage","@id":"https:\/\/nativainfo.com\/?p=5390","url":"https:\/\/nativainfo.com\/?p=5390","name":"Le\u00f3n XIV manifest\u00f3 su intenci\u00f3n de viajar a Am\u00e9rica Latina y se refiri\u00f3 a una posible visita a la Argentina - Nativa Info","isPartOf":{"@id":"https:\/\/nativainfo.com\/#website"},"primaryImageOfPage":{"@id":"https:\/\/nativainfo.com\/?p=5390#primaryimage"},"image":{"@id":"https:\/\/nativainfo.com\/?p=5390#primaryimage"},"thumbnailUrl":"https:\/\/nativainfo.com\/wp-content\/uploads\/2025\/11\/imagen_2025-11-19_003605548.png","datePublished":"2025-11-19T03:36:25+00:00","dateModified":"2025-11-19T03:36:26+00:00","breadcrumb":{"@id":"https:\/\/nativainfo.com\/?p=5390#breadcrumb"},"inLanguage":"es-AR","potentialAction":[{"@type":"ReadAction","target":["https:\/\/nativainfo.com\/?p=5390"]}]},{"@type":"ImageObject","inLanguage":"es-AR","@id":"https:\/\/nativainfo.com\/?p=5390#primaryimage","url":"https:\/\/nativainfo.com\/wp-content\/uploads\/2025\/11\/imagen_2025-11-19_003605548.png","contentUrl":"https:\/\/nativainfo.com\/wp-content\/uploads\/2025\/11\/imagen_2025-11-19_003605548.png","width":1010,"height":567},{"@type":"BreadcrumbList","@id":"https:\/\/nativainfo.com\/?p=5390#breadcrumb","itemListElement":[{"@type":"ListItem","position":1,"name":"Inicio","item":"https:\/\/nativainfo.com\/"},{"@type":"ListItem","position":2,"name":"Le\u00f3n XIV manifest\u00f3 su intenci\u00f3n de viajar a Am\u00e9rica Latina y se refiri\u00f3 a una posible visita a la Argentina"}]},{"@type":"WebSite","@id":"https:\/\/nativainfo.com\/#website","url":"https:\/\/nativainfo.com\/","name":"Nativa Info","description":"Diario Digital","publisher":{"@id":"https:\/\/nativainfo.com\/#organization"},"potentialAction":[{"@type":"SearchAction","target":{"@type":"EntryPoint","urlTemplate":"https:\/\/nativainfo.com\/?s={search_term_string}"},"query-input":{"@type":"PropertyValueSpecification","valueRequired":true,"valueName":"search_term_string"}}],"inLanguage":"es-AR"},{"@type":"Organization","@id":"https:\/\/nativainfo.com\/#organization","name":"Nativa Info","url":"https:\/\/nativainfo.com\/","logo":{"@type":"ImageObject","inLanguage":"es-AR","@id":"https:\/\/nativainfo.com\/#\/schema\/logo\/image\/","url":"https:\/\/nativainfo.com\/wp-content\/uploads\/2025\/08\/LOGO-NATIVA-FACE.jpg","contentUrl":"https:\/\/nativainfo.com\/wp-content\/uploads\/2025\/08\/LOGO-NATIVA-FACE.jpg","width":400,"height":400,"caption":"Nativa Info"},"image":{"@id":"https:\/\/nativainfo.com\/#\/schema\/logo\/image\/"},"sameAs":["https:\/\/www.facebook.com\/profile.php?id=61578881597564"]},{"@type":"Person","@id":"https:\/\/nativainfo.com\/#\/schema\/person\/24893b64a9cd564ddb5d102d36eb4b5c","name":"Nativa Info","image":{"@type":"ImageObject","inLanguage":"es-AR","@id":"https:\/\/nativainfo.com\/#\/schema\/person\/image\/","url":"https:\/\/secure.gravatar.com\/avatar\/016fa1cf068d85136d938e1507b9b619cb766e2565cbb1faa1e571762460c785?s=96&d=mm&r=g","contentUrl":"https:\/\/secure.gravatar.com\/avatar\/016fa1cf068d85136d938e1507b9b619cb766e2565cbb1faa1e571762460c785?s=96&d=mm&r=g","caption":"Nativa Info"},"sameAs":["http:\/\/nativainfo.com"],"url":"https:\/\/nativainfo.com\/?author=1"}]}},"jetpack_publicize_connections":[],"_links":{"self":[{"href":"https:\/\/nativainfo.com\/index.php?rest_route=\/wp\/v2\/posts\/5390","targetHints":{"allow":["GET"]}}],"collection":[{"href":"https:\/\/nativainfo.com\/index.php?rest_route=\/wp\/v2\/posts"}],"about":[{"href":"https:\/\/nativainfo.com\/index.php?rest_route=\/wp\/v2\/types\/post"}],"author":[{"embeddable":true,"href":"https:\/\/nativainfo.com\/index.php?rest_route=\/wp\/v2\/users\/1"}],"replies":[{"embeddable":true,"href":"https:\/\/nativainfo.com\/index.php?rest_route=%2Fwp%2Fv2%2Fcomments&post=5390"}],"version-history":[{"count":1,"href":"https:\/\/nativainfo.com\/index.php?rest_route=\/wp\/v2\/posts\/5390\/revisions"}],"predecessor-version":[{"id":5394,"href":"https:\/\/nativainfo.com\/index.php?rest_route=\/wp\/v2\/posts\/5390\/revisions\/5394"}],"wp:attachment":[{"href":"https:\/\/nativainfo.com\/index.php?rest_route=%2Fwp%2Fv2%2Fmedia&parent=5390"}],"wp:term":[{"taxonomy":"category","embeddable":true,"href":"https:\/\/nativainfo.com\/index.php?rest_route=%2Fwp%2Fv2%2Fcategories&post=5390"},{"taxonomy":"post_tag","embeddable":true,"href":"https:\/\/nativainfo.com\/index.php?rest_route=%2Fwp%2Fv2%2Ftags&post=5390"}],"curies":[{"name":"wp","href":"https:\/\/api.w.org\/{rel}","templated":true}]}}