{"id":5389,"date":"2025-11-19T00:34:33","date_gmt":"2025-11-19T03:34:33","guid":{"rendered":"https:\/\/nativainfo.com\/?p=5389"},"modified":"2025-11-19T00:34:34","modified_gmt":"2025-11-19T03:34:34","slug":"zamora-habilito-obras-en-el-interior-y-ratifico-que-el-40-del-presupuesto-provincial-seguira-destinado-a-educacion","status":"publish","type":"post","link":"https:\/\/nativainfo.com\/?p=5389","title":{"rendered":"Zamora habilit\u00f3 obras en el interior y ratific\u00f3 que el 40% del presupuesto provincial seguir\u00e1 destinado a educaci\u00f3n"},"content":{"rendered":"\n<figure class=\"wp-block-image size-full\"><img fetchpriority=\"high\" decoding=\"async\" width=\"1010\" height=\"567\" src=\"https:\/\/nativainfo.com\/wp-content\/uploads\/2025\/11\/imagen_2025-11-19_003423607.png\" alt=\"\" class=\"wp-image-5391\" srcset=\"https:\/\/nativainfo.com\/wp-content\/uploads\/2025\/11\/imagen_2025-11-19_003423607.png 1010w, https:\/\/nativainfo.com\/wp-content\/uploads\/2025\/11\/imagen_2025-11-19_003423607-300x168.png 300w, https:\/\/nativainfo.com\/wp-content\/uploads\/2025\/11\/imagen_2025-11-19_003423607-768x431.png 768w, https:\/\/nativainfo.com\/wp-content\/uploads\/2025\/11\/imagen_2025-11-19_003423607-623x350.png 623w, https:\/\/nativainfo.com\/wp-content\/uploads\/2025\/11\/imagen_2025-11-19_003423607-150x84.png 150w\" sizes=\"(max-width: 1010px) 100vw, 1010px\" \/><\/figure>\n\n\n\n<p>El gobernador Gerardo Zamora encabez\u00f3 este martes la inauguraci\u00f3n del edificio completamente reacondicionado del Colegio Secundario \u201cSan Antonio\u201d, en la localidad de Choya, donde destac\u00f3 el compromiso del Gobierno provincial de mantener la asignaci\u00f3n del 40% de los fondos a pol\u00edticas educativas.<\/p>\n\n\n\n<p>El establecimiento, al que asisten 119 alumnos y que funciona adem\u00e1s como sede del Agrupamiento N.\u00ba 86.051\/2, brinda apoyo acad\u00e9mico a varias instituciones del departamento Choya: las escuelas N.\u00ba 1.073 de Ancaj\u00e1n; N.\u00ba 89 de Monte Redondo; N.\u00ba 999 de 25 de Mayo de Banegas y N.\u00ba 130 de El Desmonte, adem\u00e1s de beneficiar a 76 estudiantes pertenecientes a escuelas itinerantes.<\/p>\n\n\n\n<p>Zamora estuvo acompa\u00f1ado por el vicegobernador Carlos Silva Neder; la ministra de Educaci\u00f3n, Mariela Nassif; el ministro de Obras P\u00fablicas, Aldo Hid; el ministro de Desarrollo Social, \u00c1ngel Niccolai; el secretario de Obras P\u00fablicas, Jorge Zua\u00edn, y la presidenta del Consejo General de Educaci\u00f3n, Mar\u00eda Elena Herrera. La comitiva fue recibida por el comisionado municipal Jos\u00e9 Mar\u00eda G\u00f3mez, junto a vecinos que expresaron su agradecimiento por las mejoras en materia educativa e infraestructura.<\/p>\n","protected":false},"excerpt":{"rendered":"<p>El gobernador Gerardo Zamora encabez\u00f3 este martes la inauguraci\u00f3n del edificio completamente reacondicionado del Colegio Secundario \u201cSan Antonio\u201d, en la&#8230; <a class=\"continue-reading-link\" href=\"https:\/\/nativainfo.com\/?p=5389\">Continue reading<\/a><\/p>\n","protected":false},"author":1,"featured_media":0,"comment_status":"open","ping_status":"open","sticky":false,"template":"","format":"standard","meta":{"rop_custom_images_group":[],"rop_custom_messages_group":[],"rop_publish_now":"yes","rop_publish_now_accounts":[],"rop_publish_now_history":[],"rop_publish_now_status":"pending","footnotes":"","jetpack_publicize_message":"","jetpack_publicize_feature_enabled":true,"jetpack_social_post_already_shared":false,"jetpack_social_options":{"image_generator_settings":{"template":"highway","default_image_id":0,"font":"","enabled":false},"version":2}},"categories":[24],"tags":[],"class_list":["post-5389","post","type-post","status-publish","format-standard","hentry","category-educacion"],"yoast_head":"<!-- This site is optimized with the Yoast SEO plugin v25.6 - https:\/\/yoast.com\/wordpress\/plugins\/seo\/ -->\n<title>Zamora habilit\u00f3 obras en el interior y ratific\u00f3 que el 40% del presupuesto provincial seguir\u00e1 destinado a educaci\u00f3n - Nativa Info<\/title>\n<meta name=\"robots\" content=\"index, follow, max-snippet:-1, max-image-preview:large, max-video-preview:-1\" \/>\n<link rel=\"canonical\" href=\"https:\/\/nativainfo.com\/?p=5389\" \/>\n<meta property=\"og:locale\" content=\"es_ES\" \/>\n<meta property=\"og:type\" content=\"article\" \/>\n<meta property=\"og:title\" content=\"Zamora habilit\u00f3 obras en el interior y ratific\u00f3 que el 40% del presupuesto provincial seguir\u00e1 destinado a educaci\u00f3n - Nativa Info\" \/>\n<meta property=\"og:description\" content=\"El gobernador Gerardo Zamora encabez\u00f3 este martes la inauguraci\u00f3n del edificio completamente reacondicionado del Colegio Secundario \u201cSan Antonio\u201d, en la... Continue reading\" \/>\n<meta property=\"og:url\" content=\"https:\/\/nativainfo.com\/?p=5389\" \/>\n<meta property=\"og:site_name\" content=\"Nativa Info\" \/>\n<meta property=\"article:publisher\" content=\"https:\/\/www.facebook.com\/profile.php?id=61578881597564\" \/>\n<meta property=\"article:published_time\" content=\"2025-11-19T03:34:33+00:00\" \/>\n<meta property=\"article:modified_time\" content=\"2025-11-19T03:34:34+00:00\" \/>\n<meta property=\"og:image\" content=\"https:\/\/nativainfo.com\/wp-content\/uploads\/2025\/11\/imagen_2025-11-19_003423607.png\" \/>\n\t<meta property=\"og:image:width\" content=\"1010\" \/>\n\t<meta property=\"og:image:height\" content=\"567\" \/>\n\t<meta property=\"og:image:type\" content=\"image\/png\" \/>\n<meta name=\"author\" content=\"Nativa Info\" \/>\n<meta name=\"twitter:card\" content=\"summary_large_image\" \/>\n<meta name=\"twitter:label1\" content=\"Escrito por\" \/>\n\t<meta name=\"twitter:data1\" content=\"Nativa Info\" \/>\n\t<meta name=\"twitter:label2\" content=\"Tiempo de lectura\" \/>\n\t<meta name=\"twitter:data2\" content=\"2 minutos\" \/>\n<script type=\"application\/ld+json\" class=\"yoast-schema-graph\">{\"@context\":\"https:\/\/schema.org\",\"@graph\":[{\"@type\":\"Article\",\"@id\":\"https:\/\/nativainfo.com\/?p=5389#article\",\"isPartOf\":{\"@id\":\"https:\/\/nativainfo.com\/?p=5389\"},\"author\":{\"name\":\"Nativa Info\",\"@id\":\"https:\/\/nativainfo.com\/#\/schema\/person\/24893b64a9cd564ddb5d102d36eb4b5c\"},\"headline\":\"Zamora habilit\u00f3 obras en el interior y ratific\u00f3 que el 40% del presupuesto provincial seguir\u00e1 destinado a educaci\u00f3n\",\"datePublished\":\"2025-11-19T03:34:33+00:00\",\"dateModified\":\"2025-11-19T03:34:34+00:00\",\"mainEntityOfPage\":{\"@id\":\"https:\/\/nativainfo.com\/?p=5389\"},\"wordCount\":201,\"commentCount\":0,\"publisher\":{\"@id\":\"https:\/\/nativainfo.com\/#organization\"},\"image\":{\"@id\":\"https:\/\/nativainfo.com\/?p=5389#primaryimage\"},\"thumbnailUrl\":\"https:\/\/nativainfo.com\/wp-content\/uploads\/2025\/11\/imagen_2025-11-19_003423607.png\",\"articleSection\":[\"Educaci\u00f3n\"],\"inLanguage\":\"es-AR\",\"potentialAction\":[{\"@type\":\"CommentAction\",\"name\":\"Comment\",\"target\":[\"https:\/\/nativainfo.com\/?p=5389#respond\"]}]},{\"@type\":\"WebPage\",\"@id\":\"https:\/\/nativainfo.com\/?p=5389\",\"url\":\"https:\/\/nativainfo.com\/?p=5389\",\"name\":\"Zamora habilit\u00f3 obras en el interior y ratific\u00f3 que el 40% del presupuesto provincial seguir\u00e1 destinado a educaci\u00f3n - Nativa Info\",\"isPartOf\":{\"@id\":\"https:\/\/nativainfo.com\/#website\"},\"primaryImageOfPage\":{\"@id\":\"https:\/\/nativainfo.com\/?p=5389#primaryimage\"},\"image\":{\"@id\":\"https:\/\/nativainfo.com\/?p=5389#primaryimage\"},\"thumbnailUrl\":\"https:\/\/nativainfo.com\/wp-content\/uploads\/2025\/11\/imagen_2025-11-19_003423607.png\",\"datePublished\":\"2025-11-19T03:34:33+00:00\",\"dateModified\":\"2025-11-19T03:34:34+00:00\",\"breadcrumb\":{\"@id\":\"https:\/\/nativainfo.com\/?p=5389#breadcrumb\"},\"inLanguage\":\"es-AR\",\"potentialAction\":[{\"@type\":\"ReadAction\",\"target\":[\"https:\/\/nativainfo.com\/?p=5389\"]}]},{\"@type\":\"ImageObject\",\"inLanguage\":\"es-AR\",\"@id\":\"https:\/\/nativainfo.com\/?p=5389#primaryimage\",\"url\":\"https:\/\/nativainfo.com\/wp-content\/uploads\/2025\/11\/imagen_2025-11-19_003423607.png\",\"contentUrl\":\"https:\/\/nativainfo.com\/wp-content\/uploads\/2025\/11\/imagen_2025-11-19_003423607.png\",\"width\":1010,\"height\":567},{\"@type\":\"BreadcrumbList\",\"@id\":\"https:\/\/nativainfo.com\/?p=5389#breadcrumb\",\"itemListElement\":[{\"@type\":\"ListItem\",\"position\":1,\"name\":\"Inicio\",\"item\":\"https:\/\/nativainfo.com\/\"},{\"@type\":\"ListItem\",\"position\":2,\"name\":\"Zamora habilit\u00f3 obras en el interior y ratific\u00f3 que el 40% del presupuesto provincial seguir\u00e1 destinado a educaci\u00f3n\"}]},{\"@type\":\"WebSite\",\"@id\":\"https:\/\/nativainfo.com\/#website\",\"url\":\"https:\/\/nativainfo.com\/\",\"name\":\"Nativa Info\",\"description\":\"Diario Digital\",\"publisher\":{\"@id\":\"https:\/\/nativainfo.com\/#organization\"},\"potentialAction\":[{\"@type\":\"SearchAction\",\"target\":{\"@type\":\"EntryPoint\",\"urlTemplate\":\"https:\/\/nativainfo.com\/?s={search_term_string}\"},\"query-input\":{\"@type\":\"PropertyValueSpecification\",\"valueRequired\":true,\"valueName\":\"search_term_string\"}}],\"inLanguage\":\"es-AR\"},{\"@type\":\"Organization\",\"@id\":\"https:\/\/nativainfo.com\/#organization\",\"name\":\"Nativa Info\",\"url\":\"https:\/\/nativainfo.com\/\",\"logo\":{\"@type\":\"ImageObject\",\"inLanguage\":\"es-AR\",\"@id\":\"https:\/\/nativainfo.com\/#\/schema\/logo\/image\/\",\"url\":\"https:\/\/nativainfo.com\/wp-content\/uploads\/2025\/08\/LOGO-NATIVA-FACE.jpg\",\"contentUrl\":\"https:\/\/nativainfo.com\/wp-content\/uploads\/2025\/08\/LOGO-NATIVA-FACE.jpg\",\"width\":400,\"height\":400,\"caption\":\"Nativa Info\"},\"image\":{\"@id\":\"https:\/\/nativainfo.com\/#\/schema\/logo\/image\/\"},\"sameAs\":[\"https:\/\/www.facebook.com\/profile.php?id=61578881597564\"]},{\"@type\":\"Person\",\"@id\":\"https:\/\/nativainfo.com\/#\/schema\/person\/24893b64a9cd564ddb5d102d36eb4b5c\",\"name\":\"Nativa Info\",\"image\":{\"@type\":\"ImageObject\",\"inLanguage\":\"es-AR\",\"@id\":\"https:\/\/nativainfo.com\/#\/schema\/person\/image\/\",\"url\":\"https:\/\/secure.gravatar.com\/avatar\/016fa1cf068d85136d938e1507b9b619cb766e2565cbb1faa1e571762460c785?s=96&d=mm&r=g\",\"contentUrl\":\"https:\/\/secure.gravatar.com\/avatar\/016fa1cf068d85136d938e1507b9b619cb766e2565cbb1faa1e571762460c785?s=96&d=mm&r=g\",\"caption\":\"Nativa Info\"},\"sameAs\":[\"http:\/\/nativainfo.com\"],\"url\":\"https:\/\/nativainfo.com\/?author=1\"}]}<\/script>\n<!-- \/ Yoast SEO plugin. -->","yoast_head_json":{"title":"Zamora habilit\u00f3 obras en el interior y ratific\u00f3 que el 40% del presupuesto provincial seguir\u00e1 destinado a educaci\u00f3n - Nativa Info","robots":{"index":"index","follow":"follow","max-snippet":"max-snippet:-1","max-image-preview":"max-image-preview:large","max-video-preview":"max-video-preview:-1"},"canonical":"https:\/\/nativainfo.com\/?p=5389","og_locale":"es_ES","og_type":"article","og_title":"Zamora habilit\u00f3 obras en el interior y ratific\u00f3 que el 40% del presupuesto provincial seguir\u00e1 destinado a educaci\u00f3n - Nativa Info","og_description":"El gobernador Gerardo Zamora encabez\u00f3 este martes la inauguraci\u00f3n del edificio completamente reacondicionado del Colegio Secundario \u201cSan Antonio\u201d, en la... Continue reading","og_url":"https:\/\/nativainfo.com\/?p=5389","og_site_name":"Nativa Info","article_publisher":"https:\/\/www.facebook.com\/profile.php?id=61578881597564","article_published_time":"2025-11-19T03:34:33+00:00","article_modified_time":"2025-11-19T03:34:34+00:00","og_image":[{"width":1010,"height":567,"url":"https:\/\/nativainfo.com\/wp-content\/uploads\/2025\/11\/imagen_2025-11-19_003423607.png","type":"image\/png"}],"author":"Nativa Info","twitter_card":"summary_large_image","twitter_misc":{"Escrito por":"Nativa Info","Tiempo de lectura":"2 minutos"},"schema":{"@context":"https:\/\/schema.org","@graph":[{"@type":"Article","@id":"https:\/\/nativainfo.com\/?p=5389#article","isPartOf":{"@id":"https:\/\/nativainfo.com\/?p=5389"},"author":{"name":"Nativa Info","@id":"https:\/\/nativainfo.com\/#\/schema\/person\/24893b64a9cd564ddb5d102d36eb4b5c"},"headline":"Zamora habilit\u00f3 obras en el interior y ratific\u00f3 que el 40% del presupuesto provincial seguir\u00e1 destinado a educaci\u00f3n","datePublished":"2025-11-19T03:34:33+00:00","dateModified":"2025-11-19T03:34:34+00:00","mainEntityOfPage":{"@id":"https:\/\/nativainfo.com\/?p=5389"},"wordCount":201,"commentCount":0,"publisher":{"@id":"https:\/\/nativainfo.com\/#organization"},"image":{"@id":"https:\/\/nativainfo.com\/?p=5389#primaryimage"},"thumbnailUrl":"https:\/\/nativainfo.com\/wp-content\/uploads\/2025\/11\/imagen_2025-11-19_003423607.png","articleSection":["Educaci\u00f3n"],"inLanguage":"es-AR","potentialAction":[{"@type":"CommentAction","name":"Comment","target":["https:\/\/nativainfo.com\/?p=5389#respond"]}]},{"@type":"WebPage","@id":"https:\/\/nativainfo.com\/?p=5389","url":"https:\/\/nativainfo.com\/?p=5389","name":"Zamora habilit\u00f3 obras en el interior y ratific\u00f3 que el 40% del presupuesto provincial seguir\u00e1 destinado a educaci\u00f3n - Nativa Info","isPartOf":{"@id":"https:\/\/nativainfo.com\/#website"},"primaryImageOfPage":{"@id":"https:\/\/nativainfo.com\/?p=5389#primaryimage"},"image":{"@id":"https:\/\/nativainfo.com\/?p=5389#primaryimage"},"thumbnailUrl":"https:\/\/nativainfo.com\/wp-content\/uploads\/2025\/11\/imagen_2025-11-19_003423607.png","datePublished":"2025-11-19T03:34:33+00:00","dateModified":"2025-11-19T03:34:34+00:00","breadcrumb":{"@id":"https:\/\/nativainfo.com\/?p=5389#breadcrumb"},"inLanguage":"es-AR","potentialAction":[{"@type":"ReadAction","target":["https:\/\/nativainfo.com\/?p=5389"]}]},{"@type":"ImageObject","inLanguage":"es-AR","@id":"https:\/\/nativainfo.com\/?p=5389#primaryimage","url":"https:\/\/nativainfo.com\/wp-content\/uploads\/2025\/11\/imagen_2025-11-19_003423607.png","contentUrl":"https:\/\/nativainfo.com\/wp-content\/uploads\/2025\/11\/imagen_2025-11-19_003423607.png","width":1010,"height":567},{"@type":"BreadcrumbList","@id":"https:\/\/nativainfo.com\/?p=5389#breadcrumb","itemListElement":[{"@type":"ListItem","position":1,"name":"Inicio","item":"https:\/\/nativainfo.com\/"},{"@type":"ListItem","position":2,"name":"Zamora habilit\u00f3 obras en el interior y ratific\u00f3 que el 40% del presupuesto provincial seguir\u00e1 destinado a educaci\u00f3n"}]},{"@type":"WebSite","@id":"https:\/\/nativainfo.com\/#website","url":"https:\/\/nativainfo.com\/","name":"Nativa Info","description":"Diario Digital","publisher":{"@id":"https:\/\/nativainfo.com\/#organization"},"potentialAction":[{"@type":"SearchAction","target":{"@type":"EntryPoint","urlTemplate":"https:\/\/nativainfo.com\/?s={search_term_string}"},"query-input":{"@type":"PropertyValueSpecification","valueRequired":true,"valueName":"search_term_string"}}],"inLanguage":"es-AR"},{"@type":"Organization","@id":"https:\/\/nativainfo.com\/#organization","name":"Nativa Info","url":"https:\/\/nativainfo.com\/","logo":{"@type":"ImageObject","inLanguage":"es-AR","@id":"https:\/\/nativainfo.com\/#\/schema\/logo\/image\/","url":"https:\/\/nativainfo.com\/wp-content\/uploads\/2025\/08\/LOGO-NATIVA-FACE.jpg","contentUrl":"https:\/\/nativainfo.com\/wp-content\/uploads\/2025\/08\/LOGO-NATIVA-FACE.jpg","width":400,"height":400,"caption":"Nativa Info"},"image":{"@id":"https:\/\/nativainfo.com\/#\/schema\/logo\/image\/"},"sameAs":["https:\/\/www.facebook.com\/profile.php?id=61578881597564"]},{"@type":"Person","@id":"https:\/\/nativainfo.com\/#\/schema\/person\/24893b64a9cd564ddb5d102d36eb4b5c","name":"Nativa Info","image":{"@type":"ImageObject","inLanguage":"es-AR","@id":"https:\/\/nativainfo.com\/#\/schema\/person\/image\/","url":"https:\/\/secure.gravatar.com\/avatar\/016fa1cf068d85136d938e1507b9b619cb766e2565cbb1faa1e571762460c785?s=96&d=mm&r=g","contentUrl":"https:\/\/secure.gravatar.com\/avatar\/016fa1cf068d85136d938e1507b9b619cb766e2565cbb1faa1e571762460c785?s=96&d=mm&r=g","caption":"Nativa Info"},"sameAs":["http:\/\/nativainfo.com"],"url":"https:\/\/nativainfo.com\/?author=1"}]}},"jetpack_publicize_connections":[],"_links":{"self":[{"href":"https:\/\/nativainfo.com\/index.php?rest_route=\/wp\/v2\/posts\/5389","targetHints":{"allow":["GET"]}}],"collection":[{"href":"https:\/\/nativainfo.com\/index.php?rest_route=\/wp\/v2\/posts"}],"about":[{"href":"https:\/\/nativainfo.com\/index.php?rest_route=\/wp\/v2\/types\/post"}],"author":[{"embeddable":true,"href":"https:\/\/nativainfo.com\/index.php?rest_route=\/wp\/v2\/users\/1"}],"replies":[{"embeddable":true,"href":"https:\/\/nativainfo.com\/index.php?rest_route=%2Fwp%2Fv2%2Fcomments&post=5389"}],"version-history":[{"count":1,"href":"https:\/\/nativainfo.com\/index.php?rest_route=\/wp\/v2\/posts\/5389\/revisions"}],"predecessor-version":[{"id":5392,"href":"https:\/\/nativainfo.com\/index.php?rest_route=\/wp\/v2\/posts\/5389\/revisions\/5392"}],"wp:attachment":[{"href":"https:\/\/nativainfo.com\/index.php?rest_route=%2Fwp%2Fv2%2Fmedia&parent=5389"}],"wp:term":[{"taxonomy":"category","embeddable":true,"href":"https:\/\/nativainfo.com\/index.php?rest_route=%2Fwp%2Fv2%2Fcategories&post=5389"},{"taxonomy":"post_tag","embeddable":true,"href":"https:\/\/nativainfo.com\/index.php?rest_route=%2Fwp%2Fv2%2Ftags&post=5389"}],"curies":[{"name":"wp","href":"https:\/\/api.w.org\/{rel}","templated":true}]}}