{"id":5380,"date":"2025-11-16T23:23:07","date_gmt":"2025-11-17T02:23:07","guid":{"rendered":"https:\/\/nativainfo.com\/?p=5380"},"modified":"2025-11-16T23:23:08","modified_gmt":"2025-11-17T02:23:08","slug":"a-48-horas-de-la-explosion-se-reavivan-las-llamas-en-el-poligono-industrial-de-ezeiza","status":"publish","type":"post","link":"https:\/\/nativainfo.com\/?p=5380","title":{"rendered":"A 48 horas de la explosi\u00f3n, se reavivan las llamas en el Pol\u00edgono Industrial de Ezeiza"},"content":{"rendered":"\n<figure class=\"wp-block-image size-full\"><img fetchpriority=\"high\" decoding=\"async\" width=\"1010\" height=\"567\" src=\"https:\/\/nativainfo.com\/wp-content\/uploads\/2025\/11\/imagen_2025-11-16_232308337.png\" alt=\"\" class=\"wp-image-5385\" srcset=\"https:\/\/nativainfo.com\/wp-content\/uploads\/2025\/11\/imagen_2025-11-16_232308337.png 1010w, https:\/\/nativainfo.com\/wp-content\/uploads\/2025\/11\/imagen_2025-11-16_232308337-300x168.png 300w, https:\/\/nativainfo.com\/wp-content\/uploads\/2025\/11\/imagen_2025-11-16_232308337-768x431.png 768w, https:\/\/nativainfo.com\/wp-content\/uploads\/2025\/11\/imagen_2025-11-16_232308337-623x350.png 623w, https:\/\/nativainfo.com\/wp-content\/uploads\/2025\/11\/imagen_2025-11-16_232308337-150x84.png 150w\" sizes=\"(max-width: 1010px) 100vw, 1010px\" \/><\/figure>\n\n\n\n<p>A dos d\u00edas de la explosi\u00f3n que gener\u00f3 alarma en Carlos Spegazzini, nuevos focos de incendio volvieron a encenderse este domingo en el Pol\u00edgono Industrial de Ezeiza. Pese al trabajo de los equipos de emergencia, a\u00fan persisten sectores activos y una densa columna de humo contin\u00faa afectando a la zona, donde unos <strong>2.000 trabajadores<\/strong> siguen perjudicados por la situaci\u00f3n.<\/p>\n\n\n\n<p>Las pericias para determinar el origen del siniestro comenzar\u00e1n este lunes. Seg\u00fan confirm\u00f3 el intendente de Ezeiza, <strong>Gast\u00f3n Granados<\/strong>, el humo no presenta riesgos t\u00f3xicos y se decidi\u00f3 dejar que el fuego se extinga de manera natural para no interferir en la investigaci\u00f3n.<\/p>\n\n\n\n<p>\u201cNo hay peligro en el aire\u201d, asegur\u00f3 el jefe comunal durante una recorrida por el predio devastado tras la explosi\u00f3n registrada en una f\u00e1brica agroqu\u00edmica el viernes por la noche. Granados indic\u00f3 que desde el primer momento se realizaron los controles necesarios para descartar la presencia de sustancias nocivas en la atm\u00f3sfera.<\/p>\n","protected":false},"excerpt":{"rendered":"<p>A dos d\u00edas de la explosi\u00f3n que gener\u00f3 alarma en Carlos Spegazzini, nuevos focos de incendio volvieron a encenderse este&#8230; <a class=\"continue-reading-link\" href=\"https:\/\/nativainfo.com\/?p=5380\">Continue reading<\/a><\/p>\n","protected":false},"author":1,"featured_media":0,"comment_status":"open","ping_status":"open","sticky":false,"template":"","format":"standard","meta":{"rop_custom_images_group":[],"rop_custom_messages_group":[],"rop_publish_now":"yes","rop_publish_now_accounts":[],"rop_publish_now_history":[],"rop_publish_now_status":"pending","footnotes":"","jetpack_publicize_message":"","jetpack_publicize_feature_enabled":true,"jetpack_social_post_already_shared":false,"jetpack_social_options":{"image_generator_settings":{"template":"highway","default_image_id":0,"font":"","enabled":false},"version":2}},"categories":[37,8],"tags":[],"class_list":["post-5380","post","type-post","status-publish","format-standard","hentry","category-buenos-aires","category-noticias"],"yoast_head":"<!-- This site is optimized with the Yoast SEO plugin v25.6 - https:\/\/yoast.com\/wordpress\/plugins\/seo\/ -->\n<title>A 48 horas de la explosi\u00f3n, se reavivan las llamas en el Pol\u00edgono Industrial de Ezeiza - Nativa Info<\/title>\n<meta name=\"robots\" content=\"index, follow, max-snippet:-1, max-image-preview:large, max-video-preview:-1\" \/>\n<link rel=\"canonical\" href=\"https:\/\/nativainfo.com\/?p=5380\" \/>\n<meta property=\"og:locale\" content=\"es_ES\" \/>\n<meta property=\"og:type\" content=\"article\" \/>\n<meta property=\"og:title\" content=\"A 48 horas de la explosi\u00f3n, se reavivan las llamas en el Pol\u00edgono Industrial de Ezeiza - Nativa Info\" \/>\n<meta property=\"og:description\" content=\"A dos d\u00edas de la explosi\u00f3n que gener\u00f3 alarma en Carlos Spegazzini, nuevos focos de incendio volvieron a encenderse este... Continue reading\" \/>\n<meta property=\"og:url\" content=\"https:\/\/nativainfo.com\/?p=5380\" \/>\n<meta property=\"og:site_name\" content=\"Nativa Info\" \/>\n<meta property=\"article:publisher\" content=\"https:\/\/www.facebook.com\/profile.php?id=61578881597564\" \/>\n<meta property=\"article:published_time\" content=\"2025-11-17T02:23:07+00:00\" \/>\n<meta property=\"article:modified_time\" content=\"2025-11-17T02:23:08+00:00\" \/>\n<meta property=\"og:image\" content=\"https:\/\/nativainfo.com\/wp-content\/uploads\/2025\/11\/imagen_2025-11-16_232308337.png\" \/>\n\t<meta property=\"og:image:width\" content=\"1010\" \/>\n\t<meta property=\"og:image:height\" content=\"567\" \/>\n\t<meta property=\"og:image:type\" content=\"image\/png\" \/>\n<meta name=\"author\" content=\"Nativa Info\" \/>\n<meta name=\"twitter:card\" content=\"summary_large_image\" \/>\n<meta name=\"twitter:label1\" content=\"Escrito por\" \/>\n\t<meta name=\"twitter:data1\" content=\"Nativa Info\" \/>\n\t<meta name=\"twitter:label2\" content=\"Tiempo de lectura\" \/>\n\t<meta name=\"twitter:data2\" content=\"1 minuto\" \/>\n<script type=\"application\/ld+json\" class=\"yoast-schema-graph\">{\"@context\":\"https:\/\/schema.org\",\"@graph\":[{\"@type\":\"Article\",\"@id\":\"https:\/\/nativainfo.com\/?p=5380#article\",\"isPartOf\":{\"@id\":\"https:\/\/nativainfo.com\/?p=5380\"},\"author\":{\"name\":\"Nativa Info\",\"@id\":\"https:\/\/nativainfo.com\/#\/schema\/person\/24893b64a9cd564ddb5d102d36eb4b5c\"},\"headline\":\"A 48 horas de la explosi\u00f3n, se reavivan las llamas en el Pol\u00edgono Industrial de Ezeiza\",\"datePublished\":\"2025-11-17T02:23:07+00:00\",\"dateModified\":\"2025-11-17T02:23:08+00:00\",\"mainEntityOfPage\":{\"@id\":\"https:\/\/nativainfo.com\/?p=5380\"},\"wordCount\":185,\"commentCount\":0,\"publisher\":{\"@id\":\"https:\/\/nativainfo.com\/#organization\"},\"image\":{\"@id\":\"https:\/\/nativainfo.com\/?p=5380#primaryimage\"},\"thumbnailUrl\":\"https:\/\/nativainfo.com\/wp-content\/uploads\/2025\/11\/imagen_2025-11-16_232308337.png\",\"articleSection\":[\"Buenos Aires\",\"Noticias\"],\"inLanguage\":\"es-AR\",\"potentialAction\":[{\"@type\":\"CommentAction\",\"name\":\"Comment\",\"target\":[\"https:\/\/nativainfo.com\/?p=5380#respond\"]}]},{\"@type\":\"WebPage\",\"@id\":\"https:\/\/nativainfo.com\/?p=5380\",\"url\":\"https:\/\/nativainfo.com\/?p=5380\",\"name\":\"A 48 horas de la explosi\u00f3n, se reavivan las llamas en el Pol\u00edgono Industrial de Ezeiza - Nativa Info\",\"isPartOf\":{\"@id\":\"https:\/\/nativainfo.com\/#website\"},\"primaryImageOfPage\":{\"@id\":\"https:\/\/nativainfo.com\/?p=5380#primaryimage\"},\"image\":{\"@id\":\"https:\/\/nativainfo.com\/?p=5380#primaryimage\"},\"thumbnailUrl\":\"https:\/\/nativainfo.com\/wp-content\/uploads\/2025\/11\/imagen_2025-11-16_232308337.png\",\"datePublished\":\"2025-11-17T02:23:07+00:00\",\"dateModified\":\"2025-11-17T02:23:08+00:00\",\"breadcrumb\":{\"@id\":\"https:\/\/nativainfo.com\/?p=5380#breadcrumb\"},\"inLanguage\":\"es-AR\",\"potentialAction\":[{\"@type\":\"ReadAction\",\"target\":[\"https:\/\/nativainfo.com\/?p=5380\"]}]},{\"@type\":\"ImageObject\",\"inLanguage\":\"es-AR\",\"@id\":\"https:\/\/nativainfo.com\/?p=5380#primaryimage\",\"url\":\"https:\/\/nativainfo.com\/wp-content\/uploads\/2025\/11\/imagen_2025-11-16_232308337.png\",\"contentUrl\":\"https:\/\/nativainfo.com\/wp-content\/uploads\/2025\/11\/imagen_2025-11-16_232308337.png\",\"width\":1010,\"height\":567},{\"@type\":\"BreadcrumbList\",\"@id\":\"https:\/\/nativainfo.com\/?p=5380#breadcrumb\",\"itemListElement\":[{\"@type\":\"ListItem\",\"position\":1,\"name\":\"Inicio\",\"item\":\"https:\/\/nativainfo.com\/\"},{\"@type\":\"ListItem\",\"position\":2,\"name\":\"A 48 horas de la explosi\u00f3n, se reavivan las llamas en el Pol\u00edgono Industrial de Ezeiza\"}]},{\"@type\":\"WebSite\",\"@id\":\"https:\/\/nativainfo.com\/#website\",\"url\":\"https:\/\/nativainfo.com\/\",\"name\":\"Nativa Info\",\"description\":\"Diario Digital\",\"publisher\":{\"@id\":\"https:\/\/nativainfo.com\/#organization\"},\"potentialAction\":[{\"@type\":\"SearchAction\",\"target\":{\"@type\":\"EntryPoint\",\"urlTemplate\":\"https:\/\/nativainfo.com\/?s={search_term_string}\"},\"query-input\":{\"@type\":\"PropertyValueSpecification\",\"valueRequired\":true,\"valueName\":\"search_term_string\"}}],\"inLanguage\":\"es-AR\"},{\"@type\":\"Organization\",\"@id\":\"https:\/\/nativainfo.com\/#organization\",\"name\":\"Nativa Info\",\"url\":\"https:\/\/nativainfo.com\/\",\"logo\":{\"@type\":\"ImageObject\",\"inLanguage\":\"es-AR\",\"@id\":\"https:\/\/nativainfo.com\/#\/schema\/logo\/image\/\",\"url\":\"https:\/\/nativainfo.com\/wp-content\/uploads\/2025\/08\/LOGO-NATIVA-FACE.jpg\",\"contentUrl\":\"https:\/\/nativainfo.com\/wp-content\/uploads\/2025\/08\/LOGO-NATIVA-FACE.jpg\",\"width\":400,\"height\":400,\"caption\":\"Nativa Info\"},\"image\":{\"@id\":\"https:\/\/nativainfo.com\/#\/schema\/logo\/image\/\"},\"sameAs\":[\"https:\/\/www.facebook.com\/profile.php?id=61578881597564\"]},{\"@type\":\"Person\",\"@id\":\"https:\/\/nativainfo.com\/#\/schema\/person\/24893b64a9cd564ddb5d102d36eb4b5c\",\"name\":\"Nativa Info\",\"image\":{\"@type\":\"ImageObject\",\"inLanguage\":\"es-AR\",\"@id\":\"https:\/\/nativainfo.com\/#\/schema\/person\/image\/\",\"url\":\"https:\/\/secure.gravatar.com\/avatar\/016fa1cf068d85136d938e1507b9b619cb766e2565cbb1faa1e571762460c785?s=96&d=mm&r=g\",\"contentUrl\":\"https:\/\/secure.gravatar.com\/avatar\/016fa1cf068d85136d938e1507b9b619cb766e2565cbb1faa1e571762460c785?s=96&d=mm&r=g\",\"caption\":\"Nativa Info\"},\"sameAs\":[\"http:\/\/nativainfo.com\"],\"url\":\"https:\/\/nativainfo.com\/?author=1\"}]}<\/script>\n<!-- \/ Yoast SEO plugin. -->","yoast_head_json":{"title":"A 48 horas de la explosi\u00f3n, se reavivan las llamas en el Pol\u00edgono Industrial de Ezeiza - Nativa Info","robots":{"index":"index","follow":"follow","max-snippet":"max-snippet:-1","max-image-preview":"max-image-preview:large","max-video-preview":"max-video-preview:-1"},"canonical":"https:\/\/nativainfo.com\/?p=5380","og_locale":"es_ES","og_type":"article","og_title":"A 48 horas de la explosi\u00f3n, se reavivan las llamas en el Pol\u00edgono Industrial de Ezeiza - Nativa Info","og_description":"A dos d\u00edas de la explosi\u00f3n que gener\u00f3 alarma en Carlos Spegazzini, nuevos focos de incendio volvieron a encenderse este... Continue reading","og_url":"https:\/\/nativainfo.com\/?p=5380","og_site_name":"Nativa Info","article_publisher":"https:\/\/www.facebook.com\/profile.php?id=61578881597564","article_published_time":"2025-11-17T02:23:07+00:00","article_modified_time":"2025-11-17T02:23:08+00:00","og_image":[{"width":1010,"height":567,"url":"https:\/\/nativainfo.com\/wp-content\/uploads\/2025\/11\/imagen_2025-11-16_232308337.png","type":"image\/png"}],"author":"Nativa Info","twitter_card":"summary_large_image","twitter_misc":{"Escrito por":"Nativa Info","Tiempo de lectura":"1 minuto"},"schema":{"@context":"https:\/\/schema.org","@graph":[{"@type":"Article","@id":"https:\/\/nativainfo.com\/?p=5380#article","isPartOf":{"@id":"https:\/\/nativainfo.com\/?p=5380"},"author":{"name":"Nativa Info","@id":"https:\/\/nativainfo.com\/#\/schema\/person\/24893b64a9cd564ddb5d102d36eb4b5c"},"headline":"A 48 horas de la explosi\u00f3n, se reavivan las llamas en el Pol\u00edgono Industrial de Ezeiza","datePublished":"2025-11-17T02:23:07+00:00","dateModified":"2025-11-17T02:23:08+00:00","mainEntityOfPage":{"@id":"https:\/\/nativainfo.com\/?p=5380"},"wordCount":185,"commentCount":0,"publisher":{"@id":"https:\/\/nativainfo.com\/#organization"},"image":{"@id":"https:\/\/nativainfo.com\/?p=5380#primaryimage"},"thumbnailUrl":"https:\/\/nativainfo.com\/wp-content\/uploads\/2025\/11\/imagen_2025-11-16_232308337.png","articleSection":["Buenos Aires","Noticias"],"inLanguage":"es-AR","potentialAction":[{"@type":"CommentAction","name":"Comment","target":["https:\/\/nativainfo.com\/?p=5380#respond"]}]},{"@type":"WebPage","@id":"https:\/\/nativainfo.com\/?p=5380","url":"https:\/\/nativainfo.com\/?p=5380","name":"A 48 horas de la explosi\u00f3n, se reavivan las llamas en el Pol\u00edgono Industrial de Ezeiza - Nativa Info","isPartOf":{"@id":"https:\/\/nativainfo.com\/#website"},"primaryImageOfPage":{"@id":"https:\/\/nativainfo.com\/?p=5380#primaryimage"},"image":{"@id":"https:\/\/nativainfo.com\/?p=5380#primaryimage"},"thumbnailUrl":"https:\/\/nativainfo.com\/wp-content\/uploads\/2025\/11\/imagen_2025-11-16_232308337.png","datePublished":"2025-11-17T02:23:07+00:00","dateModified":"2025-11-17T02:23:08+00:00","breadcrumb":{"@id":"https:\/\/nativainfo.com\/?p=5380#breadcrumb"},"inLanguage":"es-AR","potentialAction":[{"@type":"ReadAction","target":["https:\/\/nativainfo.com\/?p=5380"]}]},{"@type":"ImageObject","inLanguage":"es-AR","@id":"https:\/\/nativainfo.com\/?p=5380#primaryimage","url":"https:\/\/nativainfo.com\/wp-content\/uploads\/2025\/11\/imagen_2025-11-16_232308337.png","contentUrl":"https:\/\/nativainfo.com\/wp-content\/uploads\/2025\/11\/imagen_2025-11-16_232308337.png","width":1010,"height":567},{"@type":"BreadcrumbList","@id":"https:\/\/nativainfo.com\/?p=5380#breadcrumb","itemListElement":[{"@type":"ListItem","position":1,"name":"Inicio","item":"https:\/\/nativainfo.com\/"},{"@type":"ListItem","position":2,"name":"A 48 horas de la explosi\u00f3n, se reavivan las llamas en el Pol\u00edgono Industrial de Ezeiza"}]},{"@type":"WebSite","@id":"https:\/\/nativainfo.com\/#website","url":"https:\/\/nativainfo.com\/","name":"Nativa Info","description":"Diario Digital","publisher":{"@id":"https:\/\/nativainfo.com\/#organization"},"potentialAction":[{"@type":"SearchAction","target":{"@type":"EntryPoint","urlTemplate":"https:\/\/nativainfo.com\/?s={search_term_string}"},"query-input":{"@type":"PropertyValueSpecification","valueRequired":true,"valueName":"search_term_string"}}],"inLanguage":"es-AR"},{"@type":"Organization","@id":"https:\/\/nativainfo.com\/#organization","name":"Nativa Info","url":"https:\/\/nativainfo.com\/","logo":{"@type":"ImageObject","inLanguage":"es-AR","@id":"https:\/\/nativainfo.com\/#\/schema\/logo\/image\/","url":"https:\/\/nativainfo.com\/wp-content\/uploads\/2025\/08\/LOGO-NATIVA-FACE.jpg","contentUrl":"https:\/\/nativainfo.com\/wp-content\/uploads\/2025\/08\/LOGO-NATIVA-FACE.jpg","width":400,"height":400,"caption":"Nativa Info"},"image":{"@id":"https:\/\/nativainfo.com\/#\/schema\/logo\/image\/"},"sameAs":["https:\/\/www.facebook.com\/profile.php?id=61578881597564"]},{"@type":"Person","@id":"https:\/\/nativainfo.com\/#\/schema\/person\/24893b64a9cd564ddb5d102d36eb4b5c","name":"Nativa Info","image":{"@type":"ImageObject","inLanguage":"es-AR","@id":"https:\/\/nativainfo.com\/#\/schema\/person\/image\/","url":"https:\/\/secure.gravatar.com\/avatar\/016fa1cf068d85136d938e1507b9b619cb766e2565cbb1faa1e571762460c785?s=96&d=mm&r=g","contentUrl":"https:\/\/secure.gravatar.com\/avatar\/016fa1cf068d85136d938e1507b9b619cb766e2565cbb1faa1e571762460c785?s=96&d=mm&r=g","caption":"Nativa Info"},"sameAs":["http:\/\/nativainfo.com"],"url":"https:\/\/nativainfo.com\/?author=1"}]}},"jetpack_publicize_connections":[],"_links":{"self":[{"href":"https:\/\/nativainfo.com\/index.php?rest_route=\/wp\/v2\/posts\/5380","targetHints":{"allow":["GET"]}}],"collection":[{"href":"https:\/\/nativainfo.com\/index.php?rest_route=\/wp\/v2\/posts"}],"about":[{"href":"https:\/\/nativainfo.com\/index.php?rest_route=\/wp\/v2\/types\/post"}],"author":[{"embeddable":true,"href":"https:\/\/nativainfo.com\/index.php?rest_route=\/wp\/v2\/users\/1"}],"replies":[{"embeddable":true,"href":"https:\/\/nativainfo.com\/index.php?rest_route=%2Fwp%2Fv2%2Fcomments&post=5380"}],"version-history":[{"count":1,"href":"https:\/\/nativainfo.com\/index.php?rest_route=\/wp\/v2\/posts\/5380\/revisions"}],"predecessor-version":[{"id":5386,"href":"https:\/\/nativainfo.com\/index.php?rest_route=\/wp\/v2\/posts\/5380\/revisions\/5386"}],"wp:attachment":[{"href":"https:\/\/nativainfo.com\/index.php?rest_route=%2Fwp%2Fv2%2Fmedia&parent=5380"}],"wp:term":[{"taxonomy":"category","embeddable":true,"href":"https:\/\/nativainfo.com\/index.php?rest_route=%2Fwp%2Fv2%2Fcategories&post=5380"},{"taxonomy":"post_tag","embeddable":true,"href":"https:\/\/nativainfo.com\/index.php?rest_route=%2Fwp%2Fv2%2Ftags&post=5380"}],"curies":[{"name":"wp","href":"https:\/\/api.w.org\/{rel}","templated":true}]}}