{"id":5357,"date":"2025-11-05T00:58:09","date_gmt":"2025-11-05T03:58:09","guid":{"rendered":"https:\/\/nativainfo.com\/?p=5357"},"modified":"2025-11-05T00:58:22","modified_gmt":"2025-11-05T03:58:22","slug":"sorpresa-en-la-seleccion-dibu-martinez-no-estara-en-la-ultima-gira-del-ano","status":"publish","type":"post","link":"https:\/\/nativainfo.com\/?p=5357","title":{"rendered":"Sorpresa en la Selecci\u00f3n: Dibu Mart\u00ednez no estar\u00e1 en la \u00faltima gira del a\u00f1o"},"content":{"rendered":"\n<p>El arquero campe\u00f3n del mundo y bicampe\u00f3n de Am\u00e9rica, Emiliano \u201cDibu\u201d Mart\u00ednez, no formar\u00e1 parte de la lista de convocados para el amistoso que la Selecci\u00f3n Argentina disputar\u00e1 frente a Angola el pr\u00f3ximo 14 de noviembre en Luanda.<\/p>\n\n\n\n<figure class=\"wp-block-image size-full\"><img fetchpriority=\"high\" decoding=\"async\" width=\"1010\" height=\"567\" src=\"https:\/\/nativainfo.com\/wp-content\/uploads\/2025\/11\/imagen_2025-11-05_005759077.png\" alt=\"\" class=\"wp-image-5359\" srcset=\"https:\/\/nativainfo.com\/wp-content\/uploads\/2025\/11\/imagen_2025-11-05_005759077.png 1010w, https:\/\/nativainfo.com\/wp-content\/uploads\/2025\/11\/imagen_2025-11-05_005759077-300x168.png 300w, https:\/\/nativainfo.com\/wp-content\/uploads\/2025\/11\/imagen_2025-11-05_005759077-768x431.png 768w, https:\/\/nativainfo.com\/wp-content\/uploads\/2025\/11\/imagen_2025-11-05_005759077-623x350.png 623w, https:\/\/nativainfo.com\/wp-content\/uploads\/2025\/11\/imagen_2025-11-05_005759077-150x84.png 150w\" sizes=\"(max-width: 1010px) 100vw, 1010px\" \/><\/figure>\n\n\n\n<p>La decisi\u00f3n, tomada por Lionel Scaloni, no responde a una lesi\u00f3n ni a cuestiones personales, sino a una estrategia del cuerpo t\u00e9cnico para darle descanso al marplatense y brindar minutos a otros arqueros en esta \u00faltima gira internacional de 2025.<\/p>\n\n\n\n<p>Seg\u00fan trascendi\u00f3, el entrenador ya comunic\u00f3 personalmente al jugador que no viajar\u00e1 ni a Alicante \u2014donde la Albiceleste realizar\u00e1 la preparaci\u00f3n previa\u2014 ni a territorio africano. La idea es que Mart\u00ednez, figura indiscutida y pieza clave del ciclo, llegue al 2026 en \u00f3ptimas condiciones, mientras se prueban variantes en el arco con miras al Mundial de Estados Unidos, M\u00e9xico y Canad\u00e1.<\/p>\n\n\n\n<p><strong>Walter Ben\u00edtez, el candidato a ocupar el arco ante Angola<\/strong><br>El principal apuntado para reemplazarlo es Walter Ben\u00edtez, recientemente incorporado al Crystal Palace de la Premier League tras una destacada etapa en el PSV Eindhoven. A pesar de haber sumado pocos minutos en su nuevo club, el exarquero de Quilmes y Niza cuenta con la confianza del cuerpo t\u00e9cnico por su solidez y experiencia en el f\u00fatbol europeo.<\/p>\n","protected":false},"excerpt":{"rendered":"<p>El arquero campe\u00f3n del mundo y bicampe\u00f3n de Am\u00e9rica, Emiliano \u201cDibu\u201d Mart\u00ednez, no formar\u00e1 parte de la lista de convocados&#8230; <a class=\"continue-reading-link\" href=\"https:\/\/nativainfo.com\/?p=5357\">Continue reading<\/a><\/p>\n","protected":false},"author":1,"featured_media":0,"comment_status":"open","ping_status":"open","sticky":false,"template":"","format":"standard","meta":{"rop_custom_images_group":[],"rop_custom_messages_group":[],"rop_publish_now":"yes","rop_publish_now_accounts":[],"rop_publish_now_history":[],"rop_publish_now_status":"pending","footnotes":"","jetpack_publicize_message":"","jetpack_publicize_feature_enabled":true,"jetpack_social_post_already_shared":false,"jetpack_social_options":{"image_generator_settings":{"template":"highway","default_image_id":0,"font":"","enabled":false},"version":2}},"categories":[46],"tags":[],"class_list":["post-5357","post","type-post","status-publish","format-standard","hentry","category-seleccion-argentina"],"yoast_head":"<!-- This site is optimized with the Yoast SEO plugin v25.6 - https:\/\/yoast.com\/wordpress\/plugins\/seo\/ -->\n<title>Sorpresa en la Selecci\u00f3n: Dibu Mart\u00ednez no estar\u00e1 en la \u00faltima gira del a\u00f1o - Nativa Info<\/title>\n<meta name=\"robots\" content=\"index, follow, max-snippet:-1, max-image-preview:large, max-video-preview:-1\" \/>\n<link rel=\"canonical\" href=\"https:\/\/nativainfo.com\/?p=5357\" \/>\n<meta property=\"og:locale\" content=\"es_ES\" \/>\n<meta property=\"og:type\" content=\"article\" \/>\n<meta property=\"og:title\" content=\"Sorpresa en la Selecci\u00f3n: Dibu Mart\u00ednez no estar\u00e1 en la \u00faltima gira del a\u00f1o - Nativa Info\" \/>\n<meta property=\"og:description\" content=\"El arquero campe\u00f3n del mundo y bicampe\u00f3n de Am\u00e9rica, Emiliano \u201cDibu\u201d Mart\u00ednez, no formar\u00e1 parte de la lista de convocados... Continue reading\" \/>\n<meta property=\"og:url\" content=\"https:\/\/nativainfo.com\/?p=5357\" \/>\n<meta property=\"og:site_name\" content=\"Nativa Info\" \/>\n<meta property=\"article:publisher\" content=\"https:\/\/www.facebook.com\/profile.php?id=61578881597564\" \/>\n<meta property=\"article:published_time\" content=\"2025-11-05T03:58:09+00:00\" \/>\n<meta property=\"article:modified_time\" content=\"2025-11-05T03:58:22+00:00\" \/>\n<meta property=\"og:image\" content=\"https:\/\/nativainfo.com\/wp-content\/uploads\/2025\/11\/imagen_2025-11-05_005759077.png\" \/>\n\t<meta property=\"og:image:width\" content=\"1010\" \/>\n\t<meta property=\"og:image:height\" content=\"567\" \/>\n\t<meta property=\"og:image:type\" content=\"image\/png\" \/>\n<meta name=\"author\" content=\"Nativa Info\" \/>\n<meta name=\"twitter:card\" content=\"summary_large_image\" \/>\n<meta name=\"twitter:label1\" content=\"Escrito por\" \/>\n\t<meta name=\"twitter:data1\" content=\"Nativa Info\" \/>\n\t<meta name=\"twitter:label2\" content=\"Tiempo de lectura\" \/>\n\t<meta name=\"twitter:data2\" content=\"2 minutos\" \/>\n<script type=\"application\/ld+json\" class=\"yoast-schema-graph\">{\"@context\":\"https:\/\/schema.org\",\"@graph\":[{\"@type\":\"Article\",\"@id\":\"https:\/\/nativainfo.com\/?p=5357#article\",\"isPartOf\":{\"@id\":\"https:\/\/nativainfo.com\/?p=5357\"},\"author\":{\"name\":\"Nativa Info\",\"@id\":\"https:\/\/nativainfo.com\/#\/schema\/person\/24893b64a9cd564ddb5d102d36eb4b5c\"},\"headline\":\"Sorpresa en la Selecci\u00f3n: Dibu Mart\u00ednez no estar\u00e1 en la \u00faltima gira del a\u00f1o\",\"datePublished\":\"2025-11-05T03:58:09+00:00\",\"dateModified\":\"2025-11-05T03:58:22+00:00\",\"mainEntityOfPage\":{\"@id\":\"https:\/\/nativainfo.com\/?p=5357\"},\"wordCount\":238,\"commentCount\":0,\"publisher\":{\"@id\":\"https:\/\/nativainfo.com\/#organization\"},\"image\":{\"@id\":\"https:\/\/nativainfo.com\/?p=5357#primaryimage\"},\"thumbnailUrl\":\"https:\/\/nativainfo.com\/wp-content\/uploads\/2025\/11\/imagen_2025-11-05_005759077.png\",\"articleSection\":[\"Selecci\u00f3n Argentina\"],\"inLanguage\":\"es-AR\",\"potentialAction\":[{\"@type\":\"CommentAction\",\"name\":\"Comment\",\"target\":[\"https:\/\/nativainfo.com\/?p=5357#respond\"]}]},{\"@type\":\"WebPage\",\"@id\":\"https:\/\/nativainfo.com\/?p=5357\",\"url\":\"https:\/\/nativainfo.com\/?p=5357\",\"name\":\"Sorpresa en la Selecci\u00f3n: Dibu Mart\u00ednez no estar\u00e1 en la \u00faltima gira del a\u00f1o - Nativa Info\",\"isPartOf\":{\"@id\":\"https:\/\/nativainfo.com\/#website\"},\"primaryImageOfPage\":{\"@id\":\"https:\/\/nativainfo.com\/?p=5357#primaryimage\"},\"image\":{\"@id\":\"https:\/\/nativainfo.com\/?p=5357#primaryimage\"},\"thumbnailUrl\":\"https:\/\/nativainfo.com\/wp-content\/uploads\/2025\/11\/imagen_2025-11-05_005759077.png\",\"datePublished\":\"2025-11-05T03:58:09+00:00\",\"dateModified\":\"2025-11-05T03:58:22+00:00\",\"breadcrumb\":{\"@id\":\"https:\/\/nativainfo.com\/?p=5357#breadcrumb\"},\"inLanguage\":\"es-AR\",\"potentialAction\":[{\"@type\":\"ReadAction\",\"target\":[\"https:\/\/nativainfo.com\/?p=5357\"]}]},{\"@type\":\"ImageObject\",\"inLanguage\":\"es-AR\",\"@id\":\"https:\/\/nativainfo.com\/?p=5357#primaryimage\",\"url\":\"https:\/\/nativainfo.com\/wp-content\/uploads\/2025\/11\/imagen_2025-11-05_005759077.png\",\"contentUrl\":\"https:\/\/nativainfo.com\/wp-content\/uploads\/2025\/11\/imagen_2025-11-05_005759077.png\",\"width\":1010,\"height\":567},{\"@type\":\"BreadcrumbList\",\"@id\":\"https:\/\/nativainfo.com\/?p=5357#breadcrumb\",\"itemListElement\":[{\"@type\":\"ListItem\",\"position\":1,\"name\":\"Inicio\",\"item\":\"https:\/\/nativainfo.com\/\"},{\"@type\":\"ListItem\",\"position\":2,\"name\":\"Sorpresa en la Selecci\u00f3n: Dibu Mart\u00ednez no estar\u00e1 en la \u00faltima gira del a\u00f1o\"}]},{\"@type\":\"WebSite\",\"@id\":\"https:\/\/nativainfo.com\/#website\",\"url\":\"https:\/\/nativainfo.com\/\",\"name\":\"Nativa Info\",\"description\":\"Diario Digital\",\"publisher\":{\"@id\":\"https:\/\/nativainfo.com\/#organization\"},\"potentialAction\":[{\"@type\":\"SearchAction\",\"target\":{\"@type\":\"EntryPoint\",\"urlTemplate\":\"https:\/\/nativainfo.com\/?s={search_term_string}\"},\"query-input\":{\"@type\":\"PropertyValueSpecification\",\"valueRequired\":true,\"valueName\":\"search_term_string\"}}],\"inLanguage\":\"es-AR\"},{\"@type\":\"Organization\",\"@id\":\"https:\/\/nativainfo.com\/#organization\",\"name\":\"Nativa Info\",\"url\":\"https:\/\/nativainfo.com\/\",\"logo\":{\"@type\":\"ImageObject\",\"inLanguage\":\"es-AR\",\"@id\":\"https:\/\/nativainfo.com\/#\/schema\/logo\/image\/\",\"url\":\"https:\/\/nativainfo.com\/wp-content\/uploads\/2025\/08\/LOGO-NATIVA-FACE.jpg\",\"contentUrl\":\"https:\/\/nativainfo.com\/wp-content\/uploads\/2025\/08\/LOGO-NATIVA-FACE.jpg\",\"width\":400,\"height\":400,\"caption\":\"Nativa Info\"},\"image\":{\"@id\":\"https:\/\/nativainfo.com\/#\/schema\/logo\/image\/\"},\"sameAs\":[\"https:\/\/www.facebook.com\/profile.php?id=61578881597564\"]},{\"@type\":\"Person\",\"@id\":\"https:\/\/nativainfo.com\/#\/schema\/person\/24893b64a9cd564ddb5d102d36eb4b5c\",\"name\":\"Nativa Info\",\"image\":{\"@type\":\"ImageObject\",\"inLanguage\":\"es-AR\",\"@id\":\"https:\/\/nativainfo.com\/#\/schema\/person\/image\/\",\"url\":\"https:\/\/secure.gravatar.com\/avatar\/016fa1cf068d85136d938e1507b9b619cb766e2565cbb1faa1e571762460c785?s=96&d=mm&r=g\",\"contentUrl\":\"https:\/\/secure.gravatar.com\/avatar\/016fa1cf068d85136d938e1507b9b619cb766e2565cbb1faa1e571762460c785?s=96&d=mm&r=g\",\"caption\":\"Nativa Info\"},\"sameAs\":[\"http:\/\/nativainfo.com\"],\"url\":\"https:\/\/nativainfo.com\/?author=1\"}]}<\/script>\n<!-- \/ Yoast SEO plugin. -->","yoast_head_json":{"title":"Sorpresa en la Selecci\u00f3n: Dibu Mart\u00ednez no estar\u00e1 en la \u00faltima gira del a\u00f1o - Nativa Info","robots":{"index":"index","follow":"follow","max-snippet":"max-snippet:-1","max-image-preview":"max-image-preview:large","max-video-preview":"max-video-preview:-1"},"canonical":"https:\/\/nativainfo.com\/?p=5357","og_locale":"es_ES","og_type":"article","og_title":"Sorpresa en la Selecci\u00f3n: Dibu Mart\u00ednez no estar\u00e1 en la \u00faltima gira del a\u00f1o - Nativa Info","og_description":"El arquero campe\u00f3n del mundo y bicampe\u00f3n de Am\u00e9rica, Emiliano \u201cDibu\u201d Mart\u00ednez, no formar\u00e1 parte de la lista de convocados... Continue reading","og_url":"https:\/\/nativainfo.com\/?p=5357","og_site_name":"Nativa Info","article_publisher":"https:\/\/www.facebook.com\/profile.php?id=61578881597564","article_published_time":"2025-11-05T03:58:09+00:00","article_modified_time":"2025-11-05T03:58:22+00:00","og_image":[{"width":1010,"height":567,"url":"https:\/\/nativainfo.com\/wp-content\/uploads\/2025\/11\/imagen_2025-11-05_005759077.png","type":"image\/png"}],"author":"Nativa Info","twitter_card":"summary_large_image","twitter_misc":{"Escrito por":"Nativa Info","Tiempo de lectura":"2 minutos"},"schema":{"@context":"https:\/\/schema.org","@graph":[{"@type":"Article","@id":"https:\/\/nativainfo.com\/?p=5357#article","isPartOf":{"@id":"https:\/\/nativainfo.com\/?p=5357"},"author":{"name":"Nativa Info","@id":"https:\/\/nativainfo.com\/#\/schema\/person\/24893b64a9cd564ddb5d102d36eb4b5c"},"headline":"Sorpresa en la Selecci\u00f3n: Dibu Mart\u00ednez no estar\u00e1 en la \u00faltima gira del a\u00f1o","datePublished":"2025-11-05T03:58:09+00:00","dateModified":"2025-11-05T03:58:22+00:00","mainEntityOfPage":{"@id":"https:\/\/nativainfo.com\/?p=5357"},"wordCount":238,"commentCount":0,"publisher":{"@id":"https:\/\/nativainfo.com\/#organization"},"image":{"@id":"https:\/\/nativainfo.com\/?p=5357#primaryimage"},"thumbnailUrl":"https:\/\/nativainfo.com\/wp-content\/uploads\/2025\/11\/imagen_2025-11-05_005759077.png","articleSection":["Selecci\u00f3n Argentina"],"inLanguage":"es-AR","potentialAction":[{"@type":"CommentAction","name":"Comment","target":["https:\/\/nativainfo.com\/?p=5357#respond"]}]},{"@type":"WebPage","@id":"https:\/\/nativainfo.com\/?p=5357","url":"https:\/\/nativainfo.com\/?p=5357","name":"Sorpresa en la Selecci\u00f3n: Dibu Mart\u00ednez no estar\u00e1 en la \u00faltima gira del a\u00f1o - Nativa Info","isPartOf":{"@id":"https:\/\/nativainfo.com\/#website"},"primaryImageOfPage":{"@id":"https:\/\/nativainfo.com\/?p=5357#primaryimage"},"image":{"@id":"https:\/\/nativainfo.com\/?p=5357#primaryimage"},"thumbnailUrl":"https:\/\/nativainfo.com\/wp-content\/uploads\/2025\/11\/imagen_2025-11-05_005759077.png","datePublished":"2025-11-05T03:58:09+00:00","dateModified":"2025-11-05T03:58:22+00:00","breadcrumb":{"@id":"https:\/\/nativainfo.com\/?p=5357#breadcrumb"},"inLanguage":"es-AR","potentialAction":[{"@type":"ReadAction","target":["https:\/\/nativainfo.com\/?p=5357"]}]},{"@type":"ImageObject","inLanguage":"es-AR","@id":"https:\/\/nativainfo.com\/?p=5357#primaryimage","url":"https:\/\/nativainfo.com\/wp-content\/uploads\/2025\/11\/imagen_2025-11-05_005759077.png","contentUrl":"https:\/\/nativainfo.com\/wp-content\/uploads\/2025\/11\/imagen_2025-11-05_005759077.png","width":1010,"height":567},{"@type":"BreadcrumbList","@id":"https:\/\/nativainfo.com\/?p=5357#breadcrumb","itemListElement":[{"@type":"ListItem","position":1,"name":"Inicio","item":"https:\/\/nativainfo.com\/"},{"@type":"ListItem","position":2,"name":"Sorpresa en la Selecci\u00f3n: Dibu Mart\u00ednez no estar\u00e1 en la \u00faltima gira del a\u00f1o"}]},{"@type":"WebSite","@id":"https:\/\/nativainfo.com\/#website","url":"https:\/\/nativainfo.com\/","name":"Nativa Info","description":"Diario Digital","publisher":{"@id":"https:\/\/nativainfo.com\/#organization"},"potentialAction":[{"@type":"SearchAction","target":{"@type":"EntryPoint","urlTemplate":"https:\/\/nativainfo.com\/?s={search_term_string}"},"query-input":{"@type":"PropertyValueSpecification","valueRequired":true,"valueName":"search_term_string"}}],"inLanguage":"es-AR"},{"@type":"Organization","@id":"https:\/\/nativainfo.com\/#organization","name":"Nativa Info","url":"https:\/\/nativainfo.com\/","logo":{"@type":"ImageObject","inLanguage":"es-AR","@id":"https:\/\/nativainfo.com\/#\/schema\/logo\/image\/","url":"https:\/\/nativainfo.com\/wp-content\/uploads\/2025\/08\/LOGO-NATIVA-FACE.jpg","contentUrl":"https:\/\/nativainfo.com\/wp-content\/uploads\/2025\/08\/LOGO-NATIVA-FACE.jpg","width":400,"height":400,"caption":"Nativa Info"},"image":{"@id":"https:\/\/nativainfo.com\/#\/schema\/logo\/image\/"},"sameAs":["https:\/\/www.facebook.com\/profile.php?id=61578881597564"]},{"@type":"Person","@id":"https:\/\/nativainfo.com\/#\/schema\/person\/24893b64a9cd564ddb5d102d36eb4b5c","name":"Nativa Info","image":{"@type":"ImageObject","inLanguage":"es-AR","@id":"https:\/\/nativainfo.com\/#\/schema\/person\/image\/","url":"https:\/\/secure.gravatar.com\/avatar\/016fa1cf068d85136d938e1507b9b619cb766e2565cbb1faa1e571762460c785?s=96&d=mm&r=g","contentUrl":"https:\/\/secure.gravatar.com\/avatar\/016fa1cf068d85136d938e1507b9b619cb766e2565cbb1faa1e571762460c785?s=96&d=mm&r=g","caption":"Nativa Info"},"sameAs":["http:\/\/nativainfo.com"],"url":"https:\/\/nativainfo.com\/?author=1"}]}},"jetpack_publicize_connections":[],"_links":{"self":[{"href":"https:\/\/nativainfo.com\/index.php?rest_route=\/wp\/v2\/posts\/5357","targetHints":{"allow":["GET"]}}],"collection":[{"href":"https:\/\/nativainfo.com\/index.php?rest_route=\/wp\/v2\/posts"}],"about":[{"href":"https:\/\/nativainfo.com\/index.php?rest_route=\/wp\/v2\/types\/post"}],"author":[{"embeddable":true,"href":"https:\/\/nativainfo.com\/index.php?rest_route=\/wp\/v2\/users\/1"}],"replies":[{"embeddable":true,"href":"https:\/\/nativainfo.com\/index.php?rest_route=%2Fwp%2Fv2%2Fcomments&post=5357"}],"version-history":[{"count":1,"href":"https:\/\/nativainfo.com\/index.php?rest_route=\/wp\/v2\/posts\/5357\/revisions"}],"predecessor-version":[{"id":5360,"href":"https:\/\/nativainfo.com\/index.php?rest_route=\/wp\/v2\/posts\/5357\/revisions\/5360"}],"wp:attachment":[{"href":"https:\/\/nativainfo.com\/index.php?rest_route=%2Fwp%2Fv2%2Fmedia&parent=5357"}],"wp:term":[{"taxonomy":"category","embeddable":true,"href":"https:\/\/nativainfo.com\/index.php?rest_route=%2Fwp%2Fv2%2Fcategories&post=5357"},{"taxonomy":"post_tag","embeddable":true,"href":"https:\/\/nativainfo.com\/index.php?rest_route=%2Fwp%2Fv2%2Ftags&post=5357"}],"curies":[{"name":"wp","href":"https:\/\/api.w.org\/{rel}","templated":true}]}}