{"id":5325,"date":"2025-10-24T00:17:16","date_gmt":"2025-10-24T03:17:16","guid":{"rendered":"https:\/\/nativainfo.com\/?p=5325"},"modified":"2025-10-24T00:17:17","modified_gmt":"2025-10-24T03:17:17","slug":"nico-varrone-correra-en-la-formula-2-con-van-amersfoort-racing-en-2026","status":"publish","type":"post","link":"https:\/\/nativainfo.com\/?p=5325","title":{"rendered":"Nico Varrone correr\u00e1 en la F\u00f3rmula 2 con Van Amersfoort Racing en 2026"},"content":{"rendered":"\n<figure class=\"wp-block-image size-full\"><img fetchpriority=\"high\" decoding=\"async\" width=\"1010\" height=\"567\" src=\"https:\/\/nativainfo.com\/wp-content\/uploads\/2025\/10\/imagen_2025-10-24_001709781.png\" alt=\"\" class=\"wp-image-5329\" srcset=\"https:\/\/nativainfo.com\/wp-content\/uploads\/2025\/10\/imagen_2025-10-24_001709781.png 1010w, https:\/\/nativainfo.com\/wp-content\/uploads\/2025\/10\/imagen_2025-10-24_001709781-300x168.png 300w, https:\/\/nativainfo.com\/wp-content\/uploads\/2025\/10\/imagen_2025-10-24_001709781-768x431.png 768w, https:\/\/nativainfo.com\/wp-content\/uploads\/2025\/10\/imagen_2025-10-24_001709781-623x350.png 623w, https:\/\/nativainfo.com\/wp-content\/uploads\/2025\/10\/imagen_2025-10-24_001709781-150x84.png 150w\" sizes=\"(max-width: 1010px) 100vw, 1010px\" \/><\/figure>\n\n\n\n<p>El piloto argentino de 24 a\u00f1os fue confirmado oficialmente por el equipo neerland\u00e9s Van Amersfoort Racing para disputar la pr\u00f3xima temporada de la F\u00f3rmula 2, marcando un paso decisivo en su camino hacia la F\u00f3rmula 1.<\/p>\n\n\n\n<p>La escuder\u00eda anunci\u00f3 la incorporaci\u00f3n este jueves a trav\u00e9s de sus redes sociales, destacando la destacada trayectoria de Varrone, que incluye su victoria en las 24 Horas de Le Mans 2023 y su paso por la F\u00f3rmula Renault 2.0 Argentina.<\/p>\n\n\n\n<p>\u201cEstoy muy emocionado de unirme a VAR para la temporada 2026. Es un equipo con gran historia y profesionalismo. No veo la hora de empezar a trabajar con ellos. Agradezco profundamente a todos los que me acompa\u00f1aron y creyeron en m\u00ed durante estos a\u00f1os\u201d, expres\u00f3 Varrone tras la confirmaci\u00f3n.<\/p>\n","protected":false},"excerpt":{"rendered":"<p>El piloto argentino de 24 a\u00f1os fue confirmado oficialmente por el equipo neerland\u00e9s Van Amersfoort Racing para disputar la pr\u00f3xima&#8230; <a class=\"continue-reading-link\" href=\"https:\/\/nativainfo.com\/?p=5325\">Continue reading<\/a><\/p>\n","protected":false},"author":1,"featured_media":0,"comment_status":"open","ping_status":"open","sticky":false,"template":"","format":"standard","meta":{"rop_custom_images_group":[],"rop_custom_messages_group":[],"rop_publish_now":"yes","rop_publish_now_accounts":[],"rop_publish_now_history":[],"rop_publish_now_status":"pending","footnotes":"","jetpack_publicize_message":"","jetpack_publicize_feature_enabled":true,"jetpack_social_post_already_shared":false,"jetpack_social_options":{"image_generator_settings":{"template":"highway","default_image_id":0,"font":"","enabled":false},"version":2}},"categories":[65],"tags":[],"class_list":["post-5325","post","type-post","status-publish","format-standard","hentry","category-automovilismo"],"yoast_head":"<!-- This site is optimized with the Yoast SEO plugin v25.6 - https:\/\/yoast.com\/wordpress\/plugins\/seo\/ -->\n<title>Nico Varrone correr\u00e1 en la F\u00f3rmula 2 con Van Amersfoort Racing en 2026 - Nativa Info<\/title>\n<meta name=\"robots\" content=\"index, follow, max-snippet:-1, max-image-preview:large, max-video-preview:-1\" \/>\n<link rel=\"canonical\" href=\"https:\/\/nativainfo.com\/?p=5325\" \/>\n<meta property=\"og:locale\" content=\"es_ES\" \/>\n<meta property=\"og:type\" content=\"article\" \/>\n<meta property=\"og:title\" content=\"Nico Varrone correr\u00e1 en la F\u00f3rmula 2 con Van Amersfoort Racing en 2026 - Nativa Info\" \/>\n<meta property=\"og:description\" content=\"El piloto argentino de 24 a\u00f1os fue confirmado oficialmente por el equipo neerland\u00e9s Van Amersfoort Racing para disputar la pr\u00f3xima... Continue reading\" \/>\n<meta property=\"og:url\" content=\"https:\/\/nativainfo.com\/?p=5325\" \/>\n<meta property=\"og:site_name\" content=\"Nativa Info\" \/>\n<meta property=\"article:publisher\" content=\"https:\/\/www.facebook.com\/profile.php?id=61578881597564\" \/>\n<meta property=\"article:published_time\" content=\"2025-10-24T03:17:16+00:00\" \/>\n<meta property=\"article:modified_time\" content=\"2025-10-24T03:17:17+00:00\" \/>\n<meta property=\"og:image\" content=\"https:\/\/nativainfo.com\/wp-content\/uploads\/2025\/10\/imagen_2025-10-24_001709781.png\" \/>\n\t<meta property=\"og:image:width\" content=\"1010\" \/>\n\t<meta property=\"og:image:height\" content=\"567\" \/>\n\t<meta property=\"og:image:type\" content=\"image\/png\" \/>\n<meta name=\"author\" content=\"Nativa Info\" \/>\n<meta name=\"twitter:card\" content=\"summary_large_image\" \/>\n<meta name=\"twitter:label1\" content=\"Escrito por\" \/>\n\t<meta name=\"twitter:data1\" content=\"Nativa Info\" \/>\n\t<meta name=\"twitter:label2\" content=\"Tiempo de lectura\" \/>\n\t<meta name=\"twitter:data2\" content=\"1 minuto\" \/>\n<script type=\"application\/ld+json\" class=\"yoast-schema-graph\">{\"@context\":\"https:\/\/schema.org\",\"@graph\":[{\"@type\":\"Article\",\"@id\":\"https:\/\/nativainfo.com\/?p=5325#article\",\"isPartOf\":{\"@id\":\"https:\/\/nativainfo.com\/?p=5325\"},\"author\":{\"name\":\"Nativa Info\",\"@id\":\"https:\/\/nativainfo.com\/#\/schema\/person\/24893b64a9cd564ddb5d102d36eb4b5c\"},\"headline\":\"Nico Varrone correr\u00e1 en la F\u00f3rmula 2 con Van Amersfoort Racing en 2026\",\"datePublished\":\"2025-10-24T03:17:16+00:00\",\"dateModified\":\"2025-10-24T03:17:17+00:00\",\"mainEntityOfPage\":{\"@id\":\"https:\/\/nativainfo.com\/?p=5325\"},\"wordCount\":142,\"commentCount\":0,\"publisher\":{\"@id\":\"https:\/\/nativainfo.com\/#organization\"},\"image\":{\"@id\":\"https:\/\/nativainfo.com\/?p=5325#primaryimage\"},\"thumbnailUrl\":\"https:\/\/nativainfo.com\/wp-content\/uploads\/2025\/10\/imagen_2025-10-24_001709781.png\",\"articleSection\":[\"Automovilismo\"],\"inLanguage\":\"es-AR\",\"potentialAction\":[{\"@type\":\"CommentAction\",\"name\":\"Comment\",\"target\":[\"https:\/\/nativainfo.com\/?p=5325#respond\"]}]},{\"@type\":\"WebPage\",\"@id\":\"https:\/\/nativainfo.com\/?p=5325\",\"url\":\"https:\/\/nativainfo.com\/?p=5325\",\"name\":\"Nico Varrone correr\u00e1 en la F\u00f3rmula 2 con Van Amersfoort Racing en 2026 - Nativa Info\",\"isPartOf\":{\"@id\":\"https:\/\/nativainfo.com\/#website\"},\"primaryImageOfPage\":{\"@id\":\"https:\/\/nativainfo.com\/?p=5325#primaryimage\"},\"image\":{\"@id\":\"https:\/\/nativainfo.com\/?p=5325#primaryimage\"},\"thumbnailUrl\":\"https:\/\/nativainfo.com\/wp-content\/uploads\/2025\/10\/imagen_2025-10-24_001709781.png\",\"datePublished\":\"2025-10-24T03:17:16+00:00\",\"dateModified\":\"2025-10-24T03:17:17+00:00\",\"breadcrumb\":{\"@id\":\"https:\/\/nativainfo.com\/?p=5325#breadcrumb\"},\"inLanguage\":\"es-AR\",\"potentialAction\":[{\"@type\":\"ReadAction\",\"target\":[\"https:\/\/nativainfo.com\/?p=5325\"]}]},{\"@type\":\"ImageObject\",\"inLanguage\":\"es-AR\",\"@id\":\"https:\/\/nativainfo.com\/?p=5325#primaryimage\",\"url\":\"https:\/\/nativainfo.com\/wp-content\/uploads\/2025\/10\/imagen_2025-10-24_001709781.png\",\"contentUrl\":\"https:\/\/nativainfo.com\/wp-content\/uploads\/2025\/10\/imagen_2025-10-24_001709781.png\",\"width\":1010,\"height\":567},{\"@type\":\"BreadcrumbList\",\"@id\":\"https:\/\/nativainfo.com\/?p=5325#breadcrumb\",\"itemListElement\":[{\"@type\":\"ListItem\",\"position\":1,\"name\":\"Inicio\",\"item\":\"https:\/\/nativainfo.com\/\"},{\"@type\":\"ListItem\",\"position\":2,\"name\":\"Nico Varrone correr\u00e1 en la F\u00f3rmula 2 con Van Amersfoort Racing en 2026\"}]},{\"@type\":\"WebSite\",\"@id\":\"https:\/\/nativainfo.com\/#website\",\"url\":\"https:\/\/nativainfo.com\/\",\"name\":\"Nativa Info\",\"description\":\"Diario Digital\",\"publisher\":{\"@id\":\"https:\/\/nativainfo.com\/#organization\"},\"potentialAction\":[{\"@type\":\"SearchAction\",\"target\":{\"@type\":\"EntryPoint\",\"urlTemplate\":\"https:\/\/nativainfo.com\/?s={search_term_string}\"},\"query-input\":{\"@type\":\"PropertyValueSpecification\",\"valueRequired\":true,\"valueName\":\"search_term_string\"}}],\"inLanguage\":\"es-AR\"},{\"@type\":\"Organization\",\"@id\":\"https:\/\/nativainfo.com\/#organization\",\"name\":\"Nativa Info\",\"url\":\"https:\/\/nativainfo.com\/\",\"logo\":{\"@type\":\"ImageObject\",\"inLanguage\":\"es-AR\",\"@id\":\"https:\/\/nativainfo.com\/#\/schema\/logo\/image\/\",\"url\":\"https:\/\/nativainfo.com\/wp-content\/uploads\/2025\/08\/LOGO-NATIVA-FACE.jpg\",\"contentUrl\":\"https:\/\/nativainfo.com\/wp-content\/uploads\/2025\/08\/LOGO-NATIVA-FACE.jpg\",\"width\":400,\"height\":400,\"caption\":\"Nativa Info\"},\"image\":{\"@id\":\"https:\/\/nativainfo.com\/#\/schema\/logo\/image\/\"},\"sameAs\":[\"https:\/\/www.facebook.com\/profile.php?id=61578881597564\"]},{\"@type\":\"Person\",\"@id\":\"https:\/\/nativainfo.com\/#\/schema\/person\/24893b64a9cd564ddb5d102d36eb4b5c\",\"name\":\"Nativa Info\",\"image\":{\"@type\":\"ImageObject\",\"inLanguage\":\"es-AR\",\"@id\":\"https:\/\/nativainfo.com\/#\/schema\/person\/image\/\",\"url\":\"https:\/\/secure.gravatar.com\/avatar\/016fa1cf068d85136d938e1507b9b619cb766e2565cbb1faa1e571762460c785?s=96&d=mm&r=g\",\"contentUrl\":\"https:\/\/secure.gravatar.com\/avatar\/016fa1cf068d85136d938e1507b9b619cb766e2565cbb1faa1e571762460c785?s=96&d=mm&r=g\",\"caption\":\"Nativa Info\"},\"sameAs\":[\"http:\/\/nativainfo.com\"],\"url\":\"https:\/\/nativainfo.com\/?author=1\"}]}<\/script>\n<!-- \/ Yoast SEO plugin. -->","yoast_head_json":{"title":"Nico Varrone correr\u00e1 en la F\u00f3rmula 2 con Van Amersfoort Racing en 2026 - Nativa Info","robots":{"index":"index","follow":"follow","max-snippet":"max-snippet:-1","max-image-preview":"max-image-preview:large","max-video-preview":"max-video-preview:-1"},"canonical":"https:\/\/nativainfo.com\/?p=5325","og_locale":"es_ES","og_type":"article","og_title":"Nico Varrone correr\u00e1 en la F\u00f3rmula 2 con Van Amersfoort Racing en 2026 - Nativa Info","og_description":"El piloto argentino de 24 a\u00f1os fue confirmado oficialmente por el equipo neerland\u00e9s Van Amersfoort Racing para disputar la pr\u00f3xima... Continue reading","og_url":"https:\/\/nativainfo.com\/?p=5325","og_site_name":"Nativa Info","article_publisher":"https:\/\/www.facebook.com\/profile.php?id=61578881597564","article_published_time":"2025-10-24T03:17:16+00:00","article_modified_time":"2025-10-24T03:17:17+00:00","og_image":[{"width":1010,"height":567,"url":"https:\/\/nativainfo.com\/wp-content\/uploads\/2025\/10\/imagen_2025-10-24_001709781.png","type":"image\/png"}],"author":"Nativa Info","twitter_card":"summary_large_image","twitter_misc":{"Escrito por":"Nativa Info","Tiempo de lectura":"1 minuto"},"schema":{"@context":"https:\/\/schema.org","@graph":[{"@type":"Article","@id":"https:\/\/nativainfo.com\/?p=5325#article","isPartOf":{"@id":"https:\/\/nativainfo.com\/?p=5325"},"author":{"name":"Nativa Info","@id":"https:\/\/nativainfo.com\/#\/schema\/person\/24893b64a9cd564ddb5d102d36eb4b5c"},"headline":"Nico Varrone correr\u00e1 en la F\u00f3rmula 2 con Van Amersfoort Racing en 2026","datePublished":"2025-10-24T03:17:16+00:00","dateModified":"2025-10-24T03:17:17+00:00","mainEntityOfPage":{"@id":"https:\/\/nativainfo.com\/?p=5325"},"wordCount":142,"commentCount":0,"publisher":{"@id":"https:\/\/nativainfo.com\/#organization"},"image":{"@id":"https:\/\/nativainfo.com\/?p=5325#primaryimage"},"thumbnailUrl":"https:\/\/nativainfo.com\/wp-content\/uploads\/2025\/10\/imagen_2025-10-24_001709781.png","articleSection":["Automovilismo"],"inLanguage":"es-AR","potentialAction":[{"@type":"CommentAction","name":"Comment","target":["https:\/\/nativainfo.com\/?p=5325#respond"]}]},{"@type":"WebPage","@id":"https:\/\/nativainfo.com\/?p=5325","url":"https:\/\/nativainfo.com\/?p=5325","name":"Nico Varrone correr\u00e1 en la F\u00f3rmula 2 con Van Amersfoort Racing en 2026 - Nativa Info","isPartOf":{"@id":"https:\/\/nativainfo.com\/#website"},"primaryImageOfPage":{"@id":"https:\/\/nativainfo.com\/?p=5325#primaryimage"},"image":{"@id":"https:\/\/nativainfo.com\/?p=5325#primaryimage"},"thumbnailUrl":"https:\/\/nativainfo.com\/wp-content\/uploads\/2025\/10\/imagen_2025-10-24_001709781.png","datePublished":"2025-10-24T03:17:16+00:00","dateModified":"2025-10-24T03:17:17+00:00","breadcrumb":{"@id":"https:\/\/nativainfo.com\/?p=5325#breadcrumb"},"inLanguage":"es-AR","potentialAction":[{"@type":"ReadAction","target":["https:\/\/nativainfo.com\/?p=5325"]}]},{"@type":"ImageObject","inLanguage":"es-AR","@id":"https:\/\/nativainfo.com\/?p=5325#primaryimage","url":"https:\/\/nativainfo.com\/wp-content\/uploads\/2025\/10\/imagen_2025-10-24_001709781.png","contentUrl":"https:\/\/nativainfo.com\/wp-content\/uploads\/2025\/10\/imagen_2025-10-24_001709781.png","width":1010,"height":567},{"@type":"BreadcrumbList","@id":"https:\/\/nativainfo.com\/?p=5325#breadcrumb","itemListElement":[{"@type":"ListItem","position":1,"name":"Inicio","item":"https:\/\/nativainfo.com\/"},{"@type":"ListItem","position":2,"name":"Nico Varrone correr\u00e1 en la F\u00f3rmula 2 con Van Amersfoort Racing en 2026"}]},{"@type":"WebSite","@id":"https:\/\/nativainfo.com\/#website","url":"https:\/\/nativainfo.com\/","name":"Nativa Info","description":"Diario Digital","publisher":{"@id":"https:\/\/nativainfo.com\/#organization"},"potentialAction":[{"@type":"SearchAction","target":{"@type":"EntryPoint","urlTemplate":"https:\/\/nativainfo.com\/?s={search_term_string}"},"query-input":{"@type":"PropertyValueSpecification","valueRequired":true,"valueName":"search_term_string"}}],"inLanguage":"es-AR"},{"@type":"Organization","@id":"https:\/\/nativainfo.com\/#organization","name":"Nativa Info","url":"https:\/\/nativainfo.com\/","logo":{"@type":"ImageObject","inLanguage":"es-AR","@id":"https:\/\/nativainfo.com\/#\/schema\/logo\/image\/","url":"https:\/\/nativainfo.com\/wp-content\/uploads\/2025\/08\/LOGO-NATIVA-FACE.jpg","contentUrl":"https:\/\/nativainfo.com\/wp-content\/uploads\/2025\/08\/LOGO-NATIVA-FACE.jpg","width":400,"height":400,"caption":"Nativa Info"},"image":{"@id":"https:\/\/nativainfo.com\/#\/schema\/logo\/image\/"},"sameAs":["https:\/\/www.facebook.com\/profile.php?id=61578881597564"]},{"@type":"Person","@id":"https:\/\/nativainfo.com\/#\/schema\/person\/24893b64a9cd564ddb5d102d36eb4b5c","name":"Nativa Info","image":{"@type":"ImageObject","inLanguage":"es-AR","@id":"https:\/\/nativainfo.com\/#\/schema\/person\/image\/","url":"https:\/\/secure.gravatar.com\/avatar\/016fa1cf068d85136d938e1507b9b619cb766e2565cbb1faa1e571762460c785?s=96&d=mm&r=g","contentUrl":"https:\/\/secure.gravatar.com\/avatar\/016fa1cf068d85136d938e1507b9b619cb766e2565cbb1faa1e571762460c785?s=96&d=mm&r=g","caption":"Nativa Info"},"sameAs":["http:\/\/nativainfo.com"],"url":"https:\/\/nativainfo.com\/?author=1"}]}},"jetpack_publicize_connections":[],"_links":{"self":[{"href":"https:\/\/nativainfo.com\/index.php?rest_route=\/wp\/v2\/posts\/5325","targetHints":{"allow":["GET"]}}],"collection":[{"href":"https:\/\/nativainfo.com\/index.php?rest_route=\/wp\/v2\/posts"}],"about":[{"href":"https:\/\/nativainfo.com\/index.php?rest_route=\/wp\/v2\/types\/post"}],"author":[{"embeddable":true,"href":"https:\/\/nativainfo.com\/index.php?rest_route=\/wp\/v2\/users\/1"}],"replies":[{"embeddable":true,"href":"https:\/\/nativainfo.com\/index.php?rest_route=%2Fwp%2Fv2%2Fcomments&post=5325"}],"version-history":[{"count":1,"href":"https:\/\/nativainfo.com\/index.php?rest_route=\/wp\/v2\/posts\/5325\/revisions"}],"predecessor-version":[{"id":5330,"href":"https:\/\/nativainfo.com\/index.php?rest_route=\/wp\/v2\/posts\/5325\/revisions\/5330"}],"wp:attachment":[{"href":"https:\/\/nativainfo.com\/index.php?rest_route=%2Fwp%2Fv2%2Fmedia&parent=5325"}],"wp:term":[{"taxonomy":"category","embeddable":true,"href":"https:\/\/nativainfo.com\/index.php?rest_route=%2Fwp%2Fv2%2Fcategories&post=5325"},{"taxonomy":"post_tag","embeddable":true,"href":"https:\/\/nativainfo.com\/index.php?rest_route=%2Fwp%2Fv2%2Ftags&post=5325"}],"curies":[{"name":"wp","href":"https:\/\/api.w.org\/{rel}","templated":true}]}}