{"id":5310,"date":"2025-10-17T20:34:41","date_gmt":"2025-10-17T23:34:41","guid":{"rendered":"https:\/\/nativainfo.com\/?p=5310"},"modified":"2025-10-17T20:34:41","modified_gmt":"2025-10-17T23:34:41","slug":"el-nuevo-hospital-de-fernandez-realizo-con-exito-sus-primeras-cirugias","status":"publish","type":"post","link":"https:\/\/nativainfo.com\/?p=5310","title":{"rendered":"El nuevo Hospital de Fern\u00e1ndez realiz\u00f3 con \u00e9xito sus primeras cirug\u00edas"},"content":{"rendered":"\n<figure class=\"wp-block-image size-large\"><img fetchpriority=\"high\" decoding=\"async\" width=\"1024\" height=\"671\" src=\"https:\/\/nativainfo.com\/wp-content\/uploads\/2025\/10\/imagen_2025-10-17_203219198-1024x671.png\" alt=\"\" class=\"wp-image-5311\" srcset=\"https:\/\/nativainfo.com\/wp-content\/uploads\/2025\/10\/imagen_2025-10-17_203219198-1024x671.png 1024w, https:\/\/nativainfo.com\/wp-content\/uploads\/2025\/10\/imagen_2025-10-17_203219198-300x197.png 300w, https:\/\/nativainfo.com\/wp-content\/uploads\/2025\/10\/imagen_2025-10-17_203219198-768x503.png 768w, https:\/\/nativainfo.com\/wp-content\/uploads\/2025\/10\/imagen_2025-10-17_203219198-534x350.png 534w, https:\/\/nativainfo.com\/wp-content\/uploads\/2025\/10\/imagen_2025-10-17_203219198-150x98.png 150w, https:\/\/nativainfo.com\/wp-content\/uploads\/2025\/10\/imagen_2025-10-17_203219198.png 1167w\" sizes=\"(max-width: 1024px) 100vw, 1024px\" \/><\/figure>\n\n\n\n<p>En el quir\u00f3fano de \u00faltima generaci\u00f3n del Hospital Zonal, un equipo m\u00e9dico integrado por cirujanos, anestesi\u00f3logo, instrumentadores y personal del \u00e1rea de rayos llev\u00f3 a cabo con \u00e9xito dos colecistectom\u00edas laparosc\u00f3picas a pacientes locales. Estas intervenciones marcan el inicio de un programa de operativos quir\u00fargicos en el interior de la provincia.<\/p>\n\n\n\n<p>El secretario de Salud, <strong>Gustavo Sabalza<\/strong>, acompa\u00f1\u00f3 la puesta en funcionamiento del quir\u00f3fano y destac\u00f3 que \u201cestos espacios cuentan con equipamiento de \u00faltima generaci\u00f3n, dise\u00f1ados bajo los m\u00e1s altos est\u00e1ndares de seguridad y confort, tanto para el equipo quir\u00fargico como para los pacientes\u201d.<\/p>\n\n\n\n<p>Adem\u00e1s, subray\u00f3 que estas primeras cirug\u00edas \u201crepresentan el inicio de los operativos quir\u00fargicos programados en hospitales del interior, bajo la coordinaci\u00f3n y supervisi\u00f3n del Hospital Regional \u2018Dr. Ram\u00f3n Carrillo\u2019 y su servicio de cirug\u00eda\u201d.<\/p>\n\n\n\n<p>Participaron de las intervenciones los cirujanos del Servicio de Cirug\u00eda del Hospital Regional: <strong>Dr. Eroles Rojas, Dr. Edgardo Corti, Dr. Sergio Santill\u00e1n y el Dr. Juan Fernando Garc\u00eda<\/strong>, actual director del Hospital Zonal.<br>El equipo de instrumentaci\u00f3n estuvo integrado por <strong>Marcos Sosa, Carla Sosa y Mar\u00eda Cardo<\/strong>, mientras que en el \u00e1rea de rayos participaron <strong>Marcelo Sequeira y Carlos Galv\u00e1n<\/strong>.<\/p>\n\n\n\n<p>Fuente: Ministerio de Salud de Santiago del Estero<\/p>\n","protected":false},"excerpt":{"rendered":"<p>En el quir\u00f3fano de \u00faltima generaci\u00f3n del Hospital Zonal, un equipo m\u00e9dico integrado por cirujanos, anestesi\u00f3logo, instrumentadores y personal del&#8230; <a class=\"continue-reading-link\" href=\"https:\/\/nativainfo.com\/?p=5310\">Continue reading<\/a><\/p>\n","protected":false},"author":1,"featured_media":5311,"comment_status":"open","ping_status":"open","sticky":false,"template":"","format":"standard","meta":{"rop_custom_images_group":[],"rop_custom_messages_group":[],"rop_publish_now":"yes","rop_publish_now_accounts":[],"rop_publish_now_history":[],"rop_publish_now_status":"pending","footnotes":"","jetpack_publicize_message":"","jetpack_publicize_feature_enabled":true,"jetpack_social_post_already_shared":false,"jetpack_social_options":{"image_generator_settings":{"template":"highway","default_image_id":0,"font":"","enabled":false},"version":2}},"categories":[13,15],"tags":[],"class_list":["post-5310","post","type-post","status-publish","format-standard","has-post-thumbnail","hentry","category-fernandez","category-salud"],"yoast_head":"<!-- This site is optimized with the Yoast SEO plugin v25.6 - https:\/\/yoast.com\/wordpress\/plugins\/seo\/ -->\n<title>El nuevo Hospital de Fern\u00e1ndez realiz\u00f3 con \u00e9xito sus primeras cirug\u00edas - Nativa Info<\/title>\n<meta name=\"robots\" content=\"index, follow, max-snippet:-1, max-image-preview:large, max-video-preview:-1\" \/>\n<link rel=\"canonical\" href=\"https:\/\/nativainfo.com\/?p=5310\" \/>\n<meta property=\"og:locale\" content=\"es_ES\" \/>\n<meta property=\"og:type\" content=\"article\" \/>\n<meta property=\"og:title\" content=\"El nuevo Hospital de Fern\u00e1ndez realiz\u00f3 con \u00e9xito sus primeras cirug\u00edas - Nativa Info\" \/>\n<meta property=\"og:description\" content=\"En el quir\u00f3fano de \u00faltima generaci\u00f3n del Hospital Zonal, un equipo m\u00e9dico integrado por cirujanos, anestesi\u00f3logo, instrumentadores y personal del... Continue reading\" \/>\n<meta property=\"og:url\" content=\"https:\/\/nativainfo.com\/?p=5310\" \/>\n<meta property=\"og:site_name\" content=\"Nativa Info\" \/>\n<meta property=\"article:publisher\" content=\"https:\/\/www.facebook.com\/profile.php?id=61578881597564\" \/>\n<meta property=\"article:published_time\" content=\"2025-10-17T23:34:41+00:00\" \/>\n<meta property=\"og:image\" content=\"http:\/\/nativainfo.com\/wp-content\/uploads\/2025\/10\/imagen_2025-10-17_203219198.png\" \/>\n\t<meta property=\"og:image:width\" content=\"1167\" \/>\n\t<meta property=\"og:image:height\" content=\"765\" \/>\n\t<meta property=\"og:image:type\" content=\"image\/png\" \/>\n<meta name=\"author\" content=\"Nativa Info\" \/>\n<meta name=\"twitter:card\" content=\"summary_large_image\" \/>\n<meta name=\"twitter:label1\" content=\"Escrito por\" \/>\n\t<meta name=\"twitter:data1\" content=\"Nativa Info\" \/>\n\t<meta name=\"twitter:label2\" content=\"Tiempo de lectura\" \/>\n\t<meta name=\"twitter:data2\" content=\"2 minutos\" \/>\n<script type=\"application\/ld+json\" class=\"yoast-schema-graph\">{\"@context\":\"https:\/\/schema.org\",\"@graph\":[{\"@type\":\"Article\",\"@id\":\"https:\/\/nativainfo.com\/?p=5310#article\",\"isPartOf\":{\"@id\":\"https:\/\/nativainfo.com\/?p=5310\"},\"author\":{\"name\":\"Nativa Info\",\"@id\":\"https:\/\/nativainfo.com\/#\/schema\/person\/24893b64a9cd564ddb5d102d36eb4b5c\"},\"headline\":\"El nuevo Hospital de Fern\u00e1ndez realiz\u00f3 con \u00e9xito sus primeras cirug\u00edas\",\"datePublished\":\"2025-10-17T23:34:41+00:00\",\"mainEntityOfPage\":{\"@id\":\"https:\/\/nativainfo.com\/?p=5310\"},\"wordCount\":235,\"commentCount\":0,\"publisher\":{\"@id\":\"https:\/\/nativainfo.com\/#organization\"},\"image\":{\"@id\":\"https:\/\/nativainfo.com\/?p=5310#primaryimage\"},\"thumbnailUrl\":\"https:\/\/nativainfo.com\/wp-content\/uploads\/2025\/10\/imagen_2025-10-17_203219198.png\",\"articleSection\":[\"Fern\u00e1ndez\",\"Salud\"],\"inLanguage\":\"es-AR\",\"potentialAction\":[{\"@type\":\"CommentAction\",\"name\":\"Comment\",\"target\":[\"https:\/\/nativainfo.com\/?p=5310#respond\"]}]},{\"@type\":\"WebPage\",\"@id\":\"https:\/\/nativainfo.com\/?p=5310\",\"url\":\"https:\/\/nativainfo.com\/?p=5310\",\"name\":\"El nuevo Hospital de Fern\u00e1ndez realiz\u00f3 con \u00e9xito sus primeras cirug\u00edas - Nativa Info\",\"isPartOf\":{\"@id\":\"https:\/\/nativainfo.com\/#website\"},\"primaryImageOfPage\":{\"@id\":\"https:\/\/nativainfo.com\/?p=5310#primaryimage\"},\"image\":{\"@id\":\"https:\/\/nativainfo.com\/?p=5310#primaryimage\"},\"thumbnailUrl\":\"https:\/\/nativainfo.com\/wp-content\/uploads\/2025\/10\/imagen_2025-10-17_203219198.png\",\"datePublished\":\"2025-10-17T23:34:41+00:00\",\"breadcrumb\":{\"@id\":\"https:\/\/nativainfo.com\/?p=5310#breadcrumb\"},\"inLanguage\":\"es-AR\",\"potentialAction\":[{\"@type\":\"ReadAction\",\"target\":[\"https:\/\/nativainfo.com\/?p=5310\"]}]},{\"@type\":\"ImageObject\",\"inLanguage\":\"es-AR\",\"@id\":\"https:\/\/nativainfo.com\/?p=5310#primaryimage\",\"url\":\"https:\/\/nativainfo.com\/wp-content\/uploads\/2025\/10\/imagen_2025-10-17_203219198.png\",\"contentUrl\":\"https:\/\/nativainfo.com\/wp-content\/uploads\/2025\/10\/imagen_2025-10-17_203219198.png\",\"width\":1167,\"height\":765},{\"@type\":\"BreadcrumbList\",\"@id\":\"https:\/\/nativainfo.com\/?p=5310#breadcrumb\",\"itemListElement\":[{\"@type\":\"ListItem\",\"position\":1,\"name\":\"Inicio\",\"item\":\"https:\/\/nativainfo.com\/\"},{\"@type\":\"ListItem\",\"position\":2,\"name\":\"El nuevo Hospital de Fern\u00e1ndez realiz\u00f3 con \u00e9xito sus primeras cirug\u00edas\"}]},{\"@type\":\"WebSite\",\"@id\":\"https:\/\/nativainfo.com\/#website\",\"url\":\"https:\/\/nativainfo.com\/\",\"name\":\"Nativa Info\",\"description\":\"Diario Digital\",\"publisher\":{\"@id\":\"https:\/\/nativainfo.com\/#organization\"},\"potentialAction\":[{\"@type\":\"SearchAction\",\"target\":{\"@type\":\"EntryPoint\",\"urlTemplate\":\"https:\/\/nativainfo.com\/?s={search_term_string}\"},\"query-input\":{\"@type\":\"PropertyValueSpecification\",\"valueRequired\":true,\"valueName\":\"search_term_string\"}}],\"inLanguage\":\"es-AR\"},{\"@type\":\"Organization\",\"@id\":\"https:\/\/nativainfo.com\/#organization\",\"name\":\"Nativa Info\",\"url\":\"https:\/\/nativainfo.com\/\",\"logo\":{\"@type\":\"ImageObject\",\"inLanguage\":\"es-AR\",\"@id\":\"https:\/\/nativainfo.com\/#\/schema\/logo\/image\/\",\"url\":\"https:\/\/nativainfo.com\/wp-content\/uploads\/2025\/08\/LOGO-NATIVA-FACE.jpg\",\"contentUrl\":\"https:\/\/nativainfo.com\/wp-content\/uploads\/2025\/08\/LOGO-NATIVA-FACE.jpg\",\"width\":400,\"height\":400,\"caption\":\"Nativa Info\"},\"image\":{\"@id\":\"https:\/\/nativainfo.com\/#\/schema\/logo\/image\/\"},\"sameAs\":[\"https:\/\/www.facebook.com\/profile.php?id=61578881597564\"]},{\"@type\":\"Person\",\"@id\":\"https:\/\/nativainfo.com\/#\/schema\/person\/24893b64a9cd564ddb5d102d36eb4b5c\",\"name\":\"Nativa Info\",\"image\":{\"@type\":\"ImageObject\",\"inLanguage\":\"es-AR\",\"@id\":\"https:\/\/nativainfo.com\/#\/schema\/person\/image\/\",\"url\":\"https:\/\/secure.gravatar.com\/avatar\/016fa1cf068d85136d938e1507b9b619cb766e2565cbb1faa1e571762460c785?s=96&d=mm&r=g\",\"contentUrl\":\"https:\/\/secure.gravatar.com\/avatar\/016fa1cf068d85136d938e1507b9b619cb766e2565cbb1faa1e571762460c785?s=96&d=mm&r=g\",\"caption\":\"Nativa Info\"},\"sameAs\":[\"http:\/\/nativainfo.com\"],\"url\":\"https:\/\/nativainfo.com\/?author=1\"}]}<\/script>\n<!-- \/ Yoast SEO plugin. -->","yoast_head_json":{"title":"El nuevo Hospital de Fern\u00e1ndez realiz\u00f3 con \u00e9xito sus primeras cirug\u00edas - Nativa Info","robots":{"index":"index","follow":"follow","max-snippet":"max-snippet:-1","max-image-preview":"max-image-preview:large","max-video-preview":"max-video-preview:-1"},"canonical":"https:\/\/nativainfo.com\/?p=5310","og_locale":"es_ES","og_type":"article","og_title":"El nuevo Hospital de Fern\u00e1ndez realiz\u00f3 con \u00e9xito sus primeras cirug\u00edas - Nativa Info","og_description":"En el quir\u00f3fano de \u00faltima generaci\u00f3n del Hospital Zonal, un equipo m\u00e9dico integrado por cirujanos, anestesi\u00f3logo, instrumentadores y personal del... Continue reading","og_url":"https:\/\/nativainfo.com\/?p=5310","og_site_name":"Nativa Info","article_publisher":"https:\/\/www.facebook.com\/profile.php?id=61578881597564","article_published_time":"2025-10-17T23:34:41+00:00","og_image":[{"width":1167,"height":765,"url":"http:\/\/nativainfo.com\/wp-content\/uploads\/2025\/10\/imagen_2025-10-17_203219198.png","type":"image\/png"}],"author":"Nativa Info","twitter_card":"summary_large_image","twitter_misc":{"Escrito por":"Nativa Info","Tiempo de lectura":"2 minutos"},"schema":{"@context":"https:\/\/schema.org","@graph":[{"@type":"Article","@id":"https:\/\/nativainfo.com\/?p=5310#article","isPartOf":{"@id":"https:\/\/nativainfo.com\/?p=5310"},"author":{"name":"Nativa Info","@id":"https:\/\/nativainfo.com\/#\/schema\/person\/24893b64a9cd564ddb5d102d36eb4b5c"},"headline":"El nuevo Hospital de Fern\u00e1ndez realiz\u00f3 con \u00e9xito sus primeras cirug\u00edas","datePublished":"2025-10-17T23:34:41+00:00","mainEntityOfPage":{"@id":"https:\/\/nativainfo.com\/?p=5310"},"wordCount":235,"commentCount":0,"publisher":{"@id":"https:\/\/nativainfo.com\/#organization"},"image":{"@id":"https:\/\/nativainfo.com\/?p=5310#primaryimage"},"thumbnailUrl":"https:\/\/nativainfo.com\/wp-content\/uploads\/2025\/10\/imagen_2025-10-17_203219198.png","articleSection":["Fern\u00e1ndez","Salud"],"inLanguage":"es-AR","potentialAction":[{"@type":"CommentAction","name":"Comment","target":["https:\/\/nativainfo.com\/?p=5310#respond"]}]},{"@type":"WebPage","@id":"https:\/\/nativainfo.com\/?p=5310","url":"https:\/\/nativainfo.com\/?p=5310","name":"El nuevo Hospital de Fern\u00e1ndez realiz\u00f3 con \u00e9xito sus primeras cirug\u00edas - Nativa Info","isPartOf":{"@id":"https:\/\/nativainfo.com\/#website"},"primaryImageOfPage":{"@id":"https:\/\/nativainfo.com\/?p=5310#primaryimage"},"image":{"@id":"https:\/\/nativainfo.com\/?p=5310#primaryimage"},"thumbnailUrl":"https:\/\/nativainfo.com\/wp-content\/uploads\/2025\/10\/imagen_2025-10-17_203219198.png","datePublished":"2025-10-17T23:34:41+00:00","breadcrumb":{"@id":"https:\/\/nativainfo.com\/?p=5310#breadcrumb"},"inLanguage":"es-AR","potentialAction":[{"@type":"ReadAction","target":["https:\/\/nativainfo.com\/?p=5310"]}]},{"@type":"ImageObject","inLanguage":"es-AR","@id":"https:\/\/nativainfo.com\/?p=5310#primaryimage","url":"https:\/\/nativainfo.com\/wp-content\/uploads\/2025\/10\/imagen_2025-10-17_203219198.png","contentUrl":"https:\/\/nativainfo.com\/wp-content\/uploads\/2025\/10\/imagen_2025-10-17_203219198.png","width":1167,"height":765},{"@type":"BreadcrumbList","@id":"https:\/\/nativainfo.com\/?p=5310#breadcrumb","itemListElement":[{"@type":"ListItem","position":1,"name":"Inicio","item":"https:\/\/nativainfo.com\/"},{"@type":"ListItem","position":2,"name":"El nuevo Hospital de Fern\u00e1ndez realiz\u00f3 con \u00e9xito sus primeras cirug\u00edas"}]},{"@type":"WebSite","@id":"https:\/\/nativainfo.com\/#website","url":"https:\/\/nativainfo.com\/","name":"Nativa Info","description":"Diario Digital","publisher":{"@id":"https:\/\/nativainfo.com\/#organization"},"potentialAction":[{"@type":"SearchAction","target":{"@type":"EntryPoint","urlTemplate":"https:\/\/nativainfo.com\/?s={search_term_string}"},"query-input":{"@type":"PropertyValueSpecification","valueRequired":true,"valueName":"search_term_string"}}],"inLanguage":"es-AR"},{"@type":"Organization","@id":"https:\/\/nativainfo.com\/#organization","name":"Nativa Info","url":"https:\/\/nativainfo.com\/","logo":{"@type":"ImageObject","inLanguage":"es-AR","@id":"https:\/\/nativainfo.com\/#\/schema\/logo\/image\/","url":"https:\/\/nativainfo.com\/wp-content\/uploads\/2025\/08\/LOGO-NATIVA-FACE.jpg","contentUrl":"https:\/\/nativainfo.com\/wp-content\/uploads\/2025\/08\/LOGO-NATIVA-FACE.jpg","width":400,"height":400,"caption":"Nativa Info"},"image":{"@id":"https:\/\/nativainfo.com\/#\/schema\/logo\/image\/"},"sameAs":["https:\/\/www.facebook.com\/profile.php?id=61578881597564"]},{"@type":"Person","@id":"https:\/\/nativainfo.com\/#\/schema\/person\/24893b64a9cd564ddb5d102d36eb4b5c","name":"Nativa Info","image":{"@type":"ImageObject","inLanguage":"es-AR","@id":"https:\/\/nativainfo.com\/#\/schema\/person\/image\/","url":"https:\/\/secure.gravatar.com\/avatar\/016fa1cf068d85136d938e1507b9b619cb766e2565cbb1faa1e571762460c785?s=96&d=mm&r=g","contentUrl":"https:\/\/secure.gravatar.com\/avatar\/016fa1cf068d85136d938e1507b9b619cb766e2565cbb1faa1e571762460c785?s=96&d=mm&r=g","caption":"Nativa Info"},"sameAs":["http:\/\/nativainfo.com"],"url":"https:\/\/nativainfo.com\/?author=1"}]}},"jetpack_publicize_connections":[],"_links":{"self":[{"href":"https:\/\/nativainfo.com\/index.php?rest_route=\/wp\/v2\/posts\/5310","targetHints":{"allow":["GET"]}}],"collection":[{"href":"https:\/\/nativainfo.com\/index.php?rest_route=\/wp\/v2\/posts"}],"about":[{"href":"https:\/\/nativainfo.com\/index.php?rest_route=\/wp\/v2\/types\/post"}],"author":[{"embeddable":true,"href":"https:\/\/nativainfo.com\/index.php?rest_route=\/wp\/v2\/users\/1"}],"replies":[{"embeddable":true,"href":"https:\/\/nativainfo.com\/index.php?rest_route=%2Fwp%2Fv2%2Fcomments&post=5310"}],"version-history":[{"count":1,"href":"https:\/\/nativainfo.com\/index.php?rest_route=\/wp\/v2\/posts\/5310\/revisions"}],"predecessor-version":[{"id":5312,"href":"https:\/\/nativainfo.com\/index.php?rest_route=\/wp\/v2\/posts\/5310\/revisions\/5312"}],"wp:featuredmedia":[{"embeddable":true,"href":"https:\/\/nativainfo.com\/index.php?rest_route=\/wp\/v2\/media\/5311"}],"wp:attachment":[{"href":"https:\/\/nativainfo.com\/index.php?rest_route=%2Fwp%2Fv2%2Fmedia&parent=5310"}],"wp:term":[{"taxonomy":"category","embeddable":true,"href":"https:\/\/nativainfo.com\/index.php?rest_route=%2Fwp%2Fv2%2Fcategories&post=5310"},{"taxonomy":"post_tag","embeddable":true,"href":"https:\/\/nativainfo.com\/index.php?rest_route=%2Fwp%2Fv2%2Ftags&post=5310"}],"curies":[{"name":"wp","href":"https:\/\/api.w.org\/{rel}","templated":true}]}}