{"id":5303,"date":"2025-10-17T00:56:48","date_gmt":"2025-10-17T03:56:48","guid":{"rendered":"https:\/\/nativainfo.com\/?p=5303"},"modified":"2025-10-17T00:56:51","modified_gmt":"2025-10-17T03:56:51","slug":"elias-suarez-recibio-un-amplio-respaldo-de-diversos-sectores-en-la-ciudad-capital","status":"publish","type":"post","link":"https:\/\/nativainfo.com\/?p=5303","title":{"rendered":"El\u00edas Su\u00e1rez recibi\u00f3 un amplio respaldo de diversos sectores en la ciudad Capital"},"content":{"rendered":"\n<figure class=\"wp-block-image size-full\"><img fetchpriority=\"high\" decoding=\"async\" width=\"1010\" height=\"567\" src=\"https:\/\/nativainfo.com\/wp-content\/uploads\/2025\/10\/imagen_2025-10-17_005618664.png\" alt=\"\" class=\"wp-image-5305\" srcset=\"https:\/\/nativainfo.com\/wp-content\/uploads\/2025\/10\/imagen_2025-10-17_005618664.png 1010w, https:\/\/nativainfo.com\/wp-content\/uploads\/2025\/10\/imagen_2025-10-17_005618664-300x168.png 300w, https:\/\/nativainfo.com\/wp-content\/uploads\/2025\/10\/imagen_2025-10-17_005618664-768x431.png 768w, https:\/\/nativainfo.com\/wp-content\/uploads\/2025\/10\/imagen_2025-10-17_005618664-623x350.png 623w, https:\/\/nativainfo.com\/wp-content\/uploads\/2025\/10\/imagen_2025-10-17_005618664-150x84.png 150w\" sizes=\"(max-width: 1010px) 100vw, 1010px\" \/><\/figure>\n\n\n\n<p>El candidato a gobernador por el Frente C\u00edvico por Santiago, El\u00edas Su\u00e1rez, desarroll\u00f3 este jueves una intensa agenda de actividades en la ciudad Capital, donde mantuvo encuentros con agrupaciones y vecinos que reafirmaron su apoyo al proyecto de continuidad del modelo de desarrollo provincial.<\/p>\n\n\n\n<p>Durante la jornada, Su\u00e1rez visit\u00f3 el barrio La Cat\u00f3lica, donde fue recibido por integrantes de las agrupaciones J\u00f3venes del Futuro, Madre de Ciudades, Almas Solidarias, Social La Cat\u00f3lica y Ringo Salcedo.<\/p>\n\n\n\n<p>M\u00e1s tarde, mantuvo una reuni\u00f3n con representantes de la agrupaci\u00f3n Mart\u00edn Fierro, en la zona sur de la ciudad, quienes expresaron su compromiso con la defensa de un modelo de gesti\u00f3n que ha transformado la provincia desde sus cimientos.<\/p>\n\n\n\n<p>\u201cGracias por el afecto y por acompa\u00f1arnos en cada paso. Nuestro compromiso es seguir trabajando junto a la gente, reafirmando un proyecto que desde 2005 garantiza avances sostenidos en educaci\u00f3n, salud, seguridad y desarrollo para todos los santiague\u00f1os\u201d, manifest\u00f3 Su\u00e1rez.<\/p>\n","protected":false},"excerpt":{"rendered":"<p>El candidato a gobernador por el Frente C\u00edvico por Santiago, El\u00edas Su\u00e1rez, desarroll\u00f3 este jueves una intensa agenda de actividades&#8230; <a class=\"continue-reading-link\" href=\"https:\/\/nativainfo.com\/?p=5303\">Continue reading<\/a><\/p>\n","protected":false},"author":1,"featured_media":0,"comment_status":"open","ping_status":"open","sticky":false,"template":"","format":"standard","meta":{"rop_custom_images_group":[],"rop_custom_messages_group":[],"rop_publish_now":"yes","rop_publish_now_accounts":[],"rop_publish_now_history":[],"rop_publish_now_status":"pending","footnotes":"","jetpack_publicize_message":"","jetpack_publicize_feature_enabled":true,"jetpack_social_post_already_shared":false,"jetpack_social_options":{"image_generator_settings":{"template":"highway","default_image_id":0,"font":"","enabled":false},"version":2}},"categories":[8],"tags":[],"class_list":["post-5303","post","type-post","status-publish","format-standard","hentry","category-noticias"],"yoast_head":"<!-- This site is optimized with the Yoast SEO plugin v25.6 - https:\/\/yoast.com\/wordpress\/plugins\/seo\/ -->\n<title>El\u00edas Su\u00e1rez recibi\u00f3 un amplio respaldo de diversos sectores en la ciudad Capital - Nativa Info<\/title>\n<meta name=\"robots\" content=\"index, follow, max-snippet:-1, max-image-preview:large, max-video-preview:-1\" \/>\n<link rel=\"canonical\" href=\"https:\/\/nativainfo.com\/?p=5303\" \/>\n<meta property=\"og:locale\" content=\"es_ES\" \/>\n<meta property=\"og:type\" content=\"article\" \/>\n<meta property=\"og:title\" content=\"El\u00edas Su\u00e1rez recibi\u00f3 un amplio respaldo de diversos sectores en la ciudad Capital - Nativa Info\" \/>\n<meta property=\"og:description\" content=\"El candidato a gobernador por el Frente C\u00edvico por Santiago, El\u00edas Su\u00e1rez, desarroll\u00f3 este jueves una intensa agenda de actividades... Continue reading\" \/>\n<meta property=\"og:url\" content=\"https:\/\/nativainfo.com\/?p=5303\" \/>\n<meta property=\"og:site_name\" content=\"Nativa Info\" \/>\n<meta property=\"article:publisher\" content=\"https:\/\/www.facebook.com\/profile.php?id=61578881597564\" \/>\n<meta property=\"article:published_time\" content=\"2025-10-17T03:56:48+00:00\" \/>\n<meta property=\"article:modified_time\" content=\"2025-10-17T03:56:51+00:00\" \/>\n<meta property=\"og:image\" content=\"https:\/\/nativainfo.com\/wp-content\/uploads\/2025\/10\/imagen_2025-10-17_005618664.png\" \/>\n\t<meta property=\"og:image:width\" content=\"1010\" \/>\n\t<meta property=\"og:image:height\" content=\"567\" \/>\n\t<meta property=\"og:image:type\" content=\"image\/png\" \/>\n<meta name=\"author\" content=\"Nativa Info\" \/>\n<meta name=\"twitter:card\" content=\"summary_large_image\" \/>\n<meta name=\"twitter:label1\" content=\"Escrito por\" \/>\n\t<meta name=\"twitter:data1\" content=\"Nativa Info\" \/>\n\t<meta name=\"twitter:label2\" content=\"Tiempo de lectura\" \/>\n\t<meta name=\"twitter:data2\" content=\"1 minuto\" \/>\n<script type=\"application\/ld+json\" class=\"yoast-schema-graph\">{\"@context\":\"https:\/\/schema.org\",\"@graph\":[{\"@type\":\"Article\",\"@id\":\"https:\/\/nativainfo.com\/?p=5303#article\",\"isPartOf\":{\"@id\":\"https:\/\/nativainfo.com\/?p=5303\"},\"author\":{\"name\":\"Nativa Info\",\"@id\":\"https:\/\/nativainfo.com\/#\/schema\/person\/24893b64a9cd564ddb5d102d36eb4b5c\"},\"headline\":\"El\u00edas Su\u00e1rez recibi\u00f3 un amplio respaldo de diversos sectores en la ciudad Capital\",\"datePublished\":\"2025-10-17T03:56:48+00:00\",\"dateModified\":\"2025-10-17T03:56:51+00:00\",\"mainEntityOfPage\":{\"@id\":\"https:\/\/nativainfo.com\/?p=5303\"},\"wordCount\":184,\"commentCount\":0,\"publisher\":{\"@id\":\"https:\/\/nativainfo.com\/#organization\"},\"image\":{\"@id\":\"https:\/\/nativainfo.com\/?p=5303#primaryimage\"},\"thumbnailUrl\":\"https:\/\/nativainfo.com\/wp-content\/uploads\/2025\/10\/imagen_2025-10-17_005618664.png\",\"articleSection\":[\"Noticias\"],\"inLanguage\":\"es-AR\",\"potentialAction\":[{\"@type\":\"CommentAction\",\"name\":\"Comment\",\"target\":[\"https:\/\/nativainfo.com\/?p=5303#respond\"]}]},{\"@type\":\"WebPage\",\"@id\":\"https:\/\/nativainfo.com\/?p=5303\",\"url\":\"https:\/\/nativainfo.com\/?p=5303\",\"name\":\"El\u00edas Su\u00e1rez recibi\u00f3 un amplio respaldo de diversos sectores en la ciudad Capital - Nativa Info\",\"isPartOf\":{\"@id\":\"https:\/\/nativainfo.com\/#website\"},\"primaryImageOfPage\":{\"@id\":\"https:\/\/nativainfo.com\/?p=5303#primaryimage\"},\"image\":{\"@id\":\"https:\/\/nativainfo.com\/?p=5303#primaryimage\"},\"thumbnailUrl\":\"https:\/\/nativainfo.com\/wp-content\/uploads\/2025\/10\/imagen_2025-10-17_005618664.png\",\"datePublished\":\"2025-10-17T03:56:48+00:00\",\"dateModified\":\"2025-10-17T03:56:51+00:00\",\"breadcrumb\":{\"@id\":\"https:\/\/nativainfo.com\/?p=5303#breadcrumb\"},\"inLanguage\":\"es-AR\",\"potentialAction\":[{\"@type\":\"ReadAction\",\"target\":[\"https:\/\/nativainfo.com\/?p=5303\"]}]},{\"@type\":\"ImageObject\",\"inLanguage\":\"es-AR\",\"@id\":\"https:\/\/nativainfo.com\/?p=5303#primaryimage\",\"url\":\"https:\/\/nativainfo.com\/wp-content\/uploads\/2025\/10\/imagen_2025-10-17_005618664.png\",\"contentUrl\":\"https:\/\/nativainfo.com\/wp-content\/uploads\/2025\/10\/imagen_2025-10-17_005618664.png\",\"width\":1010,\"height\":567},{\"@type\":\"BreadcrumbList\",\"@id\":\"https:\/\/nativainfo.com\/?p=5303#breadcrumb\",\"itemListElement\":[{\"@type\":\"ListItem\",\"position\":1,\"name\":\"Inicio\",\"item\":\"https:\/\/nativainfo.com\/\"},{\"@type\":\"ListItem\",\"position\":2,\"name\":\"El\u00edas Su\u00e1rez recibi\u00f3 un amplio respaldo de diversos sectores en la ciudad Capital\"}]},{\"@type\":\"WebSite\",\"@id\":\"https:\/\/nativainfo.com\/#website\",\"url\":\"https:\/\/nativainfo.com\/\",\"name\":\"Nativa Info\",\"description\":\"Diario Digital\",\"publisher\":{\"@id\":\"https:\/\/nativainfo.com\/#organization\"},\"potentialAction\":[{\"@type\":\"SearchAction\",\"target\":{\"@type\":\"EntryPoint\",\"urlTemplate\":\"https:\/\/nativainfo.com\/?s={search_term_string}\"},\"query-input\":{\"@type\":\"PropertyValueSpecification\",\"valueRequired\":true,\"valueName\":\"search_term_string\"}}],\"inLanguage\":\"es-AR\"},{\"@type\":\"Organization\",\"@id\":\"https:\/\/nativainfo.com\/#organization\",\"name\":\"Nativa Info\",\"url\":\"https:\/\/nativainfo.com\/\",\"logo\":{\"@type\":\"ImageObject\",\"inLanguage\":\"es-AR\",\"@id\":\"https:\/\/nativainfo.com\/#\/schema\/logo\/image\/\",\"url\":\"https:\/\/nativainfo.com\/wp-content\/uploads\/2025\/08\/LOGO-NATIVA-FACE.jpg\",\"contentUrl\":\"https:\/\/nativainfo.com\/wp-content\/uploads\/2025\/08\/LOGO-NATIVA-FACE.jpg\",\"width\":400,\"height\":400,\"caption\":\"Nativa Info\"},\"image\":{\"@id\":\"https:\/\/nativainfo.com\/#\/schema\/logo\/image\/\"},\"sameAs\":[\"https:\/\/www.facebook.com\/profile.php?id=61578881597564\"]},{\"@type\":\"Person\",\"@id\":\"https:\/\/nativainfo.com\/#\/schema\/person\/24893b64a9cd564ddb5d102d36eb4b5c\",\"name\":\"Nativa Info\",\"image\":{\"@type\":\"ImageObject\",\"inLanguage\":\"es-AR\",\"@id\":\"https:\/\/nativainfo.com\/#\/schema\/person\/image\/\",\"url\":\"https:\/\/secure.gravatar.com\/avatar\/016fa1cf068d85136d938e1507b9b619cb766e2565cbb1faa1e571762460c785?s=96&d=mm&r=g\",\"contentUrl\":\"https:\/\/secure.gravatar.com\/avatar\/016fa1cf068d85136d938e1507b9b619cb766e2565cbb1faa1e571762460c785?s=96&d=mm&r=g\",\"caption\":\"Nativa Info\"},\"sameAs\":[\"http:\/\/nativainfo.com\"],\"url\":\"https:\/\/nativainfo.com\/?author=1\"}]}<\/script>\n<!-- \/ Yoast SEO plugin. -->","yoast_head_json":{"title":"El\u00edas Su\u00e1rez recibi\u00f3 un amplio respaldo de diversos sectores en la ciudad Capital - Nativa Info","robots":{"index":"index","follow":"follow","max-snippet":"max-snippet:-1","max-image-preview":"max-image-preview:large","max-video-preview":"max-video-preview:-1"},"canonical":"https:\/\/nativainfo.com\/?p=5303","og_locale":"es_ES","og_type":"article","og_title":"El\u00edas Su\u00e1rez recibi\u00f3 un amplio respaldo de diversos sectores en la ciudad Capital - Nativa Info","og_description":"El candidato a gobernador por el Frente C\u00edvico por Santiago, El\u00edas Su\u00e1rez, desarroll\u00f3 este jueves una intensa agenda de actividades... Continue reading","og_url":"https:\/\/nativainfo.com\/?p=5303","og_site_name":"Nativa Info","article_publisher":"https:\/\/www.facebook.com\/profile.php?id=61578881597564","article_published_time":"2025-10-17T03:56:48+00:00","article_modified_time":"2025-10-17T03:56:51+00:00","og_image":[{"width":1010,"height":567,"url":"https:\/\/nativainfo.com\/wp-content\/uploads\/2025\/10\/imagen_2025-10-17_005618664.png","type":"image\/png"}],"author":"Nativa Info","twitter_card":"summary_large_image","twitter_misc":{"Escrito por":"Nativa Info","Tiempo de lectura":"1 minuto"},"schema":{"@context":"https:\/\/schema.org","@graph":[{"@type":"Article","@id":"https:\/\/nativainfo.com\/?p=5303#article","isPartOf":{"@id":"https:\/\/nativainfo.com\/?p=5303"},"author":{"name":"Nativa Info","@id":"https:\/\/nativainfo.com\/#\/schema\/person\/24893b64a9cd564ddb5d102d36eb4b5c"},"headline":"El\u00edas Su\u00e1rez recibi\u00f3 un amplio respaldo de diversos sectores en la ciudad Capital","datePublished":"2025-10-17T03:56:48+00:00","dateModified":"2025-10-17T03:56:51+00:00","mainEntityOfPage":{"@id":"https:\/\/nativainfo.com\/?p=5303"},"wordCount":184,"commentCount":0,"publisher":{"@id":"https:\/\/nativainfo.com\/#organization"},"image":{"@id":"https:\/\/nativainfo.com\/?p=5303#primaryimage"},"thumbnailUrl":"https:\/\/nativainfo.com\/wp-content\/uploads\/2025\/10\/imagen_2025-10-17_005618664.png","articleSection":["Noticias"],"inLanguage":"es-AR","potentialAction":[{"@type":"CommentAction","name":"Comment","target":["https:\/\/nativainfo.com\/?p=5303#respond"]}]},{"@type":"WebPage","@id":"https:\/\/nativainfo.com\/?p=5303","url":"https:\/\/nativainfo.com\/?p=5303","name":"El\u00edas Su\u00e1rez recibi\u00f3 un amplio respaldo de diversos sectores en la ciudad Capital - Nativa Info","isPartOf":{"@id":"https:\/\/nativainfo.com\/#website"},"primaryImageOfPage":{"@id":"https:\/\/nativainfo.com\/?p=5303#primaryimage"},"image":{"@id":"https:\/\/nativainfo.com\/?p=5303#primaryimage"},"thumbnailUrl":"https:\/\/nativainfo.com\/wp-content\/uploads\/2025\/10\/imagen_2025-10-17_005618664.png","datePublished":"2025-10-17T03:56:48+00:00","dateModified":"2025-10-17T03:56:51+00:00","breadcrumb":{"@id":"https:\/\/nativainfo.com\/?p=5303#breadcrumb"},"inLanguage":"es-AR","potentialAction":[{"@type":"ReadAction","target":["https:\/\/nativainfo.com\/?p=5303"]}]},{"@type":"ImageObject","inLanguage":"es-AR","@id":"https:\/\/nativainfo.com\/?p=5303#primaryimage","url":"https:\/\/nativainfo.com\/wp-content\/uploads\/2025\/10\/imagen_2025-10-17_005618664.png","contentUrl":"https:\/\/nativainfo.com\/wp-content\/uploads\/2025\/10\/imagen_2025-10-17_005618664.png","width":1010,"height":567},{"@type":"BreadcrumbList","@id":"https:\/\/nativainfo.com\/?p=5303#breadcrumb","itemListElement":[{"@type":"ListItem","position":1,"name":"Inicio","item":"https:\/\/nativainfo.com\/"},{"@type":"ListItem","position":2,"name":"El\u00edas Su\u00e1rez recibi\u00f3 un amplio respaldo de diversos sectores en la ciudad Capital"}]},{"@type":"WebSite","@id":"https:\/\/nativainfo.com\/#website","url":"https:\/\/nativainfo.com\/","name":"Nativa Info","description":"Diario Digital","publisher":{"@id":"https:\/\/nativainfo.com\/#organization"},"potentialAction":[{"@type":"SearchAction","target":{"@type":"EntryPoint","urlTemplate":"https:\/\/nativainfo.com\/?s={search_term_string}"},"query-input":{"@type":"PropertyValueSpecification","valueRequired":true,"valueName":"search_term_string"}}],"inLanguage":"es-AR"},{"@type":"Organization","@id":"https:\/\/nativainfo.com\/#organization","name":"Nativa Info","url":"https:\/\/nativainfo.com\/","logo":{"@type":"ImageObject","inLanguage":"es-AR","@id":"https:\/\/nativainfo.com\/#\/schema\/logo\/image\/","url":"https:\/\/nativainfo.com\/wp-content\/uploads\/2025\/08\/LOGO-NATIVA-FACE.jpg","contentUrl":"https:\/\/nativainfo.com\/wp-content\/uploads\/2025\/08\/LOGO-NATIVA-FACE.jpg","width":400,"height":400,"caption":"Nativa Info"},"image":{"@id":"https:\/\/nativainfo.com\/#\/schema\/logo\/image\/"},"sameAs":["https:\/\/www.facebook.com\/profile.php?id=61578881597564"]},{"@type":"Person","@id":"https:\/\/nativainfo.com\/#\/schema\/person\/24893b64a9cd564ddb5d102d36eb4b5c","name":"Nativa Info","image":{"@type":"ImageObject","inLanguage":"es-AR","@id":"https:\/\/nativainfo.com\/#\/schema\/person\/image\/","url":"https:\/\/secure.gravatar.com\/avatar\/016fa1cf068d85136d938e1507b9b619cb766e2565cbb1faa1e571762460c785?s=96&d=mm&r=g","contentUrl":"https:\/\/secure.gravatar.com\/avatar\/016fa1cf068d85136d938e1507b9b619cb766e2565cbb1faa1e571762460c785?s=96&d=mm&r=g","caption":"Nativa Info"},"sameAs":["http:\/\/nativainfo.com"],"url":"https:\/\/nativainfo.com\/?author=1"}]}},"jetpack_publicize_connections":[],"_links":{"self":[{"href":"https:\/\/nativainfo.com\/index.php?rest_route=\/wp\/v2\/posts\/5303","targetHints":{"allow":["GET"]}}],"collection":[{"href":"https:\/\/nativainfo.com\/index.php?rest_route=\/wp\/v2\/posts"}],"about":[{"href":"https:\/\/nativainfo.com\/index.php?rest_route=\/wp\/v2\/types\/post"}],"author":[{"embeddable":true,"href":"https:\/\/nativainfo.com\/index.php?rest_route=\/wp\/v2\/users\/1"}],"replies":[{"embeddable":true,"href":"https:\/\/nativainfo.com\/index.php?rest_route=%2Fwp%2Fv2%2Fcomments&post=5303"}],"version-history":[{"count":1,"href":"https:\/\/nativainfo.com\/index.php?rest_route=\/wp\/v2\/posts\/5303\/revisions"}],"predecessor-version":[{"id":5306,"href":"https:\/\/nativainfo.com\/index.php?rest_route=\/wp\/v2\/posts\/5303\/revisions\/5306"}],"wp:attachment":[{"href":"https:\/\/nativainfo.com\/index.php?rest_route=%2Fwp%2Fv2%2Fmedia&parent=5303"}],"wp:term":[{"taxonomy":"category","embeddable":true,"href":"https:\/\/nativainfo.com\/index.php?rest_route=%2Fwp%2Fv2%2Fcategories&post=5303"},{"taxonomy":"post_tag","embeddable":true,"href":"https:\/\/nativainfo.com\/index.php?rest_route=%2Fwp%2Fv2%2Ftags&post=5303"}],"curies":[{"name":"wp","href":"https:\/\/api.w.org\/{rel}","templated":true}]}}