{"id":5297,"date":"2025-10-15T01:28:32","date_gmt":"2025-10-15T04:28:32","guid":{"rendered":"https:\/\/nativainfo.com\/?p=5297"},"modified":"2025-10-15T01:28:36","modified_gmt":"2025-10-15T04:28:36","slug":"el-jefe-de-gabinete-recibio-a-estudiantes-de-distintos-departamentos-en-casa-de-gobierno","status":"publish","type":"post","link":"https:\/\/nativainfo.com\/?p=5297","title":{"rendered":"El jefe de Gabinete recibi\u00f3 a estudiantes de distintos departamentos en Casa de Gobierno"},"content":{"rendered":"\n<figure class=\"wp-block-image size-full\"><img fetchpriority=\"high\" decoding=\"async\" width=\"1010\" height=\"567\" src=\"https:\/\/nativainfo.com\/wp-content\/uploads\/2025\/10\/imagen_2025-10-15_012702657.png\" alt=\"\" class=\"wp-image-5298\" srcset=\"https:\/\/nativainfo.com\/wp-content\/uploads\/2025\/10\/imagen_2025-10-15_012702657.png 1010w, https:\/\/nativainfo.com\/wp-content\/uploads\/2025\/10\/imagen_2025-10-15_012702657-300x168.png 300w, https:\/\/nativainfo.com\/wp-content\/uploads\/2025\/10\/imagen_2025-10-15_012702657-768x431.png 768w, https:\/\/nativainfo.com\/wp-content\/uploads\/2025\/10\/imagen_2025-10-15_012702657-623x350.png 623w, https:\/\/nativainfo.com\/wp-content\/uploads\/2025\/10\/imagen_2025-10-15_012702657-150x84.png 150w\" sizes=\"(max-width: 1010px) 100vw, 1010px\" \/><\/figure>\n\n\n\n<p>En representaci\u00f3n del gobernador Gerardo Zamora, el jefe de Gabinete de Ministros, El\u00edas Su\u00e1rez, recibi\u00f3 en Casa de Gobierno a alumnos de los agrupamientos N\u00b0 86.034\/035 de La Puerta y N\u00b0 86.021\/022 de Puesto del Medio, ambos del departamento Capital; del Colegio Privado Ciudad de Beltr\u00e1n (Robles); del Colegio San Miguel Arc\u00e1ngel de Suncho Corral (Ibarra) y del Instituto Superior Teresa B. de Barbieri de Fr\u00edas (Choya).<\/p>\n\n\n\n<p>La visita se realiz\u00f3 en el marco del programa <strong>\u201cConociendo mi provincia\u201d<\/strong>, una iniciativa que permite a los estudiantes del \u00faltimo a\u00f1o del nivel secundario recorrer lugares hist\u00f3ricos, culturales, tur\u00edsticos, deportivos y gubernamentales de la ciudad Capital, Las Termas de R\u00edo Hondo y Villa La Punta.<\/p>\n\n\n\n<p>Durante el encuentro, Su\u00e1rez dio la bienvenida a los j\u00f3venes, destac\u00f3 el compromiso de los docentes que acompa\u00f1an estas experiencias y ofreci\u00f3 una descripci\u00f3n de las principales actividades que se desarrollan en las distintas \u00e1reas del Poder Ejecutivo provincial.<\/p>\n","protected":false},"excerpt":{"rendered":"<p>En representaci\u00f3n del gobernador Gerardo Zamora, el jefe de Gabinete de Ministros, El\u00edas Su\u00e1rez, recibi\u00f3 en Casa de Gobierno a&#8230; <a class=\"continue-reading-link\" href=\"https:\/\/nativainfo.com\/?p=5297\">Continue reading<\/a><\/p>\n","protected":false},"author":1,"featured_media":5298,"comment_status":"open","ping_status":"open","sticky":false,"template":"","format":"standard","meta":{"rop_custom_images_group":[],"rop_custom_messages_group":[],"rop_publish_now":"yes","rop_publish_now_accounts":[],"rop_publish_now_history":[],"rop_publish_now_status":"pending","footnotes":"","jetpack_publicize_message":"","jetpack_publicize_feature_enabled":true,"jetpack_social_post_already_shared":false,"jetpack_social_options":{"image_generator_settings":{"template":"highway","default_image_id":0,"font":"","enabled":false},"version":2}},"categories":[24],"tags":[],"class_list":["post-5297","post","type-post","status-publish","format-standard","has-post-thumbnail","hentry","category-educacion"],"yoast_head":"<!-- This site is optimized with the Yoast SEO plugin v25.6 - https:\/\/yoast.com\/wordpress\/plugins\/seo\/ -->\n<title>El jefe de Gabinete recibi\u00f3 a estudiantes de distintos departamentos en Casa de Gobierno - Nativa Info<\/title>\n<meta name=\"robots\" content=\"index, follow, max-snippet:-1, max-image-preview:large, max-video-preview:-1\" \/>\n<link rel=\"canonical\" href=\"https:\/\/nativainfo.com\/?p=5297\" \/>\n<meta property=\"og:locale\" content=\"es_ES\" \/>\n<meta property=\"og:type\" content=\"article\" \/>\n<meta property=\"og:title\" content=\"El jefe de Gabinete recibi\u00f3 a estudiantes de distintos departamentos en Casa de Gobierno - Nativa Info\" \/>\n<meta property=\"og:description\" content=\"En representaci\u00f3n del gobernador Gerardo Zamora, el jefe de Gabinete de Ministros, El\u00edas Su\u00e1rez, recibi\u00f3 en Casa de Gobierno a... Continue reading\" \/>\n<meta property=\"og:url\" content=\"https:\/\/nativainfo.com\/?p=5297\" \/>\n<meta property=\"og:site_name\" content=\"Nativa Info\" \/>\n<meta property=\"article:publisher\" content=\"https:\/\/www.facebook.com\/profile.php?id=61578881597564\" \/>\n<meta property=\"article:published_time\" content=\"2025-10-15T04:28:32+00:00\" \/>\n<meta property=\"article:modified_time\" content=\"2025-10-15T04:28:36+00:00\" \/>\n<meta property=\"og:image\" content=\"http:\/\/nativainfo.com\/wp-content\/uploads\/2025\/10\/imagen_2025-10-15_012702657.png\" \/>\n\t<meta property=\"og:image:width\" content=\"1010\" \/>\n\t<meta property=\"og:image:height\" content=\"567\" \/>\n\t<meta property=\"og:image:type\" content=\"image\/png\" \/>\n<meta name=\"author\" content=\"Nativa Info\" \/>\n<meta name=\"twitter:card\" content=\"summary_large_image\" \/>\n<meta name=\"twitter:label1\" content=\"Escrito por\" \/>\n\t<meta name=\"twitter:data1\" content=\"Nativa Info\" \/>\n\t<meta name=\"twitter:label2\" content=\"Tiempo de lectura\" \/>\n\t<meta name=\"twitter:data2\" content=\"2 minutos\" \/>\n<script type=\"application\/ld+json\" class=\"yoast-schema-graph\">{\"@context\":\"https:\/\/schema.org\",\"@graph\":[{\"@type\":\"Article\",\"@id\":\"https:\/\/nativainfo.com\/?p=5297#article\",\"isPartOf\":{\"@id\":\"https:\/\/nativainfo.com\/?p=5297\"},\"author\":{\"name\":\"Nativa Info\",\"@id\":\"https:\/\/nativainfo.com\/#\/schema\/person\/24893b64a9cd564ddb5d102d36eb4b5c\"},\"headline\":\"El jefe de Gabinete recibi\u00f3 a estudiantes de distintos departamentos en Casa de Gobierno\",\"datePublished\":\"2025-10-15T04:28:32+00:00\",\"dateModified\":\"2025-10-15T04:28:36+00:00\",\"mainEntityOfPage\":{\"@id\":\"https:\/\/nativainfo.com\/?p=5297\"},\"wordCount\":178,\"commentCount\":0,\"publisher\":{\"@id\":\"https:\/\/nativainfo.com\/#organization\"},\"image\":{\"@id\":\"https:\/\/nativainfo.com\/?p=5297#primaryimage\"},\"thumbnailUrl\":\"https:\/\/nativainfo.com\/wp-content\/uploads\/2025\/10\/imagen_2025-10-15_012702657.png\",\"articleSection\":[\"Educaci\u00f3n\"],\"inLanguage\":\"es-AR\",\"potentialAction\":[{\"@type\":\"CommentAction\",\"name\":\"Comment\",\"target\":[\"https:\/\/nativainfo.com\/?p=5297#respond\"]}]},{\"@type\":\"WebPage\",\"@id\":\"https:\/\/nativainfo.com\/?p=5297\",\"url\":\"https:\/\/nativainfo.com\/?p=5297\",\"name\":\"El jefe de Gabinete recibi\u00f3 a estudiantes de distintos departamentos en Casa de Gobierno - Nativa Info\",\"isPartOf\":{\"@id\":\"https:\/\/nativainfo.com\/#website\"},\"primaryImageOfPage\":{\"@id\":\"https:\/\/nativainfo.com\/?p=5297#primaryimage\"},\"image\":{\"@id\":\"https:\/\/nativainfo.com\/?p=5297#primaryimage\"},\"thumbnailUrl\":\"https:\/\/nativainfo.com\/wp-content\/uploads\/2025\/10\/imagen_2025-10-15_012702657.png\",\"datePublished\":\"2025-10-15T04:28:32+00:00\",\"dateModified\":\"2025-10-15T04:28:36+00:00\",\"breadcrumb\":{\"@id\":\"https:\/\/nativainfo.com\/?p=5297#breadcrumb\"},\"inLanguage\":\"es-AR\",\"potentialAction\":[{\"@type\":\"ReadAction\",\"target\":[\"https:\/\/nativainfo.com\/?p=5297\"]}]},{\"@type\":\"ImageObject\",\"inLanguage\":\"es-AR\",\"@id\":\"https:\/\/nativainfo.com\/?p=5297#primaryimage\",\"url\":\"https:\/\/nativainfo.com\/wp-content\/uploads\/2025\/10\/imagen_2025-10-15_012702657.png\",\"contentUrl\":\"https:\/\/nativainfo.com\/wp-content\/uploads\/2025\/10\/imagen_2025-10-15_012702657.png\",\"width\":1010,\"height\":567},{\"@type\":\"BreadcrumbList\",\"@id\":\"https:\/\/nativainfo.com\/?p=5297#breadcrumb\",\"itemListElement\":[{\"@type\":\"ListItem\",\"position\":1,\"name\":\"Inicio\",\"item\":\"https:\/\/nativainfo.com\/\"},{\"@type\":\"ListItem\",\"position\":2,\"name\":\"El jefe de Gabinete recibi\u00f3 a estudiantes de distintos departamentos en Casa de Gobierno\"}]},{\"@type\":\"WebSite\",\"@id\":\"https:\/\/nativainfo.com\/#website\",\"url\":\"https:\/\/nativainfo.com\/\",\"name\":\"Nativa Info\",\"description\":\"Diario Digital\",\"publisher\":{\"@id\":\"https:\/\/nativainfo.com\/#organization\"},\"potentialAction\":[{\"@type\":\"SearchAction\",\"target\":{\"@type\":\"EntryPoint\",\"urlTemplate\":\"https:\/\/nativainfo.com\/?s={search_term_string}\"},\"query-input\":{\"@type\":\"PropertyValueSpecification\",\"valueRequired\":true,\"valueName\":\"search_term_string\"}}],\"inLanguage\":\"es-AR\"},{\"@type\":\"Organization\",\"@id\":\"https:\/\/nativainfo.com\/#organization\",\"name\":\"Nativa Info\",\"url\":\"https:\/\/nativainfo.com\/\",\"logo\":{\"@type\":\"ImageObject\",\"inLanguage\":\"es-AR\",\"@id\":\"https:\/\/nativainfo.com\/#\/schema\/logo\/image\/\",\"url\":\"https:\/\/nativainfo.com\/wp-content\/uploads\/2025\/08\/LOGO-NATIVA-FACE.jpg\",\"contentUrl\":\"https:\/\/nativainfo.com\/wp-content\/uploads\/2025\/08\/LOGO-NATIVA-FACE.jpg\",\"width\":400,\"height\":400,\"caption\":\"Nativa Info\"},\"image\":{\"@id\":\"https:\/\/nativainfo.com\/#\/schema\/logo\/image\/\"},\"sameAs\":[\"https:\/\/www.facebook.com\/profile.php?id=61578881597564\"]},{\"@type\":\"Person\",\"@id\":\"https:\/\/nativainfo.com\/#\/schema\/person\/24893b64a9cd564ddb5d102d36eb4b5c\",\"name\":\"Nativa Info\",\"image\":{\"@type\":\"ImageObject\",\"inLanguage\":\"es-AR\",\"@id\":\"https:\/\/nativainfo.com\/#\/schema\/person\/image\/\",\"url\":\"https:\/\/secure.gravatar.com\/avatar\/016fa1cf068d85136d938e1507b9b619cb766e2565cbb1faa1e571762460c785?s=96&d=mm&r=g\",\"contentUrl\":\"https:\/\/secure.gravatar.com\/avatar\/016fa1cf068d85136d938e1507b9b619cb766e2565cbb1faa1e571762460c785?s=96&d=mm&r=g\",\"caption\":\"Nativa Info\"},\"sameAs\":[\"http:\/\/nativainfo.com\"],\"url\":\"https:\/\/nativainfo.com\/?author=1\"}]}<\/script>\n<!-- \/ Yoast SEO plugin. -->","yoast_head_json":{"title":"El jefe de Gabinete recibi\u00f3 a estudiantes de distintos departamentos en Casa de Gobierno - Nativa Info","robots":{"index":"index","follow":"follow","max-snippet":"max-snippet:-1","max-image-preview":"max-image-preview:large","max-video-preview":"max-video-preview:-1"},"canonical":"https:\/\/nativainfo.com\/?p=5297","og_locale":"es_ES","og_type":"article","og_title":"El jefe de Gabinete recibi\u00f3 a estudiantes de distintos departamentos en Casa de Gobierno - Nativa Info","og_description":"En representaci\u00f3n del gobernador Gerardo Zamora, el jefe de Gabinete de Ministros, El\u00edas Su\u00e1rez, recibi\u00f3 en Casa de Gobierno a... Continue reading","og_url":"https:\/\/nativainfo.com\/?p=5297","og_site_name":"Nativa Info","article_publisher":"https:\/\/www.facebook.com\/profile.php?id=61578881597564","article_published_time":"2025-10-15T04:28:32+00:00","article_modified_time":"2025-10-15T04:28:36+00:00","og_image":[{"width":1010,"height":567,"url":"http:\/\/nativainfo.com\/wp-content\/uploads\/2025\/10\/imagen_2025-10-15_012702657.png","type":"image\/png"}],"author":"Nativa Info","twitter_card":"summary_large_image","twitter_misc":{"Escrito por":"Nativa Info","Tiempo de lectura":"2 minutos"},"schema":{"@context":"https:\/\/schema.org","@graph":[{"@type":"Article","@id":"https:\/\/nativainfo.com\/?p=5297#article","isPartOf":{"@id":"https:\/\/nativainfo.com\/?p=5297"},"author":{"name":"Nativa Info","@id":"https:\/\/nativainfo.com\/#\/schema\/person\/24893b64a9cd564ddb5d102d36eb4b5c"},"headline":"El jefe de Gabinete recibi\u00f3 a estudiantes de distintos departamentos en Casa de Gobierno","datePublished":"2025-10-15T04:28:32+00:00","dateModified":"2025-10-15T04:28:36+00:00","mainEntityOfPage":{"@id":"https:\/\/nativainfo.com\/?p=5297"},"wordCount":178,"commentCount":0,"publisher":{"@id":"https:\/\/nativainfo.com\/#organization"},"image":{"@id":"https:\/\/nativainfo.com\/?p=5297#primaryimage"},"thumbnailUrl":"https:\/\/nativainfo.com\/wp-content\/uploads\/2025\/10\/imagen_2025-10-15_012702657.png","articleSection":["Educaci\u00f3n"],"inLanguage":"es-AR","potentialAction":[{"@type":"CommentAction","name":"Comment","target":["https:\/\/nativainfo.com\/?p=5297#respond"]}]},{"@type":"WebPage","@id":"https:\/\/nativainfo.com\/?p=5297","url":"https:\/\/nativainfo.com\/?p=5297","name":"El jefe de Gabinete recibi\u00f3 a estudiantes de distintos departamentos en Casa de Gobierno - Nativa Info","isPartOf":{"@id":"https:\/\/nativainfo.com\/#website"},"primaryImageOfPage":{"@id":"https:\/\/nativainfo.com\/?p=5297#primaryimage"},"image":{"@id":"https:\/\/nativainfo.com\/?p=5297#primaryimage"},"thumbnailUrl":"https:\/\/nativainfo.com\/wp-content\/uploads\/2025\/10\/imagen_2025-10-15_012702657.png","datePublished":"2025-10-15T04:28:32+00:00","dateModified":"2025-10-15T04:28:36+00:00","breadcrumb":{"@id":"https:\/\/nativainfo.com\/?p=5297#breadcrumb"},"inLanguage":"es-AR","potentialAction":[{"@type":"ReadAction","target":["https:\/\/nativainfo.com\/?p=5297"]}]},{"@type":"ImageObject","inLanguage":"es-AR","@id":"https:\/\/nativainfo.com\/?p=5297#primaryimage","url":"https:\/\/nativainfo.com\/wp-content\/uploads\/2025\/10\/imagen_2025-10-15_012702657.png","contentUrl":"https:\/\/nativainfo.com\/wp-content\/uploads\/2025\/10\/imagen_2025-10-15_012702657.png","width":1010,"height":567},{"@type":"BreadcrumbList","@id":"https:\/\/nativainfo.com\/?p=5297#breadcrumb","itemListElement":[{"@type":"ListItem","position":1,"name":"Inicio","item":"https:\/\/nativainfo.com\/"},{"@type":"ListItem","position":2,"name":"El jefe de Gabinete recibi\u00f3 a estudiantes de distintos departamentos en Casa de Gobierno"}]},{"@type":"WebSite","@id":"https:\/\/nativainfo.com\/#website","url":"https:\/\/nativainfo.com\/","name":"Nativa Info","description":"Diario Digital","publisher":{"@id":"https:\/\/nativainfo.com\/#organization"},"potentialAction":[{"@type":"SearchAction","target":{"@type":"EntryPoint","urlTemplate":"https:\/\/nativainfo.com\/?s={search_term_string}"},"query-input":{"@type":"PropertyValueSpecification","valueRequired":true,"valueName":"search_term_string"}}],"inLanguage":"es-AR"},{"@type":"Organization","@id":"https:\/\/nativainfo.com\/#organization","name":"Nativa Info","url":"https:\/\/nativainfo.com\/","logo":{"@type":"ImageObject","inLanguage":"es-AR","@id":"https:\/\/nativainfo.com\/#\/schema\/logo\/image\/","url":"https:\/\/nativainfo.com\/wp-content\/uploads\/2025\/08\/LOGO-NATIVA-FACE.jpg","contentUrl":"https:\/\/nativainfo.com\/wp-content\/uploads\/2025\/08\/LOGO-NATIVA-FACE.jpg","width":400,"height":400,"caption":"Nativa Info"},"image":{"@id":"https:\/\/nativainfo.com\/#\/schema\/logo\/image\/"},"sameAs":["https:\/\/www.facebook.com\/profile.php?id=61578881597564"]},{"@type":"Person","@id":"https:\/\/nativainfo.com\/#\/schema\/person\/24893b64a9cd564ddb5d102d36eb4b5c","name":"Nativa Info","image":{"@type":"ImageObject","inLanguage":"es-AR","@id":"https:\/\/nativainfo.com\/#\/schema\/person\/image\/","url":"https:\/\/secure.gravatar.com\/avatar\/016fa1cf068d85136d938e1507b9b619cb766e2565cbb1faa1e571762460c785?s=96&d=mm&r=g","contentUrl":"https:\/\/secure.gravatar.com\/avatar\/016fa1cf068d85136d938e1507b9b619cb766e2565cbb1faa1e571762460c785?s=96&d=mm&r=g","caption":"Nativa Info"},"sameAs":["http:\/\/nativainfo.com"],"url":"https:\/\/nativainfo.com\/?author=1"}]}},"jetpack_publicize_connections":[],"_links":{"self":[{"href":"https:\/\/nativainfo.com\/index.php?rest_route=\/wp\/v2\/posts\/5297","targetHints":{"allow":["GET"]}}],"collection":[{"href":"https:\/\/nativainfo.com\/index.php?rest_route=\/wp\/v2\/posts"}],"about":[{"href":"https:\/\/nativainfo.com\/index.php?rest_route=\/wp\/v2\/types\/post"}],"author":[{"embeddable":true,"href":"https:\/\/nativainfo.com\/index.php?rest_route=\/wp\/v2\/users\/1"}],"replies":[{"embeddable":true,"href":"https:\/\/nativainfo.com\/index.php?rest_route=%2Fwp%2Fv2%2Fcomments&post=5297"}],"version-history":[{"count":1,"href":"https:\/\/nativainfo.com\/index.php?rest_route=\/wp\/v2\/posts\/5297\/revisions"}],"predecessor-version":[{"id":5299,"href":"https:\/\/nativainfo.com\/index.php?rest_route=\/wp\/v2\/posts\/5297\/revisions\/5299"}],"wp:featuredmedia":[{"embeddable":true,"href":"https:\/\/nativainfo.com\/index.php?rest_route=\/wp\/v2\/media\/5298"}],"wp:attachment":[{"href":"https:\/\/nativainfo.com\/index.php?rest_route=%2Fwp%2Fv2%2Fmedia&parent=5297"}],"wp:term":[{"taxonomy":"category","embeddable":true,"href":"https:\/\/nativainfo.com\/index.php?rest_route=%2Fwp%2Fv2%2Fcategories&post=5297"},{"taxonomy":"post_tag","embeddable":true,"href":"https:\/\/nativainfo.com\/index.php?rest_route=%2Fwp%2Fv2%2Ftags&post=5297"}],"curies":[{"name":"wp","href":"https:\/\/api.w.org\/{rel}","templated":true}]}}