{"id":5253,"date":"2025-09-29T01:37:18","date_gmt":"2025-09-29T04:37:18","guid":{"rendered":"https:\/\/nativainfo.com\/?p=5253"},"modified":"2025-09-29T01:39:02","modified_gmt":"2025-09-29T04:39:02","slug":"dario-sztajnszrajber-cerro-la-15a-feria-provincial-del-libro-con-una-reflexion-sobre-el-amor","status":"publish","type":"post","link":"https:\/\/nativainfo.com\/?p=5253","title":{"rendered":"Dar\u00edo Sztajnszrajber cerr\u00f3 la 15\u00aa Feria Provincial del Libro con una reflexi\u00f3n sobre el amor"},"content":{"rendered":"\n<figure class=\"wp-block-image size-full\"><img fetchpriority=\"high\" decoding=\"async\" width=\"1010\" height=\"567\" src=\"https:\/\/nativainfo.com\/wp-content\/uploads\/2025\/09\/imagen_2025-09-29_013714093.png\" alt=\"\" class=\"wp-image-5256\" srcset=\"https:\/\/nativainfo.com\/wp-content\/uploads\/2025\/09\/imagen_2025-09-29_013714093.png 1010w, https:\/\/nativainfo.com\/wp-content\/uploads\/2025\/09\/imagen_2025-09-29_013714093-300x168.png 300w, https:\/\/nativainfo.com\/wp-content\/uploads\/2025\/09\/imagen_2025-09-29_013714093-768x431.png 768w, https:\/\/nativainfo.com\/wp-content\/uploads\/2025\/09\/imagen_2025-09-29_013714093-623x350.png 623w, https:\/\/nativainfo.com\/wp-content\/uploads\/2025\/09\/imagen_2025-09-29_013714093-150x84.png 150w\" sizes=\"(max-width: 1010px) 100vw, 1010px\" \/><\/figure>\n\n\n\n<p>La 15\u00aa Feria Provincial del Libro concluy\u00f3 este domingo con una disertaci\u00f3n a cargo del fil\u00f3sofo y escritor argentino <strong>Dar\u00edo Sztajnszrajber<\/strong>, quien present\u00f3 la charla <em>\u201cPensar al otro: el amor\u201d<\/em> en la sala Bernardo Canal Feij\u00f3o del F\u00f3rum Centro de Convenciones.<\/p>\n\n\n\n<p>El encuentro convoc\u00f3 a un p\u00fablico masivo que colm\u00f3 el espacio desde temprano para escuchar al pensador reflexionar sobre uno de los sentimientos m\u00e1s universales y complejos: el amor. Con su estilo claro y profundo, Sztajnszrajber invit\u00f3 a pensar este v\u00ednculo humano desde m\u00faltiples dimensiones, despertando un clima de di\u00e1logo y reflexi\u00f3n que atrap\u00f3 a la audiencia.<\/p>\n\n\n\n<p>El cierre estuvo a la altura de una <strong>edici\u00f3n de cinco d\u00edas que despleg\u00f3 una intensa agenda cultural<\/strong> en el F\u00f3rum y el Centro Cultural del Bicentenario. Hubo presentaciones de autores, talleres, charlas, espect\u00e1culos art\u00edsticos y stands editoriales que atrajeron a miles de visitantes de la provincia y de otras regiones.<\/p>\n\n\n\n<p>Con un balance altamente positivo, la feria volvi\u00f3 a consolidarse como un espacio clave para la literatura, la cultura y el pensamiento. La disertaci\u00f3n de Sztajnszrajber fue el broche de oro de una edici\u00f3n que reafirma el valor de los libros y las ideas en la vida social y cultural de Santiago del Estero.<\/p>\n","protected":false},"excerpt":{"rendered":"<p>La 15\u00aa Feria Provincial del Libro concluy\u00f3 este domingo con una disertaci\u00f3n a cargo del fil\u00f3sofo y escritor argentino Dar\u00edo&#8230; <a class=\"continue-reading-link\" href=\"https:\/\/nativainfo.com\/?p=5253\">Continue reading<\/a><\/p>\n","protected":false},"author":1,"featured_media":5256,"comment_status":"open","ping_status":"open","sticky":false,"template":"","format":"standard","meta":{"rop_custom_images_group":[],"rop_custom_messages_group":[],"rop_publish_now":"yes","rop_publish_now_accounts":[],"rop_publish_now_history":[],"rop_publish_now_status":"pending","footnotes":"","jetpack_publicize_message":"","jetpack_publicize_feature_enabled":true,"jetpack_social_post_already_shared":false,"jetpack_social_options":{"image_generator_settings":{"template":"highway","default_image_id":0,"font":"","enabled":false},"version":2}},"categories":[25],"tags":[],"class_list":["post-5253","post","type-post","status-publish","format-standard","has-post-thumbnail","hentry","category-cultura"],"yoast_head":"<!-- This site is optimized with the Yoast SEO plugin v25.6 - https:\/\/yoast.com\/wordpress\/plugins\/seo\/ -->\n<title>Dar\u00edo Sztajnszrajber cerr\u00f3 la 15\u00aa Feria Provincial del Libro con una reflexi\u00f3n sobre el amor - Nativa Info<\/title>\n<meta name=\"robots\" content=\"index, follow, max-snippet:-1, max-image-preview:large, max-video-preview:-1\" \/>\n<link rel=\"canonical\" href=\"https:\/\/nativainfo.com\/?p=5253\" \/>\n<meta property=\"og:locale\" content=\"es_ES\" \/>\n<meta property=\"og:type\" content=\"article\" \/>\n<meta property=\"og:title\" content=\"Dar\u00edo Sztajnszrajber cerr\u00f3 la 15\u00aa Feria Provincial del Libro con una reflexi\u00f3n sobre el amor - Nativa Info\" \/>\n<meta property=\"og:description\" content=\"La 15\u00aa Feria Provincial del Libro concluy\u00f3 este domingo con una disertaci\u00f3n a cargo del fil\u00f3sofo y escritor argentino Dar\u00edo... Continue reading\" \/>\n<meta property=\"og:url\" content=\"https:\/\/nativainfo.com\/?p=5253\" \/>\n<meta property=\"og:site_name\" content=\"Nativa Info\" \/>\n<meta property=\"article:publisher\" content=\"https:\/\/www.facebook.com\/profile.php?id=61578881597564\" \/>\n<meta property=\"article:published_time\" content=\"2025-09-29T04:37:18+00:00\" \/>\n<meta property=\"article:modified_time\" content=\"2025-09-29T04:39:02+00:00\" \/>\n<meta property=\"og:image\" content=\"http:\/\/nativainfo.com\/wp-content\/uploads\/2025\/09\/imagen_2025-09-29_013714093.png\" \/>\n\t<meta property=\"og:image:width\" content=\"1010\" \/>\n\t<meta property=\"og:image:height\" content=\"567\" \/>\n\t<meta property=\"og:image:type\" content=\"image\/png\" \/>\n<meta name=\"author\" content=\"Nativa Info\" \/>\n<meta name=\"twitter:card\" content=\"summary_large_image\" \/>\n<meta name=\"twitter:label1\" content=\"Escrito por\" \/>\n\t<meta name=\"twitter:data1\" content=\"Nativa Info\" \/>\n\t<meta name=\"twitter:label2\" content=\"Tiempo de lectura\" \/>\n\t<meta name=\"twitter:data2\" content=\"2 minutos\" \/>\n<script type=\"application\/ld+json\" class=\"yoast-schema-graph\">{\"@context\":\"https:\/\/schema.org\",\"@graph\":[{\"@type\":\"Article\",\"@id\":\"https:\/\/nativainfo.com\/?p=5253#article\",\"isPartOf\":{\"@id\":\"https:\/\/nativainfo.com\/?p=5253\"},\"author\":{\"name\":\"Nativa Info\",\"@id\":\"https:\/\/nativainfo.com\/#\/schema\/person\/24893b64a9cd564ddb5d102d36eb4b5c\"},\"headline\":\"Dar\u00edo Sztajnszrajber cerr\u00f3 la 15\u00aa Feria Provincial del Libro con una reflexi\u00f3n sobre el amor\",\"datePublished\":\"2025-09-29T04:37:18+00:00\",\"dateModified\":\"2025-09-29T04:39:02+00:00\",\"mainEntityOfPage\":{\"@id\":\"https:\/\/nativainfo.com\/?p=5253\"},\"wordCount\":236,\"commentCount\":0,\"publisher\":{\"@id\":\"https:\/\/nativainfo.com\/#organization\"},\"image\":{\"@id\":\"https:\/\/nativainfo.com\/?p=5253#primaryimage\"},\"thumbnailUrl\":\"https:\/\/nativainfo.com\/wp-content\/uploads\/2025\/09\/imagen_2025-09-29_013714093.png\",\"articleSection\":[\"Cultura\"],\"inLanguage\":\"es-AR\",\"potentialAction\":[{\"@type\":\"CommentAction\",\"name\":\"Comment\",\"target\":[\"https:\/\/nativainfo.com\/?p=5253#respond\"]}]},{\"@type\":\"WebPage\",\"@id\":\"https:\/\/nativainfo.com\/?p=5253\",\"url\":\"https:\/\/nativainfo.com\/?p=5253\",\"name\":\"Dar\u00edo Sztajnszrajber cerr\u00f3 la 15\u00aa Feria Provincial del Libro con una reflexi\u00f3n sobre el amor - Nativa Info\",\"isPartOf\":{\"@id\":\"https:\/\/nativainfo.com\/#website\"},\"primaryImageOfPage\":{\"@id\":\"https:\/\/nativainfo.com\/?p=5253#primaryimage\"},\"image\":{\"@id\":\"https:\/\/nativainfo.com\/?p=5253#primaryimage\"},\"thumbnailUrl\":\"https:\/\/nativainfo.com\/wp-content\/uploads\/2025\/09\/imagen_2025-09-29_013714093.png\",\"datePublished\":\"2025-09-29T04:37:18+00:00\",\"dateModified\":\"2025-09-29T04:39:02+00:00\",\"breadcrumb\":{\"@id\":\"https:\/\/nativainfo.com\/?p=5253#breadcrumb\"},\"inLanguage\":\"es-AR\",\"potentialAction\":[{\"@type\":\"ReadAction\",\"target\":[\"https:\/\/nativainfo.com\/?p=5253\"]}]},{\"@type\":\"ImageObject\",\"inLanguage\":\"es-AR\",\"@id\":\"https:\/\/nativainfo.com\/?p=5253#primaryimage\",\"url\":\"https:\/\/nativainfo.com\/wp-content\/uploads\/2025\/09\/imagen_2025-09-29_013714093.png\",\"contentUrl\":\"https:\/\/nativainfo.com\/wp-content\/uploads\/2025\/09\/imagen_2025-09-29_013714093.png\",\"width\":1010,\"height\":567},{\"@type\":\"BreadcrumbList\",\"@id\":\"https:\/\/nativainfo.com\/?p=5253#breadcrumb\",\"itemListElement\":[{\"@type\":\"ListItem\",\"position\":1,\"name\":\"Inicio\",\"item\":\"https:\/\/nativainfo.com\/\"},{\"@type\":\"ListItem\",\"position\":2,\"name\":\"Dar\u00edo Sztajnszrajber cerr\u00f3 la 15\u00aa Feria Provincial del Libro con una reflexi\u00f3n sobre el amor\"}]},{\"@type\":\"WebSite\",\"@id\":\"https:\/\/nativainfo.com\/#website\",\"url\":\"https:\/\/nativainfo.com\/\",\"name\":\"Nativa Info\",\"description\":\"Diario Digital\",\"publisher\":{\"@id\":\"https:\/\/nativainfo.com\/#organization\"},\"potentialAction\":[{\"@type\":\"SearchAction\",\"target\":{\"@type\":\"EntryPoint\",\"urlTemplate\":\"https:\/\/nativainfo.com\/?s={search_term_string}\"},\"query-input\":{\"@type\":\"PropertyValueSpecification\",\"valueRequired\":true,\"valueName\":\"search_term_string\"}}],\"inLanguage\":\"es-AR\"},{\"@type\":\"Organization\",\"@id\":\"https:\/\/nativainfo.com\/#organization\",\"name\":\"Nativa Info\",\"url\":\"https:\/\/nativainfo.com\/\",\"logo\":{\"@type\":\"ImageObject\",\"inLanguage\":\"es-AR\",\"@id\":\"https:\/\/nativainfo.com\/#\/schema\/logo\/image\/\",\"url\":\"https:\/\/nativainfo.com\/wp-content\/uploads\/2025\/08\/LOGO-NATIVA-FACE.jpg\",\"contentUrl\":\"https:\/\/nativainfo.com\/wp-content\/uploads\/2025\/08\/LOGO-NATIVA-FACE.jpg\",\"width\":400,\"height\":400,\"caption\":\"Nativa Info\"},\"image\":{\"@id\":\"https:\/\/nativainfo.com\/#\/schema\/logo\/image\/\"},\"sameAs\":[\"https:\/\/www.facebook.com\/profile.php?id=61578881597564\"]},{\"@type\":\"Person\",\"@id\":\"https:\/\/nativainfo.com\/#\/schema\/person\/24893b64a9cd564ddb5d102d36eb4b5c\",\"name\":\"Nativa Info\",\"image\":{\"@type\":\"ImageObject\",\"inLanguage\":\"es-AR\",\"@id\":\"https:\/\/nativainfo.com\/#\/schema\/person\/image\/\",\"url\":\"https:\/\/secure.gravatar.com\/avatar\/016fa1cf068d85136d938e1507b9b619cb766e2565cbb1faa1e571762460c785?s=96&d=mm&r=g\",\"contentUrl\":\"https:\/\/secure.gravatar.com\/avatar\/016fa1cf068d85136d938e1507b9b619cb766e2565cbb1faa1e571762460c785?s=96&d=mm&r=g\",\"caption\":\"Nativa Info\"},\"sameAs\":[\"http:\/\/nativainfo.com\"],\"url\":\"https:\/\/nativainfo.com\/?author=1\"}]}<\/script>\n<!-- \/ Yoast SEO plugin. -->","yoast_head_json":{"title":"Dar\u00edo Sztajnszrajber cerr\u00f3 la 15\u00aa Feria Provincial del Libro con una reflexi\u00f3n sobre el amor - Nativa Info","robots":{"index":"index","follow":"follow","max-snippet":"max-snippet:-1","max-image-preview":"max-image-preview:large","max-video-preview":"max-video-preview:-1"},"canonical":"https:\/\/nativainfo.com\/?p=5253","og_locale":"es_ES","og_type":"article","og_title":"Dar\u00edo Sztajnszrajber cerr\u00f3 la 15\u00aa Feria Provincial del Libro con una reflexi\u00f3n sobre el amor - Nativa Info","og_description":"La 15\u00aa Feria Provincial del Libro concluy\u00f3 este domingo con una disertaci\u00f3n a cargo del fil\u00f3sofo y escritor argentino Dar\u00edo... Continue reading","og_url":"https:\/\/nativainfo.com\/?p=5253","og_site_name":"Nativa Info","article_publisher":"https:\/\/www.facebook.com\/profile.php?id=61578881597564","article_published_time":"2025-09-29T04:37:18+00:00","article_modified_time":"2025-09-29T04:39:02+00:00","og_image":[{"width":1010,"height":567,"url":"http:\/\/nativainfo.com\/wp-content\/uploads\/2025\/09\/imagen_2025-09-29_013714093.png","type":"image\/png"}],"author":"Nativa Info","twitter_card":"summary_large_image","twitter_misc":{"Escrito por":"Nativa Info","Tiempo de lectura":"2 minutos"},"schema":{"@context":"https:\/\/schema.org","@graph":[{"@type":"Article","@id":"https:\/\/nativainfo.com\/?p=5253#article","isPartOf":{"@id":"https:\/\/nativainfo.com\/?p=5253"},"author":{"name":"Nativa Info","@id":"https:\/\/nativainfo.com\/#\/schema\/person\/24893b64a9cd564ddb5d102d36eb4b5c"},"headline":"Dar\u00edo Sztajnszrajber cerr\u00f3 la 15\u00aa Feria Provincial del Libro con una reflexi\u00f3n sobre el amor","datePublished":"2025-09-29T04:37:18+00:00","dateModified":"2025-09-29T04:39:02+00:00","mainEntityOfPage":{"@id":"https:\/\/nativainfo.com\/?p=5253"},"wordCount":236,"commentCount":0,"publisher":{"@id":"https:\/\/nativainfo.com\/#organization"},"image":{"@id":"https:\/\/nativainfo.com\/?p=5253#primaryimage"},"thumbnailUrl":"https:\/\/nativainfo.com\/wp-content\/uploads\/2025\/09\/imagen_2025-09-29_013714093.png","articleSection":["Cultura"],"inLanguage":"es-AR","potentialAction":[{"@type":"CommentAction","name":"Comment","target":["https:\/\/nativainfo.com\/?p=5253#respond"]}]},{"@type":"WebPage","@id":"https:\/\/nativainfo.com\/?p=5253","url":"https:\/\/nativainfo.com\/?p=5253","name":"Dar\u00edo Sztajnszrajber cerr\u00f3 la 15\u00aa Feria Provincial del Libro con una reflexi\u00f3n sobre el amor - Nativa Info","isPartOf":{"@id":"https:\/\/nativainfo.com\/#website"},"primaryImageOfPage":{"@id":"https:\/\/nativainfo.com\/?p=5253#primaryimage"},"image":{"@id":"https:\/\/nativainfo.com\/?p=5253#primaryimage"},"thumbnailUrl":"https:\/\/nativainfo.com\/wp-content\/uploads\/2025\/09\/imagen_2025-09-29_013714093.png","datePublished":"2025-09-29T04:37:18+00:00","dateModified":"2025-09-29T04:39:02+00:00","breadcrumb":{"@id":"https:\/\/nativainfo.com\/?p=5253#breadcrumb"},"inLanguage":"es-AR","potentialAction":[{"@type":"ReadAction","target":["https:\/\/nativainfo.com\/?p=5253"]}]},{"@type":"ImageObject","inLanguage":"es-AR","@id":"https:\/\/nativainfo.com\/?p=5253#primaryimage","url":"https:\/\/nativainfo.com\/wp-content\/uploads\/2025\/09\/imagen_2025-09-29_013714093.png","contentUrl":"https:\/\/nativainfo.com\/wp-content\/uploads\/2025\/09\/imagen_2025-09-29_013714093.png","width":1010,"height":567},{"@type":"BreadcrumbList","@id":"https:\/\/nativainfo.com\/?p=5253#breadcrumb","itemListElement":[{"@type":"ListItem","position":1,"name":"Inicio","item":"https:\/\/nativainfo.com\/"},{"@type":"ListItem","position":2,"name":"Dar\u00edo Sztajnszrajber cerr\u00f3 la 15\u00aa Feria Provincial del Libro con una reflexi\u00f3n sobre el amor"}]},{"@type":"WebSite","@id":"https:\/\/nativainfo.com\/#website","url":"https:\/\/nativainfo.com\/","name":"Nativa Info","description":"Diario Digital","publisher":{"@id":"https:\/\/nativainfo.com\/#organization"},"potentialAction":[{"@type":"SearchAction","target":{"@type":"EntryPoint","urlTemplate":"https:\/\/nativainfo.com\/?s={search_term_string}"},"query-input":{"@type":"PropertyValueSpecification","valueRequired":true,"valueName":"search_term_string"}}],"inLanguage":"es-AR"},{"@type":"Organization","@id":"https:\/\/nativainfo.com\/#organization","name":"Nativa Info","url":"https:\/\/nativainfo.com\/","logo":{"@type":"ImageObject","inLanguage":"es-AR","@id":"https:\/\/nativainfo.com\/#\/schema\/logo\/image\/","url":"https:\/\/nativainfo.com\/wp-content\/uploads\/2025\/08\/LOGO-NATIVA-FACE.jpg","contentUrl":"https:\/\/nativainfo.com\/wp-content\/uploads\/2025\/08\/LOGO-NATIVA-FACE.jpg","width":400,"height":400,"caption":"Nativa Info"},"image":{"@id":"https:\/\/nativainfo.com\/#\/schema\/logo\/image\/"},"sameAs":["https:\/\/www.facebook.com\/profile.php?id=61578881597564"]},{"@type":"Person","@id":"https:\/\/nativainfo.com\/#\/schema\/person\/24893b64a9cd564ddb5d102d36eb4b5c","name":"Nativa Info","image":{"@type":"ImageObject","inLanguage":"es-AR","@id":"https:\/\/nativainfo.com\/#\/schema\/person\/image\/","url":"https:\/\/secure.gravatar.com\/avatar\/016fa1cf068d85136d938e1507b9b619cb766e2565cbb1faa1e571762460c785?s=96&d=mm&r=g","contentUrl":"https:\/\/secure.gravatar.com\/avatar\/016fa1cf068d85136d938e1507b9b619cb766e2565cbb1faa1e571762460c785?s=96&d=mm&r=g","caption":"Nativa Info"},"sameAs":["http:\/\/nativainfo.com"],"url":"https:\/\/nativainfo.com\/?author=1"}]}},"jetpack_publicize_connections":[],"_links":{"self":[{"href":"https:\/\/nativainfo.com\/index.php?rest_route=\/wp\/v2\/posts\/5253","targetHints":{"allow":["GET"]}}],"collection":[{"href":"https:\/\/nativainfo.com\/index.php?rest_route=\/wp\/v2\/posts"}],"about":[{"href":"https:\/\/nativainfo.com\/index.php?rest_route=\/wp\/v2\/types\/post"}],"author":[{"embeddable":true,"href":"https:\/\/nativainfo.com\/index.php?rest_route=\/wp\/v2\/users\/1"}],"replies":[{"embeddable":true,"href":"https:\/\/nativainfo.com\/index.php?rest_route=%2Fwp%2Fv2%2Fcomments&post=5253"}],"version-history":[{"count":1,"href":"https:\/\/nativainfo.com\/index.php?rest_route=\/wp\/v2\/posts\/5253\/revisions"}],"predecessor-version":[{"id":5257,"href":"https:\/\/nativainfo.com\/index.php?rest_route=\/wp\/v2\/posts\/5253\/revisions\/5257"}],"wp:featuredmedia":[{"embeddable":true,"href":"https:\/\/nativainfo.com\/index.php?rest_route=\/wp\/v2\/media\/5256"}],"wp:attachment":[{"href":"https:\/\/nativainfo.com\/index.php?rest_route=%2Fwp%2Fv2%2Fmedia&parent=5253"}],"wp:term":[{"taxonomy":"category","embeddable":true,"href":"https:\/\/nativainfo.com\/index.php?rest_route=%2Fwp%2Fv2%2Fcategories&post=5253"},{"taxonomy":"post_tag","embeddable":true,"href":"https:\/\/nativainfo.com\/index.php?rest_route=%2Fwp%2Fv2%2Ftags&post=5253"}],"curies":[{"name":"wp","href":"https:\/\/api.w.org\/{rel}","templated":true}]}}