{"id":5231,"date":"2025-09-24T12:54:29","date_gmt":"2025-09-24T15:54:29","guid":{"rendered":"https:\/\/nativainfo.com\/?p=5231"},"modified":"2025-09-24T12:54:33","modified_gmt":"2025-09-24T15:54:33","slug":"italia-restituye-el-feriado-nacional-de-san-francisco-de-asis-en-homenaje-al-papa-francisco","status":"publish","type":"post","link":"https:\/\/nativainfo.com\/?p=5231","title":{"rendered":"Italia restituye el feriado nacional de San Francisco de As\u00eds en homenaje al Papa Francisco"},"content":{"rendered":"\n<figure class=\"wp-block-image size-full\"><img fetchpriority=\"high\" decoding=\"async\" width=\"1010\" height=\"567\" src=\"https:\/\/nativainfo.com\/wp-content\/uploads\/2025\/09\/imagen_2025-09-24_125350199.png\" alt=\"\" class=\"wp-image-5233\" srcset=\"https:\/\/nativainfo.com\/wp-content\/uploads\/2025\/09\/imagen_2025-09-24_125350199.png 1010w, https:\/\/nativainfo.com\/wp-content\/uploads\/2025\/09\/imagen_2025-09-24_125350199-300x168.png 300w, https:\/\/nativainfo.com\/wp-content\/uploads\/2025\/09\/imagen_2025-09-24_125350199-768x431.png 768w, https:\/\/nativainfo.com\/wp-content\/uploads\/2025\/09\/imagen_2025-09-24_125350199-623x350.png 623w, https:\/\/nativainfo.com\/wp-content\/uploads\/2025\/09\/imagen_2025-09-24_125350199-150x84.png 150w\" sizes=\"(max-width: 1010px) 100vw, 1010px\" \/><\/figure>\n\n\n\n<p>Con un inusual consenso entre oficialismo y oposici\u00f3n, el Parlamento italiano aprob\u00f3 restituir el feriado nacional en honor a San Francisco de As\u00eds, que hab\u00eda sido eliminado hace algunos a\u00f1os por motivos econ\u00f3micos. La medida, calificada como \u201cmilagrosa\u201d por el nivel de acuerdo alcanzado, fue respaldada tanto por los partidos de derecha como por los de izquierda.<\/p>\n\n\n\n<p>San Francisco, considerado el santo m\u00e1s popular en Italia por su entrega a los pobres y su vida de servicio, naci\u00f3 en 1181 y muri\u00f3 en As\u00eds en 1226. Sus restos descansan en la catedral de la ciudad. El regreso de la festividad cobra un significado especial por la cercan\u00eda con el octavo centenario de su muerte, que se conmemorar\u00e1 en 2026.<\/p>\n\n\n\n<p>La decisi\u00f3n tambi\u00e9n tiene un fuerte componente simb\u00f3lico en relaci\u00f3n con el Papa argentino Jorge Bergoglio, quien en 2013 eligi\u00f3 llamarse Francisco en homenaje al santo de As\u00eds, marcando un hecho in\u00e9dito en la historia de la Iglesia.<\/p>\n\n\n\n<p>Maurizio Lupi, autor de la iniciativa, destac\u00f3 que la reinstauraci\u00f3n del feriado busca \u201cproclamar una fiesta nacional en su nombre, como llamado a la paz y a la profunda lecci\u00f3n de fe y espiritualidad que dej\u00f3 a la humanidad\u201d.<\/p>\n","protected":false},"excerpt":{"rendered":"<p>Con un inusual consenso entre oficialismo y oposici\u00f3n, el Parlamento italiano aprob\u00f3 restituir el feriado nacional en honor a San&#8230; <a class=\"continue-reading-link\" href=\"https:\/\/nativainfo.com\/?p=5231\">Continue reading<\/a><\/p>\n","protected":false},"author":1,"featured_media":0,"comment_status":"open","ping_status":"open","sticky":false,"template":"","format":"standard","meta":{"rop_custom_images_group":[],"rop_custom_messages_group":[],"rop_publish_now":"yes","rop_publish_now_accounts":[],"rop_publish_now_history":[],"rop_publish_now_status":"pending","footnotes":"","jetpack_publicize_message":"","jetpack_publicize_feature_enabled":true,"jetpack_social_post_already_shared":false,"jetpack_social_options":{"image_generator_settings":{"template":"highway","default_image_id":0,"font":"","enabled":false},"version":2}},"categories":[8],"tags":[],"class_list":["post-5231","post","type-post","status-publish","format-standard","hentry","category-noticias"],"yoast_head":"<!-- This site is optimized with the Yoast SEO plugin v25.6 - https:\/\/yoast.com\/wordpress\/plugins\/seo\/ -->\n<title>Italia restituye el feriado nacional de San Francisco de As\u00eds en homenaje al Papa Francisco - Nativa Info<\/title>\n<meta name=\"robots\" content=\"index, follow, max-snippet:-1, max-image-preview:large, max-video-preview:-1\" \/>\n<link rel=\"canonical\" href=\"https:\/\/nativainfo.com\/?p=5231\" \/>\n<meta property=\"og:locale\" content=\"es_ES\" \/>\n<meta property=\"og:type\" content=\"article\" \/>\n<meta property=\"og:title\" content=\"Italia restituye el feriado nacional de San Francisco de As\u00eds en homenaje al Papa Francisco - Nativa Info\" \/>\n<meta property=\"og:description\" content=\"Con un inusual consenso entre oficialismo y oposici\u00f3n, el Parlamento italiano aprob\u00f3 restituir el feriado nacional en honor a San... Continue reading\" \/>\n<meta property=\"og:url\" content=\"https:\/\/nativainfo.com\/?p=5231\" \/>\n<meta property=\"og:site_name\" content=\"Nativa Info\" \/>\n<meta property=\"article:publisher\" content=\"https:\/\/www.facebook.com\/profile.php?id=61578881597564\" \/>\n<meta property=\"article:published_time\" content=\"2025-09-24T15:54:29+00:00\" \/>\n<meta property=\"article:modified_time\" content=\"2025-09-24T15:54:33+00:00\" \/>\n<meta property=\"og:image\" content=\"https:\/\/nativainfo.com\/wp-content\/uploads\/2025\/09\/imagen_2025-09-24_125350199.png\" \/>\n\t<meta property=\"og:image:width\" content=\"1010\" \/>\n\t<meta property=\"og:image:height\" content=\"567\" \/>\n\t<meta property=\"og:image:type\" content=\"image\/png\" \/>\n<meta name=\"author\" content=\"Nativa Info\" \/>\n<meta name=\"twitter:card\" content=\"summary_large_image\" \/>\n<meta name=\"twitter:label1\" content=\"Escrito por\" \/>\n\t<meta name=\"twitter:data1\" content=\"Nativa Info\" \/>\n\t<meta name=\"twitter:label2\" content=\"Tiempo de lectura\" \/>\n\t<meta name=\"twitter:data2\" content=\"2 minutos\" \/>\n<script type=\"application\/ld+json\" class=\"yoast-schema-graph\">{\"@context\":\"https:\/\/schema.org\",\"@graph\":[{\"@type\":\"Article\",\"@id\":\"https:\/\/nativainfo.com\/?p=5231#article\",\"isPartOf\":{\"@id\":\"https:\/\/nativainfo.com\/?p=5231\"},\"author\":{\"name\":\"Nativa Info\",\"@id\":\"https:\/\/nativainfo.com\/#\/schema\/person\/24893b64a9cd564ddb5d102d36eb4b5c\"},\"headline\":\"Italia restituye el feriado nacional de San Francisco de As\u00eds en homenaje al Papa Francisco\",\"datePublished\":\"2025-09-24T15:54:29+00:00\",\"dateModified\":\"2025-09-24T15:54:33+00:00\",\"mainEntityOfPage\":{\"@id\":\"https:\/\/nativainfo.com\/?p=5231\"},\"wordCount\":224,\"commentCount\":0,\"publisher\":{\"@id\":\"https:\/\/nativainfo.com\/#organization\"},\"image\":{\"@id\":\"https:\/\/nativainfo.com\/?p=5231#primaryimage\"},\"thumbnailUrl\":\"https:\/\/nativainfo.com\/wp-content\/uploads\/2025\/09\/imagen_2025-09-24_125350199.png\",\"articleSection\":[\"Noticias\"],\"inLanguage\":\"es-AR\",\"potentialAction\":[{\"@type\":\"CommentAction\",\"name\":\"Comment\",\"target\":[\"https:\/\/nativainfo.com\/?p=5231#respond\"]}]},{\"@type\":\"WebPage\",\"@id\":\"https:\/\/nativainfo.com\/?p=5231\",\"url\":\"https:\/\/nativainfo.com\/?p=5231\",\"name\":\"Italia restituye el feriado nacional de San Francisco de As\u00eds en homenaje al Papa Francisco - Nativa Info\",\"isPartOf\":{\"@id\":\"https:\/\/nativainfo.com\/#website\"},\"primaryImageOfPage\":{\"@id\":\"https:\/\/nativainfo.com\/?p=5231#primaryimage\"},\"image\":{\"@id\":\"https:\/\/nativainfo.com\/?p=5231#primaryimage\"},\"thumbnailUrl\":\"https:\/\/nativainfo.com\/wp-content\/uploads\/2025\/09\/imagen_2025-09-24_125350199.png\",\"datePublished\":\"2025-09-24T15:54:29+00:00\",\"dateModified\":\"2025-09-24T15:54:33+00:00\",\"breadcrumb\":{\"@id\":\"https:\/\/nativainfo.com\/?p=5231#breadcrumb\"},\"inLanguage\":\"es-AR\",\"potentialAction\":[{\"@type\":\"ReadAction\",\"target\":[\"https:\/\/nativainfo.com\/?p=5231\"]}]},{\"@type\":\"ImageObject\",\"inLanguage\":\"es-AR\",\"@id\":\"https:\/\/nativainfo.com\/?p=5231#primaryimage\",\"url\":\"https:\/\/nativainfo.com\/wp-content\/uploads\/2025\/09\/imagen_2025-09-24_125350199.png\",\"contentUrl\":\"https:\/\/nativainfo.com\/wp-content\/uploads\/2025\/09\/imagen_2025-09-24_125350199.png\",\"width\":1010,\"height\":567},{\"@type\":\"BreadcrumbList\",\"@id\":\"https:\/\/nativainfo.com\/?p=5231#breadcrumb\",\"itemListElement\":[{\"@type\":\"ListItem\",\"position\":1,\"name\":\"Inicio\",\"item\":\"https:\/\/nativainfo.com\/\"},{\"@type\":\"ListItem\",\"position\":2,\"name\":\"Italia restituye el feriado nacional de San Francisco de As\u00eds en homenaje al Papa Francisco\"}]},{\"@type\":\"WebSite\",\"@id\":\"https:\/\/nativainfo.com\/#website\",\"url\":\"https:\/\/nativainfo.com\/\",\"name\":\"Nativa Info\",\"description\":\"Diario Digital\",\"publisher\":{\"@id\":\"https:\/\/nativainfo.com\/#organization\"},\"potentialAction\":[{\"@type\":\"SearchAction\",\"target\":{\"@type\":\"EntryPoint\",\"urlTemplate\":\"https:\/\/nativainfo.com\/?s={search_term_string}\"},\"query-input\":{\"@type\":\"PropertyValueSpecification\",\"valueRequired\":true,\"valueName\":\"search_term_string\"}}],\"inLanguage\":\"es-AR\"},{\"@type\":\"Organization\",\"@id\":\"https:\/\/nativainfo.com\/#organization\",\"name\":\"Nativa Info\",\"url\":\"https:\/\/nativainfo.com\/\",\"logo\":{\"@type\":\"ImageObject\",\"inLanguage\":\"es-AR\",\"@id\":\"https:\/\/nativainfo.com\/#\/schema\/logo\/image\/\",\"url\":\"https:\/\/nativainfo.com\/wp-content\/uploads\/2025\/08\/LOGO-NATIVA-FACE.jpg\",\"contentUrl\":\"https:\/\/nativainfo.com\/wp-content\/uploads\/2025\/08\/LOGO-NATIVA-FACE.jpg\",\"width\":400,\"height\":400,\"caption\":\"Nativa Info\"},\"image\":{\"@id\":\"https:\/\/nativainfo.com\/#\/schema\/logo\/image\/\"},\"sameAs\":[\"https:\/\/www.facebook.com\/profile.php?id=61578881597564\"]},{\"@type\":\"Person\",\"@id\":\"https:\/\/nativainfo.com\/#\/schema\/person\/24893b64a9cd564ddb5d102d36eb4b5c\",\"name\":\"Nativa Info\",\"image\":{\"@type\":\"ImageObject\",\"inLanguage\":\"es-AR\",\"@id\":\"https:\/\/nativainfo.com\/#\/schema\/person\/image\/\",\"url\":\"https:\/\/secure.gravatar.com\/avatar\/016fa1cf068d85136d938e1507b9b619cb766e2565cbb1faa1e571762460c785?s=96&d=mm&r=g\",\"contentUrl\":\"https:\/\/secure.gravatar.com\/avatar\/016fa1cf068d85136d938e1507b9b619cb766e2565cbb1faa1e571762460c785?s=96&d=mm&r=g\",\"caption\":\"Nativa Info\"},\"sameAs\":[\"http:\/\/nativainfo.com\"],\"url\":\"https:\/\/nativainfo.com\/?author=1\"}]}<\/script>\n<!-- \/ Yoast SEO plugin. -->","yoast_head_json":{"title":"Italia restituye el feriado nacional de San Francisco de As\u00eds en homenaje al Papa Francisco - Nativa Info","robots":{"index":"index","follow":"follow","max-snippet":"max-snippet:-1","max-image-preview":"max-image-preview:large","max-video-preview":"max-video-preview:-1"},"canonical":"https:\/\/nativainfo.com\/?p=5231","og_locale":"es_ES","og_type":"article","og_title":"Italia restituye el feriado nacional de San Francisco de As\u00eds en homenaje al Papa Francisco - Nativa Info","og_description":"Con un inusual consenso entre oficialismo y oposici\u00f3n, el Parlamento italiano aprob\u00f3 restituir el feriado nacional en honor a San... Continue reading","og_url":"https:\/\/nativainfo.com\/?p=5231","og_site_name":"Nativa Info","article_publisher":"https:\/\/www.facebook.com\/profile.php?id=61578881597564","article_published_time":"2025-09-24T15:54:29+00:00","article_modified_time":"2025-09-24T15:54:33+00:00","og_image":[{"width":1010,"height":567,"url":"https:\/\/nativainfo.com\/wp-content\/uploads\/2025\/09\/imagen_2025-09-24_125350199.png","type":"image\/png"}],"author":"Nativa Info","twitter_card":"summary_large_image","twitter_misc":{"Escrito por":"Nativa Info","Tiempo de lectura":"2 minutos"},"schema":{"@context":"https:\/\/schema.org","@graph":[{"@type":"Article","@id":"https:\/\/nativainfo.com\/?p=5231#article","isPartOf":{"@id":"https:\/\/nativainfo.com\/?p=5231"},"author":{"name":"Nativa Info","@id":"https:\/\/nativainfo.com\/#\/schema\/person\/24893b64a9cd564ddb5d102d36eb4b5c"},"headline":"Italia restituye el feriado nacional de San Francisco de As\u00eds en homenaje al Papa Francisco","datePublished":"2025-09-24T15:54:29+00:00","dateModified":"2025-09-24T15:54:33+00:00","mainEntityOfPage":{"@id":"https:\/\/nativainfo.com\/?p=5231"},"wordCount":224,"commentCount":0,"publisher":{"@id":"https:\/\/nativainfo.com\/#organization"},"image":{"@id":"https:\/\/nativainfo.com\/?p=5231#primaryimage"},"thumbnailUrl":"https:\/\/nativainfo.com\/wp-content\/uploads\/2025\/09\/imagen_2025-09-24_125350199.png","articleSection":["Noticias"],"inLanguage":"es-AR","potentialAction":[{"@type":"CommentAction","name":"Comment","target":["https:\/\/nativainfo.com\/?p=5231#respond"]}]},{"@type":"WebPage","@id":"https:\/\/nativainfo.com\/?p=5231","url":"https:\/\/nativainfo.com\/?p=5231","name":"Italia restituye el feriado nacional de San Francisco de As\u00eds en homenaje al Papa Francisco - Nativa Info","isPartOf":{"@id":"https:\/\/nativainfo.com\/#website"},"primaryImageOfPage":{"@id":"https:\/\/nativainfo.com\/?p=5231#primaryimage"},"image":{"@id":"https:\/\/nativainfo.com\/?p=5231#primaryimage"},"thumbnailUrl":"https:\/\/nativainfo.com\/wp-content\/uploads\/2025\/09\/imagen_2025-09-24_125350199.png","datePublished":"2025-09-24T15:54:29+00:00","dateModified":"2025-09-24T15:54:33+00:00","breadcrumb":{"@id":"https:\/\/nativainfo.com\/?p=5231#breadcrumb"},"inLanguage":"es-AR","potentialAction":[{"@type":"ReadAction","target":["https:\/\/nativainfo.com\/?p=5231"]}]},{"@type":"ImageObject","inLanguage":"es-AR","@id":"https:\/\/nativainfo.com\/?p=5231#primaryimage","url":"https:\/\/nativainfo.com\/wp-content\/uploads\/2025\/09\/imagen_2025-09-24_125350199.png","contentUrl":"https:\/\/nativainfo.com\/wp-content\/uploads\/2025\/09\/imagen_2025-09-24_125350199.png","width":1010,"height":567},{"@type":"BreadcrumbList","@id":"https:\/\/nativainfo.com\/?p=5231#breadcrumb","itemListElement":[{"@type":"ListItem","position":1,"name":"Inicio","item":"https:\/\/nativainfo.com\/"},{"@type":"ListItem","position":2,"name":"Italia restituye el feriado nacional de San Francisco de As\u00eds en homenaje al Papa Francisco"}]},{"@type":"WebSite","@id":"https:\/\/nativainfo.com\/#website","url":"https:\/\/nativainfo.com\/","name":"Nativa Info","description":"Diario Digital","publisher":{"@id":"https:\/\/nativainfo.com\/#organization"},"potentialAction":[{"@type":"SearchAction","target":{"@type":"EntryPoint","urlTemplate":"https:\/\/nativainfo.com\/?s={search_term_string}"},"query-input":{"@type":"PropertyValueSpecification","valueRequired":true,"valueName":"search_term_string"}}],"inLanguage":"es-AR"},{"@type":"Organization","@id":"https:\/\/nativainfo.com\/#organization","name":"Nativa Info","url":"https:\/\/nativainfo.com\/","logo":{"@type":"ImageObject","inLanguage":"es-AR","@id":"https:\/\/nativainfo.com\/#\/schema\/logo\/image\/","url":"https:\/\/nativainfo.com\/wp-content\/uploads\/2025\/08\/LOGO-NATIVA-FACE.jpg","contentUrl":"https:\/\/nativainfo.com\/wp-content\/uploads\/2025\/08\/LOGO-NATIVA-FACE.jpg","width":400,"height":400,"caption":"Nativa Info"},"image":{"@id":"https:\/\/nativainfo.com\/#\/schema\/logo\/image\/"},"sameAs":["https:\/\/www.facebook.com\/profile.php?id=61578881597564"]},{"@type":"Person","@id":"https:\/\/nativainfo.com\/#\/schema\/person\/24893b64a9cd564ddb5d102d36eb4b5c","name":"Nativa Info","image":{"@type":"ImageObject","inLanguage":"es-AR","@id":"https:\/\/nativainfo.com\/#\/schema\/person\/image\/","url":"https:\/\/secure.gravatar.com\/avatar\/016fa1cf068d85136d938e1507b9b619cb766e2565cbb1faa1e571762460c785?s=96&d=mm&r=g","contentUrl":"https:\/\/secure.gravatar.com\/avatar\/016fa1cf068d85136d938e1507b9b619cb766e2565cbb1faa1e571762460c785?s=96&d=mm&r=g","caption":"Nativa Info"},"sameAs":["http:\/\/nativainfo.com"],"url":"https:\/\/nativainfo.com\/?author=1"}]}},"jetpack_publicize_connections":[],"_links":{"self":[{"href":"https:\/\/nativainfo.com\/index.php?rest_route=\/wp\/v2\/posts\/5231","targetHints":{"allow":["GET"]}}],"collection":[{"href":"https:\/\/nativainfo.com\/index.php?rest_route=\/wp\/v2\/posts"}],"about":[{"href":"https:\/\/nativainfo.com\/index.php?rest_route=\/wp\/v2\/types\/post"}],"author":[{"embeddable":true,"href":"https:\/\/nativainfo.com\/index.php?rest_route=\/wp\/v2\/users\/1"}],"replies":[{"embeddable":true,"href":"https:\/\/nativainfo.com\/index.php?rest_route=%2Fwp%2Fv2%2Fcomments&post=5231"}],"version-history":[{"count":1,"href":"https:\/\/nativainfo.com\/index.php?rest_route=\/wp\/v2\/posts\/5231\/revisions"}],"predecessor-version":[{"id":5234,"href":"https:\/\/nativainfo.com\/index.php?rest_route=\/wp\/v2\/posts\/5231\/revisions\/5234"}],"wp:attachment":[{"href":"https:\/\/nativainfo.com\/index.php?rest_route=%2Fwp%2Fv2%2Fmedia&parent=5231"}],"wp:term":[{"taxonomy":"category","embeddable":true,"href":"https:\/\/nativainfo.com\/index.php?rest_route=%2Fwp%2Fv2%2Fcategories&post=5231"},{"taxonomy":"post_tag","embeddable":true,"href":"https:\/\/nativainfo.com\/index.php?rest_route=%2Fwp%2Fv2%2Ftags&post=5231"}],"curies":[{"name":"wp","href":"https:\/\/api.w.org\/{rel}","templated":true}]}}